{"id":31817,"date":"2024-01-23T11:42:42","date_gmt":"2024-01-23T14:42:42","guid":{"rendered":"https:\/\/noticiasribeiraopreto.com.br\/index.php\/2024\/01\/23\/hemocentro-de-ribeirao-tem-processo-seletivo-com-salarios-de-r-29-mil\/"},"modified":"2024-01-23T11:42:42","modified_gmt":"2024-01-23T14:42:42","slug":"hemocentro-de-ribeirao-tem-processo-seletivo-com-salarios-de-r-29-mil","status":"publish","type":"post","link":"https:\/\/noticiasribeiraopreto.com.br\/index.php\/2024\/01\/23\/hemocentro-de-ribeirao-tem-processo-seletivo-com-salarios-de-r-29-mil\/","title":{"rendered":"Hemocentro de Ribeir\u00e3o tem processo seletivo com sal\u00e1rios de R$ 2,9 mil"},"content":{"rendered":"<div class='code-block code-block-1' style='margin: 8px 0 8px auto; text-align: right; display: block; clear: both;'>\n<p><a href=\"https:\/\/wa.link\/vpicfd\"><img data-recalc-dims=\"1\" class=\"wp-image-4922\" style=\"aspect-ratio: 2.0253164556962027; width: 561px; height: auto;\" src=\"https:\/\/i0.wp.com\/ismaelcolosi.com.br\/wp-content\/uploads\/2023\/11\/grupo-de-empregos-whatsapp-e-facebook-ismael-colosi-vagas.jpg?ssl=1\" alt=\"\" \/><\/a><\/p>\n<!-- \/wp:image -->\n<\/div>\n<p> <br \/>\n<\/p>\n<p>A<strong><a href=\"https:\/\/www.hemocentro.fmrp.usp.br\/\" target=\"_blank\" rel=\"noreferrer noopener nofollow\"> Funda\u00e7\u00e3o Hemocentro de Ribeir\u00e3o Preto<\/a><\/strong> est\u00e1 com <mark style=\"background-color:#fcb900\" class=\"has-inline-color has-black-color\">tr\u00eas processos seletivos abertos com sal\u00e1rios entre R$ 1,7 mil e R$ 2,9 mil<\/mark>. As vagas s\u00e3o para profissionais de n\u00edvel m\u00e9dio, t\u00e9cnico e superior.<\/p>\n<p>As inscri\u00e7\u00f5es devem ser realizadas pela internet, no <a href=\"https:\/\/www.hemocentro.fmrp.usp.br\/\" target=\"_blank\" rel=\"noreferrer noopener nofollow\">site do <strong>Hemocentro<\/strong><\/a>, at\u00e9 as 23h59 do dia 25 de janeiro de 2024. O valor da taxa de inscri\u00e7\u00e3o varia entre R$ 40 e R$ 65.<\/p>\n<h4 class=\"wp-block-heading\"><strong>Veja as vagas<\/strong><\/h4>\n<ul>\n<li>assistente de qualidade Jr. \u2013 ensino superior completo em biologia, ci\u00eancias biol\u00f3gicas ou farm\u00e1cia bioqu\u00edmica.<\/li>\n<\/ul>\n<ul>\n<li>t\u00e9cnico em manuten\u00e7\u00e3o de equipamentos Jr. \u2013 ensino m\u00e9dio completo com forma\u00e7\u00e3o em t\u00e9cnico em eletr\u00f4nica, eletrot\u00e9cnica, mecatr\u00f4nica ou eletroeletr\u00f4nica.<\/li>\n<\/ul>\n<ul>\n<li>auxiliar administrativo Jr. \u2013 ensino m\u00e9dio completo.<\/li>\n<\/ul>\n<p>Para as tr\u00eas vagas s\u00e3o oferecidos plano de sa\u00fade e vale alimenta\u00e7\u00e3o mensal de R$ 1 mil.<\/p>\n<p>Os editais completos podem ser conferidos <a href=\"https:\/\/www.hemocentro.fmrp.usp.br\/\" target=\"_blank\" rel=\"noreferrer noopener nofollow\">clicando aqui.<\/a><\/p>\n<p>SAIBA MAIS<br \/>Entenda por que aliviou o calor no interior de SP; Veja a previs\u00e3o do tempo<\/p>\n<h4 class=\"wp-block-heading\"><strong>FIQUE ON<\/strong><\/h4>\n<p>Fique ligado em tudo que acontece em Ribeir\u00e3o Preto e regi\u00e3o. Siga os perfis do<strong> acidade on<\/strong> no <a href=\"https:\/\/www.instagram.com\/acidadeonribeirao\" target=\"_blank\" rel=\"noreferrer noopener nofollow\">Instagram<\/a> e no <a href=\"https:\/\/www.facebook.com\/acidadeonribeirao\" target=\"_blank\" rel=\"noreferrer noopener nofollow\">Facebook<\/a>.<\/p>\n<p>Receba not\u00edcias do <strong>acidade on <\/strong>no WhatsApp. <a href=\"https:\/\/chat.whatsapp.com\/Bnv2w66ZT4VDyZW3oiZ69n\" target=\"_blank\" rel=\"noreferrer noopener nofollow\">Para entrar no grupo, basta clicar aqui.<\/a><\/p>\n<p>Fa\u00e7a uma den\u00fancia ou sugira uma reportagem sobre Ribeir\u00e3o Preto e regi\u00e3o pelo WhatsApp: 16 99117 7802.<\/p>\n<p>VEJA TAMB\u00c9M<br \/>Que horas come\u00e7a o BBB 24 hoje? Ter\u00e7a ser\u00e1 de Elimina\u00e7\u00e3o do Pared\u00e3o qu\u00edntuplo<\/p>\n<p>O post Hemocentro de Ribeir\u00e3o tem processo seletivo com sal\u00e1rios de R$ 2,9 mil apareceu primeiro em ACidade ON Ribeir\u00e3o Preto.<\/p>\n<p><script async src=\"\/\/www.instagram.com\/embed.js\"><\/script><br \/>\n<br \/><br \/>\n<br \/><a href=\"https:\/\/www.acidadeon.com\/ribeiraopreto\/cotidiano\/hemocentro-de-ribeirao-tem-processo-seletivo-com-salarios-de-r-29-mil\/\">Source link <\/a><\/p>\n<!-- CONTENT END 1 -->\n","protected":false},"excerpt":{"rendered":"<p>A Funda\u00e7\u00e3o Hemocentro de Ribeir\u00e3o Preto est\u00e1 com tr\u00eas processos seletivos abertos com sal\u00e1rios entre R$ 1,7 mil e R$ 2,9 mil. As vagas s\u00e3o&#8230;<\/p>\n","protected":false},"author":1,"featured_media":31818,"comment_status":"open","ping_status":"open","sticky":false,"template":"","format":"standard","meta":{"advanced_seo_description":"","jetpack_seo_html_title":"","jetpack_seo_noindex":false,"jetpack_post_was_ever_published":false,"_jetpack_newsletter_access":"","_jetpack_dont_email_post_to_subs":false,"_jetpack_newsletter_tier_id":0,"_jetpack_memberships_contains_paywalled_content":false,"_jetpack_memberships_contains_paid_content":false,"footnotes":"","jetpack_publicize_message":"","jetpack_publicize_feature_enabled":true,"jetpack_social_post_already_shared":true,"jetpack_social_options":{"image_generator_settings":{"template":"highway","default_image_id":0,"font":"","enabled":false},"version":2}},"categories":[11],"tags":[2200,402,245,26,768,246,162],"class_list":["post-31817","post","type-post","status-publish","format-standard","has-post-thumbnail","hentry","category-noticias-de-ribeirao-preto-sp-e-regiao-ismael-colosi","tag-hemocentro","tag-mil","tag-processo","tag-ribeirao","tag-salarios","tag-seletivo","tag-tem"],"jetpack_publicize_connections":[],"jetpack_featured_media_url":"https:\/\/i0.wp.com\/noticiasribeiraopreto.com.br\/wp-content\/uploads\/2024\/01\/hemocentro.png?fit=800%2C420&ssl=1","jetpack-related-posts":[{"id":50715,"url":"https:\/\/noticiasribeiraopreto.com.br\/index.php\/2024\/05\/18\/hemocentro-de-ribeirao-abre-processo-seletivo-com-salarios-de-ate-r-37-mil\/","url_meta":{"origin":31817,"position":0},"title":"Hemocentro de Ribeir\u00e3o abre processo seletivo com sal\u00e1rios de at\u00e9 R$ 3,7 mil","author":"noticiasribeiraopreto.com.br","date":"18 de May de 2024","format":false,"excerpt":"O Hemocentro de Ribeir\u00e3o Preto abriu novo processo seletivo com quatro vagas de n\u00edvel m\u00e9dio, t\u00e9cnico e superior. Os sal\u00e1rios para os cargos dispon\u00edveis variam entre R$ 1,7 mil e R$ 3,7 mil. Veja as vagas \u00a0 Edital 13\/2024 1 vaga para assistente social Jr-IA. Requisitos: ensino superior completo em\u2026","rel":"","context":"In &quot;Not\u00edcias de Ribeir\u00e3o Preto-SP e Regi\u00e3o&quot;","block_context":{"text":"Not\u00edcias de Ribeir\u00e3o Preto-SP e Regi\u00e3o","link":"https:\/\/noticiasribeiraopreto.com.br\/index.php\/category\/noticias-de-ribeirao-preto-sp-e-regiao-ismael-colosi\/"},"img":{"alt_text":"","src":"https:\/\/i0.wp.com\/noticiasribeiraopreto.com.br\/wp-content\/uploads\/2024\/05\/1716047315_Capturar-1.jpg?fit=950%2C628&ssl=1&resize=350%2C200","width":350,"height":200,"srcset":"https:\/\/i0.wp.com\/noticiasribeiraopreto.com.br\/wp-content\/uploads\/2024\/05\/1716047315_Capturar-1.jpg?fit=950%2C628&ssl=1&resize=350%2C200 1x, https:\/\/i0.wp.com\/noticiasribeiraopreto.com.br\/wp-content\/uploads\/2024\/05\/1716047315_Capturar-1.jpg?fit=950%2C628&ssl=1&resize=525%2C300 1.5x, https:\/\/i0.wp.com\/noticiasribeiraopreto.com.br\/wp-content\/uploads\/2024\/05\/1716047315_Capturar-1.jpg?fit=950%2C628&ssl=1&resize=700%2C400 2x"},"classes":[]},{"id":16130,"url":"https:\/\/noticiasribeiraopreto.com.br\/index.php\/2023\/12\/15\/hemocentro-de-ribeirao-preto-tem-processo-seletivo-com-salarios-de-r-6-mil\/","url_meta":{"origin":31817,"position":1},"title":"Hemocentro de Ribeir\u00e3o Preto tem processo seletivo com sal\u00e1rios de R$ 6 mil","author":"noticiasribeiraopreto.com.br","date":"15 de December de 2023","format":false,"excerpt":"A Funda\u00e7\u00e3o Hemocentro de Ribeir\u00e3o Preto publicou 5 editais de processo seletivo com 15 vagas dispon\u00edveis. As oportunidades s\u00e3o de n\u00edvel t\u00e9cnico e superior e os sal\u00e1rios variam entre R$ 4.560 e R$ 6.500. As inscri\u00e7\u00f5es devem ser realizadas pela internet, no site do Hemocentro de Ribeir\u00e3o Preto, at\u00e9 as\u2026","rel":"","context":"In &quot;Not\u00edcias de Ribeir\u00e3o Preto-SP e Regi\u00e3o&quot;","block_context":{"text":"Not\u00edcias de Ribeir\u00e3o Preto-SP e Regi\u00e3o","link":"https:\/\/noticiasribeiraopreto.com.br\/index.php\/category\/noticias-de-ribeirao-preto-sp-e-regiao-ismael-colosi\/"},"img":{"alt_text":"","src":"https:\/\/i0.wp.com\/noticiasribeiraopreto.com.br\/wp-content\/uploads\/2023\/12\/hemocentro.png?fit=800%2C420&ssl=1&resize=350%2C200","width":350,"height":200,"srcset":"https:\/\/i0.wp.com\/noticiasribeiraopreto.com.br\/wp-content\/uploads\/2023\/12\/hemocentro.png?fit=800%2C420&ssl=1&resize=350%2C200 1x, https:\/\/i0.wp.com\/noticiasribeiraopreto.com.br\/wp-content\/uploads\/2023\/12\/hemocentro.png?fit=800%2C420&ssl=1&resize=525%2C300 1.5x, https:\/\/i0.wp.com\/noticiasribeiraopreto.com.br\/wp-content\/uploads\/2023\/12\/hemocentro.png?fit=800%2C420&ssl=1&resize=700%2C400 2x"},"classes":[]},{"id":49497,"url":"https:\/\/noticiasribeiraopreto.com.br\/index.php\/2024\/05\/10\/hemocentro-de-ribeirao-preto-abre-processo-seletivo-com-salario-de-r-45-mil\/","url_meta":{"origin":31817,"position":2},"title":"Hemocentro de Ribeir\u00e3o Preto abre processo seletivo com sal\u00e1rio de R$ 4,5 mil","author":"noticiasribeiraopreto.com.br","date":"10 de May de 2024","format":false,"excerpt":"O Hemocentro de Ribeir\u00e3o Preto abriu processo seletivo para o cargo de T\u00e9cnico de Produ\u00e7\u00e3o. O sal\u00e1rio para fun\u00e7\u00e3o \u00e9 de R$ 4.560, al\u00e9m dos benef\u00edcios, como o vale-alimenta\u00e7\u00e3o de R$ 1 mil mensais. As inscri\u00e7\u00f5es ser\u00e3o abertas na segunda-feira (13) a partir das 10h e seguem at\u00e9 \u00e0s 23h\u2026","rel":"","context":"In &quot;Not\u00edcias de Ribeir\u00e3o Preto-SP e Regi\u00e3o&quot;","block_context":{"text":"Not\u00edcias de Ribeir\u00e3o Preto-SP e Regi\u00e3o","link":"https:\/\/noticiasribeiraopreto.com.br\/index.php\/category\/noticias-de-ribeirao-preto-sp-e-regiao-ismael-colosi\/"},"img":{"alt_text":"","src":"https:\/\/i0.wp.com\/noticiasribeiraopreto.com.br\/wp-content\/uploads\/2024\/05\/hemocentro.png?fit=800%2C420&ssl=1&resize=350%2C200","width":350,"height":200,"srcset":"https:\/\/i0.wp.com\/noticiasribeiraopreto.com.br\/wp-content\/uploads\/2024\/05\/hemocentro.png?fit=800%2C420&ssl=1&resize=350%2C200 1x, https:\/\/i0.wp.com\/noticiasribeiraopreto.com.br\/wp-content\/uploads\/2024\/05\/hemocentro.png?fit=800%2C420&ssl=1&resize=525%2C300 1.5x, https:\/\/i0.wp.com\/noticiasribeiraopreto.com.br\/wp-content\/uploads\/2024\/05\/hemocentro.png?fit=800%2C420&ssl=1&resize=700%2C400 2x"},"classes":[]},{"id":33451,"url":"https:\/\/noticiasribeiraopreto.com.br\/index.php\/2024\/01\/29\/hemocentro-de-ribeirao-abre-processo-seletivo-com-salarios-de-quase-r-3-mil\/","url_meta":{"origin":31817,"position":3},"title":"Hemocentro de Ribeir\u00e3o abre processo seletivo com sal\u00e1rios de quase R$ 3 mil","author":"noticiasribeiraopreto.com.br","date":"29 de January de 2024","format":false,"excerpt":"O Hemocentro de Ribeir\u00e3o Preto abriu processo seletivo para o cargo de assistente de laborat\u00f3rio J\u00fanior. Os sal\u00e1rios para fun\u00e7\u00e3o s\u00e3o de R$ 2.972, al\u00e9m dos benef\u00edcios, como o vale-alimenta\u00e7\u00e3o de R$ 1 mil mensais. As inscri\u00e7\u00f5es podem ser realizadas at\u00e9 as 23h59 do dia 1\u00ba de fevereiro de 2024\u2026","rel":"","context":"In &quot;Not\u00edcias de Ribeir\u00e3o Preto-SP e Regi\u00e3o&quot;","block_context":{"text":"Not\u00edcias de Ribeir\u00e3o Preto-SP e Regi\u00e3o","link":"https:\/\/noticiasribeiraopreto.com.br\/index.php\/category\/noticias-de-ribeirao-preto-sp-e-regiao-ismael-colosi\/"},"img":{"alt_text":"","src":"https:\/\/i0.wp.com\/noticiasribeiraopreto.com.br\/wp-content\/uploads\/2024\/01\/1706558168_hemocentro.png?fit=800%2C420&ssl=1&resize=350%2C200","width":350,"height":200,"srcset":"https:\/\/i0.wp.com\/noticiasribeiraopreto.com.br\/wp-content\/uploads\/2024\/01\/1706558168_hemocentro.png?fit=800%2C420&ssl=1&resize=350%2C200 1x, https:\/\/i0.wp.com\/noticiasribeiraopreto.com.br\/wp-content\/uploads\/2024\/01\/1706558168_hemocentro.png?fit=800%2C420&ssl=1&resize=525%2C300 1.5x, https:\/\/i0.wp.com\/noticiasribeiraopreto.com.br\/wp-content\/uploads\/2024\/01\/1706558168_hemocentro.png?fit=800%2C420&ssl=1&resize=700%2C400 2x"},"classes":[]},{"id":78324,"url":"https:\/\/noticiasribeiraopreto.com.br\/index.php\/2025\/10\/08\/hemocentro-de-ribeirao-abre-novo-processo-seletivo-veja-como-participar\/","url_meta":{"origin":31817,"position":4},"title":"Hemocentro de Ribeir\u00e3o abre novo processo seletivo; Veja como participar","author":"noticiasribeiraopreto.com.br","date":"8 de October de 2025","format":false,"excerpt":"O Hemocentro de Ribeir\u00e3o Preto abriu processo seletivo para a contrata\u00e7\u00e3o de um Engenheiro de Seguran\u00e7a do Trabalho. O sal\u00e1rio para fun\u00e7\u00e3o \u00e9 de R$ 4.544 mensais, al\u00e9m dos benef\u00edcios, como o vale-alimenta\u00e7\u00e3o de R$ 1 mil. As inscri\u00e7\u00f5es j\u00e1 est\u00e3o abertas e podem ser realizadas at\u00e9 quinta-feira (09), no\u2026","rel":"","context":"In &quot;Not\u00edcias de Ribeir\u00e3o Preto-SP e Regi\u00e3o&quot;","block_context":{"text":"Not\u00edcias de Ribeir\u00e3o Preto-SP e Regi\u00e3o","link":"https:\/\/noticiasribeiraopreto.com.br\/index.php\/category\/noticias-de-ribeirao-preto-sp-e-regiao-ismael-colosi\/"},"img":{"alt_text":"","src":"https:\/\/i0.wp.com\/noticiasribeiraopreto.com.br\/wp-content\/uploads\/2025\/10\/hemocentro.png?fit=800%2C420&ssl=1&resize=350%2C200","width":350,"height":200,"srcset":"https:\/\/i0.wp.com\/noticiasribeiraopreto.com.br\/wp-content\/uploads\/2025\/10\/hemocentro.png?fit=800%2C420&ssl=1&resize=350%2C200 1x, https:\/\/i0.wp.com\/noticiasribeiraopreto.com.br\/wp-content\/uploads\/2025\/10\/hemocentro.png?fit=800%2C420&ssl=1&resize=525%2C300 1.5x, https:\/\/i0.wp.com\/noticiasribeiraopreto.com.br\/wp-content\/uploads\/2025\/10\/hemocentro.png?fit=800%2C420&ssl=1&resize=700%2C400 2x"},"classes":[]},{"id":83133,"url":"https:\/\/noticiasribeiraopreto.com.br\/index.php\/2026\/03\/10\/hemocentro-de-ribeirao-preto-abre-processo-seletivo-com-salario-de-r-25-mil\/","url_meta":{"origin":31817,"position":5},"title":"Hemocentro de Ribeir\u00e3o Preto abre processo seletivo com sal\u00e1rio de R$ 2,5 mil","author":"noticiasribeiraopreto.com.br","date":"10 de March de 2026","format":false,"excerpt":"O Hemocentro de Ribeir\u00e3o Preto publicou um novo edital de processo seletivo para a contrata\u00e7\u00e3o de um T\u00e9cnico em Manuten\u00e7\u00e3o de Equipamentos. O sal\u00e1rio para a fun\u00e7\u00e3o \u00e9 de R$ 2.551 por m\u00eas, para uma jornada de 40 horas semanais, al\u00e9m de vale-alimenta\u00e7\u00e3o no valor de R$ 1 mil. A\u2026","rel":"","context":"In &quot;Not\u00edcias de Ribeir\u00e3o Preto-SP e Regi\u00e3o&quot;","block_context":{"text":"Not\u00edcias de Ribeir\u00e3o Preto-SP e Regi\u00e3o","link":"https:\/\/noticiasribeiraopreto.com.br\/index.php\/category\/noticias-de-ribeirao-preto-sp-e-regiao-ismael-colosi\/"},"img":{"alt_text":"","src":"https:\/\/i0.wp.com\/noticiasribeiraopreto.com.br\/wp-content\/uploads\/2026\/03\/hemocentro.png?fit=800%2C420&ssl=1&resize=350%2C200","width":350,"height":200,"srcset":"https:\/\/i0.wp.com\/noticiasribeiraopreto.com.br\/wp-content\/uploads\/2026\/03\/hemocentro.png?fit=800%2C420&ssl=1&resize=350%2C200 1x, https:\/\/i0.wp.com\/noticiasribeiraopreto.com.br\/wp-content\/uploads\/2026\/03\/hemocentro.png?fit=800%2C420&ssl=1&resize=525%2C300 1.5x, https:\/\/i0.wp.com\/noticiasribeiraopreto.com.br\/wp-content\/uploads\/2026\/03\/hemocentro.png?fit=800%2C420&ssl=1&resize=700%2C400 2x"},"classes":[]}],"jetpack_sharing_enabled":true,"jetpack_shortlink":"https:\/\/wp.me\/peQAOb-8hb","_links":{"self":[{"href":"https:\/\/noticiasribeiraopreto.com.br\/index.php\/wp-json\/wp\/v2\/posts\/31817","targetHints":{"allow":["GET"]}}],"collection":[{"href":"https:\/\/noticiasribeiraopreto.com.br\/index.php\/wp-json\/wp\/v2\/posts"}],"about":[{"href":"https:\/\/noticiasribeiraopreto.com.br\/index.php\/wp-json\/wp\/v2\/types\/post"}],"author":[{"embeddable":true,"href":"https:\/\/noticiasribeiraopreto.com.br\/index.php\/wp-json\/wp\/v2\/users\/1"}],"replies":[{"embeddable":true,"href":"https:\/\/noticiasribeiraopreto.com.br\/index.php\/wp-json\/wp\/v2\/comments?post=31817"}],"version-history":[{"count":0,"href":"https:\/\/noticiasribeiraopreto.com.br\/index.php\/wp-json\/wp\/v2\/posts\/31817\/revisions"}],"wp:featuredmedia":[{"embeddable":true,"href":"https:\/\/noticiasribeiraopreto.com.br\/index.php\/wp-json\/wp\/v2\/media\/31818"}],"wp:attachment":[{"href":"https:\/\/noticiasribeiraopreto.com.br\/index.php\/wp-json\/wp\/v2\/media?parent=31817"}],"wp:term":[{"taxonomy":"category","embeddable":true,"href":"https:\/\/noticiasribeiraopreto.com.br\/index.php\/wp-json\/wp\/v2\/categories?post=31817"},{"taxonomy":"post_tag","embeddable":true,"href":"https:\/\/noticiasribeiraopreto.com.br\/index.php\/wp-json\/wp\/v2\/tags?post=31817"}],"curies":[{"name":"wp","href":"https:\/\/api.w.org\/{rel}","templated":true}]}}