{"id":3187,"date":"2022-01-31T18:40:18","date_gmt":"2022-01-31T21:40:18","guid":{"rendered":"https:\/\/noticiasribeiraopreto.com.br\/index.php\/2022\/01\/31\/com-24-mortos-e-8-desaparecidos-em-sp-chuva-continua-no-sudeste-e-centro-oeste\/"},"modified":"2022-01-31T18:40:18","modified_gmt":"2022-01-31T21:40:18","slug":"com-24-mortos-e-8-desaparecidos-em-sp-chuva-continua-no-sudeste-e-centro-oeste","status":"publish","type":"post","link":"https:\/\/noticiasribeiraopreto.com.br\/index.php\/2022\/01\/31\/com-24-mortos-e-8-desaparecidos-em-sp-chuva-continua-no-sudeste-e-centro-oeste\/","title":{"rendered":"Com 24 mortos e 8 desaparecidos em SP, chuva continua no Sudeste e Centro-Oeste"},"content":{"rendered":"<div class='code-block code-block-1' style='margin: 8px 0 8px auto; text-align: right; display: block; clear: both;'>\n<p><a href=\"https:\/\/wa.link\/vpicfd\"><img data-recalc-dims=\"1\" class=\"wp-image-4922\" style=\"aspect-ratio: 2.0253164556962027; width: 561px; height: auto;\" src=\"https:\/\/i0.wp.com\/ismaelcolosi.com.br\/wp-content\/uploads\/2023\/11\/grupo-de-empregos-whatsapp-e-facebook-ismael-colosi-vagas.jpg?ssl=1\" alt=\"\" \/><\/a><\/p>\n<!-- \/wp:image -->\n<\/div>\n<p> <br \/>\n<\/p>\n<div>\n<p>Ap\u00f3s onda de calor, uma frente fria carregada com fortes chuvas causou mortes e estragos em cidades do Sudeste brasileiro, em especial no estado de S\u00e3o Paulo \u2013 e ainda h\u00e1 riscos identificados para esta semana.<\/p>\n<p>At\u00e9 o momento, ao menos <strong>24 pessoas morreram<\/strong> em decorr\u00eancia dos temporais no estado de S\u00e3o Paulo. Os transtornos tamb\u00e9m deixaram cerca de 660 fam\u00edlias desabrigadas ou desalojadas, sete pessoas feridas e oito desaparecidas, informou a Defesa Civil.<\/p>\n<aside class=\"read__too\">   <\/aside>\n<p>Segundo o Climatempo, h\u00e1 condi\u00e7\u00e3o para chuva severa em todo o centro-norte e noroeste de S\u00e3o Paulo, Vale do Para\u00edba, Grande S\u00e3o Paulo, sul de Minas Gerais, Tri\u00e2ngulo Mineiro, nordeste de Mato Grosso do Sul e extremo sudeste de Goi\u00e1s.<\/p>\n<p>Em entrevista \u00e0\u00a0<strong>CNN<\/strong>, o chefe da previs\u00e3o do\u00a0tempo do Instituto Nacional de Meteorologia (Inmet), Assis Diniz, alertou para a possibilidade de chuvas significativas at\u00e9 a pr\u00f3xima quarta-feira (2).<\/p>\n<h2>S\u00e3o Paulo<\/h2>\n<p>Deslizamentos de terra e enchentes foram registrados em diversas regi\u00f5es paulistas nos \u00faltimos dias, com consequ\u00eancias ainda em avalia\u00e7\u00e3o.<\/p>\n<p>Um dos deslizamentos, em Franco da Rocha, na Grande S\u00e3o Paulo, atingiu uma fam\u00edlia composta pela m\u00e3e e dois filhos: ningu\u00e9m sobreviveu na casa. Em V\u00e1rzea Paulista, no interior do estado, cinco pessoas morreram ap\u00f3s um deslocamento de terra, incluindo tr\u00eas crian\u00e7as.<\/p>\n<h3>Mortes decorrentes das chuvas em S\u00e3o Paulo<\/h3>\n<ul>\n<li><strong>Franco da Rocha: 8<\/strong><\/li>\n<li><strong>Francisco Morato: 4<\/strong><\/li>\n<li><strong>V\u00e1rzea Paulista: 5<\/strong><\/li>\n<li><strong>Embu das Artes: 3<\/strong><\/li>\n<li><strong>Aruj\u00e1: 1<\/strong><\/li>\n<li><strong>Ribeir\u00e3o Preto: 1<\/strong><\/li>\n<li><strong>Ja\u00fa: 1<br \/><\/strong><\/li>\n<li><strong>Itapevi: 1<\/strong><\/li>\n<\/ul>\n<p>O governo do estado anunciou a libera\u00e7\u00e3o imediata de R$ 15 milh\u00f5es para dez cidades atingidas pelas tempestades.<\/p>\n<p>Em alerta atualizado nesta segunda-feira (31), o Inmet classificou grande parte do interior paulista como \u00e1rea de \u201cgrande perigo\u201d devido aos temporais previstos. A previs\u00e3o \u00e9 que chova 60 mil\u00edmetros por hora ou acima de 100 mil\u00edmetros no dia.<\/p>\n<p>Al\u00e9m da Regi\u00e3o Metropolitana de S\u00e3o Paulo, est\u00e3o inclu\u00eddas no alerta cidades como Presidente Prudente, S\u00e3o Jos\u00e9 do Rio Preto, Campinas, Bauru, Piracicaba, Ribeir\u00e3o Preto, Ara\u00e7atuba, Mar\u00edlia, Araraquara, Assis, Itapetininga e o Vale do Para\u00edba. Tamb\u00e9m h\u00e1 riscos para o centro-norte do Mato Grosso do Sul.<\/p>\n<figure id=\"attachment_671217\" aria-describedby=\"caption-attachment-671217\" style=\"width: 975px\" class=\"wp-caption alignnone\"><figcaption id=\"caption-attachment-671217\" class=\"wp-caption-text\">Mapa indica \u00e1rea vermelha como pass\u00edvel de \u201cgrande risco\u201d pelas chuvas fortes previstas para esta segunda (31) \/ Reprodu\u00e7\u00e3o\/INMET<\/figcaption><\/figure>\n<h2>Rio de Janeiro<\/h2>\n<p>Nesta segunda, a capital fluminense voltou ao \u201cestado de normalidade\u201d no monitoramento das chuvas \u2013o Rio estava no \u201cest\u00e1gio de mobiliza\u00e7\u00e3o\u201d desde sexta-feira (28).<\/p>\n<p>O estado j\u00e1 sofreu com o volume das chuvas h\u00e1 duas semanas. Na ocasi\u00e3o, a Defesa Civil e o Corpo de Bombeiros foram acionados para mais de 90 ocorr\u00eancias, sendo a maioria dos chamados para salvamento de pessoas ilhadas e cortes de \u00e1rvores.<\/p>\n<h2>Esp\u00edrito Santo<\/h2>\n<p>A Defesa Civil do Esp\u00edrito Santo ainda n\u00e3o indicou nenhum alerta geral para as chuvas previstas no estado, mas esta semana pode trazer precipita\u00e7\u00e3o acima de 100 mm em grande parte do territ\u00f3rio.<\/p>\n<h2>Chuvas de in\u00edcio de ano j\u00e1 atingiram fortemente Minas Gerais e Bahia<\/h2>\n<p>Ao menos 25 pessoas morreram em Minas Gerais em decorr\u00eancia das chuvas do fim do ano passado e de janeiro deste ano, segundo \u00faltimo balan\u00e7o divulgado em 22 de janeiro pela Defesa Civil estadual. No total, 48.607 pessoas foram desalojadas e outras 7.735 desabrigadas.<\/p>\n<h3><em><label class=\"nameGallery\">Veja os danos causados pelas chuvas em Minas Gerais:<\/label><\/em><\/h3>\n<section class=\"gallery' id='gl-600450'&gt;&lt;div class=\" gallery__zoom-wrap=\"\">\n<ul class=\"gallery__items\">\n<li class=\"gallery__item item1 visible\" data-gallery=\"gl-600450\">\n<figure> <img data-recalc-dims=\"1\" decoding=\"async\" src=\"https:\/\/i0.wp.com\/www.cnnbrasil.com.br\/wp-content\/uploads\/sites\/12\/2021\/12\/WhatsApp-Image-2021-12-11-at-09.30.07.jpeg?ssl=1\" loading=\"lazy\" alt=\"\"\/><figcaption>\n<p><span class=\"current\">1<\/span> de <span class=\"total\">6<\/span><\/p>\n<div class=\"gallery__figcaption__content\"> <span><\/p>\n<p>Destrui\u00e7\u00e3o causada por fortes chuvas, em Minas Gerais &#8211; Dezembro\/2021<\/p>\n<p><\/span> <small>Cr\u00e9dito: Corpo de Bombeiros de Minas Gerais (CBMMG)<\/small> <\/div>\n<\/figcaption><\/figure>\n<\/li>\n<li class=\"gallery__item item2 \" data-gallery=\"gl-600450\">\n<figure> <img data-recalc-dims=\"1\" decoding=\"async\" src=\"https:\/\/i0.wp.com\/www.cnnbrasil.com.br\/wp-content\/uploads\/sites\/12\/2021\/12\/WhatsApp-Image-2021-12-11-at-09.30.05.jpeg?ssl=1\" loading=\"lazy\" alt=\"\"\/><figcaption>\n<p><span class=\"current\">2<\/span> de <span class=\"total\">6<\/span><\/p>\n<div class=\"gallery__figcaption__content\"> <span><\/p>\n<p>Destrui\u00e7\u00e3o causada por fortes chuvas, em Minas Gerais &#8211; Dezembro\/2021<\/p>\n<p><\/span> <small>Cr\u00e9dito: Corpo de Bombeiros de Minas Gerais (CBMMG)<\/small> <\/div>\n<\/figcaption><\/figure>\n<\/li>\n<li class=\"gallery__item item3 \" data-gallery=\"gl-600450\">\n<figure> <img data-recalc-dims=\"1\" decoding=\"async\" src=\"https:\/\/i0.wp.com\/www.cnnbrasil.com.br\/wp-content\/uploads\/sites\/12\/2021\/12\/WhatsApp-Image-2021-12-11-at-09.30.06-1.jpeg?ssl=1\" loading=\"lazy\" alt=\"\"\/><figcaption>\n<p><span class=\"current\">3<\/span> de <span class=\"total\">6<\/span><\/p>\n<div class=\"gallery__figcaption__content\"> <span><\/p>\n<p>Destrui\u00e7\u00e3o causada por fortes chuvas, em Minas Gerais &#8211; Dezembro\/2021<\/p>\n<p><\/span> <small>Cr\u00e9dito: Corpo de Bombeiros de Minas Gerais (CBMMG)<\/small> <\/div>\n<\/figcaption><\/figure>\n<\/li>\n<li class=\"gallery__item item4 \" data-gallery=\"gl-600450\">\n<figure> <img data-recalc-dims=\"1\" decoding=\"async\" src=\"https:\/\/i0.wp.com\/www.cnnbrasil.com.br\/wp-content\/uploads\/sites\/12\/2021\/12\/WhatsApp-Image-2021-12-11-at-09.30.08.jpeg?ssl=1\" loading=\"lazy\" alt=\"\"\/><figcaption>\n<p><span class=\"current\">4<\/span> de <span class=\"total\">6<\/span><\/p>\n<div class=\"gallery__figcaption__content\"> <span><\/p>\n<p>Destrui\u00e7\u00e3o causada por fortes chuvas, em Minas Gerais &#8211; Dezembro\/2021<\/p>\n<p><\/span> <small>Cr\u00e9dito: Corpo de Bombeiros de Minas Gerais (CBMMG)<\/small> <\/div>\n<\/figcaption><\/figure>\n<\/li>\n<li class=\"gallery__item item5 \" data-gallery=\"gl-600450\">\n<figure> <img data-recalc-dims=\"1\" decoding=\"async\" src=\"https:\/\/i0.wp.com\/www.cnnbrasil.com.br\/wp-content\/uploads\/sites\/12\/2021\/12\/WhatsApp-Image-2021-12-11-at-09.30.08-1.jpeg?ssl=1\" loading=\"lazy\" alt=\"\"\/><figcaption>\n<p><span class=\"current\">5<\/span> de <span class=\"total\">6<\/span><\/p>\n<div class=\"gallery__figcaption__content\"> <span><\/p>\n<p>Destrui\u00e7\u00e3o causada por fortes chuvas, em Minas Gerais &#8211; Dezembro\/2021<\/p>\n<p><\/span> <small>Cr\u00e9dito: Corpo de Bombeiros de Minas Gerais (CBMMG)<\/small> <\/div>\n<\/figcaption><\/figure>\n<\/li>\n<li class=\"gallery__item item6 \" data-gallery=\"gl-600450\">\n<figure> <img data-recalc-dims=\"1\" decoding=\"async\" src=\"https:\/\/i0.wp.com\/www.cnnbrasil.com.br\/wp-content\/uploads\/sites\/12\/2021\/12\/WhatsApp-Image-2021-12-11-at-09.30.03.jpeg?ssl=1\" loading=\"lazy\" alt=\"\"\/><figcaption>\n<p><span class=\"current\">6<\/span> de <span class=\"total\">6<\/span><\/p>\n<div class=\"gallery__figcaption__content\"> <span><\/p>\n<p>Destrui\u00e7\u00e3o causada por fortes chuvas, em Minas Gerais &#8211; Dezembro\/2021<\/p>\n<p><\/span> <small>Cr\u00e9dito: Corpo de Bombeiros de Minas Gerais (CBMMG)<\/small> <\/div>\n<\/figcaption><\/figure>\n<\/li>\n<\/ul>\n<\/section>\n<\/div>\n<p>A Bahia registrou pelo menos 27 mortos e 523 feridos pelos temporais. Foram 30.306 desabrigados e 62.156 desalojados. Ao todo, 965.643 pessoas foram atingidas, de acordo com informa\u00e7\u00f5es da Superintend\u00eancia de Prote\u00e7\u00e3o e Defesa Civil da Bahia (Sudec), em 17 de janeiro.<\/p>\n<p><br \/>\n<br \/><a href=\"https:\/\/www.cnnbrasil.com.br\/nacional\/com-24-mortos-e-8-desaparecidos-em-sp-chuva-continua-no-sudeste-e-centro-oeste\/\">Source link <\/a><\/p>\n<!-- CONTENT END 1 -->\n","protected":false},"excerpt":{"rendered":"<p>Ap\u00f3s onda de calor, uma frente fria carregada com fortes chuvas causou mortes e estragos em cidades do Sudeste brasileiro, em especial no estado de&#8230;<\/p>\n","protected":false},"author":1,"featured_media":3188,"comment_status":"open","ping_status":"open","sticky":false,"template":"","format":"standard","meta":{"advanced_seo_description":"","jetpack_seo_html_title":"","jetpack_seo_noindex":false,"jetpack_post_was_ever_published":false,"_jetpack_newsletter_access":"","_jetpack_dont_email_post_to_subs":false,"_jetpack_newsletter_tier_id":0,"_jetpack_memberships_contains_paywalled_content":false,"_jetpack_memberships_contains_paid_content":false,"footnotes":"","jetpack_publicize_message":"","jetpack_publicize_feature_enabled":true,"jetpack_social_post_already_shared":true,"jetpack_social_options":{"image_generator_settings":{"template":"highway","default_image_id":0,"font":"","enabled":false},"version":2}},"categories":[11],"tags":[227,224,225,223,222,226],"class_list":["post-3187","post","type-post","status-publish","format-standard","has-post-thumbnail","hentry","category-noticias-de-ribeirao-preto-sp-e-regiao-ismael-colosi","tag-centrooeste","tag-chuva","tag-continua","tag-desaparecidos","tag-mortos","tag-sudeste"],"jetpack_publicize_connections":[],"jetpack_featured_media_url":"https:\/\/i0.wp.com\/noticiasribeiraopreto.com.br\/wp-content\/uploads\/2023\/11\/franco-da-rocha.jpg?fit=1800%2C1200&ssl=1","jetpack-related-posts":[{"id":50701,"url":"https:\/\/noticiasribeiraopreto.com.br\/index.php\/2024\/05\/18\/veja-se-a-frente-fria-vai-se-aproximar-do-interior-de-sao-paulo\/","url_meta":{"origin":3187,"position":0},"title":"Veja se a frente fria vai se aproximar do interior de S\u00e3o Paulo","author":"noticiasribeiraopreto.com.br","date":"18 de May de 2024","format":false,"excerpt":"O Inmet (Instituto Nacional de Meteorologia) acendeu alerta de chuvas intensas e temporais para a regi\u00e3o Sul do Brasil, em raz\u00e3o de uma nova frente fria que avan\u00e7a pela regi\u00e3o desde a sexta-feira (17). A frente fria se aproxima do interior de S\u00e3o Paulo, mas, por ora, s\u00f3 aumenta a\u2026","rel":"","context":"In &quot;Not\u00edcias de Ribeir\u00e3o Preto-SP e Regi\u00e3o&quot;","block_context":{"text":"Not\u00edcias de Ribeir\u00e3o Preto-SP e Regi\u00e3o","link":"https:\/\/noticiasribeiraopreto.com.br\/index.php\/category\/noticias-de-ribeirao-preto-sp-e-regiao-ismael-colosi\/"},"img":{"alt_text":"","src":"https:\/\/i0.wp.com\/noticiasribeiraopreto.com.br\/wp-content\/uploads\/2024\/05\/AnyConv.com__frente-fria.webp.webp?fit=1200%2C628&ssl=1&resize=350%2C200","width":350,"height":200,"srcset":"https:\/\/i0.wp.com\/noticiasribeiraopreto.com.br\/wp-content\/uploads\/2024\/05\/AnyConv.com__frente-fria.webp.webp?fit=1200%2C628&ssl=1&resize=350%2C200 1x, https:\/\/i0.wp.com\/noticiasribeiraopreto.com.br\/wp-content\/uploads\/2024\/05\/AnyConv.com__frente-fria.webp.webp?fit=1200%2C628&ssl=1&resize=525%2C300 1.5x, https:\/\/i0.wp.com\/noticiasribeiraopreto.com.br\/wp-content\/uploads\/2024\/05\/AnyConv.com__frente-fria.webp.webp?fit=1200%2C628&ssl=1&resize=700%2C400 2x, https:\/\/i0.wp.com\/noticiasribeiraopreto.com.br\/wp-content\/uploads\/2024\/05\/AnyConv.com__frente-fria.webp.webp?fit=1200%2C628&ssl=1&resize=1050%2C600 3x"},"classes":[]},{"id":27567,"url":"https:\/\/noticiasribeiraopreto.com.br\/index.php\/2024\/01\/12\/grandes-volumes-de-chuva-podem-chegar-ao-sudeste-nos-proximos-dias\/","url_meta":{"origin":3187,"position":1},"title":"Grandes volumes de chuva podem chegar ao Sudeste nos pr\u00f3ximos dias \u2013 Folha de Ribeir\u00e3o","author":"noticiasribeiraopreto.com.br","date":"12 de January de 2024","format":false,"excerpt":"O Instituto Nacional de Meteorologia (Inmet) alerta para a ocorr\u00eancia de grandes volumes de chuva nos pr\u00f3ximos dias em \u00e1reas do Sudeste, devido ao aumento da converg\u00eancia de umidade sobre a regi\u00e3o.\u00a0 Nesta sexta-feira (12), de acordo com a previs\u00e3o do Inmet, a combina\u00e7\u00e3o de calor, alta umidade do ar\u2026","rel":"","context":"In &quot;Not\u00edcias de Ribeir\u00e3o Preto-SP e Regi\u00e3o&quot;","block_context":{"text":"Not\u00edcias de Ribeir\u00e3o Preto-SP e Regi\u00e3o","link":"https:\/\/noticiasribeiraopreto.com.br\/index.php\/category\/noticias-de-ribeirao-preto-sp-e-regiao-ismael-colosi\/"},"img":{"alt_text":"","src":"","width":0,"height":0},"classes":[]},{"id":60793,"url":"https:\/\/noticiasribeiraopreto.com.br\/index.php\/2024\/11\/25\/chuva-retorna-para-o-estado-de-sp-nos-proximos-dias-veja-previsao\/","url_meta":{"origin":3187,"position":2},"title":"Chuva retorna para o Estado de SP nos pr\u00f3ximos dias? Veja previs\u00e3o","author":"noticiasribeiraopreto.com.br","date":"25 de November de 2024","format":false,"excerpt":"Os \u00faltimos dias de novembro devem ser marcados pela eleva\u00e7\u00e3o da temperatura em todo o Estado de S\u00e3o Paulo. No entanto, pancadas de chuva s\u00e3o esperadas ao final desta semana, representando o padr\u00e3o de primavera-ver\u00e3o. Conforme a meteorologista Karen Teixeira, do Meteored, a presen\u00e7a de um sistema de baixa press\u00e3o\u2026","rel":"","context":"In &quot;Not\u00edcias de Ribeir\u00e3o Preto-SP e Regi\u00e3o&quot;","block_context":{"text":"Not\u00edcias de Ribeir\u00e3o Preto-SP e Regi\u00e3o","link":"https:\/\/noticiasribeiraopreto.com.br\/index.php\/category\/noticias-de-ribeirao-preto-sp-e-regiao-ismael-colosi\/"},"img":{"alt_text":"","src":"https:\/\/i0.wp.com\/noticiasribeiraopreto.com.br\/wp-content\/uploads\/2024\/11\/chuva_guardachuva_500x320_12022019150254.jpg?fit=500%2C322&ssl=1&resize=350%2C200","width":350,"height":200},"classes":[]},{"id":82679,"url":"https:\/\/noticiasribeiraopreto.com.br\/index.php\/2026\/02\/23\/semana-de-chuva-em-sp-e-chegada-de-ciclone-veja-a-previsao-do-tempo\/","url_meta":{"origin":3187,"position":3},"title":"Semana de chuva em SP e chegada de ciclone; veja a previs\u00e3o do tempo","author":"noticiasribeiraopreto.com.br","date":"23 de February de 2026","format":false,"excerpt":"Os meteorologistas apontam que a pr\u00f3xima semana deve ter ainda mais chuva no Estado de S\u00e3o Paulo. Al\u00e9m disso, a previs\u00e3o indica a chegada de um ciclone a partir de quarta-feira (25), que pode potencializar os temporais. O site Meteored aponta que, nesta segunda-feira (23), as instabilidades j\u00e1 provocam chuvas\u2026","rel":"","context":"In &quot;Not\u00edcias de Ribeir\u00e3o Preto-SP e Regi\u00e3o&quot;","block_context":{"text":"Not\u00edcias de Ribeir\u00e3o Preto-SP e Regi\u00e3o","link":"https:\/\/noticiasribeiraopreto.com.br\/index.php\/category\/noticias-de-ribeirao-preto-sp-e-regiao-ismael-colosi\/"},"img":{"alt_text":"","src":"https:\/\/i0.wp.com\/noticiasribeiraopreto.com.br\/wp-content\/uploads\/2026\/02\/chuvas_2026-02-22_20-41-09.webp.webp?fit=1200%2C900&ssl=1&resize=350%2C200","width":350,"height":200,"srcset":"https:\/\/i0.wp.com\/noticiasribeiraopreto.com.br\/wp-content\/uploads\/2026\/02\/chuvas_2026-02-22_20-41-09.webp.webp?fit=1200%2C900&ssl=1&resize=350%2C200 1x, https:\/\/i0.wp.com\/noticiasribeiraopreto.com.br\/wp-content\/uploads\/2026\/02\/chuvas_2026-02-22_20-41-09.webp.webp?fit=1200%2C900&ssl=1&resize=525%2C300 1.5x, https:\/\/i0.wp.com\/noticiasribeiraopreto.com.br\/wp-content\/uploads\/2026\/02\/chuvas_2026-02-22_20-41-09.webp.webp?fit=1200%2C900&ssl=1&resize=700%2C400 2x, https:\/\/i0.wp.com\/noticiasribeiraopreto.com.br\/wp-content\/uploads\/2026\/02\/chuvas_2026-02-22_20-41-09.webp.webp?fit=1200%2C900&ssl=1&resize=1050%2C600 3x"},"classes":[]},{"id":80611,"url":"https:\/\/noticiasribeiraopreto.com.br\/index.php\/2025\/12\/08\/ciclone-provoca-ventos-proximos-de-100-km-h-no-estado-de-sao-paulo-veja-previsao\/","url_meta":{"origin":3187,"position":4},"title":"Ciclone provoca ventos pr\u00f3ximos de 100 km\/h no estado de S\u00e3o Paulo; Veja previs\u00e3o","author":"noticiasribeiraopreto.com.br","date":"8 de December de 2025","format":false,"excerpt":"Uma regi\u00e3o de baixa press\u00e3o se forma sobre o Sul do Brasil nesta segunda-feira (8) e deve dar origem a um ciclone extratropical que vai atingir o Sudeste do pa\u00eds. De acordo com o meteorologista Matheus Manente, da Meteored, esse sistema pode provocar chuva intensa e rajadas de vento que\u2026","rel":"","context":"In &quot;Not\u00edcias de Ribeir\u00e3o Preto-SP e Regi\u00e3o&quot;","block_context":{"text":"Not\u00edcias de Ribeir\u00e3o Preto-SP e Regi\u00e3o","link":"https:\/\/noticiasribeiraopreto.com.br\/index.php\/category\/noticias-de-ribeirao-preto-sp-e-regiao-ismael-colosi\/"},"img":{"alt_text":"","src":"https:\/\/i0.wp.com\/noticiasribeiraopreto.com.br\/wp-content\/uploads\/2025\/10\/chuva_temporal_1024x576_07012021130023_2024-10-24_18-15-47_jpg_2024-10-24_18-15-47.webp.webp?fit=1024%2C575&ssl=1&resize=350%2C200","width":350,"height":200,"srcset":"https:\/\/i0.wp.com\/noticiasribeiraopreto.com.br\/wp-content\/uploads\/2025\/10\/chuva_temporal_1024x576_07012021130023_2024-10-24_18-15-47_jpg_2024-10-24_18-15-47.webp.webp?fit=1024%2C575&ssl=1&resize=350%2C200 1x, https:\/\/i0.wp.com\/noticiasribeiraopreto.com.br\/wp-content\/uploads\/2025\/10\/chuva_temporal_1024x576_07012021130023_2024-10-24_18-15-47_jpg_2024-10-24_18-15-47.webp.webp?fit=1024%2C575&ssl=1&resize=525%2C300 1.5x, https:\/\/i0.wp.com\/noticiasribeiraopreto.com.br\/wp-content\/uploads\/2025\/10\/chuva_temporal_1024x576_07012021130023_2024-10-24_18-15-47_jpg_2024-10-24_18-15-47.webp.webp?fit=1024%2C575&ssl=1&resize=700%2C400 2x"},"classes":[]},{"id":60548,"url":"https:\/\/noticiasribeiraopreto.com.br\/index.php\/2024\/11\/17\/nova-frente-fria-deve-provocar-chuvas-intensas-no-estado-de-sp-veja-previsao\/","url_meta":{"origin":3187,"position":5},"title":"Nova frente fria deve provocar chuvas intensas no Estado de SP; Veja previs\u00e3o","author":"noticiasribeiraopreto.com.br","date":"17 de November de 2024","format":false,"excerpt":"Para o alivio de algumas pessoas, as chuvas que est\u00e3o atingindo o Sudeste do pa\u00eds devem dar uma tr\u00e9gua nos pr\u00f3ximos dias. Contudo, uma nova frente fria avan\u00e7a lentamente e deve provocar chuvas intensas no decorrer da semana \u2013 veja abaixo. Nova frente fria j\u00e1 come\u00e7ou De acordo com os\u2026","rel":"","context":"In &quot;Not\u00edcias de Ribeir\u00e3o Preto-SP e Regi\u00e3o&quot;","block_context":{"text":"Not\u00edcias de Ribeir\u00e3o Preto-SP e Regi\u00e3o","link":"https:\/\/noticiasribeiraopreto.com.br\/index.php\/category\/noticias-de-ribeirao-preto-sp-e-regiao-ismael-colosi\/"},"img":{"alt_text":"","src":"https:\/\/i0.wp.com\/noticiasribeiraopreto.com.br\/wp-content\/uploads\/2024\/11\/chuva-forte.jpg?fit=1200%2C765&ssl=1&resize=350%2C200","width":350,"height":200,"srcset":"https:\/\/i0.wp.com\/noticiasribeiraopreto.com.br\/wp-content\/uploads\/2024\/11\/chuva-forte.jpg?fit=1200%2C765&ssl=1&resize=350%2C200 1x, https:\/\/i0.wp.com\/noticiasribeiraopreto.com.br\/wp-content\/uploads\/2024\/11\/chuva-forte.jpg?fit=1200%2C765&ssl=1&resize=525%2C300 1.5x, https:\/\/i0.wp.com\/noticiasribeiraopreto.com.br\/wp-content\/uploads\/2024\/11\/chuva-forte.jpg?fit=1200%2C765&ssl=1&resize=700%2C400 2x, https:\/\/i0.wp.com\/noticiasribeiraopreto.com.br\/wp-content\/uploads\/2024\/11\/chuva-forte.jpg?fit=1200%2C765&ssl=1&resize=1050%2C600 3x"},"classes":[]}],"jetpack_sharing_enabled":true,"jetpack_shortlink":"https:\/\/wp.me\/peQAOb-Pp","_links":{"self":[{"href":"https:\/\/noticiasribeiraopreto.com.br\/index.php\/wp-json\/wp\/v2\/posts\/3187","targetHints":{"allow":["GET"]}}],"collection":[{"href":"https:\/\/noticiasribeiraopreto.com.br\/index.php\/wp-json\/wp\/v2\/posts"}],"about":[{"href":"https:\/\/noticiasribeiraopreto.com.br\/index.php\/wp-json\/wp\/v2\/types\/post"}],"author":[{"embeddable":true,"href":"https:\/\/noticiasribeiraopreto.com.br\/index.php\/wp-json\/wp\/v2\/users\/1"}],"replies":[{"embeddable":true,"href":"https:\/\/noticiasribeiraopreto.com.br\/index.php\/wp-json\/wp\/v2\/comments?post=3187"}],"version-history":[{"count":0,"href":"https:\/\/noticiasribeiraopreto.com.br\/index.php\/wp-json\/wp\/v2\/posts\/3187\/revisions"}],"wp:featuredmedia":[{"embeddable":true,"href":"https:\/\/noticiasribeiraopreto.com.br\/index.php\/wp-json\/wp\/v2\/media\/3188"}],"wp:attachment":[{"href":"https:\/\/noticiasribeiraopreto.com.br\/index.php\/wp-json\/wp\/v2\/media?parent=3187"}],"wp:term":[{"taxonomy":"category","embeddable":true,"href":"https:\/\/noticiasribeiraopreto.com.br\/index.php\/wp-json\/wp\/v2\/categories?post=3187"},{"taxonomy":"post_tag","embeddable":true,"href":"https:\/\/noticiasribeiraopreto.com.br\/index.php\/wp-json\/wp\/v2\/tags?post=3187"}],"curies":[{"name":"wp","href":"https:\/\/api.w.org\/{rel}","templated":true}]}}