{"id":3191,"date":"2023-10-18T15:44:59","date_gmt":"2023-10-18T18:44:59","guid":{"rendered":"https:\/\/noticiasribeiraopreto.com.br\/index.php\/2023\/10\/18\/ribeirao-preto-sedia-iv-congresso-de-direito-aplicado-ao-agronegocio\/"},"modified":"2023-10-18T15:44:59","modified_gmt":"2023-10-18T18:44:59","slug":"ribeirao-preto-sedia-iv-congresso-de-direito-aplicado-ao-agronegocio","status":"publish","type":"post","link":"https:\/\/noticiasribeiraopreto.com.br\/index.php\/2023\/10\/18\/ribeirao-preto-sedia-iv-congresso-de-direito-aplicado-ao-agronegocio\/","title":{"rendered":"Ribeir\u00e3o Preto sedia IV Congresso de Direito aplicado ao Agroneg\u00f3cio"},"content":{"rendered":"<div class='code-block code-block-1' style='margin: 8px 0 8px auto; text-align: right; display: block; clear: both;'>\n<p><a href=\"https:\/\/wa.link\/vpicfd\"><img data-recalc-dims=\"1\" class=\"wp-image-4922\" style=\"aspect-ratio: 2.0253164556962027; width: 561px; height: auto;\" src=\"https:\/\/i0.wp.com\/ismaelcolosi.com.br\/wp-content\/uploads\/2023\/11\/grupo-de-empregos-whatsapp-e-facebook-ismael-colosi-vagas.jpg?ssl=1\" alt=\"\" \/><\/a><\/p>\n<!-- \/wp:image -->\n<\/div>\n<p> <br \/>\n<\/p>\n<div id=\"penci-post-entry-inner\">\n<p>\t\t\t<i class=\"penci-post-countview-number-check\" style=\"display:none\">171<\/i><\/p>\n<p>Em um contexto de constante transforma\u00e7\u00e3o e desafios, o Direito aplicado ao Agroneg\u00f3cio exige profissionais cada vez mais preparados e atualizados. O IV Congresso de Direito aplicado ao Agroneg\u00f3cio tem como objetivo discutir agendas importantes do setor e garantir ambiente de seguran\u00e7a jur\u00eddica \u00e0 produ\u00e7\u00e3o agropecu\u00e1ria. O evento ser\u00e1 realizado nos dias 18 e 19 de outubro, na Sede OAB-RP, rua Cavalheiro Torquato Rizzi, 215 \u2013 Jardim S\u00e3o Luiz e trar\u00e1 palestras como Planejamento Patrimonial e Sucess\u00f3rio no Agroneg\u00f3cio; Gest\u00e3o de Crise no Agroneg\u00f3cio; O Papel da economia no Direito e no Agroneg\u00f3cio Brasileiro; Inova\u00e7\u00f5es nos Contratos Agr\u00e1rios, entre outras.<\/p>\n<p><!-- Ezoic - wp_under_page_title - under_page_title --><!-- End Ezoic - wp_under_page_title - under_page_title --><\/p>\n<p><\/p>\n<blockquote>\n<p>\u201cO evento fomenta a transmiss\u00e3o de conhecimento, mas principalmente a integra\u00e7\u00e3o entre colegas de diversas \u00e1reas e gera\u00e7\u00f5es. Uma das qualidades da diretoria atual da 12\u00aa subse\u00e7\u00e3o foi delegar para as diversas comiss\u00f5es tem\u00e1ticas e permanentes, a elabora\u00e7\u00e3o de conte\u00fados e eventos dessa envergadura. Temos esse m\u00e9rito pois instalamos as comiss\u00f5es, colocamos colegas entusiasmados, que conhecem as mat\u00e9rias e, por isso, temos conseguido essa quantidade e qualidade dos congressos, como o de hoje. O evento s\u00f3 acontece em virtude da Comiss\u00e3o de Direito Agr\u00e1rio e do Agroneg\u00f3cio\u201d, destacou Doutor Alexandre Meneghin Nuti, presidente da 12\u00aa Subse\u00e7\u00e3o da OAB SP.<\/p>\n<\/blockquote>\n<p><img data-recalc-dims=\"1\" loading=\"lazy\" decoding=\"async\" class=\"\" src=\"https:\/\/i0.wp.com\/www.ribeiraopreto.sp.gov.br\/portal\/foto\/202310\/congresso_oab_direito_agronegocio_-_foto_fernando_gonzaga_2.jpg?resize=938%2C625&#038;ssl=1\" width=\"938\" height=\"625\"\/><\/p>\n<p><!-- Ezoic - wp_under_first_paragraph - under_first_paragraph --><!-- End Ezoic - wp_under_first_paragraph - under_first_paragraph --><\/p>\n<p>Para o prefeito Duarte Nogueira, que acompanhou a abertura do evento, a iniciativa da 12\u00aa Subse\u00e7\u00e3o da OAB, em promover mais um congresso de direito voltado ao agroneg\u00f3cio \u00e9 fundamental j\u00e1 que trata de uma \u00e1rea extremamente pujante no pa\u00eds. \u201cO Brasil tem realizado super\u00e1vits na balan\u00e7a comercial exatamente por conta do desempenho desse setor, ao mesmo tempo que o mundo todo discute as quest\u00f5es de sustentabilidade, sobre o rumo dos recursos naturais, tema diretamente ligado a essa errada contrariedade j\u00e1 que temos que procurar preservar com seguran\u00e7a jur\u00eddica e boas pr\u00e1ticas de produ\u00e7\u00e3o, a agricultura brasileira\u201d, destacou.<\/p>\n<p><img data-recalc-dims=\"1\" loading=\"lazy\" decoding=\"async\" class=\"\" src=\"https:\/\/i0.wp.com\/www.ribeiraopreto.sp.gov.br\/portal\/foto\/202310\/congresso_oab_direito_agronegocio_-_foto_fernando_gonzagaa_3.jpg?resize=1035%2C689&#038;ssl=1\" width=\"1035\" height=\"689\"\/><\/p>\n<blockquote>\n<p>\u201cN\u00f3s conseguimos desenvolver dos anos 70 pra c\u00e1, a melhor tecnologia de agricultura tropical do planeta, o que nos permitiu um aumento de produtividade fant\u00e1stico sem a necessidade de ocupar novas \u00e1reas de produ\u00e7\u00e3o. Temos a possibilidade de aumentar a nossa produ\u00e7\u00e3o sem comprometer os recursos naturais, colaborando com os princ\u00edpios de sustentabilidade e promovendo de maneira inteligente e racional, o combate \u00e0s mudan\u00e7as clim\u00e1ticas que j\u00e1 fazem efeitos muito delet\u00e9rios, como o clima das nossas cidades. Portanto esse quarto congresso deve ir ao encontro a esse conjunto de detalhes que temos que aperfei\u00e7oar para que possamos orientar, do ponto de vista jur\u00eddico, em especial o nosso setor produtivo, o agroneg\u00f3cio\u201d, afirmou o prefeito.<\/p>\n<\/blockquote>\n<p>\u00a0<\/p>\n<p><!-- Ezoic - wp_under_second_paragraph - under_second_paragraph --><!-- End Ezoic - wp_under_second_paragraph - under_second_paragraph --><\/p>\n<p>\u00a0<\/p>\n<p>\u00a0<\/p>\n<p>\u00a0<\/p>\n<p><!-- Ezoic - wp_mid_content - mid_content --><!-- End Ezoic - wp_mid_content - mid_content --><\/p>\n<div class=\"penci-ilrltpost-beaf\">\n<div class=\"penci-ilrelated-posts pcilrt-list pcilrt-none pcilrt-col-2\">\n<p>&#13;<br \/>\n                                <span>Voc\u00ea pode estar Interessado <\/span><\/p>\n<\/p><\/div>\n<\/p><\/div>\n<\/p><\/div>\n<p><br \/>\n<br \/><a href=\"https:\/\/folhaderibeirao.com.br\/2023\/10\/18\/ribeirao-preto-sedia-iv-congresso-de-direito-aplicado-ao-agronegocio\/\">Source link <\/a><\/p>\n<!-- CONTENT END 1 -->\n","protected":false},"excerpt":{"rendered":"<p>171 Em um contexto de constante transforma\u00e7\u00e3o e desafios, o Direito aplicado ao Agroneg\u00f3cio exige profissionais cada vez mais preparados e atualizados. O IV Congresso&#8230;<\/p>\n","protected":false},"author":1,"featured_media":3192,"comment_status":"open","ping_status":"open","sticky":false,"template":"","format":"standard","meta":{"advanced_seo_description":"","jetpack_seo_html_title":"","jetpack_seo_noindex":false,"jetpack_post_was_ever_published":false,"_jetpack_newsletter_access":"","_jetpack_dont_email_post_to_subs":false,"_jetpack_newsletter_tier_id":0,"_jetpack_memberships_contains_paywalled_content":false,"_jetpack_memberships_contains_paid_content":false,"footnotes":"","jetpack_publicize_message":"","jetpack_publicize_feature_enabled":true,"jetpack_social_post_already_shared":true,"jetpack_social_options":{"image_generator_settings":{"template":"highway","default_image_id":0,"font":"","enabled":false},"version":2}},"categories":[11],"tags":[203,231,229,230,27,26,228],"class_list":["post-3191","post","type-post","status-publish","format-standard","has-post-thumbnail","hentry","category-noticias-de-ribeirao-preto-sp-e-regiao-ismael-colosi","tag-agronegocio","tag-aplicado","tag-congresso","tag-direito","tag-preto","tag-ribeirao","tag-sedia"],"jetpack_publicize_connections":[],"jetpack_featured_media_url":"https:\/\/i0.wp.com\/noticiasribeiraopreto.com.br\/wp-content\/uploads\/2023\/11\/congresso_oab_direito_agronegocio_-_foto_fernando_gonzaga_1.jpg?fit=1620%2C1080&ssl=1","jetpack-related-posts":[{"id":68587,"url":"https:\/\/noticiasribeiraopreto.com.br\/index.php\/2025\/04\/26\/capital-do-agro-ribeirao-preto-recebe-eventos-internacionais-do-agronegocio\/","url_meta":{"origin":3191,"position":0},"title":"Capital do agro: Ribeir\u00e3o Preto recebe eventos internacionais do agroneg\u00f3cio","author":"noticiasribeiraopreto.com.br","date":"26 de April de 2025","format":false,"excerpt":"Al\u00e9m da Agrishow, Ribeir\u00e3o Preto recebe outros eventos independentes e paralelos ligados ao mundo do agroneg\u00f3cio a partir deste domingo (27).\u00a0 Durante os encontros, est\u00e3o previstas as participa\u00e7\u00f5es de pol\u00edticos e de representantes de outros pa\u00edses. Um dos eventos \u00e9 o Agrotalk Show, que acontece neste domingo (27), no Espa\u00e7o\u2026","rel":"","context":"In &quot;Not\u00edcias de Ribeir\u00e3o Preto-SP e Regi\u00e3o&quot;","block_context":{"text":"Not\u00edcias de Ribeir\u00e3o Preto-SP e Regi\u00e3o","link":"https:\/\/noticiasribeiraopreto.com.br\/index.php\/category\/noticias-de-ribeirao-preto-sp-e-regiao-ismael-colosi\/"},"img":{"alt_text":"","src":"https:\/\/i0.wp.com\/noticiasribeiraopreto.com.br\/wp-content\/uploads\/2025\/04\/capital-do-agronegocio_2025-04-26_20-33-26.webp.webp?fit=1200%2C800&ssl=1&resize=350%2C200","width":350,"height":200,"srcset":"https:\/\/i0.wp.com\/noticiasribeiraopreto.com.br\/wp-content\/uploads\/2025\/04\/capital-do-agronegocio_2025-04-26_20-33-26.webp.webp?fit=1200%2C800&ssl=1&resize=350%2C200 1x, https:\/\/i0.wp.com\/noticiasribeiraopreto.com.br\/wp-content\/uploads\/2025\/04\/capital-do-agronegocio_2025-04-26_20-33-26.webp.webp?fit=1200%2C800&ssl=1&resize=525%2C300 1.5x, https:\/\/i0.wp.com\/noticiasribeiraopreto.com.br\/wp-content\/uploads\/2025\/04\/capital-do-agronegocio_2025-04-26_20-33-26.webp.webp?fit=1200%2C800&ssl=1&resize=700%2C400 2x, https:\/\/i0.wp.com\/noticiasribeiraopreto.com.br\/wp-content\/uploads\/2025\/04\/capital-do-agronegocio_2025-04-26_20-33-26.webp.webp?fit=1200%2C800&ssl=1&resize=1050%2C600 3x"},"classes":[]},{"id":62953,"url":"https:\/\/noticiasribeiraopreto.com.br\/index.php\/2025\/01\/29\/programa-agronegocio-nas-escolas-esta-com-inscricoes-abertas-saiba-como-participar\/","url_meta":{"origin":3191,"position":1},"title":"Programa &#8216;Agroneg\u00f3cio nas Escolas&#8217; est\u00e1 com inscri\u00e7\u00f5es abertas; Saiba como participar","author":"noticiasribeiraopreto.com.br","date":"29 de January de 2025","format":false,"excerpt":"A Abag (Associa\u00e7\u00e3o Brasileira do Agroneg\u00f3cio da Regi\u00e3o de Ribeir\u00e3o Preto) est\u00e1 com inscri\u00e7\u00f5es abertas para o programa educacional \u201cAgroneg\u00f3cio na Escola\u201d, que incentiva os estudantes a participarem de discuss\u00f5es sobre o agroneg\u00f3cio. O foco do programa \u00e9 a capacita\u00e7\u00e3o de professores, al\u00e9m de levar conhecimento sobe o setor para\u2026","rel":"","context":"In &quot;Not\u00edcias de Ribeir\u00e3o Preto-SP e Regi\u00e3o&quot;","block_context":{"text":"Not\u00edcias de Ribeir\u00e3o Preto-SP e Regi\u00e3o","link":"https:\/\/noticiasribeiraopreto.com.br\/index.php\/category\/noticias-de-ribeirao-preto-sp-e-regiao-ismael-colosi\/"},"img":{"alt_text":"","src":"https:\/\/i0.wp.com\/noticiasribeiraopreto.com.br\/wp-content\/uploads\/2025\/01\/WhatsApp-Image-2025-01-29-at-10.09.35_2025-01-29_14-28-42_jpeg_2025-01-29_14-28-42.webp.webp?fit=1200%2C800&ssl=1&resize=350%2C200","width":350,"height":200,"srcset":"https:\/\/i0.wp.com\/noticiasribeiraopreto.com.br\/wp-content\/uploads\/2025\/01\/WhatsApp-Image-2025-01-29-at-10.09.35_2025-01-29_14-28-42_jpeg_2025-01-29_14-28-42.webp.webp?fit=1200%2C800&ssl=1&resize=350%2C200 1x, https:\/\/i0.wp.com\/noticiasribeiraopreto.com.br\/wp-content\/uploads\/2025\/01\/WhatsApp-Image-2025-01-29-at-10.09.35_2025-01-29_14-28-42_jpeg_2025-01-29_14-28-42.webp.webp?fit=1200%2C800&ssl=1&resize=525%2C300 1.5x, https:\/\/i0.wp.com\/noticiasribeiraopreto.com.br\/wp-content\/uploads\/2025\/01\/WhatsApp-Image-2025-01-29-at-10.09.35_2025-01-29_14-28-42_jpeg_2025-01-29_14-28-42.webp.webp?fit=1200%2C800&ssl=1&resize=700%2C400 2x, https:\/\/i0.wp.com\/noticiasribeiraopreto.com.br\/wp-content\/uploads\/2025\/01\/WhatsApp-Image-2025-01-29-at-10.09.35_2025-01-29_14-28-42_jpeg_2025-01-29_14-28-42.webp.webp?fit=1200%2C800&ssl=1&resize=1050%2C600 3x"},"classes":[]},{"id":76752,"url":"https:\/\/noticiasribeiraopreto.com.br\/index.php\/2025\/09\/04\/conferencia-em-ribeirao-discute-os-efeitos-do-tarifaco-de-trump-no-agro\/","url_meta":{"origin":3191,"position":2},"title":"Confer\u00eancia em Ribeir\u00e3o discute os efeitos do Tarifa\u00e7o de Trump no agro","author":"noticiasribeiraopreto.com.br","date":"4 de September de 2025","format":false,"excerpt":"Os efeitos do Tarifa\u00e7o imposto pelo presidente dos Estados Unidos, Donald Trump, no agroneg\u00f3cio ser\u00e3o discutidos na 2\u00aa Confer\u00eancia Estadual de Direito e Agroneg\u00f3cio, que acontece nos dias 18 e 19 de setembro, em Ribeir\u00e3o Preto. O evento \u00e9 realizado pela OAB-SP (Ordem dos Advogados do Brasil Se\u00e7\u00e3o S\u00e3o Paulo)\u2026","rel":"","context":"In &quot;Not\u00edcias de Ribeir\u00e3o Preto-SP e Regi\u00e3o&quot;","block_context":{"text":"Not\u00edcias de Ribeir\u00e3o Preto-SP e Regi\u00e3o","link":"https:\/\/noticiasribeiraopreto.com.br\/index.php\/category\/noticias-de-ribeirao-preto-sp-e-regiao-ismael-colosi\/"},"img":{"alt_text":"","src":"https:\/\/i0.wp.com\/noticiasribeiraopreto.com.br\/wp-content\/uploads\/2025\/07\/Copia-de-Copia-de-Copia-de-TAMANHO-EXATO-PARA-FOTOS-NO-SISTEMA-NOVO-2025-07-18T194849.427_2025-07-18_22-48-58.webp.webp?fit=1200%2C675&ssl=1&resize=350%2C200","width":350,"height":200,"srcset":"https:\/\/i0.wp.com\/noticiasribeiraopreto.com.br\/wp-content\/uploads\/2025\/07\/Copia-de-Copia-de-Copia-de-TAMANHO-EXATO-PARA-FOTOS-NO-SISTEMA-NOVO-2025-07-18T194849.427_2025-07-18_22-48-58.webp.webp?fit=1200%2C675&ssl=1&resize=350%2C200 1x, https:\/\/i0.wp.com\/noticiasribeiraopreto.com.br\/wp-content\/uploads\/2025\/07\/Copia-de-Copia-de-Copia-de-TAMANHO-EXATO-PARA-FOTOS-NO-SISTEMA-NOVO-2025-07-18T194849.427_2025-07-18_22-48-58.webp.webp?fit=1200%2C675&ssl=1&resize=525%2C300 1.5x, https:\/\/i0.wp.com\/noticiasribeiraopreto.com.br\/wp-content\/uploads\/2025\/07\/Copia-de-Copia-de-Copia-de-TAMANHO-EXATO-PARA-FOTOS-NO-SISTEMA-NOVO-2025-07-18T194849.427_2025-07-18_22-48-58.webp.webp?fit=1200%2C675&ssl=1&resize=700%2C400 2x, https:\/\/i0.wp.com\/noticiasribeiraopreto.com.br\/wp-content\/uploads\/2025\/07\/Copia-de-Copia-de-Copia-de-TAMANHO-EXATO-PARA-FOTOS-NO-SISTEMA-NOVO-2025-07-18T194849.427_2025-07-18_22-48-58.webp.webp?fit=1200%2C675&ssl=1&resize=1050%2C600 3x"},"classes":[]},{"id":58930,"url":"https:\/\/noticiasribeiraopreto.com.br\/index.php\/2024\/10\/09\/banco-abc-brasil-promove-evento-de-agronegocio-em-ribeirao-preto\/","url_meta":{"origin":3191,"position":3},"title":"Banco ABC Brasil promove evento de agroneg\u00f3cio em Ribeir\u00e3o Preto","author":"noticiasribeiraopreto.com.br","date":"9 de October de 2024","format":false,"excerpt":"\u201cEm Ribeir\u00e3o Preto, o agroneg\u00f3cio \u00e9 t\u00e3o estruturado que estamos em uma vin\u00edcola com a temperatura batendo os 38 graus\u201d, comentou o especialista em agroneg\u00f3cio Carlos Cogo, durante a palestra que realizou na quarta-feira, dia 02\/10, sobre os cen\u00e1rios, desafios e oportunidades do agro brasileiro. Consultor do segmento h\u00e1 30\u2026","rel":"","context":"In &quot;Not\u00edcias de Ribeir\u00e3o Preto-SP e Regi\u00e3o&quot;","block_context":{"text":"Not\u00edcias de Ribeir\u00e3o Preto-SP e Regi\u00e3o","link":"https:\/\/noticiasribeiraopreto.com.br\/index.php\/category\/noticias-de-ribeirao-preto-sp-e-regiao-ismael-colosi\/"},"img":{"alt_text":"","src":"https:\/\/i0.wp.com\/noticiasribeiraopreto.com.br\/wp-content\/uploads\/2024\/10\/capa_2024-10-09_20-25-34_jpg_2024-10-09_20-25-37-scaled.webp.webp?fit=1200%2C800&ssl=1&resize=350%2C200","width":350,"height":200,"srcset":"https:\/\/i0.wp.com\/noticiasribeiraopreto.com.br\/wp-content\/uploads\/2024\/10\/capa_2024-10-09_20-25-34_jpg_2024-10-09_20-25-37-scaled.webp.webp?fit=1200%2C800&ssl=1&resize=350%2C200 1x, https:\/\/i0.wp.com\/noticiasribeiraopreto.com.br\/wp-content\/uploads\/2024\/10\/capa_2024-10-09_20-25-34_jpg_2024-10-09_20-25-37-scaled.webp.webp?fit=1200%2C800&ssl=1&resize=525%2C300 1.5x, https:\/\/i0.wp.com\/noticiasribeiraopreto.com.br\/wp-content\/uploads\/2024\/10\/capa_2024-10-09_20-25-34_jpg_2024-10-09_20-25-37-scaled.webp.webp?fit=1200%2C800&ssl=1&resize=700%2C400 2x, https:\/\/i0.wp.com\/noticiasribeiraopreto.com.br\/wp-content\/uploads\/2024\/10\/capa_2024-10-09_20-25-34_jpg_2024-10-09_20-25-37-scaled.webp.webp?fit=1200%2C800&ssl=1&resize=1050%2C600 3x"},"classes":[]},{"id":53345,"url":"https:\/\/noticiasribeiraopreto.com.br\/index.php\/2024\/06\/19\/aniversario-de-ribeirao-preto-entenda-a-importancia-do-agronegocio-para-a-cidade\/","url_meta":{"origin":3191,"position":4},"title":"Anivers\u00e1rio de Ribeir\u00e3o Preto: Entenda a import\u00e2ncia do agroneg\u00f3cio para a cidade","author":"noticiasribeiraopreto.com.br","date":"19 de June de 2024","format":false,"excerpt":"Reconhecida como a \u201cCapital Brasileira do Agroneg\u00f3cio\u201d h\u00e1 20 anos, Ribeir\u00e3o Preto tem papel fundamental para o setor no \u00e2mbito nacional, tornando-se um dos polos mais importantes de agroind\u00fastria do Pa\u00eds devido a produtividade e inova\u00e7\u00e3o. Com a popula\u00e7\u00e3o de 698.642 habitantes e uma \u00e1rea territorial de 650.916 km\u00b2, de\u2026","rel":"","context":"In &quot;Not\u00edcias de Ribeir\u00e3o Preto-SP e Regi\u00e3o&quot;","block_context":{"text":"Not\u00edcias de Ribeir\u00e3o Preto-SP e Regi\u00e3o","link":"https:\/\/noticiasribeiraopreto.com.br\/index.php\/category\/noticias-de-ribeirao-preto-sp-e-regiao-ismael-colosi\/"},"img":{"alt_text":"","src":"https:\/\/i0.wp.com\/noticiasribeiraopreto.com.br\/wp-content\/uploads\/2024\/06\/12_2024-06-14_19-51-16_jpg_2024-06-14_19-51-16.webp.webp?fit=1200%2C675&ssl=1&resize=350%2C200","width":350,"height":200,"srcset":"https:\/\/i0.wp.com\/noticiasribeiraopreto.com.br\/wp-content\/uploads\/2024\/06\/12_2024-06-14_19-51-16_jpg_2024-06-14_19-51-16.webp.webp?fit=1200%2C675&ssl=1&resize=350%2C200 1x, https:\/\/i0.wp.com\/noticiasribeiraopreto.com.br\/wp-content\/uploads\/2024\/06\/12_2024-06-14_19-51-16_jpg_2024-06-14_19-51-16.webp.webp?fit=1200%2C675&ssl=1&resize=525%2C300 1.5x, https:\/\/i0.wp.com\/noticiasribeiraopreto.com.br\/wp-content\/uploads\/2024\/06\/12_2024-06-14_19-51-16_jpg_2024-06-14_19-51-16.webp.webp?fit=1200%2C675&ssl=1&resize=700%2C400 2x, https:\/\/i0.wp.com\/noticiasribeiraopreto.com.br\/wp-content\/uploads\/2024\/06\/12_2024-06-14_19-51-16_jpg_2024-06-14_19-51-16.webp.webp?fit=1200%2C675&ssl=1&resize=1050%2C600 3x"},"classes":[]},{"id":71643,"url":"https:\/\/noticiasribeiraopreto.com.br\/index.php\/2025\/06\/08\/ribeirao-preto-lanca-rota-inova-rural-conexao-entre-universidades-e-agronegocio\/","url_meta":{"origin":3191,"position":5},"title":"Ribeir\u00e3o Preto lan\u00e7a Rota Inova Rural: conex\u00e3o entre universidades e agroneg\u00f3cio","author":"noticiasribeiraopreto.com.br","date":"8 de June de 2025","format":false,"excerpt":"Ser\u00e1 lan\u00e7ada na pr\u00f3xima ter\u00e7a-feira (10), em Ribeir\u00e3o Preto, a Rota Inova Rural, que pretende conectar universidades, startups e empresas, especialmente usinas, para o desenvolvimento de tecnologias inovadoras para o agroneg\u00f3cio. Al\u00e9m de palestras peri\u00f3dicas, os agentes envolvidos desenvolver\u00e3o ferramentas de inova\u00e7\u00e3o sob medida para as reais necessidades do setor.\u2026","rel":"","context":"In &quot;Not\u00edcias de Ribeir\u00e3o Preto-SP e Regi\u00e3o&quot;","block_context":{"text":"Not\u00edcias de Ribeir\u00e3o Preto-SP e Regi\u00e3o","link":"https:\/\/noticiasribeiraopreto.com.br\/index.php\/category\/noticias-de-ribeirao-preto-sp-e-regiao-ismael-colosi\/"},"img":{"alt_text":"","src":"https:\/\/i0.wp.com\/noticiasribeiraopreto.com.br\/wp-content\/uploads\/2025\/06\/dabi-business_2025-06-08_15-54-36.webp.webp?fit=1200%2C675&ssl=1&resize=350%2C200","width":350,"height":200,"srcset":"https:\/\/i0.wp.com\/noticiasribeiraopreto.com.br\/wp-content\/uploads\/2025\/06\/dabi-business_2025-06-08_15-54-36.webp.webp?fit=1200%2C675&ssl=1&resize=350%2C200 1x, https:\/\/i0.wp.com\/noticiasribeiraopreto.com.br\/wp-content\/uploads\/2025\/06\/dabi-business_2025-06-08_15-54-36.webp.webp?fit=1200%2C675&ssl=1&resize=525%2C300 1.5x, https:\/\/i0.wp.com\/noticiasribeiraopreto.com.br\/wp-content\/uploads\/2025\/06\/dabi-business_2025-06-08_15-54-36.webp.webp?fit=1200%2C675&ssl=1&resize=700%2C400 2x, https:\/\/i0.wp.com\/noticiasribeiraopreto.com.br\/wp-content\/uploads\/2025\/06\/dabi-business_2025-06-08_15-54-36.webp.webp?fit=1200%2C675&ssl=1&resize=1050%2C600 3x"},"classes":[]}],"jetpack_sharing_enabled":true,"jetpack_shortlink":"https:\/\/wp.me\/peQAOb-Pt","_links":{"self":[{"href":"https:\/\/noticiasribeiraopreto.com.br\/index.php\/wp-json\/wp\/v2\/posts\/3191","targetHints":{"allow":["GET"]}}],"collection":[{"href":"https:\/\/noticiasribeiraopreto.com.br\/index.php\/wp-json\/wp\/v2\/posts"}],"about":[{"href":"https:\/\/noticiasribeiraopreto.com.br\/index.php\/wp-json\/wp\/v2\/types\/post"}],"author":[{"embeddable":true,"href":"https:\/\/noticiasribeiraopreto.com.br\/index.php\/wp-json\/wp\/v2\/users\/1"}],"replies":[{"embeddable":true,"href":"https:\/\/noticiasribeiraopreto.com.br\/index.php\/wp-json\/wp\/v2\/comments?post=3191"}],"version-history":[{"count":0,"href":"https:\/\/noticiasribeiraopreto.com.br\/index.php\/wp-json\/wp\/v2\/posts\/3191\/revisions"}],"wp:featuredmedia":[{"embeddable":true,"href":"https:\/\/noticiasribeiraopreto.com.br\/index.php\/wp-json\/wp\/v2\/media\/3192"}],"wp:attachment":[{"href":"https:\/\/noticiasribeiraopreto.com.br\/index.php\/wp-json\/wp\/v2\/media?parent=3191"}],"wp:term":[{"taxonomy":"category","embeddable":true,"href":"https:\/\/noticiasribeiraopreto.com.br\/index.php\/wp-json\/wp\/v2\/categories?post=3191"},{"taxonomy":"post_tag","embeddable":true,"href":"https:\/\/noticiasribeiraopreto.com.br\/index.php\/wp-json\/wp\/v2\/tags?post=3191"}],"curies":[{"name":"wp","href":"https:\/\/api.w.org\/{rel}","templated":true}]}}