{"id":31936,"date":"2024-01-23T17:56:03","date_gmt":"2024-01-23T20:56:03","guid":{"rendered":"https:\/\/noticiasribeiraopreto.com.br\/index.php\/2024\/01\/23\/agrishow-lanca-lote-promocional\/"},"modified":"2024-01-23T17:56:03","modified_gmt":"2024-01-23T20:56:03","slug":"agrishow-lanca-lote-promocional","status":"publish","type":"post","link":"https:\/\/noticiasribeiraopreto.com.br\/index.php\/2024\/01\/23\/agrishow-lanca-lote-promocional\/","title":{"rendered":"Agrishow lan\u00e7a\u00a0lote promocional \u00a0 &#8211; Jornal Tribuna Ribeir\u00e3o"},"content":{"rendered":"<div class='code-block code-block-1' style='margin: 8px 0 8px auto; text-align: right; display: block; clear: both;'>\n<p><a href=\"https:\/\/wa.link\/vpicfd\"><img data-recalc-dims=\"1\" class=\"wp-image-4922\" style=\"aspect-ratio: 2.0253164556962027; width: 561px; height: auto;\" src=\"https:\/\/i0.wp.com\/ismaelcolosi.com.br\/wp-content\/uploads\/2023\/11\/grupo-de-empregos-whatsapp-e-facebook-ismael-colosi-vagas.jpg?ssl=1\" alt=\"\" \/><\/a><\/p>\n<!-- \/wp:image -->\n<\/div>\n<p> <br \/>\n<\/p>\n<div>\n<p><span data-contrast=\"none\">A 29\u00aa Feira Internacional de Tecnologia Agr\u00edcola em A\u00e7\u00e3o (Agrishow 2024), que <\/span><span data-contrast=\"auto\">ser\u00e1 realizada entre os dias 29 de abril e 3 de maio<\/span><span data-contrast=\"none\">, no Polo Regional de Desenvolvimento Tecnol\u00f3gico dos Agroneg\u00f3cios do Centro-Leste, no quil\u00f4metro 321 da Rodovia Ant\u00f4nio Duarte Nogueira (SP-322), o Anel Vi\u00e1rio Sul, em Ribeir\u00e3o Preto, disponibilizou o primeiro lote de ingressos com valor promocional em seu site oficial. <\/span><\/p>\n<p><span data-contrast=\"none\">Os ingressos custam R$ 60 (inteira) e R$ 30 (meia-entrada) at\u00e9 25 de fevereiro. A forma de pagamento \u00e9 via cart\u00e3o de cr\u00e9dito ou boleto banc\u00e1rio. A compra antecipada do convite para visitar a Agrishow 2023 traz uma s\u00e9rie de benef\u00edcios, como comodidade e uma entrada mais r\u00e1pida ao evento, pois evita filas.<\/span><\/p>\n<p><span data-contrast=\"none\">Ap\u00f3s essa data, a organiza\u00e7\u00e3o da feira disponibilizar\u00e1 um segundo lote ainda com pre\u00e7os especiais de R$ 70 (inteira) e R$ 35 (meia), com pagamento via cart\u00e3o de cr\u00e9dito e boleto banc\u00e1rio.\u00a0 O valor na bilheteria local ser\u00e1 de R$ 120 (inteira) e R$ 60 (meia), sendo aceitos apenas dinheiro e cart\u00e3o de d\u00e9bito. A meia entrada pode ser adquirida por estudantes, pessoas acima de 60 anos e portadores de necessidades especiais. <\/span><\/p>\n<p><b><span data-contrast=\"none\">Meia-entrada <\/span><\/b><b><span data-contrast=\"auto\">\u2013 <\/span><\/b><span data-contrast=\"none\">Estudantes e idosos precisar\u00e3o apresentar a documenta\u00e7\u00e3o com foto na entrada da Agrishow. Desde o ano passado<\/span><span data-contrast=\"auto\">, a feira vai receber o p\u00fablico das nove horas at\u00e9 as seis da tarde. At\u00e9 2022, os port\u00f5es eram abertos \u00e0s oito da manh\u00e3. A mudan\u00e7a promovida pelos organizadores tem o objetivo de melhorar a mobilidade de expositores e visitantes, diminuindo os impactos do tr\u00e1fego intenso de ve\u00edculos na regi\u00e3o.<\/span><\/p>\n<p><span data-contrast=\"none\">A 28\u00aa edi\u00e7\u00e3o da Agrishow, realizada entre 1\u00ba e 5 de maio do ano passado, bateu recorde de faturamento e de p\u00fablico. A feira <\/span><span data-contrast=\"auto\">alcan\u00e7ou um volume recorde de R$ 13,29 bilh\u00f5es de neg\u00f3cios gerados e inten\u00e7\u00f5es de compra em m\u00e1quinas agr\u00edcolas, de irriga\u00e7\u00e3o e de armazenagem. <\/span><\/p>\n<p><span data-contrast=\"auto\">O montante representa um crescimento nominal de 18,2% e um aumento real de 9,5% (descontada a infla\u00e7\u00e3o) em rela\u00e7\u00e3o \u00e0 edi\u00e7\u00e3o de 2022. Na \u00e9poca, foram computados R$ 11,243 bilh\u00f5es de neg\u00f3cios gerados e inten\u00e7\u00f5es de compra de m\u00e1quinas agr\u00edcolas, de irriga\u00e7\u00e3o e de armazenagem. S\u00e3o R$ 2,047 bilh\u00f5es a mais. <\/span><\/p>\n<p><span data-contrast=\"auto\">A pr\u00f3xima edi\u00e7\u00e3o do evento ser\u00e1 realizada entre os dias 29 de abril e 3 de maio de 2024.\u00a0 Dando continuidade ao rod\u00edzio na presid\u00eancia da feira, como ocorre desde 2007, Jo\u00e3o Carlos Marchesan assumiu a presid\u00eancia da Agrishow em substitui\u00e7\u00e3o a Francisco Matturro. Vai presidir a feira nas edi\u00e7\u00f5es deste ano e de 2025. <\/span><\/p>\n<p><span data-contrast=\"auto\">O p\u00fablico tamb\u00e9m cresceu na <\/span><span data-contrast=\"none\">Agrishow 2023. O evento <\/span><span data-contrast=\"auto\">recebeu 195 mil visitantes no ano passado, em sua maioria, produtores rurais de pequenas, m\u00e9dias e grandes propriedades de todas as regi\u00f5es do pa\u00eds e tamb\u00e9m do exterior, de 50 pa\u00edses. <\/span><\/p>\n<p><span data-contrast=\"auto\">Foram dois mil a mais que os 193 mil de 2022, alta de 1,03%. O evento reuniu mais de 800 marcas nacionais e internacionais. A feira gerou mais de cinco mil empregos tempor\u00e1rios, al\u00e9m de fomentar uma importante movimenta\u00e7\u00e3o econ\u00f4mica, que gira em torno do turismo, com\u00e9rcio de bares, restaurantes e hotelaria. <\/span><\/p>\n<p><span data-contrast=\"none\">A Agrishow \u00e9 uma iniciativa das principais entidades do agroneg\u00f3cio no pa\u00eds: Associa\u00e7\u00e3o Brasileira do Agroneg\u00f3cio (Abag), Abimaq, Associa\u00e7\u00e3o Nacional para Difus\u00e3o de Adubos (Anda), Federa\u00e7\u00e3o da Agricultura e da Pecu\u00e1ria do Estado de S\u00e3o Paulo (Faesp) e Sociedade Rural Brasileira (SRB). \u00c9 organizada pela Informa Markets.<\/span><\/p>\n<p><b><span data-contrast=\"auto\">Bares \u2013 <\/span><\/b><span data-contrast=\"auto\">Segundo a Associa\u00e7\u00e3o Brasileira de Bares e Restaurantes (Abrasel), a cidade registrou um aumento de aproximadamente 24% dos frequentadores a esse tipo de com\u00e9rcio na semana da Agrishow. J\u00e1 o Sindicato de Hot\u00e9is, Bares, Restaurantes e Similares de Ribeir\u00e3o Preto e Regi\u00e3o afirma que 100% das hospedagens no segmento foram ocupadas no munic\u00edpio. <\/span><\/p>\n<p><b><span data-contrast=\"auto\">Hot\u00e9is \u2013 <\/span><\/b><span data-contrast=\"auto\">Nas cidades da regi\u00e3o, o percentual atingiu 80%, al\u00e9m das hospedagens geradas por plataformas de aluguel de casas. Em rela\u00e7\u00e3o a pousos e decolagens, o aumento foi de 307% em rela\u00e7\u00e3o a dias normais, conforme a gest\u00e3o do aeroporto Leite Lopes.<\/span><\/p>\n<p><span data-contrast=\"none\">A expectativa \u00e9 que a inje\u00e7\u00e3o de recursos na regi\u00e3o ultrapassasse R$ 400 milh\u00f5es. Este foi o montante registrado na 27\u00aa edi\u00e7\u00e3o, em 2022, s<\/span><span data-contrast=\"auto\">egundo estudo do Centro de Intelig\u00eancia da Economia do Turismo (Ciet), da Secretaria de Turismo e Viagens do Estado. De acordo com o Ciet, 85,2% dos participantes eram de fora da regi\u00e3o metropolitana, \u00edndice considerado elevado. <\/span><\/p>\n<p><b><span data-contrast=\"none\">Servi\u00e7o <\/span><\/b><br \/><b><span data-contrast=\"none\">Evento:<\/span><\/b><span data-contrast=\"none\"> 29\u00aa Feira <\/span><span data-contrast=\"none\">Internacional de <\/span><span data-contrast=\"none\">Tecnologia Agr\u00edcola <\/span><span data-contrast=\"none\">em A\u00e7\u00e3o (Agrishow <\/span><span data-contrast=\"none\">2024)<\/span><br \/><b><span data-contrast=\"none\">Quando:<\/span><\/b><span data-contrast=\"none\"> de 29 de <\/span><span data-contrast=\"none\">abril a 3 de maio<\/span><br \/><b><span data-contrast=\"none\">Local:<\/span><\/b><span data-contrast=\"none\"> Polo Regional <\/span><span data-contrast=\"none\">de Desenvolvimento <\/span><span data-contrast=\"none\">Tecnol\u00f3gico dos <\/span><span data-contrast=\"none\">Agroneg\u00f3cios do <\/span><span data-contrast=\"none\">Centro-Leste <\/span><br \/><b><span data-contrast=\"none\">Acesso:<\/span><\/b><span data-contrast=\"none\"> Rodovia <\/span><span data-contrast=\"none\">Ant\u00f4nio Duarte <\/span><span data-contrast=\"none\">Nogueira km 321, <\/span><span data-contrast=\"none\">Ribeir\u00e3o Preto <\/span><br \/><b><span data-contrast=\"none\">Hor\u00e1rio:<\/span><\/b><span data-contrast=\"none\"> das oito <\/span><span data-contrast=\"none\">\u00e0s 18 horas<\/span><br \/><b><span data-contrast=\"none\">Ingressos<\/span><\/b><br \/><b><span data-contrast=\"none\">At\u00e9 25 de fevereiro<\/span><\/b><br \/><span data-contrast=\"none\">Inteira: R$ 60 <\/span><br \/><span data-contrast=\"none\">Meia: R$ 30 <\/span><br \/><b><span data-contrast=\"none\">Ap\u00f3s esta data<\/span><\/b><br \/><span data-contrast=\"none\">Inteira: R$ 70 <\/span><br \/><span data-contrast=\"none\">Meia: R$ 35<\/span><br \/><b><span data-contrast=\"none\">Na bilheteria<\/span><\/b><br \/><span data-contrast=\"none\">Inteira: R$ 120 <\/span><br \/><span data-contrast=\"none\">Meia: R$ 60<\/span><br \/><b><span data-contrast=\"none\">Informa\u00e7\u00f5es e vendas<\/span><\/b><br \/><a href=\"http:\/\/www.agrishow.com.br\/\"><span data-contrast=\"none\">www.agrishow.com.br<\/span><\/a><br \/><span data-ccp-props=\"{&quot;201341983&quot;:0,&quot;335559739&quot;:200,&quot;335559740&quot;:276}\">\u00a0<\/span><\/p>\n<p><span data-ccp-props=\"{&quot;201341983&quot;:0,&quot;335559739&quot;:200,&quot;335559740&quot;:276}\">\u00a0<\/span><\/p>\n<p><span data-ccp-props=\"{&quot;201341983&quot;:0,&quot;335559739&quot;:200,&quot;335559740&quot;:276}\">\u00a0<\/span><\/p>\n<p><span data-ccp-props=\"{&quot;201341983&quot;:0,&quot;335559739&quot;:200,&quot;335559740&quot;:276}\">\u00a0<\/span><\/p>\n<p><span data-ccp-props=\"{&quot;201341983&quot;:0,&quot;335559739&quot;:200,&quot;335559740&quot;:276}\">\u00a0<\/span><\/p>\n<\/div>\n<p><br \/>\n<br \/><a href=\"https:\/\/www.tribunaribeirao.com.br\/site\/agrishow-lanca-lote-promocional\/\">Source link <\/a><\/p>\n<!-- CONTENT END 1 -->\n","protected":false},"excerpt":{"rendered":"<p>A 29\u00aa Feira Internacional de Tecnologia Agr\u00edcola em A\u00e7\u00e3o (Agrishow 2024), que ser\u00e1 realizada entre os dias 29 de abril e 3 de maio, no&#8230;<\/p>\n","protected":false},"author":1,"featured_media":31937,"comment_status":"open","ping_status":"open","sticky":false,"template":"","format":"standard","meta":{"advanced_seo_description":"","jetpack_seo_html_title":"","jetpack_seo_noindex":false,"jetpack_post_was_ever_published":false,"_jetpack_newsletter_access":"","_jetpack_dont_email_post_to_subs":false,"_jetpack_newsletter_tier_id":0,"_jetpack_memberships_contains_paywalled_content":false,"_jetpack_memberships_contains_paid_content":false,"footnotes":"","jetpack_publicize_message":"","jetpack_publicize_feature_enabled":true,"jetpack_social_post_already_shared":true,"jetpack_social_options":{"image_generator_settings":{"template":"highway","default_image_id":0,"font":"","enabled":false},"version":2}},"categories":[11],"tags":[191,785,3828,3829,26,786],"class_list":["post-31936","post","type-post","status-publish","format-standard","has-post-thumbnail","hentry","category-noticias-de-ribeirao-preto-sp-e-regiao-ismael-colosi","tag-agrishow","tag-jornal","tag-lancalote","tag-promocional","tag-ribeirao","tag-tribuna"],"jetpack_publicize_connections":[],"jetpack_featured_media_url":"https:\/\/i0.wp.com\/noticiasribeiraopreto.com.br\/wp-content\/uploads\/2024\/01\/Agrishow-Alfredo-Risk-Arquivo-scaled.jpg?fit=1000%2C528&ssl=1","jetpack-related-posts":[{"id":39675,"url":"https:\/\/noticiasribeiraopreto.com.br\/index.php\/2024\/02\/27\/agrishow-libera-novo-lote-de-ingressos\/","url_meta":{"origin":31936,"position":0},"title":"Agrishow\u00a0libera novo lote de ingressos","author":"noticiasribeiraopreto.com.br","date":"27 de February de 2024","format":false,"excerpt":"27 de fevereiro de 2024 | 16:0027 de fevereiro de 2024 | 9:54 0Os organizadores da 29\u00aa edi\u00e7\u00e3o da Feira Internacional de Tecnologia Agr\u00edcola em A\u00e7\u00e3o (Agrishow 2024), que ser\u00e1 realizada entre os dias 29 de abril e 3 de maio, no Polo Regional de Desenvolvimento Tecnol\u00f3gico dos Agroneg\u00f3cios do\u2026","rel":"","context":"In &quot;Not\u00edcias de Ribeir\u00e3o Preto-SP e Regi\u00e3o&quot;","block_context":{"text":"Not\u00edcias de Ribeir\u00e3o Preto-SP e Regi\u00e3o","link":"https:\/\/noticiasribeiraopreto.com.br\/index.php\/category\/noticias-de-ribeirao-preto-sp-e-regiao-ismael-colosi\/"},"img":{"alt_text":"","src":"https:\/\/i0.wp.com\/noticiasribeiraopreto.com.br\/wp-content\/uploads\/2024\/02\/Agrishow-Detalhe-Alfredo-Risk-Arquivo-scaled.jpg?fit=967%2C645&ssl=1&resize=350%2C200","width":350,"height":200,"srcset":"https:\/\/i0.wp.com\/noticiasribeiraopreto.com.br\/wp-content\/uploads\/2024\/02\/Agrishow-Detalhe-Alfredo-Risk-Arquivo-scaled.jpg?fit=967%2C645&ssl=1&resize=350%2C200 1x, https:\/\/i0.wp.com\/noticiasribeiraopreto.com.br\/wp-content\/uploads\/2024\/02\/Agrishow-Detalhe-Alfredo-Risk-Arquivo-scaled.jpg?fit=967%2C645&ssl=1&resize=525%2C300 1.5x, https:\/\/i0.wp.com\/noticiasribeiraopreto.com.br\/wp-content\/uploads\/2024\/02\/Agrishow-Detalhe-Alfredo-Risk-Arquivo-scaled.jpg?fit=967%2C645&ssl=1&resize=700%2C400 2x"},"classes":[]},{"id":39533,"url":"https:\/\/noticiasribeiraopreto.com.br\/index.php\/2024\/02\/26\/comeca-venda-do-2o-lote-de-ingressos-para-agrishow-em-ribeirao-preto\/","url_meta":{"origin":31936,"position":1},"title":"Come\u00e7a venda do 2\u00ba lote de ingressos para Agrishow em Ribeir\u00e3o Preto","author":"noticiasribeiraopreto.com.br","date":"26 de February de 2024","format":false,"excerpt":"A venda on-line de ingressos para a Agrishow 2024, que acontece em Ribeir\u00e3o Preto de 29 de abril a 3 de maio, ter\u00e1 a virada de lote nesta ter\u00e7a-feira (27). \u00a0 Com a mudan\u00e7a para o segundo lote, os ingressos passam custar R$ 70 inteira e R$ 35 meia-entrada. A\u2026","rel":"","context":"In &quot;Not\u00edcias de Ribeir\u00e3o Preto-SP e Regi\u00e3o&quot;","block_context":{"text":"Not\u00edcias de Ribeir\u00e3o Preto-SP e Regi\u00e3o","link":"https:\/\/noticiasribeiraopreto.com.br\/index.php\/category\/noticias-de-ribeirao-preto-sp-e-regiao-ismael-colosi\/"},"img":{"alt_text":"","src":"https:\/\/i0.wp.com\/noticiasribeiraopreto.com.br\/wp-content\/uploads\/2024\/02\/Copia-de-Copia-de-TAMANHO-EXATO-PARA-FOTOS-NO-SISTEMA-NOVO-13.jpg?fit=1200%2C675&ssl=1&resize=350%2C200","width":350,"height":200,"srcset":"https:\/\/i0.wp.com\/noticiasribeiraopreto.com.br\/wp-content\/uploads\/2024\/02\/Copia-de-Copia-de-TAMANHO-EXATO-PARA-FOTOS-NO-SISTEMA-NOVO-13.jpg?fit=1200%2C675&ssl=1&resize=350%2C200 1x, https:\/\/i0.wp.com\/noticiasribeiraopreto.com.br\/wp-content\/uploads\/2024\/02\/Copia-de-Copia-de-TAMANHO-EXATO-PARA-FOTOS-NO-SISTEMA-NOVO-13.jpg?fit=1200%2C675&ssl=1&resize=525%2C300 1.5x, https:\/\/i0.wp.com\/noticiasribeiraopreto.com.br\/wp-content\/uploads\/2024\/02\/Copia-de-Copia-de-TAMANHO-EXATO-PARA-FOTOS-NO-SISTEMA-NOVO-13.jpg?fit=1200%2C675&ssl=1&resize=700%2C400 2x, https:\/\/i0.wp.com\/noticiasribeiraopreto.com.br\/wp-content\/uploads\/2024\/02\/Copia-de-Copia-de-TAMANHO-EXATO-PARA-FOTOS-NO-SISTEMA-NOVO-13.jpg?fit=1200%2C675&ssl=1&resize=1050%2C600 3x"},"classes":[]},{"id":62406,"url":"https:\/\/noticiasribeiraopreto.com.br\/index.php\/2025\/01\/13\/veja-quando-comeca-a-venda-dos-ingressos-para-a-agrishow-em-ribeirao-preto\/","url_meta":{"origin":31936,"position":2},"title":"Veja quando come\u00e7a a venda dos ingressos para a Agrishow em Ribeir\u00e3o Preto","author":"noticiasribeiraopreto.com.br","date":"13 de January de 2025","format":false,"excerpt":"Come\u00e7a na pr\u00f3xima segunda-feira (20), a venda dos ingressos para a Agrishow 2025, em Ribeir\u00e3o Preto. A 30\u00aa edi\u00e7\u00e3o do evento acontece entre os dias 28 de abril e 02 de maio. De acordo com a organiza\u00e7\u00e3o, o evento ter\u00e1 como tema \u201cO Futuro do Agro de A a Z\u201d\u2026","rel":"","context":"In &quot;Not\u00edcias de Ribeir\u00e3o Preto-SP e Regi\u00e3o&quot;","block_context":{"text":"Not\u00edcias de Ribeir\u00e3o Preto-SP e Regi\u00e3o","link":"https:\/\/noticiasribeiraopreto.com.br\/index.php\/category\/noticias-de-ribeirao-preto-sp-e-regiao-ismael-colosi\/"},"img":{"alt_text":"","src":"https:\/\/i0.wp.com\/noticiasribeiraopreto.com.br\/wp-content\/uploads\/2025\/01\/Copia-de-Copia-de-Copia-de-TAMANHO-EXATO-PARA-FOTOS-NO-SISTEMA-NOVO-2025-01-13T132434.793_2025-01-13_16-24-39_png_2025-01-13_16-24-39.webp.webp?fit=1200%2C675&ssl=1&resize=350%2C200","width":350,"height":200,"srcset":"https:\/\/i0.wp.com\/noticiasribeiraopreto.com.br\/wp-content\/uploads\/2025\/01\/Copia-de-Copia-de-Copia-de-TAMANHO-EXATO-PARA-FOTOS-NO-SISTEMA-NOVO-2025-01-13T132434.793_2025-01-13_16-24-39_png_2025-01-13_16-24-39.webp.webp?fit=1200%2C675&ssl=1&resize=350%2C200 1x, https:\/\/i0.wp.com\/noticiasribeiraopreto.com.br\/wp-content\/uploads\/2025\/01\/Copia-de-Copia-de-Copia-de-TAMANHO-EXATO-PARA-FOTOS-NO-SISTEMA-NOVO-2025-01-13T132434.793_2025-01-13_16-24-39_png_2025-01-13_16-24-39.webp.webp?fit=1200%2C675&ssl=1&resize=525%2C300 1.5x, https:\/\/i0.wp.com\/noticiasribeiraopreto.com.br\/wp-content\/uploads\/2025\/01\/Copia-de-Copia-de-Copia-de-TAMANHO-EXATO-PARA-FOTOS-NO-SISTEMA-NOVO-2025-01-13T132434.793_2025-01-13_16-24-39_png_2025-01-13_16-24-39.webp.webp?fit=1200%2C675&ssl=1&resize=700%2C400 2x, https:\/\/i0.wp.com\/noticiasribeiraopreto.com.br\/wp-content\/uploads\/2025\/01\/Copia-de-Copia-de-Copia-de-TAMANHO-EXATO-PARA-FOTOS-NO-SISTEMA-NOVO-2025-01-13T132434.793_2025-01-13_16-24-39_png_2025-01-13_16-24-39.webp.webp?fit=1200%2C675&ssl=1&resize=1050%2C600 3x"},"classes":[]},{"id":62633,"url":"https:\/\/noticiasribeiraopreto.com.br\/index.php\/2025\/01\/20\/veja-o-preco-dos-ingressos-da-agrishow-2025-em-ribeirao-preto\/","url_meta":{"origin":31936,"position":3},"title":"Veja o pre\u00e7o dos ingressos da Agrishow 2025 em Ribeir\u00e3o Preto","author":"noticiasribeiraopreto.com.br","date":"20 de January de 2025","format":false,"excerpt":"A venda dos ingressos para a Agrishow 2025, em Ribeir\u00e3o Preto, come\u00e7a nesta segunda-feira (20). No primeiro lote, que fica aberto at\u00e9 o dia 23 de fevereiro, os convites custam R$ 70 \u2013 os interessados dever\u00e3o escolher o dia da semana em que desejam visitar a feira j\u00e1 no ato\u2026","rel":"","context":"In &quot;Not\u00edcias de Ribeir\u00e3o Preto-SP e Regi\u00e3o&quot;","block_context":{"text":"Not\u00edcias de Ribeir\u00e3o Preto-SP e Regi\u00e3o","link":"https:\/\/noticiasribeiraopreto.com.br\/index.php\/category\/noticias-de-ribeirao-preto-sp-e-regiao-ismael-colosi\/"},"img":{"alt_text":"","src":"https:\/\/i0.wp.com\/noticiasribeiraopreto.com.br\/wp-content\/uploads\/2024\/05\/agrishow-2_2024-05-03_14-04-43_jpeg_2024-05-03_14-04-43.webp.webp?fit=1200%2C800&ssl=1&resize=350%2C200","width":350,"height":200,"srcset":"https:\/\/i0.wp.com\/noticiasribeiraopreto.com.br\/wp-content\/uploads\/2024\/05\/agrishow-2_2024-05-03_14-04-43_jpeg_2024-05-03_14-04-43.webp.webp?fit=1200%2C800&ssl=1&resize=350%2C200 1x, https:\/\/i0.wp.com\/noticiasribeiraopreto.com.br\/wp-content\/uploads\/2024\/05\/agrishow-2_2024-05-03_14-04-43_jpeg_2024-05-03_14-04-43.webp.webp?fit=1200%2C800&ssl=1&resize=525%2C300 1.5x, https:\/\/i0.wp.com\/noticiasribeiraopreto.com.br\/wp-content\/uploads\/2024\/05\/agrishow-2_2024-05-03_14-04-43_jpeg_2024-05-03_14-04-43.webp.webp?fit=1200%2C800&ssl=1&resize=700%2C400 2x, https:\/\/i0.wp.com\/noticiasribeiraopreto.com.br\/wp-content\/uploads\/2024\/05\/agrishow-2_2024-05-03_14-04-43_jpeg_2024-05-03_14-04-43.webp.webp?fit=1200%2C800&ssl=1&resize=1050%2C600 3x"},"classes":[]},{"id":36389,"url":"https:\/\/noticiasribeiraopreto.com.br\/index.php\/2024\/02\/09\/empresa-aerea-amplia-voos-para-ribeirao-preto-na-agrishow\/","url_meta":{"origin":31936,"position":4},"title":"Empresa a\u00e9rea amplia voos para Ribeir\u00e3o Preto na Agrishow","author":"noticiasribeiraopreto.com.br","date":"9 de February de 2024","format":false,"excerpt":"A Azul informou que vai ampliar o n\u00famero de voos extras para Ribeir\u00e3o Preto durante a Agrishow, que acontece entre os dias 29 de abril e 3 de maio. S\u00e3o 66 voos extras para rotas partindo de Bras\u00edlia, Cuiab\u00e1, Campo Grande, Goi\u00e2nia e Porto Alegre. Al\u00e9m disso, ser\u00e1 ampliada a\u2026","rel":"","context":"In &quot;Not\u00edcias de Ribeir\u00e3o Preto-SP e Regi\u00e3o&quot;","block_context":{"text":"Not\u00edcias de Ribeir\u00e3o Preto-SP e Regi\u00e3o","link":"https:\/\/noticiasribeiraopreto.com.br\/index.php\/category\/noticias-de-ribeirao-preto-sp-e-regiao-ismael-colosi\/"},"img":{"alt_text":"","src":"https:\/\/i0.wp.com\/noticiasribeiraopreto.com.br\/wp-content\/uploads\/2024\/02\/WhatsApp-Image-2023-12-19-at-08.41.32.jpeg?fit=1200%2C675&ssl=1&resize=350%2C200","width":350,"height":200,"srcset":"https:\/\/i0.wp.com\/noticiasribeiraopreto.com.br\/wp-content\/uploads\/2024\/02\/WhatsApp-Image-2023-12-19-at-08.41.32.jpeg?fit=1200%2C675&ssl=1&resize=350%2C200 1x, https:\/\/i0.wp.com\/noticiasribeiraopreto.com.br\/wp-content\/uploads\/2024\/02\/WhatsApp-Image-2023-12-19-at-08.41.32.jpeg?fit=1200%2C675&ssl=1&resize=525%2C300 1.5x, https:\/\/i0.wp.com\/noticiasribeiraopreto.com.br\/wp-content\/uploads\/2024\/02\/WhatsApp-Image-2023-12-19-at-08.41.32.jpeg?fit=1200%2C675&ssl=1&resize=700%2C400 2x, https:\/\/i0.wp.com\/noticiasribeiraopreto.com.br\/wp-content\/uploads\/2024\/02\/WhatsApp-Image-2023-12-19-at-08.41.32.jpeg?fit=1200%2C675&ssl=1&resize=1050%2C600 3x"},"classes":[]},{"id":36622,"url":"https:\/\/noticiasribeiraopreto.com.br\/index.php\/2024\/02\/10\/azul-fara-ate-24-voos-diarios-durante-agrishow\/","url_meta":{"origin":31936,"position":5},"title":"Azul far\u00e1 at\u00e9 24 voos di\u00e1rios durante Agrishow","author":"noticiasribeiraopreto.com.br","date":"10 de February de 2024","format":false,"excerpt":"A Azul Linhas A\u00e9reas, maior companhia a\u00e9rea em n\u00famero de voos e destinos atendidos no Brasil, disponibilizar\u00e1 66 voos extras para atender o aumento na demanda de clientes que buscam participar da Feira Internacional de Tecnologia Agr\u00edcola em A\u00e7\u00e3o (Agrishow 2024), que ser\u00e1 realizada em Ribeir\u00e3o Preto, entre os dias\u2026","rel":"","context":"In &quot;Not\u00edcias de Ribeir\u00e3o Preto-SP e Regi\u00e3o&quot;","block_context":{"text":"Not\u00edcias de Ribeir\u00e3o Preto-SP e Regi\u00e3o","link":"https:\/\/noticiasribeiraopreto.com.br\/index.php\/category\/noticias-de-ribeirao-preto-sp-e-regiao-ismael-colosi\/"},"img":{"alt_text":"","src":"https:\/\/i0.wp.com\/noticiasribeiraopreto.com.br\/wp-content\/uploads\/2024\/02\/Agrishow-Luis-Neves-scaled.jpg?fit=967%2C645&ssl=1&resize=350%2C200","width":350,"height":200,"srcset":"https:\/\/i0.wp.com\/noticiasribeiraopreto.com.br\/wp-content\/uploads\/2024\/02\/Agrishow-Luis-Neves-scaled.jpg?fit=967%2C645&ssl=1&resize=350%2C200 1x, https:\/\/i0.wp.com\/noticiasribeiraopreto.com.br\/wp-content\/uploads\/2024\/02\/Agrishow-Luis-Neves-scaled.jpg?fit=967%2C645&ssl=1&resize=525%2C300 1.5x, https:\/\/i0.wp.com\/noticiasribeiraopreto.com.br\/wp-content\/uploads\/2024\/02\/Agrishow-Luis-Neves-scaled.jpg?fit=967%2C645&ssl=1&resize=700%2C400 2x"},"classes":[]}],"jetpack_sharing_enabled":true,"jetpack_shortlink":"https:\/\/wp.me\/peQAOb-8j6","_links":{"self":[{"href":"https:\/\/noticiasribeiraopreto.com.br\/index.php\/wp-json\/wp\/v2\/posts\/31936","targetHints":{"allow":["GET"]}}],"collection":[{"href":"https:\/\/noticiasribeiraopreto.com.br\/index.php\/wp-json\/wp\/v2\/posts"}],"about":[{"href":"https:\/\/noticiasribeiraopreto.com.br\/index.php\/wp-json\/wp\/v2\/types\/post"}],"author":[{"embeddable":true,"href":"https:\/\/noticiasribeiraopreto.com.br\/index.php\/wp-json\/wp\/v2\/users\/1"}],"replies":[{"embeddable":true,"href":"https:\/\/noticiasribeiraopreto.com.br\/index.php\/wp-json\/wp\/v2\/comments?post=31936"}],"version-history":[{"count":0,"href":"https:\/\/noticiasribeiraopreto.com.br\/index.php\/wp-json\/wp\/v2\/posts\/31936\/revisions"}],"wp:featuredmedia":[{"embeddable":true,"href":"https:\/\/noticiasribeiraopreto.com.br\/index.php\/wp-json\/wp\/v2\/media\/31937"}],"wp:attachment":[{"href":"https:\/\/noticiasribeiraopreto.com.br\/index.php\/wp-json\/wp\/v2\/media?parent=31936"}],"wp:term":[{"taxonomy":"category","embeddable":true,"href":"https:\/\/noticiasribeiraopreto.com.br\/index.php\/wp-json\/wp\/v2\/categories?post=31936"},{"taxonomy":"post_tag","embeddable":true,"href":"https:\/\/noticiasribeiraopreto.com.br\/index.php\/wp-json\/wp\/v2\/tags?post=31936"}],"curies":[{"name":"wp","href":"https:\/\/api.w.org\/{rel}","templated":true}]}}