{"id":31966,"date":"2024-01-23T19:57:40","date_gmt":"2024-01-23T22:57:40","guid":{"rendered":"https:\/\/noticiasribeiraopreto.com.br\/index.php\/2024\/01\/23\/empresa-realiza-selecao-com-200-vagas-de-emprego-em-ribeirao-veja-como-participar\/"},"modified":"2024-01-23T19:57:40","modified_gmt":"2024-01-23T22:57:40","slug":"empresa-realiza-selecao-com-200-vagas-de-emprego-em-ribeirao-veja-como-participar","status":"publish","type":"post","link":"https:\/\/noticiasribeiraopreto.com.br\/index.php\/2024\/01\/23\/empresa-realiza-selecao-com-200-vagas-de-emprego-em-ribeirao-veja-como-participar\/","title":{"rendered":"Empresa realiza sele\u00e7\u00e3o com 200 vagas de emprego em Ribeir\u00e3o; Veja como participar"},"content":{"rendered":"<div class='code-block code-block-1' style='margin: 8px 0 8px auto; text-align: right; display: block; clear: both;'>\n<p><a href=\"https:\/\/wa.link\/vpicfd\"><img data-recalc-dims=\"1\" class=\"wp-image-4922\" style=\"aspect-ratio: 2.0253164556962027; width: 561px; height: auto;\" src=\"https:\/\/i0.wp.com\/ismaelcolosi.com.br\/wp-content\/uploads\/2023\/11\/grupo-de-empregos-whatsapp-e-facebook-ismael-colosi-vagas.jpg?ssl=1\" alt=\"\" \/><\/a><\/p>\n<!-- \/wp:image -->\n<\/div>\n<p> <br \/>\n<\/p>\n<div>\n<p>A empresa Paschoalotto realizar\u00e1, nesta quarta-feira (24), uma <strong>sele\u00e7\u00e3o aberta<\/strong> com <strong>200 vagas<\/strong>, para contrata\u00e7\u00e3o de <strong>Operadores de Telesservi\u00e7os<\/strong>, em <strong>Ribeir\u00e3o Preto<\/strong>.<\/p>\n<p><mark style=\"background-color:#fcb900\" class=\"has-inline-color\">Para participar os interessados precisam ter <strong>mais de 18 anos e ensino m\u00e9dio completo<\/strong>. Eles devem comparecer na rua Ant\u00f4nio Fernandes Figuer\u00f4a, 1400, no Parque Industrial Lagoinha, zona Leste da cidade, <strong>\u00e0s 9h<\/strong> ou <strong>\u00e0s 14h<\/strong>, portando <strong>RG <\/strong>e <strong>CPF<\/strong>.<\/mark><\/p>\n<p>De acordo com um representante da empresa, ap\u00f3s as entrevistas, os candidatos receber\u00e3o o resultado atrav\u00e9s do WhatsApp. <strong>As vagas tamb\u00e9m s\u00e3o destinadas a pessoas idosas e com defici\u00eancia (PCD).<\/strong><\/p>\n<p>Todas as vagas s\u00e3o presenciais e <strong>n\u00e3o \u00e9 necess\u00e1rio ter experi\u00eancia<\/strong>. Entre as principais atribui\u00e7\u00f5es do cargo est\u00e3o os servi\u00e7os de cobran\u00e7a por telefone.<\/p>\n<p>As vagas s\u00e3o oferecidas no regime <strong>CLT<\/strong> (Consolida\u00e7\u00e3o das Leis do Trabalho), com benef\u00edcios como plano de sa\u00fade, licen\u00e7a maternidade e paternidade estendida, vale alimenta\u00e7\u00e3o, vale transporte, clube de vantagens, Wellz (benef\u00edcio corporativo de sa\u00fade emocional), Gympass e Day off no dia do anivers\u00e1rio.<\/p>\n<p>Os interessados tamb\u00e9m podem se inscrever em alguma oportunidade de forma on-line (<a href=\"https:\/\/paschoalotto.gupy.io\/\" target=\"_blank\" rel=\"noreferrer noopener\">clique aqui<\/a>).<\/p>\n<p>SAIBA MAIS<\/p>\n<p>Anvisa abre concurso p\u00fablico com 50 vagas dispon\u00edveis e sal\u00e1rios de R$ 16 mil<\/p>\n<h4 class=\"wp-block-heading\"><strong><mark style=\"background-color:#fcb900\" class=\"has-inline-color\">FIQUE ON<\/mark><\/strong><\/h4>\n<p>Fique ligado em tudo que acontece em Ribeir\u00e3o Preto e regi\u00e3o. Siga os perfis do<strong>\u00a0acidade on\u00a0<\/strong>no\u00a0<a href=\"https:\/\/www.instagram.com\/acidadeonribeirao\" target=\"_blank\" rel=\"noreferrer noopener\">Instagram<\/a>\u00a0e no\u00a0<a href=\"https:\/\/www.facebook.com\/acidadeonribeirao\" target=\"_blank\" rel=\"noreferrer noopener\">Facebook<\/a>.<\/p>\n<p>Receba not\u00edcias do<strong>\u00a0acidade on\u00a0<\/strong>no WhatsApp.<a href=\"https:\/\/chat.whatsapp.com\/Bnv2w66ZT4VDyZW3oiZ69n\" target=\"_blank\" rel=\"noreferrer noopener\">\u00a0Para entrar no grupo, basta clicar aqui.<\/a><\/p>\n<p>Fa\u00e7a uma den\u00fancia ou sugira uma reportagem sobre Ribeir\u00e3o Preto e regi\u00e3o pelo WhatsApp: 16 99117 7802.<\/p>\n<p>VEJA TAMB\u00c9M<\/p>\n<p>Bombom de morango: veja o passo a passo desse doce delicioso\u00a0<\/p>\n<p><!-- AI CONTENT END 1 -->\n<\/div>\n<p><script async src=\"\/\/www.instagram.com\/embed.js\"><\/script><br \/>\n<br \/><br \/>\n<br \/><a href=\"https:\/\/www.acidadeon.com\/ribeiraopreto\/economia\/empresa-realiza-selecao-com-200-vagas-de-emprego-em-ribeirao-veja-como-participar\/\">Source link <\/a><\/p>\n<!-- CONTENT END 1 -->\n","protected":false},"excerpt":{"rendered":"<p>A empresa Paschoalotto realizar\u00e1, nesta quarta-feira (24), uma sele\u00e7\u00e3o aberta com 200 vagas, para contrata\u00e7\u00e3o de Operadores de Telesservi\u00e7os, em Ribeir\u00e3o Preto. Para participar os&#8230;<\/p>\n","protected":false},"author":1,"featured_media":31967,"comment_status":"open","ping_status":"open","sticky":false,"template":"","format":"standard","meta":{"advanced_seo_description":"","jetpack_seo_html_title":"","jetpack_seo_noindex":false,"jetpack_post_was_ever_published":false,"_jetpack_newsletter_access":"","_jetpack_dont_email_post_to_subs":false,"_jetpack_newsletter_tier_id":0,"_jetpack_memberships_contains_paywalled_content":false,"_jetpack_memberships_contains_paid_content":false,"footnotes":"","jetpack_publicize_message":"","jetpack_publicize_feature_enabled":true,"jetpack_social_post_already_shared":true,"jetpack_social_options":{"image_generator_settings":{"template":"highway","default_image_id":0,"font":"","enabled":false},"version":2}},"categories":[11],"tags":[265,144,1536,467,415,26,460,143,48],"class_list":["post-31966","post","type-post","status-publish","format-standard","has-post-thumbnail","hentry","category-noticias-de-ribeirao-preto-sp-e-regiao-ismael-colosi","tag-como","tag-emprego","tag-empresa","tag-participar","tag-realiza","tag-ribeirao","tag-selecao","tag-vagas","tag-veja"],"jetpack_publicize_connections":[],"jetpack_featured_media_url":"https:\/\/i0.wp.com\/noticiasribeiraopreto.com.br\/wp-content\/uploads\/2024\/01\/call-center.jpg?fit=1500%2C1000&ssl=1","jetpack-related-posts":[{"id":35135,"url":"https:\/\/noticiasribeiraopreto.com.br\/index.php\/2024\/02\/05\/empresa-de-ribeirao-preto-tem-mutirao-de-emprego-com-60-vagas\/","url_meta":{"origin":31966,"position":0},"title":"Empresa de Ribeir\u00e3o Preto tem mutir\u00e3o de emprego com 60 vagas","author":"noticiasribeiraopreto.com.br","date":"5 de February de 2024","format":false,"excerpt":"A empresa Resolv de Ribeir\u00e3o Preto tem mutir\u00e3o com 60 vagas de emprego dispon\u00edveis. As vagas s\u00e3o para as \u00e1reas de seguran\u00e7a e limpeza e os interessados podem levar o curr\u00edculo at\u00e9 a pr\u00f3xima sexta-feira (9), em dias alternados. Veja as vagas \u00c1rea de seguran\u00e7a Fiscal de patrim\u00f4nio Para concorrer,\u2026","rel":"","context":"In &quot;Not\u00edcias de Ribeir\u00e3o Preto-SP e Regi\u00e3o&quot;","block_context":{"text":"Not\u00edcias de Ribeir\u00e3o Preto-SP e Regi\u00e3o","link":"https:\/\/noticiasribeiraopreto.com.br\/index.php\/category\/noticias-de-ribeirao-preto-sp-e-regiao-ismael-colosi\/"},"img":{"alt_text":"","src":"https:\/\/i0.wp.com\/noticiasribeiraopreto.com.br\/wp-content\/uploads\/2024\/02\/entrevista-de-emprego.jpg?fit=1200%2C800&ssl=1&resize=350%2C200","width":350,"height":200,"srcset":"https:\/\/i0.wp.com\/noticiasribeiraopreto.com.br\/wp-content\/uploads\/2024\/02\/entrevista-de-emprego.jpg?fit=1200%2C800&ssl=1&resize=350%2C200 1x, https:\/\/i0.wp.com\/noticiasribeiraopreto.com.br\/wp-content\/uploads\/2024\/02\/entrevista-de-emprego.jpg?fit=1200%2C800&ssl=1&resize=525%2C300 1.5x, https:\/\/i0.wp.com\/noticiasribeiraopreto.com.br\/wp-content\/uploads\/2024\/02\/entrevista-de-emprego.jpg?fit=1200%2C800&ssl=1&resize=700%2C400 2x, https:\/\/i0.wp.com\/noticiasribeiraopreto.com.br\/wp-content\/uploads\/2024\/02\/entrevista-de-emprego.jpg?fit=1200%2C800&ssl=1&resize=1050%2C600 3x"},"classes":[]},{"id":43100,"url":"https:\/\/noticiasribeiraopreto.com.br\/index.php\/2024\/03\/19\/empresa-abre-20-vagas-de-emprego-em-ribeirao-preto-veja-como-participar\/","url_meta":{"origin":31966,"position":1},"title":"Empresa abre 20 vagas de emprego em Ribeir\u00e3o Preto; Veja como participar","author":"noticiasribeiraopreto.com.br","date":"19 de March de 2024","format":false,"excerpt":"A VVR Estacionamentos conta com 20 vagas de emprego em Ribeir\u00e3o Preto para as fun\u00e7\u00f5es de manobrista e operador de caixa. Os interessados devem enviar o curr\u00edculo pelo e-mail novasvagas@vvrestacionamentos.com.br. Para concorrer a uma das vagas de manobrista, \u00e9 preciso ter mais de 18 anos e CNH (Carteira Nacional de\u2026","rel":"","context":"In &quot;Not\u00edcias de Ribeir\u00e3o Preto-SP e Regi\u00e3o&quot;","block_context":{"text":"Not\u00edcias de Ribeir\u00e3o Preto-SP e Regi\u00e3o","link":"https:\/\/noticiasribeiraopreto.com.br\/index.php\/category\/noticias-de-ribeirao-preto-sp-e-regiao-ismael-colosi\/"},"img":{"alt_text":"","src":"https:\/\/i0.wp.com\/noticiasribeiraopreto.com.br\/wp-content\/uploads\/2024\/03\/AnyConv.com__vaga-emprego.webp.webp?fit=1200%2C801&ssl=1&resize=350%2C200","width":350,"height":200,"srcset":"https:\/\/i0.wp.com\/noticiasribeiraopreto.com.br\/wp-content\/uploads\/2024\/03\/AnyConv.com__vaga-emprego.webp.webp?fit=1200%2C801&ssl=1&resize=350%2C200 1x, https:\/\/i0.wp.com\/noticiasribeiraopreto.com.br\/wp-content\/uploads\/2024\/03\/AnyConv.com__vaga-emprego.webp.webp?fit=1200%2C801&ssl=1&resize=525%2C300 1.5x, https:\/\/i0.wp.com\/noticiasribeiraopreto.com.br\/wp-content\/uploads\/2024\/03\/AnyConv.com__vaga-emprego.webp.webp?fit=1200%2C801&ssl=1&resize=700%2C400 2x, https:\/\/i0.wp.com\/noticiasribeiraopreto.com.br\/wp-content\/uploads\/2024\/03\/AnyConv.com__vaga-emprego.webp.webp?fit=1200%2C801&ssl=1&resize=1050%2C600 3x"},"classes":[]},{"id":70176,"url":"https:\/\/noticiasribeiraopreto.com.br\/index.php\/2025\/05\/23\/empresa-abre-vagas-de-emprego-em-ribeirao-preto-e-guatapara-veja-como-participar\/","url_meta":{"origin":31966,"position":2},"title":"Empresa abre vagas de emprego em Ribeir\u00e3o Preto e Guatapar\u00e1; Veja como participar","author":"noticiasribeiraopreto.com.br","date":"23 de May de 2025","format":false,"excerpt":"A Estre Ambiental est\u00e1 com 17 vagas de emprego abertas em Ribeir\u00e3o Preto e Guatapar\u00e1 \u2013 incluindo oportunidades para PCDs (Pessoas com Defici\u00eancia). Os interessados podem se candidatar enviando o curr\u00edculo pelo WhatsApp (16) 99794-2516 ou pelo e-mail gente.spi@estre.com.br. Para se candidatar n\u00e3o s\u00e3o cobradas taxas. Confira as vagas dispon\u00edveis:\u2026","rel":"","context":"In &quot;Not\u00edcias de Ribeir\u00e3o Preto-SP e Regi\u00e3o&quot;","block_context":{"text":"Not\u00edcias de Ribeir\u00e3o Preto-SP e Regi\u00e3o","link":"https:\/\/noticiasribeiraopreto.com.br\/index.php\/category\/noticias-de-ribeirao-preto-sp-e-regiao-ismael-colosi\/"},"img":{"alt_text":"","src":"https:\/\/i0.wp.com\/noticiasribeiraopreto.com.br\/wp-content\/uploads\/2025\/05\/carteira-de-trabalho.jpg?fit=1170%2C700&ssl=1&resize=350%2C200","width":350,"height":200,"srcset":"https:\/\/i0.wp.com\/noticiasribeiraopreto.com.br\/wp-content\/uploads\/2025\/05\/carteira-de-trabalho.jpg?fit=1170%2C700&ssl=1&resize=350%2C200 1x, https:\/\/i0.wp.com\/noticiasribeiraopreto.com.br\/wp-content\/uploads\/2025\/05\/carteira-de-trabalho.jpg?fit=1170%2C700&ssl=1&resize=525%2C300 1.5x, https:\/\/i0.wp.com\/noticiasribeiraopreto.com.br\/wp-content\/uploads\/2025\/05\/carteira-de-trabalho.jpg?fit=1170%2C700&ssl=1&resize=700%2C400 2x, https:\/\/i0.wp.com\/noticiasribeiraopreto.com.br\/wp-content\/uploads\/2025\/05\/carteira-de-trabalho.jpg?fit=1170%2C700&ssl=1&resize=1050%2C600 3x"},"classes":[]},{"id":12253,"url":"https:\/\/noticiasribeiraopreto.com.br\/index.php\/2023\/12\/07\/empresas-de-ribeirao-realizam-mutiroes-de-vagas-de-emprego-veja-como-participar\/","url_meta":{"origin":31966,"position":3},"title":"Empresas de Ribeir\u00e3o realizam mutir\u00f5es de vagas de emprego; Veja como participar","author":"noticiasribeiraopreto.com.br","date":"7 de December de 2023","format":false,"excerpt":"Empresas de Ribeir\u00e3o Preto realizam mutir\u00e3o de vagas de emprego na pr\u00f3xima semana. S\u00e3o oportunidades para profissionais com n\u00edvel fundamental e n\u00edvel m\u00e9dio completo. Veja as oportunidades dispon\u00edveis: Telhanorte A Telhanorte conta com cinco vagas de emprego para os cargos de assessor de loja e oficial de manuten\u00e7\u00e3o eletricista. S\u00e3o\u2026","rel":"","context":"In &quot;Not\u00edcias de Ribeir\u00e3o Preto-SP e Regi\u00e3o&quot;","block_context":{"text":"Not\u00edcias de Ribeir\u00e3o Preto-SP e Regi\u00e3o","link":"https:\/\/noticiasribeiraopreto.com.br\/index.php\/category\/noticias-de-ribeirao-preto-sp-e-regiao-ismael-colosi\/"},"img":{"alt_text":"","src":"https:\/\/i0.wp.com\/noticiasribeiraopreto.com.br\/wp-content\/uploads\/2023\/12\/entrevista-de-emprego.jpg?fit=1200%2C800&ssl=1&resize=350%2C200","width":350,"height":200,"srcset":"https:\/\/i0.wp.com\/noticiasribeiraopreto.com.br\/wp-content\/uploads\/2023\/12\/entrevista-de-emprego.jpg?fit=1200%2C800&ssl=1&resize=350%2C200 1x, https:\/\/i0.wp.com\/noticiasribeiraopreto.com.br\/wp-content\/uploads\/2023\/12\/entrevista-de-emprego.jpg?fit=1200%2C800&ssl=1&resize=525%2C300 1.5x, https:\/\/i0.wp.com\/noticiasribeiraopreto.com.br\/wp-content\/uploads\/2023\/12\/entrevista-de-emprego.jpg?fit=1200%2C800&ssl=1&resize=700%2C400 2x, https:\/\/i0.wp.com\/noticiasribeiraopreto.com.br\/wp-content\/uploads\/2023\/12\/entrevista-de-emprego.jpg?fit=1200%2C800&ssl=1&resize=1050%2C600 3x"},"classes":[]},{"id":58846,"url":"https:\/\/noticiasribeiraopreto.com.br\/index.php\/2024\/10\/07\/empresa-de-tecnologia-oferece-64-vagas-de-emprego-em-ribeirao-preto\/","url_meta":{"origin":31966,"position":4},"title":"Empresa de tecnologia oferece 64 vagas de emprego em Ribeir\u00e3o Preto","author":"noticiasribeiraopreto.com.br","date":"7 de October de 2024","format":false,"excerpt":"Uma empresa de tecnologia oferece 64 vagas de emprego tempor\u00e1rias para Ribeir\u00e3o Preto. As vagas s\u00e3o para a equipe de produ\u00e7\u00e3o tempor\u00e1ria, onde \u00e9 feito impress\u00e3o de carn\u00eas de tributos, como IPTU e INSS. N\u00e3o \u00e9 necess\u00e1rio ter experi\u00eancia na \u00e1rea e a contrata\u00e7\u00e3o est\u00e1 prevista para novembro. Os sal\u00e1rios\u2026","rel":"","context":"In &quot;Not\u00edcias de Ribeir\u00e3o Preto-SP e Regi\u00e3o&quot;","block_context":{"text":"Not\u00edcias de Ribeir\u00e3o Preto-SP e Regi\u00e3o","link":"https:\/\/noticiasribeiraopreto.com.br\/index.php\/category\/noticias-de-ribeirao-preto-sp-e-regiao-ismael-colosi\/"},"img":{"alt_text":"","src":"https:\/\/i0.wp.com\/noticiasribeiraopreto.com.br\/wp-content\/uploads\/2024\/10\/shutterstock_1855311790-scaled-1_2024-10-07_15-09-14_jpg_2024-10-07_15-09-15.webp.webp?fit=1200%2C719&ssl=1&resize=350%2C200","width":350,"height":200,"srcset":"https:\/\/i0.wp.com\/noticiasribeiraopreto.com.br\/wp-content\/uploads\/2024\/10\/shutterstock_1855311790-scaled-1_2024-10-07_15-09-14_jpg_2024-10-07_15-09-15.webp.webp?fit=1200%2C719&ssl=1&resize=350%2C200 1x, https:\/\/i0.wp.com\/noticiasribeiraopreto.com.br\/wp-content\/uploads\/2024\/10\/shutterstock_1855311790-scaled-1_2024-10-07_15-09-14_jpg_2024-10-07_15-09-15.webp.webp?fit=1200%2C719&ssl=1&resize=525%2C300 1.5x, https:\/\/i0.wp.com\/noticiasribeiraopreto.com.br\/wp-content\/uploads\/2024\/10\/shutterstock_1855311790-scaled-1_2024-10-07_15-09-14_jpg_2024-10-07_15-09-15.webp.webp?fit=1200%2C719&ssl=1&resize=700%2C400 2x, https:\/\/i0.wp.com\/noticiasribeiraopreto.com.br\/wp-content\/uploads\/2024\/10\/shutterstock_1855311790-scaled-1_2024-10-07_15-09-14_jpg_2024-10-07_15-09-15.webp.webp?fit=1200%2C719&ssl=1&resize=1050%2C600 3x"},"classes":[]},{"id":82951,"url":"https:\/\/noticiasribeiraopreto.com.br\/index.php\/2026\/03\/04\/pat-de-sertaozinho-realiza-processo-seletivo-com-20-vagas-de-emprego-saiba-como-participar\/","url_meta":{"origin":31966,"position":5},"title":"PAT de Sert\u00e3ozinho realiza processo seletivo com 20 vagas de emprego; Saiba como participar","author":"noticiasribeiraopreto.com.br","date":"4 de March de 2026","format":false,"excerpt":"A Prefeitura de Sert\u00e3ozinho, cidade na regi\u00e3o de Ribeir\u00e3o Preto, realiza nesta quarta-feira (4) entrevistas com trabalhadores que buscam uma oportunidade de emprego. A a\u00e7\u00e3o \u00e9 organizada pela Secretaria de Desenvolvimento Econ\u00f4mico e Inova\u00e7\u00e3o, por meio do Posto de Atendimento ao Trabalhador (PAT). De acordo com a administra\u00e7\u00e3o municipal, o\u2026","rel":"","context":"In &quot;Not\u00edcias de Ribeir\u00e3o Preto-SP e Regi\u00e3o&quot;","block_context":{"text":"Not\u00edcias de Ribeir\u00e3o Preto-SP e Regi\u00e3o","link":"https:\/\/noticiasribeiraopreto.com.br\/index.php\/category\/noticias-de-ribeirao-preto-sp-e-regiao-ismael-colosi\/"},"img":{"alt_text":"","src":"https:\/\/i0.wp.com\/noticiasribeiraopreto.com.br\/wp-content\/uploads\/2026\/03\/pec-fim-escala-6-x-1_2026-02-09_18-34-28.webp.webp?fit=1200%2C717&ssl=1&resize=350%2C200","width":350,"height":200,"srcset":"https:\/\/i0.wp.com\/noticiasribeiraopreto.com.br\/wp-content\/uploads\/2026\/03\/pec-fim-escala-6-x-1_2026-02-09_18-34-28.webp.webp?fit=1200%2C717&ssl=1&resize=350%2C200 1x, https:\/\/i0.wp.com\/noticiasribeiraopreto.com.br\/wp-content\/uploads\/2026\/03\/pec-fim-escala-6-x-1_2026-02-09_18-34-28.webp.webp?fit=1200%2C717&ssl=1&resize=525%2C300 1.5x, https:\/\/i0.wp.com\/noticiasribeiraopreto.com.br\/wp-content\/uploads\/2026\/03\/pec-fim-escala-6-x-1_2026-02-09_18-34-28.webp.webp?fit=1200%2C717&ssl=1&resize=700%2C400 2x, https:\/\/i0.wp.com\/noticiasribeiraopreto.com.br\/wp-content\/uploads\/2026\/03\/pec-fim-escala-6-x-1_2026-02-09_18-34-28.webp.webp?fit=1200%2C717&ssl=1&resize=1050%2C600 3x"},"classes":[]}],"jetpack_sharing_enabled":true,"jetpack_shortlink":"https:\/\/wp.me\/peQAOb-8jA","_links":{"self":[{"href":"https:\/\/noticiasribeiraopreto.com.br\/index.php\/wp-json\/wp\/v2\/posts\/31966","targetHints":{"allow":["GET"]}}],"collection":[{"href":"https:\/\/noticiasribeiraopreto.com.br\/index.php\/wp-json\/wp\/v2\/posts"}],"about":[{"href":"https:\/\/noticiasribeiraopreto.com.br\/index.php\/wp-json\/wp\/v2\/types\/post"}],"author":[{"embeddable":true,"href":"https:\/\/noticiasribeiraopreto.com.br\/index.php\/wp-json\/wp\/v2\/users\/1"}],"replies":[{"embeddable":true,"href":"https:\/\/noticiasribeiraopreto.com.br\/index.php\/wp-json\/wp\/v2\/comments?post=31966"}],"version-history":[{"count":0,"href":"https:\/\/noticiasribeiraopreto.com.br\/index.php\/wp-json\/wp\/v2\/posts\/31966\/revisions"}],"wp:featuredmedia":[{"embeddable":true,"href":"https:\/\/noticiasribeiraopreto.com.br\/index.php\/wp-json\/wp\/v2\/media\/31967"}],"wp:attachment":[{"href":"https:\/\/noticiasribeiraopreto.com.br\/index.php\/wp-json\/wp\/v2\/media?parent=31966"}],"wp:term":[{"taxonomy":"category","embeddable":true,"href":"https:\/\/noticiasribeiraopreto.com.br\/index.php\/wp-json\/wp\/v2\/categories?post=31966"},{"taxonomy":"post_tag","embeddable":true,"href":"https:\/\/noticiasribeiraopreto.com.br\/index.php\/wp-json\/wp\/v2\/tags?post=31966"}],"curies":[{"name":"wp","href":"https:\/\/api.w.org\/{rel}","templated":true}]}}