{"id":32037,"date":"2024-01-24T00:55:59","date_gmt":"2024-01-24T03:55:59","guid":{"rendered":"https:\/\/noticiasribeiraopreto.com.br\/index.php\/2024\/01\/24\/botafogo-vence-o-agua-santa-com-gol-de-penalti-no-campeonato-paulista-1\/"},"modified":"2024-01-24T00:55:59","modified_gmt":"2024-01-24T03:55:59","slug":"botafogo-vence-o-agua-santa-com-gol-de-penalti-no-campeonato-paulista-1","status":"publish","type":"post","link":"https:\/\/noticiasribeiraopreto.com.br\/index.php\/2024\/01\/24\/botafogo-vence-o-agua-santa-com-gol-de-penalti-no-campeonato-paulista-1\/","title":{"rendered":"Botafogo vence o \u00c1gua Santa com gol de p\u00eanalti no Campeonato Paulista"},"content":{"rendered":"<div class='code-block code-block-1' style='margin: 8px 0 8px auto; text-align: right; display: block; clear: both;'>\n<p><a href=\"https:\/\/wa.link\/vpicfd\"><img data-recalc-dims=\"1\" class=\"wp-image-4922\" style=\"aspect-ratio: 2.0253164556962027; width: 561px; height: auto;\" src=\"https:\/\/i0.wp.com\/ismaelcolosi.com.br\/wp-content\/uploads\/2023\/11\/grupo-de-empregos-whatsapp-e-facebook-ismael-colosi-vagas.jpg?ssl=1\" alt=\"\" \/><\/a><\/p>\n<!-- \/wp:image -->\n<\/div>\n<p> <br \/>\n<\/p>\n<div data-td-block-uid=\"tdi_104\">\n<div class=\"tdb-block-inner td-fix-index\">\n<p>O Botafogo venceu o \u00c1gua Santa por 1 a 0 na noite desta ter\u00e7a-feira (23), pela segunda rodada do Campeonato Paulista 2024, em jogo realizado no Distrital do Inamar, em Diadema.<\/p>\n<p>Por conta da chuva o gramado ficou molhado e dificultou a vida dos jogadores. Essa foi a primeira vit\u00f3ria do time ribeir\u00e3o-pretano no campeonato.<\/p>\n<p>O \u00fanico gol da partida foi marcado em cobran\u00e7a de p\u00eanalti, aos 39 minutos do segundo tempo. O meio campista Leandro Maciel foi quem fez para o tricolor.<\/p>\n<p>Com o resultado, o pantera soma tr\u00eas pontos na disputa \u2013 uma derrota e uma vit\u00f3ria.<\/p>\n<p>O Botafogo volta a campo neste s\u00e1bado (27), \u00e0s 17h15, contra o Bragantino, em Bragan\u00e7a Paulista.<\/p>\n<p>SAIBA MAIS<\/p>\n<p>Rugby de Ribeir\u00e3o anuncia seletiva para novos atletas e constru\u00e7\u00e3o de sede<\/p>\n<h4 class=\"wp-block-heading\"><strong><mark style=\"background-color:#fcb900\" class=\"has-inline-color\">FIQUE ON<\/mark><\/strong><\/h4>\n<p>Fique ligado em tudo que acontece em Ribeir\u00e3o Preto e regi\u00e3o. Siga os perfis do acidade on no\u00a0<a href=\"https:\/\/www.instagram.com\/acidadeonribeirao\" target=\"_blank\" rel=\"noreferrer noopener\">Instagram<\/a>\u00a0e no\u00a0<a href=\"https:\/\/www.facebook.com\/acidadeonribeirao\" target=\"_blank\" rel=\"noreferrer noopener\">Facebook<\/a>.<\/p>\n<p>Receba not\u00edcias do acidade on no WhatsApp. Para entrar no grupo, basta\u00a0<a href=\"https:\/\/chat.whatsapp.com\/Bnv2w66ZT4VDyZW3oiZ69n\" target=\"_blank\" rel=\"noreferrer noopener\">clicar aqui<\/a>.<\/p>\n<p>Fa\u00e7a uma den\u00fancia ou sugira uma reportagem sobre Ribeir\u00e3o Preto e regi\u00e3o pelo WhatsApp: 16 99117 7802.<\/p>\n<p>VEJA TAMB\u00c9M<\/p>\n<p><!-- AI CONTENT END 1 -->\n<\/div>\n<\/div>\n<p><script async src=\"\/\/www.instagram.com\/embed.js\"><\/script><br \/>\n<br \/><br \/>\n<br \/><a href=\"https:\/\/www.acidadeon.com\/ribeiraopreto\/esportes\/botafogo-vence-o-agua-santa-com-gol-de-penalti-no-campeonato-paulista-1\/\">Source link <\/a><\/p>\n<!-- CONTENT END 1 -->\n","protected":false},"excerpt":{"rendered":"<p>O Botafogo venceu o \u00c1gua Santa por 1 a 0 na noite desta ter\u00e7a-feira (23), pela segunda rodada do Campeonato Paulista 2024, em jogo realizado&#8230;<\/p>\n","protected":false},"author":1,"featured_media":32038,"comment_status":"open","ping_status":"open","sticky":false,"template":"","format":"standard","meta":{"advanced_seo_description":"","jetpack_seo_html_title":"","jetpack_seo_noindex":false,"jetpack_post_was_ever_published":false,"_jetpack_newsletter_access":"","_jetpack_dont_email_post_to_subs":false,"_jetpack_newsletter_tier_id":0,"_jetpack_memberships_contains_paywalled_content":false,"_jetpack_memberships_contains_paid_content":false,"footnotes":"","jetpack_publicize_message":"","jetpack_publicize_feature_enabled":true,"jetpack_social_post_already_shared":true,"jetpack_social_options":{"image_generator_settings":{"template":"highway","default_image_id":0,"font":"","enabled":false},"version":2}},"categories":[11],"tags":[32,52,483,2592,762,3835,764,1612],"class_list":["post-32037","post","type-post","status-publish","format-standard","has-post-thumbnail","hentry","category-noticias-de-ribeirao-preto-sp-e-regiao-ismael-colosi","tag-agua","tag-botafogo","tag-campeonato","tag-gol","tag-paulista","tag-penalti","tag-santa","tag-vence"],"jetpack_publicize_connections":[],"jetpack_featured_media_url":"https:\/\/i0.wp.com\/noticiasribeiraopreto.com.br\/wp-content\/uploads\/2024\/01\/WhatsApp-Image-2024-01-23-at-22.40.32.jpeg?fit=1600%2C1066&ssl=1","jetpack-related-posts":[{"id":73777,"url":"https:\/\/noticiasribeiraopreto.com.br\/index.php\/2025\/07\/09\/botafogo-vence-primeira-na-copa-paulista\/","url_meta":{"origin":32037,"position":0},"title":"Botafogo vence primeira na Copa Paulista","author":"noticiasribeiraopreto.com.br","date":"9 de July de 2025","format":false,"excerpt":"Pablo Thomaz marca de p\u00eanalti e tira Pantera da lanterna do Grupo 2 9 de julho de 2025 17:042 Compartilhar1 Por Hugo Luque Ap\u00f3s um in\u00edcio ruim de Copa Paulista, o Botafogo respondeu com uma vit\u00f3ria por 1 a 0 sobre a Itapirense nesta quarta-feira (9), no Est\u00e1dio Santa Cruz,\u2026","rel":"","context":"In &quot;Not\u00edcias de Ribeir\u00e3o Preto-SP e Regi\u00e3o&quot;","block_context":{"text":"Not\u00edcias de Ribeir\u00e3o Preto-SP e Regi\u00e3o","link":"https:\/\/noticiasribeiraopreto.com.br\/index.php\/category\/noticias-de-ribeirao-preto-sp-e-regiao-ismael-colosi\/"},"img":{"alt_text":"","src":"https:\/\/i0.wp.com\/noticiasribeiraopreto.com.br\/wp-content\/uploads\/2025\/07\/Botafogo-x-Itapirense-Raul-Ramos-scaled.jpg?fit=1200%2C800&ssl=1&resize=350%2C200","width":350,"height":200,"srcset":"https:\/\/i0.wp.com\/noticiasribeiraopreto.com.br\/wp-content\/uploads\/2025\/07\/Botafogo-x-Itapirense-Raul-Ramos-scaled.jpg?fit=1200%2C800&ssl=1&resize=350%2C200 1x, https:\/\/i0.wp.com\/noticiasribeiraopreto.com.br\/wp-content\/uploads\/2025\/07\/Botafogo-x-Itapirense-Raul-Ramos-scaled.jpg?fit=1200%2C800&ssl=1&resize=525%2C300 1.5x, https:\/\/i0.wp.com\/noticiasribeiraopreto.com.br\/wp-content\/uploads\/2025\/07\/Botafogo-x-Itapirense-Raul-Ramos-scaled.jpg?fit=1200%2C800&ssl=1&resize=700%2C400 2x, https:\/\/i0.wp.com\/noticiasribeiraopreto.com.br\/wp-content\/uploads\/2025\/07\/Botafogo-x-Itapirense-Raul-Ramos-scaled.jpg?fit=1200%2C800&ssl=1&resize=1050%2C600 3x"},"classes":[]},{"id":32031,"url":"https:\/\/noticiasribeiraopreto.com.br\/index.php\/2024\/01\/24\/botafogo-bate-o-agua-santa-e-conquista-primeira-vitoria-no-paulistao\/","url_meta":{"origin":32037,"position":1},"title":"Botafogo bate o \u00c1gua Santa e conquista primeira vit\u00f3ria no Paulist\u00e3o","author":"noticiasribeiraopreto.com.br","date":"24 de January de 2024","format":false,"excerpt":"Com gol de p\u00eanalti de Leandro Maciel, Pantera superou gramado pesado na cidade de Diadema 24 de janeiro de 2024 | 0:11 0O Botafogo bateu o \u00c1gua Santa com o placar de 1 a 0 e confirmou sua primeira vit\u00f3ria no Campeonato Paulista. A partida foi disputada na noite desta\u2026","rel":"","context":"In &quot;Not\u00edcias de Ribeir\u00e3o Preto-SP e Regi\u00e3o&quot;","block_context":{"text":"Not\u00edcias de Ribeir\u00e3o Preto-SP e Regi\u00e3o","link":"https:\/\/noticiasribeiraopreto.com.br\/index.php\/category\/noticias-de-ribeirao-preto-sp-e-regiao-ismael-colosi\/"},"img":{"alt_text":"","src":"https:\/\/i0.wp.com\/noticiasribeiraopreto.com.br\/wp-content\/uploads\/2024\/01\/Botafogo-2-2-scaled.jpeg?fit=968%2C645&ssl=1&resize=350%2C200","width":350,"height":200,"srcset":"https:\/\/i0.wp.com\/noticiasribeiraopreto.com.br\/wp-content\/uploads\/2024\/01\/Botafogo-2-2-scaled.jpeg?fit=968%2C645&ssl=1&resize=350%2C200 1x, https:\/\/i0.wp.com\/noticiasribeiraopreto.com.br\/wp-content\/uploads\/2024\/01\/Botafogo-2-2-scaled.jpeg?fit=968%2C645&ssl=1&resize=525%2C300 1.5x, https:\/\/i0.wp.com\/noticiasribeiraopreto.com.br\/wp-content\/uploads\/2024\/01\/Botafogo-2-2-scaled.jpeg?fit=968%2C645&ssl=1&resize=700%2C400 2x"},"classes":[]},{"id":32355,"url":"https:\/\/noticiasribeiraopreto.com.br\/index.php\/2024\/01\/24\/comercial-perde-para-o-linense-e-segue-como-lanterna-da-serie-a2-do-paulista\/","url_meta":{"origin":32037,"position":2},"title":"Comercial perde para o Linense e segue como lanterna da S\u00e9rie A2 do Paulista","author":"noticiasribeiraopreto.com.br","date":"24 de January de 2024","format":false,"excerpt":"O Comercial foi derrotado pelo Linense por 2 a 0, no est\u00e1dio municipal Gilberto Siqueira Lopes, em Lins. O confronto foi v\u00e1lido pela terceira rodada do Campeonato Paulista da S\u00e9rie A2. Os gols que garantiram a vit\u00f3ria para o time da casa foram marcados no segundo tempo, por Alexsandro e\u2026","rel":"","context":"In &quot;Not\u00edcias de Ribeir\u00e3o Preto-SP e Regi\u00e3o&quot;","block_context":{"text":"Not\u00edcias de Ribeir\u00e3o Preto-SP e Regi\u00e3o","link":"https:\/\/noticiasribeiraopreto.com.br\/index.php\/category\/noticias-de-ribeirao-preto-sp-e-regiao-ismael-colosi\/"},"img":{"alt_text":"","src":"https:\/\/i0.wp.com\/noticiasribeiraopreto.com.br\/wp-content\/uploads\/2024\/01\/Copia-de-Copia-de-TAMANHO-EXATO-PARA-FOTOS-NO-SISTEMA-NOVO-3-1.jpg?fit=1200%2C675&ssl=1&resize=350%2C200","width":350,"height":200,"srcset":"https:\/\/i0.wp.com\/noticiasribeiraopreto.com.br\/wp-content\/uploads\/2024\/01\/Copia-de-Copia-de-TAMANHO-EXATO-PARA-FOTOS-NO-SISTEMA-NOVO-3-1.jpg?fit=1200%2C675&ssl=1&resize=350%2C200 1x, https:\/\/i0.wp.com\/noticiasribeiraopreto.com.br\/wp-content\/uploads\/2024\/01\/Copia-de-Copia-de-TAMANHO-EXATO-PARA-FOTOS-NO-SISTEMA-NOVO-3-1.jpg?fit=1200%2C675&ssl=1&resize=525%2C300 1.5x, https:\/\/i0.wp.com\/noticiasribeiraopreto.com.br\/wp-content\/uploads\/2024\/01\/Copia-de-Copia-de-TAMANHO-EXATO-PARA-FOTOS-NO-SISTEMA-NOVO-3-1.jpg?fit=1200%2C675&ssl=1&resize=700%2C400 2x, https:\/\/i0.wp.com\/noticiasribeiraopreto.com.br\/wp-content\/uploads\/2024\/01\/Copia-de-Copia-de-TAMANHO-EXATO-PARA-FOTOS-NO-SISTEMA-NOVO-3-1.jpg?fit=1200%2C675&ssl=1&resize=1050%2C600 3x"},"classes":[]},{"id":53101,"url":"https:\/\/noticiasribeiraopreto.com.br\/index.php\/2024\/06\/16\/botafogo-vence-o-vila-nova-em-ribeirao-preto-pela-serie-b-do-campeonato-brasileiro\/","url_meta":{"origin":32037,"position":3},"title":"Botafogo vence o Vila Nova em Ribeir\u00e3o Preto pela S\u00e9rie B do Campeonato Brasileiro","author":"noticiasribeiraopreto.com.br","date":"16 de June de 2024","format":false,"excerpt":"O Botafogo venceu por 1 a 0 o Vila Nova (GO), em partida pela d\u00e9cima rodada da S\u00e9rie B do Campeonato Brasileiro realizada na manh\u00e3 deste domingo (16). O jogo aconteceu no est\u00e1dio Santa Cruz \/Arena Nicnet, em Ribeir\u00e3o Preto. A abertura do placar aconteceu j\u00e1 nos acr\u00e9scimos do primeiro\u2026","rel":"","context":"In &quot;Not\u00edcias de Ribeir\u00e3o Preto-SP e Regi\u00e3o&quot;","block_context":{"text":"Not\u00edcias de Ribeir\u00e3o Preto-SP e Regi\u00e3o","link":"https:\/\/noticiasribeiraopreto.com.br\/index.php\/category\/noticias-de-ribeirao-preto-sp-e-regiao-ismael-colosi\/"},"img":{"alt_text":"","src":"https:\/\/i0.wp.com\/noticiasribeiraopreto.com.br\/wp-content\/uploads\/2024\/06\/Copia-de-Copia-de-TAMANHO-EXATO-PARA-FOTOS-NO-SISTEMA-NOVO-5_2024-06-16_16-37-54_jpg_2024-06-16_16-37-54.webp.webp?fit=1200%2C675&ssl=1&resize=350%2C200","width":350,"height":200,"srcset":"https:\/\/i0.wp.com\/noticiasribeiraopreto.com.br\/wp-content\/uploads\/2024\/06\/Copia-de-Copia-de-TAMANHO-EXATO-PARA-FOTOS-NO-SISTEMA-NOVO-5_2024-06-16_16-37-54_jpg_2024-06-16_16-37-54.webp.webp?fit=1200%2C675&ssl=1&resize=350%2C200 1x, https:\/\/i0.wp.com\/noticiasribeiraopreto.com.br\/wp-content\/uploads\/2024\/06\/Copia-de-Copia-de-TAMANHO-EXATO-PARA-FOTOS-NO-SISTEMA-NOVO-5_2024-06-16_16-37-54_jpg_2024-06-16_16-37-54.webp.webp?fit=1200%2C675&ssl=1&resize=525%2C300 1.5x, https:\/\/i0.wp.com\/noticiasribeiraopreto.com.br\/wp-content\/uploads\/2024\/06\/Copia-de-Copia-de-TAMANHO-EXATO-PARA-FOTOS-NO-SISTEMA-NOVO-5_2024-06-16_16-37-54_jpg_2024-06-16_16-37-54.webp.webp?fit=1200%2C675&ssl=1&resize=700%2C400 2x, https:\/\/i0.wp.com\/noticiasribeiraopreto.com.br\/wp-content\/uploads\/2024\/06\/Copia-de-Copia-de-TAMANHO-EXATO-PARA-FOTOS-NO-SISTEMA-NOVO-5_2024-06-16_16-37-54_jpg_2024-06-16_16-37-54.webp.webp?fit=1200%2C675&ssl=1&resize=1050%2C600 3x"},"classes":[]},{"id":63386,"url":"https:\/\/noticiasribeiraopreto.com.br\/index.php\/2025\/02\/11\/com-gol-de-leandro-maciel-botafogo-vence-o-red-bull-bragantino-em-ribeirao-preto\/","url_meta":{"origin":32037,"position":4},"title":"Com gol de Leandro Maciel, Botafogo vence o Red Bull Bragantino em Ribeir\u00e3o Preto","author":"noticiasribeiraopreto.com.br","date":"11 de February de 2025","format":false,"excerpt":"Nesta ter\u00e7a-feira (11), o Botafogo venceu o Red Bull Bragantino por 1\u00d70, em Ribeir\u00e3o Preto, em jogo v\u00e1lido pela 9\u00aa rodada do Campeonato Paulista. O \u00fanico gol da partida foi marcado pelo argentino Leandro Maciel, aos 38 minutos do primeiro tempo. Dois minutos antes de balan\u00e7ar as redes do est\u00e1dio\u2026","rel":"","context":"In &quot;Not\u00edcias de Ribeir\u00e3o Preto-SP e Regi\u00e3o&quot;","block_context":{"text":"Not\u00edcias de Ribeir\u00e3o Preto-SP e Regi\u00e3o","link":"https:\/\/noticiasribeiraopreto.com.br\/index.php\/category\/noticias-de-ribeirao-preto-sp-e-regiao-ismael-colosi\/"},"img":{"alt_text":"","src":"https:\/\/i0.wp.com\/noticiasribeiraopreto.com.br\/wp-content\/uploads\/2025\/02\/abfd775c-1e64-4546-8e59-d68c38bb62da_2025-02-12_00-57-13_jpeg_2025-02-12_00-57-13.webp.webp?fit=1200%2C800&ssl=1&resize=350%2C200","width":350,"height":200,"srcset":"https:\/\/i0.wp.com\/noticiasribeiraopreto.com.br\/wp-content\/uploads\/2025\/02\/abfd775c-1e64-4546-8e59-d68c38bb62da_2025-02-12_00-57-13_jpeg_2025-02-12_00-57-13.webp.webp?fit=1200%2C800&ssl=1&resize=350%2C200 1x, https:\/\/i0.wp.com\/noticiasribeiraopreto.com.br\/wp-content\/uploads\/2025\/02\/abfd775c-1e64-4546-8e59-d68c38bb62da_2025-02-12_00-57-13_jpeg_2025-02-12_00-57-13.webp.webp?fit=1200%2C800&ssl=1&resize=525%2C300 1.5x, https:\/\/i0.wp.com\/noticiasribeiraopreto.com.br\/wp-content\/uploads\/2025\/02\/abfd775c-1e64-4546-8e59-d68c38bb62da_2025-02-12_00-57-13_jpeg_2025-02-12_00-57-13.webp.webp?fit=1200%2C800&ssl=1&resize=700%2C400 2x, https:\/\/i0.wp.com\/noticiasribeiraopreto.com.br\/wp-content\/uploads\/2025\/02\/abfd775c-1e64-4546-8e59-d68c38bb62da_2025-02-12_00-57-13_jpeg_2025-02-12_00-57-13.webp.webp?fit=1200%2C800&ssl=1&resize=1050%2C600 3x"},"classes":[]},{"id":33105,"url":"https:\/\/noticiasribeiraopreto.com.br\/index.php\/2024\/01\/27\/botafogo-empata-com-o-red-bull-bragantino-fora-de-casa\/","url_meta":{"origin":32037,"position":5},"title":"Botafogo empata com o Red Bull Bragantino fora de casa","author":"noticiasribeiraopreto.com.br","date":"27 de January de 2024","format":false,"excerpt":"O Botafogo empatou com o Red Bull Bragantino em 1 a 1 na terceira rodada do Campeonato Paulista da S\u00e9rie A1. O jogo aconteceu neste s\u00e1bado (27), no est\u00e1dio Nabi Abi Chedid, em Bragan\u00e7a Paulista. Aos 24 minutos do primeiro tempo, o Bragantino teve um gol anulado e, na sequ\u00eancia,\u2026","rel":"","context":"In &quot;Not\u00edcias de Ribeir\u00e3o Preto-SP e Regi\u00e3o&quot;","block_context":{"text":"Not\u00edcias de Ribeir\u00e3o Preto-SP e Regi\u00e3o","link":"https:\/\/noticiasribeiraopreto.com.br\/index.php\/category\/noticias-de-ribeirao-preto-sp-e-regiao-ismael-colosi\/"},"img":{"alt_text":"","src":"https:\/\/i0.wp.com\/noticiasribeiraopreto.com.br\/wp-content\/uploads\/2024\/01\/acidadeon_logos_Prancheta-1-copia-12_edited.jpg?fit=1199%2C1200&ssl=1&resize=350%2C200","width":350,"height":200,"srcset":"https:\/\/i0.wp.com\/noticiasribeiraopreto.com.br\/wp-content\/uploads\/2024\/01\/acidadeon_logos_Prancheta-1-copia-12_edited.jpg?fit=1199%2C1200&ssl=1&resize=350%2C200 1x, https:\/\/i0.wp.com\/noticiasribeiraopreto.com.br\/wp-content\/uploads\/2024\/01\/acidadeon_logos_Prancheta-1-copia-12_edited.jpg?fit=1199%2C1200&ssl=1&resize=525%2C300 1.5x, https:\/\/i0.wp.com\/noticiasribeiraopreto.com.br\/wp-content\/uploads\/2024\/01\/acidadeon_logos_Prancheta-1-copia-12_edited.jpg?fit=1199%2C1200&ssl=1&resize=700%2C400 2x, https:\/\/i0.wp.com\/noticiasribeiraopreto.com.br\/wp-content\/uploads\/2024\/01\/acidadeon_logos_Prancheta-1-copia-12_edited.jpg?fit=1199%2C1200&ssl=1&resize=1050%2C600 3x"},"classes":[]}],"jetpack_sharing_enabled":true,"jetpack_shortlink":"https:\/\/wp.me\/peQAOb-8kJ","_links":{"self":[{"href":"https:\/\/noticiasribeiraopreto.com.br\/index.php\/wp-json\/wp\/v2\/posts\/32037","targetHints":{"allow":["GET"]}}],"collection":[{"href":"https:\/\/noticiasribeiraopreto.com.br\/index.php\/wp-json\/wp\/v2\/posts"}],"about":[{"href":"https:\/\/noticiasribeiraopreto.com.br\/index.php\/wp-json\/wp\/v2\/types\/post"}],"author":[{"embeddable":true,"href":"https:\/\/noticiasribeiraopreto.com.br\/index.php\/wp-json\/wp\/v2\/users\/1"}],"replies":[{"embeddable":true,"href":"https:\/\/noticiasribeiraopreto.com.br\/index.php\/wp-json\/wp\/v2\/comments?post=32037"}],"version-history":[{"count":0,"href":"https:\/\/noticiasribeiraopreto.com.br\/index.php\/wp-json\/wp\/v2\/posts\/32037\/revisions"}],"wp:featuredmedia":[{"embeddable":true,"href":"https:\/\/noticiasribeiraopreto.com.br\/index.php\/wp-json\/wp\/v2\/media\/32038"}],"wp:attachment":[{"href":"https:\/\/noticiasribeiraopreto.com.br\/index.php\/wp-json\/wp\/v2\/media?parent=32037"}],"wp:term":[{"taxonomy":"category","embeddable":true,"href":"https:\/\/noticiasribeiraopreto.com.br\/index.php\/wp-json\/wp\/v2\/categories?post=32037"},{"taxonomy":"post_tag","embeddable":true,"href":"https:\/\/noticiasribeiraopreto.com.br\/index.php\/wp-json\/wp\/v2\/tags?post=32037"}],"curies":[{"name":"wp","href":"https:\/\/api.w.org\/{rel}","templated":true}]}}