{"id":32113,"date":"2024-01-24T06:39:41","date_gmt":"2024-01-24T09:39:41","guid":{"rendered":"https:\/\/noticiasribeiraopreto.com.br\/index.php\/2024\/01\/24\/como-a-slc-agricola-slce3-pretende-combater-os-efeitos-das-mudancas-climaticas-nas-lavouras-e-ainda-pagar-dividendos-aos-acionistas\/"},"modified":"2024-01-24T06:39:41","modified_gmt":"2024-01-24T09:39:41","slug":"como-a-slc-agricola-slce3-pretende-combater-os-efeitos-das-mudancas-climaticas-nas-lavouras-e-ainda-pagar-dividendos-aos-acionistas","status":"publish","type":"post","link":"https:\/\/noticiasribeiraopreto.com.br\/index.php\/2024\/01\/24\/como-a-slc-agricola-slce3-pretende-combater-os-efeitos-das-mudancas-climaticas-nas-lavouras-e-ainda-pagar-dividendos-aos-acionistas\/","title":{"rendered":"Como a SLC Agr\u00edcola (SLCE3) pretende combater os efeitos das mudan\u00e7as clim\u00e1ticas nas lavouras \u2014 e ainda pagar dividendos aos acionistas"},"content":{"rendered":"<div class='code-block code-block-1' style='margin: 8px 0 8px auto; text-align: right; display: block; clear: both;'>\n<p><a href=\"https:\/\/wa.link\/vpicfd\"><img data-recalc-dims=\"1\" class=\"wp-image-4922\" style=\"aspect-ratio: 2.0253164556962027; width: 561px; height: auto;\" src=\"https:\/\/i0.wp.com\/ismaelcolosi.com.br\/wp-content\/uploads\/2023\/11\/grupo-de-empregos-whatsapp-e-facebook-ismael-colosi-vagas.jpg?ssl=1\" alt=\"\" \/><\/a><\/p>\n<!-- \/wp:image -->\n<\/div>\n<p> <br \/>\n<\/p>\n<div id=\"js-first-letter\">\n<p>Os \u00faltimos meses foram de calor intenso nas grandes cidades brasileiras, mas o clima n\u00e3o esquentou apenas nos centros urbanos. No m\u00eas passado, a <strong>SLC Agr\u00edcola (SLCE3) <\/strong>chamou a aten\u00e7\u00e3o do mercado ao anunciar a <a href=\"https:\/\/www.seudinheiro.com\/2023\/bolsa-dolar\/o-que-a-queda-das-acoes-da-slc-agricola-slce3-na-b3-hoje-tem-a-ver-com-a-onda-de-calor-provocada-pelo-el-nino-lils\/\" target=\"_blank\" rel=\"noreferrer noopener\">redu\u00e7\u00e3o das proje\u00e7\u00f5es (<em>guidance<\/em>) para a safra de 2023\/2024<\/a>.<\/p>\n<p>CEO da principal produtora agr\u00edcola com a\u00e7\u00f5es negociadas na B3, <strong>Aur\u00e9lio Pavinato<\/strong> n\u00e3o se ilude: a temperatura n\u00e3o deve dar tr\u00e9gua aos neg\u00f3cios da SLC nos pr\u00f3ximos anos.<\/p>\n<p>Em entrevista exclusiva ao <strong>Seu Dinheiro<\/strong>, o CEO da produtora agr\u00edcola, <strong>Aur\u00e9lio Pavinato<\/strong>, afirma que n\u00e3o ser\u00e1 poss\u00edvel escapar dos eventos clim\u00e1ticos nos pr\u00f3ximos anos. E o \u201cculpado\u201d disso \u00e9 um fen\u00f4meno j\u00e1 conhecido: o aquecimento global.<\/p>\n<p>\u201cS\u00e3o eventos clim\u00e1ticos que n\u00f3s convivemos de longa data, mas que est\u00e3o sendo mais intensos e provocando oscila\u00e7\u00f5es de produ\u00e7\u00f5es tamb\u00e9m mais fortes\u201d, disse Pavinato, em entrevista ao Seu Dinheiro.<\/p>\n<p>Como consequ\u00eancia do aumento das temperaturas provocado pelo El Ni\u00f1o, a SLC deixou de semear soja em 16 mil hectares em Mato Grosso, com uma redu\u00e7\u00e3o de 7,3% no potencial produtivo da soja em rela\u00e7\u00e3o \u00e0 estimativa inicial.<\/p>\n<p>Menos planta\u00e7\u00e3o significa menos colheita \u2014 e receita \u2014 l\u00e1 na frente, ainda que uma quebra de safra seja em parte amenizada por um aumento de pre\u00e7os.<\/p>\n<p>Mas se as mudan\u00e7as clim\u00e1ticas s\u00e3o um fen\u00f4meno sem volta, a SLC tamb\u00e9m n\u00e3o espera ficar \u00e0 merc\u00ea de eventos como o El Ni\u00f1o, segundo Pavinato<\/p>\n<h2 class=\"wp-block-heading\" id=\"h-a-estrategia-da-slc-slce3\">A estrat\u00e9gia da SLC (SLCE3)<\/h2>\n<p>Para combater os impactos dos eventos clim\u00e1ticos no neg\u00f3cio, a SLC Agr\u00edcola adota uma estrat\u00e9gia bem conhecida dos investidores: a diversifica\u00e7\u00e3o.<\/p>\n<p>\u201cO plano est\u00e1 se fortalecendo, no sentido de diversificar cada vez mais produtos e, \u00e0 medida do poss\u00edvel, diversificar regi\u00f5es\u201d, me disse Pavinato, que esteve na reda\u00e7\u00e3o do Seu Dinheiro durante uma passagem em S\u00e3o Paulo.<\/p>\n<p>O CEO afirma que a empresa avalia oportunidades para novas aquisi\u00e7\u00f5es nas \u00e1reas em que j\u00e1 est\u00e1 localizada, mas destaca a possibilidade de expans\u00e3o para outras regi\u00f5es.<\/p>\n<p>\u201cA gente tem uma estrat\u00e9gia de m\u00e9dio e longo prazo de continuar o crescimento, mas as regi\u00f5es em que estamos localizados s\u00e3o as melhores regi\u00f5es do pa\u00eds. Ent\u00e3o o crescimento nessas \u00e1reas faz parte da nossa estrat\u00e9gia, mas novas regi\u00f5es para o portf\u00f3lio n\u00e3o est\u00e3o fora do escopo agora.\u201d<\/p>\n<p>Vale lembrar que a SLC hoje tem presen\u00e7a em sete estados brasileiros, na regi\u00e3o do Cerrado, e matriz em Porto Alegre, no Rio Grande do Sul.\u00a0<\/p>\n<h2 class=\"wp-block-heading\" id=\"h-o-efeito-el-nino-ja-passou-para-a-slc-agricola-slce3\">O \u201cefeito El Ni\u00f1o\u201d j\u00e1 passou para a SLC Agr\u00edcola (SLCE3)?<\/h2>\n<p>Trabalhar com diferentes culturas e no manejo do solo \u00e9 fundamental para minimizar os efeitos de eventos clim\u00e1ticos como o El Ni\u00f1o, segundo Pavinato. Atualmente, a SLC Agr\u00edcola (SLCE3) trabalha na produ\u00e7\u00e3o de algod\u00e3o, milho e soja, com o cultivo de segunda safra.<\/p>\n<p>\u201cN\u00f3s temos que conviver com esses eventos clim\u00e1ticos e conviver com os extremos. A forma de administrar isso \u00e9 trabalhar sempre com alguma margem de seguran\u00e7a.\u201d<\/p>\n<p>Isso porque a diversifica\u00e7\u00e3o de plantio ajuda a compensar perdas de produ\u00e7\u00e3o na companhia \u2014 como aconteceu na safra de 2023\/2024 devido \u00e0 redu\u00e7\u00e3o de produtividade no Mato Grosso \u2014, uma vez que as diferen\u00e7as de desempenho entre as safras se balanceiam.<\/p>\n<p>O CEO da SLC Agr\u00edcola espera que a recupera\u00e7\u00e3o dos pre\u00e7os das commodities agr\u00edcolas compense a perda de produ\u00e7\u00e3o da \u00faltima safra.<\/p>\n<p>Na vis\u00e3o de Pavinato, por\u00e9m, a pior fase dos eventos clim\u00e1ticos de 2023 e 2024 j\u00e1 passou. Afinal, ainda que o El Ni\u00f1o se mantenha at\u00e9 abril, a expectativa \u00e9 que os efeitos sobre o clima sejam menores \u00e0 medida que o evento caminhe para o fim.\u00a0<\/p>\n<p>Mas o al\u00edvio n\u00e3o deve durar muito, j\u00e1 em agosto est\u00e1 previsto o in\u00edcio do La Ni\u00f1a. De todo modo, o CEO v\u00ea efeitos limitados sobre a produ\u00e7\u00e3o.<\/p>\n<p>\u201cAnos de La Ni\u00f1a s\u00e3o anos de produ\u00e7\u00e3o normais para a opera\u00e7\u00e3o da SLC, mas de quebra de safra na Argentina e no Sul do Brasil, o que leva a pre\u00e7os melhores. Ent\u00e3o a perspectiva para a safra 2024-2025 \u00e9 positiva.\u201d<\/p>\n<p>Para al\u00e9m da diversifica\u00e7\u00e3o da safra, Pavinato ressalta a import\u00e2ncia do manejo do solo. \u201cUm solo mais profundo com maior cobertura para proteger a umidade tamb\u00e9m ajuda a mitigar os efeitos das mudan\u00e7as de clima.\u201d<\/p>\n<p>Na vis\u00e3o do executivo, a segunda safra deve ser positiva para a SLC Agr\u00edcola, uma vez que a empresa antecipou as planta\u00e7\u00f5es por conta da seca e do calor. \u201cIsso acabou por antecipar o ciclo da soja e j\u00e1 plantamos o algod\u00e3o e milho antes do esperado.\u201d\u00a0<\/p>\n<p>Desse modo, se o ciclo das chuvas nos pr\u00f3ximos meses vier dentro da previs\u00e3o, a recupera\u00e7\u00e3o da produ\u00e7\u00e3o ap\u00f3s o efeito do El Ni\u00f1o pode acontecer acima do projetado inicialmente, segundo o CEO.<\/p>\n<figure class=\"wp-block-embed is-type-video is-provider-youtube wp-block-embed-youtube wp-embed-aspect-16-9 wp-has-aspect-ratio\">\n<p>\n<iframe loading=\"lazy\" title=\"ONDE INVESTIR EM 2024: A\u00c7\u00d5ES, RENDA FIXA, DIVIDENDOS, FIIS, BDRs E CRIPTOMOEDAS - INDICA\u00c7\u00d5ES GR\u00c1TIS\" width=\"500\" height=\"281\" src=\"https:\/\/www.youtube.com\/embed\/12mhWLu7bl4?feature=oembed\" frameborder=\"0\" allow=\"accelerometer; autoplay; clipboard-write; encrypted-media; gyroscope; picture-in-picture; web-share\" referrerpolicy=\"strict-origin-when-cross-origin\" allowfullscreen><\/iframe>\n<\/p>\n<\/figure>\n<h2 class=\"wp-block-heading\" id=\"h-slc-agricola-slce3-crescimento-e-dividendos\">SLC Agr\u00edcola (SLCE3): crescimento e dividendos<\/h2>\n<p>A crise clim\u00e1tica n\u00e3o tirou o foco da SLC dos planos de crescimento. Pelo contr\u00e1rio, a expectativa \u00e9 a de que os novos neg\u00f3cios ajudem a companhia a diversificar as fontes de receita.<\/p>\n<p>Pavinato citou como exemplo desses esfor\u00e7os a SLC Sementes. \u201cApesar de trabalhar com as mesmas culturas [soja e algod\u00e3o], esse \u00e9 um neg\u00f3cio de com\u00e9rcio que n\u00e3o depende do clima ou da safra. Ou seja, ele roda em paralelo e gera uma resili\u00eancia maior para a empresa.\u201d<\/p>\n<p>A SLC ainda atua com a cria\u00e7\u00e3o de gado, que \u00e9 considerada uma \u201cterceira safra\u201d pelo executivo. O sistema de Integra\u00e7\u00e3o Lavoura-Pecu\u00e1ria usado pela companhia unifica as pr\u00e1ticas de culturas anuais e pecu\u00e1ria em um mesmo espa\u00e7o, garantindo ganhos de efici\u00eancia e a convers\u00e3o de pastagens para agricultura.<\/p>\n<p>O plano de crescimento da SLC deve ser financiado pela gera\u00e7\u00e3o de caixa pr\u00f3pria da companhia. Ou seja, Pavinato n\u00e3o prev\u00ea ofertas de a\u00e7\u00f5es e capta\u00e7\u00f5es com novos investidores no curto prazo.<\/p>\n<p>A perspectiva da SLC para os pr\u00f3ximos anos inclusive \u00e9 manter o ritmo de crescimento, mas sem deixar para tr\u00e1s a fama de boa pagadora de dividendos.\u00a0<\/p>\n<p>Pavinato espera que a companhia seja capaz de manter a estrat\u00e9gia atual de <em>payout<\/em>, de distribui\u00e7\u00e3o de 50% do lucro l\u00edquido para os investidores na forma de proventos.<\/p>\n<p>O CEO cita de cabe\u00e7a o <em>dividend yield <\/em>[rendimento com dividendos] da SLC, que ficou em 4,8% ao ano em m\u00e9dia nos \u00faltimos cinco anos.<\/p>\n<p>J\u00e1 em rela\u00e7\u00e3o ao retorno para o acionista, o retorno sobre o capital investido (ROIC) nos cinco \u00faltimos anos atingiu a marca de 22%, considerando o rendimento da opera\u00e7\u00e3o e a aprecia\u00e7\u00e3o das terras.<\/p>\n<p>Na vis\u00e3o do executivo, do lado financeiro, ainda \u00e9 necess\u00e1rio trabalhar com um n\u00edvel de seguran\u00e7a maior em rela\u00e7\u00e3o ao fluxo de caixa de endividamento para evitar sofrer quando acontecerem eventos extremos.\u00a0<\/p>\n<h2 class=\"wp-block-heading\" id=\"h-o-que-esperar-das-acoes-slce3\">O que esperar das a\u00e7\u00f5es SLCE3?<\/h2>\n<p>Desde a abertura de capital, em 2007, as a\u00e7\u00f5es da SLC Agr\u00edcola (SLCE3) acumulam uma valoriza\u00e7\u00e3o da ordem de 968%.<\/p>\n<p>\u00c9 verdade que o desempenho recente n\u00e3o foi dos mais animadores, com uma queda de 8% nos \u00faltimos 12 meses.\u00a0<\/p>\n<p>Mas a vis\u00e3o geral entre os analistas que cobrem a empresa \u00e9 positiva. De oito recomenda\u00e7\u00f5es para os pap\u00e9is, cinco s\u00e3o de compra, duas de manuten\u00e7\u00e3o e uma de venda, de acordo com dados da plataforma Trademap.<\/p>\n<p>Os analistas do BTG Pactual est\u00e3o entre os que indicam a compra das a\u00e7\u00f5es da produtora agr\u00edcola, com um pre\u00e7o-alvo de R$ 29,50 por papel \u2014 implicando em um potencial de alta de 55,9% em rela\u00e7\u00e3o ao \u00faltimo fechamento.<\/p>\n<p>J\u00e1 o Ita\u00fa BBA fixou um pre\u00e7o-alvo de R$ 23 por a\u00e7\u00e3o da SLC Agr\u00edcola, equivalente a uma valoriza\u00e7\u00e3o potencial de 21% para os pr\u00f3ximos 12 meses.<\/p>\n<p>Al\u00e9m das institui\u00e7\u00f5es financeiras, um grupo de bilion\u00e1rios est\u00e1 t\u00e3o confiante com o futuro da companhia que decidiu abocanhar parte do neg\u00f3cio.<\/p>\n<p>Uma das fam\u00edlias mais tradicionais do agroneg\u00f3cio no Brasil, a fam\u00edlia Scheffer anunciou recentemente a compra de uma participa\u00e7\u00e3o de 5,37% da companhia, equivalente a aproximadamente R$ 440 milh\u00f5es.<\/p>\n<p>Em entrevista ao <em>Brazil Journal<\/em>, um dos s\u00f3cios da SLC, Guilherme Scheffer, acredita que a empresa deveria valer de 2 a 2,5 vezes mais. O valor de mercado da companhia hoje \u00e9 da ordem de R$ 8,25 bilh\u00f5es na B3.<\/p>\n<\/div>\n<p><br \/>\n<br \/><a href=\"https:\/\/www.seudinheiro.com\/2024\/empresas\/como-a-slc-agricola-slce3-pretende-combater-os-efeitos-das-mudancas-climaticas-nas-lavouras-e-ainda-pagar-dividendos-aos-acionistas-miql\/\">Source link <\/a><\/p>\n<!-- CONTENT END 1 -->\n","protected":false},"excerpt":{"rendered":"<p>Os \u00faltimos meses foram de calor intenso nas grandes cidades brasileiras, mas o clima n\u00e3o esquentou apenas nos centros urbanos. No m\u00eas passado, a SLC&#8230;<\/p>\n","protected":false},"author":1,"featured_media":32114,"comment_status":"open","ping_status":"open","sticky":false,"template":"","format":"standard","meta":{"advanced_seo_description":"","jetpack_seo_html_title":"","jetpack_seo_noindex":false,"jetpack_post_was_ever_published":false,"_jetpack_newsletter_access":"","_jetpack_dont_email_post_to_subs":false,"_jetpack_newsletter_tier_id":0,"_jetpack_memberships_contains_paywalled_content":false,"_jetpack_memberships_contains_paid_content":false,"footnotes":"","jetpack_publicize_message":"","jetpack_publicize_feature_enabled":true,"jetpack_social_post_already_shared":true,"jetpack_social_options":{"image_generator_settings":{"template":"highway","default_image_id":0,"font":"","enabled":false},"version":2}},"categories":[1235],"tags":[],"class_list":["post-32113","post","type-post","status-publish","format-standard","has-post-thumbnail","hentry","category-dinheiro-e-investimento-como-fazer-como-ganhar"],"jetpack_publicize_connections":[],"jetpack_featured_media_url":"https:\/\/i0.wp.com\/noticiasribeiraopreto.com.br\/wp-content\/uploads\/2024\/01\/CEO-da-SLC-Agricola-SLCE3-Aurelio-Pavinato-_-Credito_-Ricardo-Jaeger-715x402.jpg?fit=715%2C402&ssl=1","jetpack-related-posts":[{"id":32586,"url":"https:\/\/noticiasribeiraopreto.com.br\/index.php\/2024\/01\/25\/a-temperatura-subiu-para-a-slc-agricola-vale-a-pena-colher-os-frutos-das-acoes-slce3-agora\/","url_meta":{"origin":32113,"position":0},"title":"A temperatura subiu para a SLC Agr\u00edcola \u2014 vale a pena colher os frutos das a\u00e7\u00f5es SLCE3 agora?","author":"noticiasribeiraopreto.com.br","date":"25 de January de 2024","format":false,"excerpt":"O CEO da SLC Agr\u00edcola, Aur\u00e9lio Pavinato, disse esta semana em entrevista exclusiva ao Seu Dinheiro que a temperatura n\u00e3o deve dar tr\u00e9gua nos pr\u00f3ximos anos aos neg\u00f3cios da empresa. Mas isso n\u00e3o quer dizer que o investidor deve arrancar as a\u00e7\u00f5es SLCE3 da carteira. Segundo o Santander e o\u2026","rel":"","context":"In &quot;Dinheiro e Investimento&quot;","block_context":{"text":"Dinheiro e Investimento","link":"https:\/\/noticiasribeiraopreto.com.br\/index.php\/category\/dinheiro-e-investimento-como-fazer-como-ganhar\/"},"img":{"alt_text":"","src":"https:\/\/i0.wp.com\/noticiasribeiraopreto.com.br\/wp-content\/uploads\/2024\/01\/slc-slce3-soja-logo-628x353.jpg?fit=628%2C353&ssl=1&resize=350%2C200","width":350,"height":200,"srcset":"https:\/\/i0.wp.com\/noticiasribeiraopreto.com.br\/wp-content\/uploads\/2024\/01\/slc-slce3-soja-logo-628x353.jpg?fit=628%2C353&ssl=1&resize=350%2C200 1x, https:\/\/i0.wp.com\/noticiasribeiraopreto.com.br\/wp-content\/uploads\/2024\/01\/slc-slce3-soja-logo-628x353.jpg?fit=628%2C353&ssl=1&resize=525%2C300 1.5x"},"classes":[]},{"id":11132,"url":"https:\/\/noticiasribeiraopreto.com.br\/index.php\/2023\/12\/05\/culpa-do-el-nino-acoes-da-slc-agricola-slce3-caem-na-b3\/","url_meta":{"origin":32113,"position":1},"title":"Culpa do El Ni\u00f1o? A\u00e7\u00f5es da SLC Agr\u00edcola (SLCE3) caem na B3","author":"noticiasribeiraopreto.com.br","date":"5 de December de 2023","format":false,"excerpt":"O calor\u00e3o de novembro e do in\u00edcio deste m\u00eas provocado pelo efeito El Ni\u00f1o n\u00e3o mudou apenas os h\u00e1bitos das pessoas que precisam enfrentar as altas temperaturas. O fen\u00f4meno clim\u00e1tico tamb\u00e9m levou a SLC Agr\u00edcola (SLCE3) a revisar para baixo suas estimativas. As chuvas abaixo da m\u00e9dia hist\u00f3rica no Cerrado\u2026","rel":"","context":"In &quot;Dinheiro e Investimento&quot;","block_context":{"text":"Dinheiro e Investimento","link":"https:\/\/noticiasribeiraopreto.com.br\/index.php\/category\/dinheiro-e-investimento-como-fazer-como-ganhar\/"},"img":{"alt_text":"","src":"https:\/\/i0.wp.com\/noticiasribeiraopreto.com.br\/wp-content\/uploads\/2023\/12\/SLC-Agricola-Divulgacao-1-628x353.png?fit=628%2C353&ssl=1&resize=350%2C200","width":350,"height":200,"srcset":"https:\/\/i0.wp.com\/noticiasribeiraopreto.com.br\/wp-content\/uploads\/2023\/12\/SLC-Agricola-Divulgacao-1-628x353.png?fit=628%2C353&ssl=1&resize=350%2C200 1x, https:\/\/i0.wp.com\/noticiasribeiraopreto.com.br\/wp-content\/uploads\/2023\/12\/SLC-Agricola-Divulgacao-1-628x353.png?fit=628%2C353&ssl=1&resize=525%2C300 1.5x"},"classes":[]},{"id":24425,"url":"https:\/\/noticiasribeiraopreto.com.br\/index.php\/2024\/01\/04\/incendio-na-slc-agricola-slce3-fogo-atinge-fazenda-de-algodao-e-soja-na-bahia-acao-cai-na-b3\/","url_meta":{"origin":32113,"position":2},"title":"Inc\u00eandio na SLC Agr\u00edcola (SLCE3): Fogo atinge fazenda de algod\u00e3o e soja na Bahia \u2014 a\u00e7\u00e3o cai na B3","author":"noticiasribeiraopreto.com.br","date":"4 de January de 2024","format":false,"excerpt":"Se o calor causado pelo El Nin\u00f5 nos \u00faltimos meses de 2023 impactou a produ\u00e7\u00e3o da SLC Agr\u00edcola (SLCE3), o ano de 2024 chegou para esquentar ainda mais a situa\u00e7\u00e3o da companhia. A empresa anunciou na manh\u00e3 desta quinta-feira (4) que, na \u00faltima ter\u00e7a-feira, a fazenda Panorama foi impactada por\u2026","rel":"","context":"In &quot;Dinheiro e Investimento&quot;","block_context":{"text":"Dinheiro e Investimento","link":"https:\/\/noticiasribeiraopreto.com.br\/index.php\/category\/dinheiro-e-investimento-como-fazer-como-ganhar\/"},"img":{"alt_text":"","src":"https:\/\/i0.wp.com\/noticiasribeiraopreto.com.br\/wp-content\/uploads\/2024\/01\/SLC-Agricola-Divulgacao-1-628x353.png?fit=628%2C353&ssl=1&resize=350%2C200","width":350,"height":200,"srcset":"https:\/\/i0.wp.com\/noticiasribeiraopreto.com.br\/wp-content\/uploads\/2024\/01\/SLC-Agricola-Divulgacao-1-628x353.png?fit=628%2C353&ssl=1&resize=350%2C200 1x, https:\/\/i0.wp.com\/noticiasribeiraopreto.com.br\/wp-content\/uploads\/2024\/01\/SLC-Agricola-Divulgacao-1-628x353.png?fit=628%2C353&ssl=1&resize=525%2C300 1.5x"},"classes":[]},{"id":15548,"url":"https:\/\/noticiasribeiraopreto.com.br\/index.php\/2023\/12\/13\/por-que-a-slc-agricola-slce3-resolveu-fazer-um-desdobramento-de-acoes-agora\/","url_meta":{"origin":32113,"position":3},"title":"Por que a SLC Agr\u00edcola (SLCE3) resolveu fazer um desdobramento de a\u00e7\u00f5es agora","author":"noticiasribeiraopreto.com.br","date":"13 de December de 2023","format":false,"excerpt":"Com as a\u00e7\u00f5es acumulando uma queda anual de cerca de 4% na bolsa brasileira, a SLC Agr\u00edcola (SLCE3) resolveu ir em busca de novos investidores.\u00a0 A empresa aprovou em Assembleia Geral Extraordin\u00e1ria (AGE) nesta quarta-feira (13) um\u00a0 desdobramento (split) de a\u00e7\u00f5es\u00a0 Com a opera\u00e7\u00e3o, que \u00e9 uma das formas que\u2026","rel":"","context":"In &quot;Dinheiro e Investimento&quot;","block_context":{"text":"Dinheiro e Investimento","link":"https:\/\/noticiasribeiraopreto.com.br\/index.php\/category\/dinheiro-e-investimento-como-fazer-como-ganhar\/"},"img":{"alt_text":"","src":"https:\/\/i0.wp.com\/noticiasribeiraopreto.com.br\/wp-content\/uploads\/2023\/12\/slc-slce3-soja-logo-628x353.jpg?fit=628%2C353&ssl=1&resize=350%2C200","width":350,"height":200,"srcset":"https:\/\/i0.wp.com\/noticiasribeiraopreto.com.br\/wp-content\/uploads\/2023\/12\/slc-slce3-soja-logo-628x353.jpg?fit=628%2C353&ssl=1&resize=350%2C200 1x, https:\/\/i0.wp.com\/noticiasribeiraopreto.com.br\/wp-content\/uploads\/2023\/12\/slc-slce3-soja-logo-628x353.jpg?fit=628%2C353&ssl=1&resize=525%2C300 1.5x"},"classes":[]},{"id":68160,"url":"https:\/\/noticiasribeiraopreto.com.br\/index.php\/2025\/04\/23\/franca-sedia-evento-para-promover-implantacao-de-tecnologia-e-manejo-na-producao-de-cafe\/","url_meta":{"origin":32113,"position":4},"title":"Franca sedia evento para promover implanta\u00e7\u00e3o de tecnologia e manejo na produ\u00e7\u00e3o de caf\u00e9","author":"noticiasribeiraopreto.com.br","date":"23 de April de 2025","format":false,"excerpt":"Produtores de caf\u00e9, agr\u00f4nomos, t\u00e9cnicos agr\u00edcolas e pesquisadores t\u00eam encontro marcado em Franca neste dia 23 de abril, durante edi\u00e7\u00e3o do Dia de Campo da Funda\u00e7\u00e3o Procaf\u00e9. O evento, que \u00e9 gratuito e aberto ao p\u00fablico, ser\u00e1 realizado a partir das 8 horas, na Fazenda Experimental de Franca, localizada na\u2026","rel":"","context":"In &quot;Not\u00edcias de Franca-SP&quot;","block_context":{"text":"Not\u00edcias de Franca-SP","link":"https:\/\/noticiasribeiraopreto.com.br\/index.php\/category\/noticias-de-ribeirao-preto-sp-e-regiao-ismael-colosi\/noticias-franca-sp\/"},"img":{"alt_text":"","src":"https:\/\/i0.wp.com\/noticiasribeiraopreto.com.br\/wp-content\/uploads\/2025\/04\/cafe-scaled.jpeg?fit=1200%2C800&ssl=1&resize=350%2C200","width":350,"height":200,"srcset":"https:\/\/i0.wp.com\/noticiasribeiraopreto.com.br\/wp-content\/uploads\/2025\/04\/cafe-scaled.jpeg?fit=1200%2C800&ssl=1&resize=350%2C200 1x, https:\/\/i0.wp.com\/noticiasribeiraopreto.com.br\/wp-content\/uploads\/2025\/04\/cafe-scaled.jpeg?fit=1200%2C800&ssl=1&resize=525%2C300 1.5x, https:\/\/i0.wp.com\/noticiasribeiraopreto.com.br\/wp-content\/uploads\/2025\/04\/cafe-scaled.jpeg?fit=1200%2C800&ssl=1&resize=700%2C400 2x, https:\/\/i0.wp.com\/noticiasribeiraopreto.com.br\/wp-content\/uploads\/2025\/04\/cafe-scaled.jpeg?fit=1200%2C800&ssl=1&resize=1050%2C600 3x"},"classes":[]},{"id":69474,"url":"https:\/\/noticiasribeiraopreto.com.br\/index.php\/2025\/05\/06\/desafios-climaticos-no-agro-serao-tema-de-forum-em-ribeirao-preto-saiba-mais\/","url_meta":{"origin":32113,"position":5},"title":"Desafios clim\u00e1ticos no agro ser\u00e3o tema de F\u00f3rum em Ribeir\u00e3o Preto; saiba mais","author":"noticiasribeiraopreto.com.br","date":"6 de May de 2025","format":false,"excerpt":"O impacto clim\u00e1tico no agroneg\u00f3cio ser\u00e1 discutido no F\u00f3rum Agro Regional, que acontece nesta quarta-feira (7), em Ribeir\u00e3o Preto. O evento come\u00e7a a partir das 8h30, no Dabi Business Park. Com o tema \u201cImpacto Clim\u00e1tico no Agro: estrat\u00e9gias de adapta\u00e7\u00e3o e resili\u00eancia\u201d, o encontro vai reunir produtores, especialistas e representantes\u2026","rel":"","context":"In &quot;Not\u00edcias de Ribeir\u00e3o Preto-SP e Regi\u00e3o&quot;","block_context":{"text":"Not\u00edcias de Ribeir\u00e3o Preto-SP e Regi\u00e3o","link":"https:\/\/noticiasribeiraopreto.com.br\/index.php\/category\/noticias-de-ribeirao-preto-sp-e-regiao-ismael-colosi\/"},"img":{"alt_text":"","src":"https:\/\/i0.wp.com\/noticiasribeiraopreto.com.br\/wp-content\/uploads\/2024\/08\/incendio-interior-de-sp_2024-08-23_22-59-14_jpg_2024-08-23_22-59-15.webp.webp?fit=1200%2C671&ssl=1&resize=350%2C200","width":350,"height":200,"srcset":"https:\/\/i0.wp.com\/noticiasribeiraopreto.com.br\/wp-content\/uploads\/2024\/08\/incendio-interior-de-sp_2024-08-23_22-59-14_jpg_2024-08-23_22-59-15.webp.webp?fit=1200%2C671&ssl=1&resize=350%2C200 1x, https:\/\/i0.wp.com\/noticiasribeiraopreto.com.br\/wp-content\/uploads\/2024\/08\/incendio-interior-de-sp_2024-08-23_22-59-14_jpg_2024-08-23_22-59-15.webp.webp?fit=1200%2C671&ssl=1&resize=525%2C300 1.5x, https:\/\/i0.wp.com\/noticiasribeiraopreto.com.br\/wp-content\/uploads\/2024\/08\/incendio-interior-de-sp_2024-08-23_22-59-14_jpg_2024-08-23_22-59-15.webp.webp?fit=1200%2C671&ssl=1&resize=700%2C400 2x, https:\/\/i0.wp.com\/noticiasribeiraopreto.com.br\/wp-content\/uploads\/2024\/08\/incendio-interior-de-sp_2024-08-23_22-59-14_jpg_2024-08-23_22-59-15.webp.webp?fit=1200%2C671&ssl=1&resize=1050%2C600 3x"},"classes":[]}],"jetpack_sharing_enabled":true,"jetpack_shortlink":"https:\/\/wp.me\/peQAOb-8lX","_links":{"self":[{"href":"https:\/\/noticiasribeiraopreto.com.br\/index.php\/wp-json\/wp\/v2\/posts\/32113","targetHints":{"allow":["GET"]}}],"collection":[{"href":"https:\/\/noticiasribeiraopreto.com.br\/index.php\/wp-json\/wp\/v2\/posts"}],"about":[{"href":"https:\/\/noticiasribeiraopreto.com.br\/index.php\/wp-json\/wp\/v2\/types\/post"}],"author":[{"embeddable":true,"href":"https:\/\/noticiasribeiraopreto.com.br\/index.php\/wp-json\/wp\/v2\/users\/1"}],"replies":[{"embeddable":true,"href":"https:\/\/noticiasribeiraopreto.com.br\/index.php\/wp-json\/wp\/v2\/comments?post=32113"}],"version-history":[{"count":0,"href":"https:\/\/noticiasribeiraopreto.com.br\/index.php\/wp-json\/wp\/v2\/posts\/32113\/revisions"}],"wp:featuredmedia":[{"embeddable":true,"href":"https:\/\/noticiasribeiraopreto.com.br\/index.php\/wp-json\/wp\/v2\/media\/32114"}],"wp:attachment":[{"href":"https:\/\/noticiasribeiraopreto.com.br\/index.php\/wp-json\/wp\/v2\/media?parent=32113"}],"wp:term":[{"taxonomy":"category","embeddable":true,"href":"https:\/\/noticiasribeiraopreto.com.br\/index.php\/wp-json\/wp\/v2\/categories?post=32113"},{"taxonomy":"post_tag","embeddable":true,"href":"https:\/\/noticiasribeiraopreto.com.br\/index.php\/wp-json\/wp\/v2\/tags?post=32113"}],"curies":[{"name":"wp","href":"https:\/\/api.w.org\/{rel}","templated":true}]}}