{"id":32126,"date":"2024-01-24T07:59:31","date_gmt":"2024-01-24T10:59:31","guid":{"rendered":"https:\/\/noticiasribeiraopreto.com.br\/index.php\/2024\/01\/24\/a-b3-vai-abrir-no-feriado-do-dia-25-de-janeiro\/"},"modified":"2024-01-24T07:59:31","modified_gmt":"2024-01-24T10:59:31","slug":"a-b3-vai-abrir-no-feriado-do-dia-25-de-janeiro","status":"publish","type":"post","link":"https:\/\/noticiasribeiraopreto.com.br\/index.php\/2024\/01\/24\/a-b3-vai-abrir-no-feriado-do-dia-25-de-janeiro\/","title":{"rendered":"A B3 vai abrir no feriado do dia 25 de janeiro?"},"content":{"rendered":"<div class='code-block code-block-1' style='margin: 8px 0 8px auto; text-align: right; display: block; clear: both;'>\n<p><a href=\"https:\/\/wa.link\/vpicfd\"><img data-recalc-dims=\"1\" class=\"wp-image-4922\" style=\"aspect-ratio: 2.0253164556962027; width: 561px; height: auto;\" src=\"https:\/\/i0.wp.com\/ismaelcolosi.com.br\/wp-content\/uploads\/2023\/11\/grupo-de-empregos-whatsapp-e-facebook-ismael-colosi-vagas.jpg?ssl=1\" alt=\"\" \/><\/a><\/p>\n<!-- \/wp:image -->\n<\/div>\n<p> <br \/>\n<\/p>\n<div id=\"js-first-letter\">\n<p>O ano de 2024 mal come\u00e7ou e j\u00e1 tem um feriado no horizonte, mas apenas para os paulistanos. A cidade de S\u00e3o Paulo ganha mais uma velinha em seu bolo e completa 470 anos nesta quinta-feira (25). Para festejar o anivers\u00e1rio, a terra da garoa ganha um dia de recesso.<\/p>\n<p>A comemora\u00e7\u00e3o vai mudar a agenda de funcionamento de servi\u00e7os importantes. Para voc\u00ea poder festejar sem maiores preocupa\u00e7\u00f5es, o Seu Dinheiro foi atr\u00e1s do funcionamento da B3, das ag\u00eancias banc\u00e1rias, dos Correios e do transporte p\u00fablico durante o feriado do dia 25.<\/p>\n<h2 class=\"wp-block-heading\" id=\"h-as-operacoes-da-b3-no-aniversario-de-sao-paulo\">As opera\u00e7\u00f5es da B3 no anivers\u00e1rio de S\u00e3o Paulo<\/h2>\n<p>Para os investidores que est\u00e3o de olho na <a href=\"https:\/\/www.seudinheiro.com\/2024\/empresas\/calendario-de-balancos-do-4o-trimestre-de-2023-confira-as-datas-de-divulgacao-dos-resultados-e-o-horario-das-teleconferencias-davs-miql\/\">temporada de balan\u00e7os do 4T23<\/a>, as opera\u00e7\u00f5es seguem normalmente. Isso porque a B3 continua a tradi\u00e7\u00e3o recente de manter o funcionamento em feriados municipais e estaduais.<\/p>\n<p>Portanto, as negocia\u00e7\u00f5es da bolsa brasileira ocorrer\u00e3o normalmente nesta quinta-feira (25).<\/p>\n<p>Isso inclui os mercados de renda vari\u00e1vel, renda fixa privada, ETFs de renda fixa e de derivativos listados, assim como o de empr\u00e9stimo de ativos.<\/p>\n<p>Al\u00e9m disso, o registro de opera\u00e7\u00f5es de t\u00edtulos do agroneg\u00f3cio e a negocia\u00e7\u00e3o de investimentos em Tesouro Direto manter\u00e3o o funcionamento habitual. O funcionamento dos sistemas e canais de atendimento no segmento Cetip UFIN tamb\u00e9m ser\u00e3o mantidos.<\/p>\n<p>No caso da C\u00e2mara de C\u00e2mbio da B3, a contrata\u00e7\u00e3o, compensa\u00e7\u00e3o, movimenta\u00e7\u00e3o de garantias ou liquida\u00e7\u00e3o seguir\u00e3o normalmente durante o anivers\u00e1rio da cidade de S\u00e3o Paulo.<\/p>\n<p><strong>VEJA TAMB\u00c9M: A DINHEIRISTA &#8211;<\/strong> <a href=\"https:\/\/www.youtube.com\/watch?v=2D0puTR9lBI\" target=\"_blank\" rel=\"noreferrer noopener\">Serasa foi s\u00f3 o come\u00e7o: \u201cestou sendo processada e meus bens foram bloqueados por d\u00edvida com a faculdade\u201d<\/a><\/p>\n<figure class=\"wp-block-embed is-type-video is-provider-youtube wp-block-embed-youtube wp-embed-aspect-16-9 wp-has-aspect-ratio\">\n<p>\n<iframe loading=\"lazy\" title=\"SERASA FOI S\u00d3 O COME\u00c7O: SEREI PROCESSADA POR D\u00cdVIDA COM A FACULDADE I A DINHEIRISTA\" width=\"500\" height=\"281\" src=\"https:\/\/www.youtube.com\/embed\/2D0puTR9lBI?feature=oembed\" frameborder=\"0\" allow=\"accelerometer; autoplay; clipboard-write; encrypted-media; gyroscope; picture-in-picture; web-share\" referrerpolicy=\"strict-origin-when-cross-origin\" allowfullscreen><\/iframe>\n<\/p>\n<\/figure>\n<h2 class=\"wp-block-heading\" id=\"h-na-boca-do-caixa-os-bancos-durante-o-feriado\">Na boca do caixa: os bancos durante o feriado<\/h2>\n<p>As ag\u00eancias banc\u00e1rias n\u00e3o v\u00e3o seguir o exemplo da bolsa brasileira. Na capital paulista, os bancos n\u00e3o v\u00e3o abrir durante o feriado, segundo a Federa\u00e7\u00e3o Brasileira de Bancos (Febraban).<\/p>\n<p>Dessa forma, n\u00e3o haver\u00e1 atendimento ao p\u00fablico nesta quinta-feira (25). No entanto, o autoatendimento continuar\u00e1 dispon\u00edvel, assim como os canais digitais, como caixas eletr\u00f4nicos.<\/p>\n<p>Os carn\u00eas e contas de consumo, como de \u00e1gua e luz, vencidos no feriado poder\u00e3o ser pagos no pr\u00f3ximo dia \u00fatil sem qualquer acr\u00e9scimo.<\/p>\n<h2 class=\"wp-block-heading\" id=\"h-funcionamento-dos-correios-durante-aniversario-de-sao-paulo\">Funcionamento dos Correios durante anivers\u00e1rio de S\u00e3o Paulo<\/h2>\n<p>As unidades dos Correios no munic\u00edpio de S\u00e3o Paulo, assim como as ag\u00eancias banc\u00e1rias, n\u00e3o ter\u00e3o atendimento no feriado paulista. Vale ressaltar que a paralisa\u00e7\u00e3o ocorre apenas onde o feriado \u00e9 reconhecido.<\/p>\n<p>J\u00e1 a Central de Atendimento ao Cliente (CAC) do Correios continuar\u00e1 dispon\u00edvel de forma automatizada. As atividades ser\u00e3o retomadas na sexta-feira (26), com o hor\u00e1rio usual de funcionamento.<\/p>\n<h2 class=\"wp-block-heading\" id=\"h-vai-de-metro-as-atividades-do-transporte-publico-durante-o-feriado\">Vai de metr\u00f4? As atividades do transporte p\u00fablico durante o feriado<\/h2>\n<p>Com expectativas de diminui\u00e7\u00e3o da demanda durante o anivers\u00e1rio de S\u00e3o Paulo, as empresas ligadas \u00e0 Secretaria dos Transportes Metropolitanos (STM) ter\u00e3o mudan\u00e7as na oferta de viagens nesta quinta-feira (25).\u00a0<\/p>\n<p>As linhas 1-Azul, 2-Verde, 3-Vermelha e 15-Prata do Metr\u00f4 v\u00e3o operar com frota de feriado entre 4h40 e meia noite. A opera\u00e7\u00e3o ser\u00e1 monitorada ininterruptamente e as equipes estar\u00e3o preparadas para disponibilizar mais trens, de acordo com a demanda.<\/p>\n<p>J\u00e1 as esta\u00e7\u00f5es que d\u00e3o acesso \u00e0s festividades, como a Linha 1-Azul e a Linha 3-Vermelha, ter\u00e3o o n\u00famero de funcion\u00e1rios refor\u00e7ados durante o feriado.<\/p>\n<p>As linhas da CPTM \u2013 7-Rubi, 10-Turquesa, 11-Coral, 12-Safira e 13-Jade \u2013, v\u00e3o operar com intervalos maiores, como ocorre nos dias de s\u00e1bado. Vale ressaltar que o trecho entre as esta\u00e7\u00f5es Br\u00e1s e Tatuap\u00e9 est\u00e1 interditado para obras de instala\u00e7\u00e3o de novos Aparelhos de Mudan\u00e7a de Via (AMV).\u00a0<\/p>\n<p>Os passageiros t\u00eam como op\u00e7\u00e3o as linhas 11-Coral da CPTM e 3-Vermelha do Metr\u00f4, que tamb\u00e9m passam pelas esta\u00e7\u00f5es Br\u00e1s e Tatuap\u00e9.\u00a0<\/p>\n<p>Na sexta-feira (26), no s\u00e1bado (27) e no domingo (28), as programa\u00e7\u00f5es retornam ao normal.<\/p>\n<p>Por fim, as linhas metropolitanas dos \u00f4nibus municipais com destino \u00e0 capital tamb\u00e9m v\u00e3o operar conforme a programa\u00e7\u00e3o de s\u00e1bado, durante o anivers\u00e1rio de S\u00e3o Paulo.\u00a0<\/p>\n<p>Na sexta-feira (26), a oferta de viagens volta a funcionar como ocorre em dias \u00fateis.<\/p>\n<\/div>\n<p><br \/>\n<br \/><a href=\"https:\/\/www.seudinheiro.com\/2024\/economia\/a-b3-vai-abrir-no-aniversario-de-sao-paulo-confira-o-funcionamento-da-bolsa-dos-bancos-dos-correios-e-do-transporte-publico-no-feriado-do-dia-25-de-janeiro-davs\/\">Source link <\/a><\/p>\n<!-- CONTENT END 1 -->\n","protected":false},"excerpt":{"rendered":"<p>O ano de 2024 mal come\u00e7ou e j\u00e1 tem um feriado no horizonte, mas apenas para os paulistanos. A cidade de S\u00e3o Paulo ganha mais&#8230;<\/p>\n","protected":false},"author":1,"featured_media":32127,"comment_status":"open","ping_status":"open","sticky":false,"template":"","format":"standard","meta":{"advanced_seo_description":"","jetpack_seo_html_title":"","jetpack_seo_noindex":false,"jetpack_post_was_ever_published":false,"_jetpack_newsletter_access":"","_jetpack_dont_email_post_to_subs":false,"_jetpack_newsletter_tier_id":0,"_jetpack_memberships_contains_paywalled_content":false,"_jetpack_memberships_contains_paid_content":false,"footnotes":"","jetpack_publicize_message":"","jetpack_publicize_feature_enabled":true,"jetpack_social_post_already_shared":true,"jetpack_social_options":{"image_generator_settings":{"template":"highway","default_image_id":0,"font":"","enabled":false},"version":2}},"categories":[1235],"tags":[],"class_list":["post-32126","post","type-post","status-publish","format-standard","has-post-thumbnail","hentry","category-dinheiro-e-investimento-como-fazer-como-ganhar"],"jetpack_publicize_connections":[],"jetpack_featured_media_url":"https:\/\/i0.wp.com\/noticiasribeiraopreto.com.br\/wp-content\/uploads\/2024\/01\/3d-calendario-planejador-diario-lapis-despertador-2-715x402.jpg?fit=715%2C402&ssl=1","jetpack-related-posts":[{"id":19379,"url":"https:\/\/noticiasribeiraopreto.com.br\/index.php\/2023\/12\/22\/calendario-da-b3-de-2024-tera-menos-feriados-que-o-de-2023\/","url_meta":{"origin":32126,"position":0},"title":"Calend\u00e1rio da B3 de 2024 ter\u00e1 menos feriados que o de 2023","author":"noticiasribeiraopreto.com.br","date":"22 de December de 2023","format":false,"excerpt":"Um novo ano j\u00e1 est\u00e1 no horizonte, faltando apenas nove dias para 2023 ficar para tr\u00e1s. Enquanto os investidores aproveitam o rali da bolsa, que vem alavancando o Ibovespa a mais de 132 mil pontos, a B3 j\u00e1 se prepara para 2024. O calend\u00e1rio da bolsa brasileira j\u00e1 foi divulgado\u2026","rel":"","context":"In &quot;Dinheiro e Investimento&quot;","block_context":{"text":"Dinheiro e Investimento","link":"https:\/\/noticiasribeiraopreto.com.br\/index.php\/category\/dinheiro-e-investimento-como-fazer-como-ganhar\/"},"img":{"alt_text":"","src":"https:\/\/i0.wp.com\/noticiasribeiraopreto.com.br\/wp-content\/uploads\/2023\/12\/grupo-de-pessoas-de-negocios-tendo-uma-reuniao-1-715x402.jpg?fit=715%2C402&ssl=1&resize=350%2C200","width":350,"height":200,"srcset":"https:\/\/i0.wp.com\/noticiasribeiraopreto.com.br\/wp-content\/uploads\/2023\/12\/grupo-de-pessoas-de-negocios-tendo-uma-reuniao-1-715x402.jpg?fit=715%2C402&ssl=1&resize=350%2C200 1x, https:\/\/i0.wp.com\/noticiasribeiraopreto.com.br\/wp-content\/uploads\/2023\/12\/grupo-de-pessoas-de-negocios-tendo-uma-reuniao-1-715x402.jpg?fit=715%2C402&ssl=1&resize=525%2C300 1.5x, https:\/\/i0.wp.com\/noticiasribeiraopreto.com.br\/wp-content\/uploads\/2023\/12\/grupo-de-pessoas-de-negocios-tendo-uma-reuniao-1-715x402.jpg?fit=715%2C402&ssl=1&resize=700%2C400 2x"},"classes":[]},{"id":18946,"url":"https:\/\/noticiasribeiraopreto.com.br\/index.php\/2023\/12\/21\/a-bolsa-vai-abrir-no-natal-e-ano-novo-veja-como-fica-o-funcionamento-da-b3-bancos-correios-e-transporte-no-fim-de-ano\/","url_meta":{"origin":32126,"position":1},"title":"A bolsa vai abrir no Natal e Ano Novo? Veja como fica o funcionamento da B3, bancos, Correios e transporte no fim de ano","author":"noticiasribeiraopreto.com.br","date":"21 de December de 2023","format":false,"excerpt":"Ent\u00e3o \u00e9 Natal\u2026 e o que voc\u00ea pretende fazer, investidor? Mais um fim de ano se aproxima e, junto ao agito das festividades, vem a correria do mercado para reorganizar a carteira antes da virada. Afinal, ningu\u00e9m quer perder dinheiro por causa de um portf\u00f3lio descalibrado. Mas, enquanto a maioria\u2026","rel":"","context":"In &quot;Dinheiro e Investimento&quot;","block_context":{"text":"Dinheiro e Investimento","link":"https:\/\/noticiasribeiraopreto.com.br\/index.php\/category\/dinheiro-e-investimento-como-fazer-como-ganhar\/"},"img":{"alt_text":"","src":"https:\/\/i0.wp.com\/noticiasribeiraopreto.com.br\/wp-content\/uploads\/2023\/12\/Canva-Pro-Getty-Images-1-715x402.jpg?fit=715%2C402&ssl=1&resize=350%2C200","width":350,"height":200,"srcset":"https:\/\/i0.wp.com\/noticiasribeiraopreto.com.br\/wp-content\/uploads\/2023\/12\/Canva-Pro-Getty-Images-1-715x402.jpg?fit=715%2C402&ssl=1&resize=350%2C200 1x, https:\/\/i0.wp.com\/noticiasribeiraopreto.com.br\/wp-content\/uploads\/2023\/12\/Canva-Pro-Getty-Images-1-715x402.jpg?fit=715%2C402&ssl=1&resize=525%2C300 1.5x, https:\/\/i0.wp.com\/noticiasribeiraopreto.com.br\/wp-content\/uploads\/2023\/12\/Canva-Pro-Getty-Images-1-715x402.jpg?fit=715%2C402&ssl=1&resize=700%2C400 2x"},"classes":[]},{"id":29901,"url":"https:\/\/noticiasribeiraopreto.com.br\/index.php\/2024\/01\/19\/a-pedido-dos-investidores-bolsa-brasileira-tera-pregao-corujao-para-compra-de-contratos-futuros-de-bitcoin-btc\/","url_meta":{"origin":32126,"position":2},"title":"A pedido dos investidores, bolsa brasileira ter\u00e1 \u201cpreg\u00e3o coruj\u00e3o\u201d para compra de contratos futuros de bitcoin (BTC)\u00a0","author":"noticiasribeiraopreto.com.br","date":"19 de January de 2024","format":false,"excerpt":"O p\u00f4r do sol \u00e9 um dos eventos mais fascinantes da humanidade, que permeia lendas mundo afora. Mas a B3, a bolsa brasileira, pretende tornar esse pequeno milagre di\u00e1rio um pouco mais animado, permitindo pela primeira vez na hist\u00f3ria um preg\u00e3o noturno \u2014 envolvendo, principalmente, a negocia\u00e7\u00e3o de contratos futuros\u2026","rel":"","context":"In &quot;Dinheiro e Investimento&quot;","block_context":{"text":"Dinheiro e Investimento","link":"https:\/\/noticiasribeiraopreto.com.br\/index.php\/category\/dinheiro-e-investimento-como-fazer-como-ganhar\/"},"img":{"alt_text":"","src":"https:\/\/i0.wp.com\/noticiasribeiraopreto.com.br\/wp-content\/uploads\/2024\/01\/A-pedido-dos-investidores-bolsa-brasileira-tera-pregao-corujao-para-compra-de-contratos-futuros-de-bitcoin-BTC-715x402.png?fit=715%2C402&ssl=1&resize=350%2C200","width":350,"height":200,"srcset":"https:\/\/i0.wp.com\/noticiasribeiraopreto.com.br\/wp-content\/uploads\/2024\/01\/A-pedido-dos-investidores-bolsa-brasileira-tera-pregao-corujao-para-compra-de-contratos-futuros-de-bitcoin-BTC-715x402.png?fit=715%2C402&ssl=1&resize=350%2C200 1x, https:\/\/i0.wp.com\/noticiasribeiraopreto.com.br\/wp-content\/uploads\/2024\/01\/A-pedido-dos-investidores-bolsa-brasileira-tera-pregao-corujao-para-compra-de-contratos-futuros-de-bitcoin-BTC-715x402.png?fit=715%2C402&ssl=1&resize=525%2C300 1.5x, https:\/\/i0.wp.com\/noticiasribeiraopreto.com.br\/wp-content\/uploads\/2024\/01\/A-pedido-dos-investidores-bolsa-brasileira-tera-pregao-corujao-para-compra-de-contratos-futuros-de-bitcoin-BTC-715x402.png?fit=715%2C402&ssl=1&resize=700%2C400 2x"},"classes":[]},{"id":64440,"url":"https:\/\/noticiasribeiraopreto.com.br\/index.php\/2025\/03\/08\/jornal-da-franca-confira-os-feriados-francanos-que-este-ano-vao-emendar-com-o-final-de-semana\/","url_meta":{"origin":32126,"position":3},"title":"Jornal da Franca &#8211; Confira os feriados francanos que este ano v\u00e3o emendar com o final de semana","author":"noticiasribeiraopreto.com.br","date":"8 de March de 2025","format":false,"excerpt":"compartilhar no whatsapp compartilhar no telegram compartilhar no facebook compartilhar no linkedin Aproveitar os feriad\u00f5es pode ser uma excelente oportunidade para explorar novos destinos ou simplesmente relaxar em casa. Os francanos v\u00e3o poder contar com dois feriados municipais que v\u00e3o se emendar com o final de semana.\u00a0 \u00c9 o caso\u2026","rel":"","context":"In &quot;Not\u00edcias de Franca-SP&quot;","block_context":{"text":"Not\u00edcias de Franca-SP","link":"https:\/\/noticiasribeiraopreto.com.br\/index.php\/category\/noticias-de-ribeirao-preto-sp-e-regiao-ismael-colosi\/noticias-franca-sp\/"},"img":{"alt_text":"","src":"https:\/\/i0.wp.com\/noticiasribeiraopreto.com.br\/wp-content\/uploads\/2025\/03\/2149314032.jpg?fit=1000%2C666&ssl=1&resize=350%2C200","width":350,"height":200,"srcset":"https:\/\/i0.wp.com\/noticiasribeiraopreto.com.br\/wp-content\/uploads\/2025\/03\/2149314032.jpg?fit=1000%2C666&ssl=1&resize=350%2C200 1x, https:\/\/i0.wp.com\/noticiasribeiraopreto.com.br\/wp-content\/uploads\/2025\/03\/2149314032.jpg?fit=1000%2C666&ssl=1&resize=525%2C300 1.5x, https:\/\/i0.wp.com\/noticiasribeiraopreto.com.br\/wp-content\/uploads\/2025\/03\/2149314032.jpg?fit=1000%2C666&ssl=1&resize=700%2C400 2x"},"classes":[]},{"id":21817,"url":"https:\/\/noticiasribeiraopreto.com.br\/index.php\/2023\/12\/28\/de-olho-na-folga-governo-decreta-os-feriados-e-pontos-facultativos-de-2024-veja-as-datas\/","url_meta":{"origin":32126,"position":4},"title":"De olho na folga: Governo decreta os feriados e pontos facultativos de 2024; veja as datas","author":"noticiasribeiraopreto.com.br","date":"28 de December de 2023","format":false,"excerpt":"Com o recesso de fim de ano e a proximidade de um calend\u00e1rio novo e vazio em m\u00e3os, procurar os dias de \u201cfolga\u201d de 2024 \u00e9 quase uma tarefa obrigat\u00f3ria \u2014 seja para programar as f\u00e9rias, viagens ou apenas um dia a mais de descanso.\u00a0 O governo brasileiro divulgou nesta\u2026","rel":"","context":"In &quot;Dinheiro e Investimento&quot;","block_context":{"text":"Dinheiro e Investimento","link":"https:\/\/noticiasribeiraopreto.com.br\/index.php\/category\/dinheiro-e-investimento-como-fazer-como-ganhar\/"},"img":{"alt_text":"","src":"https:\/\/i0.wp.com\/noticiasribeiraopreto.com.br\/wp-content\/uploads\/2023\/12\/3d-calendario-planejador-diario-lapis-despertador-2-715x402.jpg?fit=715%2C402&ssl=1&resize=350%2C200","width":350,"height":200,"srcset":"https:\/\/i0.wp.com\/noticiasribeiraopreto.com.br\/wp-content\/uploads\/2023\/12\/3d-calendario-planejador-diario-lapis-despertador-2-715x402.jpg?fit=715%2C402&ssl=1&resize=350%2C200 1x, https:\/\/i0.wp.com\/noticiasribeiraopreto.com.br\/wp-content\/uploads\/2023\/12\/3d-calendario-planejador-diario-lapis-despertador-2-715x402.jpg?fit=715%2C402&ssl=1&resize=525%2C300 1.5x, https:\/\/i0.wp.com\/noticiasribeiraopreto.com.br\/wp-content\/uploads\/2023\/12\/3d-calendario-planejador-diario-lapis-despertador-2-715x402.jpg?fit=715%2C402&ssl=1&resize=700%2C400 2x"},"classes":[]},{"id":19066,"url":"https:\/\/noticiasribeiraopreto.com.br\/index.php\/2023\/12\/21\/vale-mais-que-uma-chanel-b3-ganha-r-15-bilhao-em-valor-de-mercado-em-poucas-horas-apos-a-avaliacao-desse-analista\/","url_meta":{"origin":32126,"position":5},"title":"Vale mais que uma Chanel: B3 ganha R$ 1,5 bilh\u00e3o em valor de mercado em poucas horas ap\u00f3s a avalia\u00e7\u00e3o desse analista","author":"noticiasribeiraopreto.com.br","date":"21 de December de 2023","format":false,"excerpt":"Quando se fala em uma bolsa valiosa, a primeira coisa que muita gente pensa \u00e9 em uma Louis Vuitton ou em uma Chanel, mas nesta quinta-feira (21) quem viu seu valor disparar foi a B3, a dona da bolsa de valores brasileira.\u00a0 As a\u00e7\u00f5es B3SA3 avan\u00e7avam 1,60%, a R$ 14,40,\u2026","rel":"","context":"In &quot;Dinheiro e Investimento&quot;","block_context":{"text":"Dinheiro e Investimento","link":"https:\/\/noticiasribeiraopreto.com.br\/index.php\/category\/dinheiro-e-investimento-como-fazer-como-ganhar\/"},"img":{"alt_text":"","src":"https:\/\/i0.wp.com\/noticiasribeiraopreto.com.br\/wp-content\/uploads\/2023\/12\/b3-b3-628x353.jpg?fit=628%2C353&ssl=1&resize=350%2C200","width":350,"height":200,"srcset":"https:\/\/i0.wp.com\/noticiasribeiraopreto.com.br\/wp-content\/uploads\/2023\/12\/b3-b3-628x353.jpg?fit=628%2C353&ssl=1&resize=350%2C200 1x, https:\/\/i0.wp.com\/noticiasribeiraopreto.com.br\/wp-content\/uploads\/2023\/12\/b3-b3-628x353.jpg?fit=628%2C353&ssl=1&resize=525%2C300 1.5x"},"classes":[]}],"jetpack_sharing_enabled":true,"jetpack_shortlink":"https:\/\/wp.me\/peQAOb-8ma","_links":{"self":[{"href":"https:\/\/noticiasribeiraopreto.com.br\/index.php\/wp-json\/wp\/v2\/posts\/32126","targetHints":{"allow":["GET"]}}],"collection":[{"href":"https:\/\/noticiasribeiraopreto.com.br\/index.php\/wp-json\/wp\/v2\/posts"}],"about":[{"href":"https:\/\/noticiasribeiraopreto.com.br\/index.php\/wp-json\/wp\/v2\/types\/post"}],"author":[{"embeddable":true,"href":"https:\/\/noticiasribeiraopreto.com.br\/index.php\/wp-json\/wp\/v2\/users\/1"}],"replies":[{"embeddable":true,"href":"https:\/\/noticiasribeiraopreto.com.br\/index.php\/wp-json\/wp\/v2\/comments?post=32126"}],"version-history":[{"count":0,"href":"https:\/\/noticiasribeiraopreto.com.br\/index.php\/wp-json\/wp\/v2\/posts\/32126\/revisions"}],"wp:featuredmedia":[{"embeddable":true,"href":"https:\/\/noticiasribeiraopreto.com.br\/index.php\/wp-json\/wp\/v2\/media\/32127"}],"wp:attachment":[{"href":"https:\/\/noticiasribeiraopreto.com.br\/index.php\/wp-json\/wp\/v2\/media?parent=32126"}],"wp:term":[{"taxonomy":"category","embeddable":true,"href":"https:\/\/noticiasribeiraopreto.com.br\/index.php\/wp-json\/wp\/v2\/categories?post=32126"},{"taxonomy":"post_tag","embeddable":true,"href":"https:\/\/noticiasribeiraopreto.com.br\/index.php\/wp-json\/wp\/v2\/tags?post=32126"}],"curies":[{"name":"wp","href":"https:\/\/api.w.org\/{rel}","templated":true}]}}