{"id":32128,"date":"2024-01-24T08:15:01","date_gmt":"2024-01-24T11:15:01","guid":{"rendered":"https:\/\/noticiasribeiraopreto.com.br\/index.php\/2024\/01\/24\/pela-valorizacao-da-aposentadoria-do-trabalho-e-da-vida\/"},"modified":"2024-01-24T08:15:01","modified_gmt":"2024-01-24T11:15:01","slug":"pela-valorizacao-da-aposentadoria-do-trabalho-e-da-vida","status":"publish","type":"post","link":"https:\/\/noticiasribeiraopreto.com.br\/index.php\/2024\/01\/24\/pela-valorizacao-da-aposentadoria-do-trabalho-e-da-vida\/","title":{"rendered":"Pela valoriza\u00e7\u00e3o da aposentadoria, do trabalho e da vida\u00a0"},"content":{"rendered":"<div class='code-block code-block-1' style='margin: 8px 0 8px auto; text-align: right; display: block; clear: both;'>\n<p><a href=\"https:\/\/wa.link\/vpicfd\"><img data-recalc-dims=\"1\" class=\"wp-image-4922\" style=\"aspect-ratio: 2.0253164556962027; width: 561px; height: auto;\" src=\"https:\/\/i0.wp.com\/ismaelcolosi.com.br\/wp-content\/uploads\/2023\/11\/grupo-de-empregos-whatsapp-e-facebook-ismael-colosi-vagas.jpg?ssl=1\" alt=\"\" \/><\/a><\/p>\n<!-- \/wp:image -->\n<\/div>\n<p> <br \/>\n<\/p>\n<div id=\"\">\n<p> <span class=\"entry-meta-item penci-posted-on\"><i class=\"fa fa-clock-o\"\/><time class=\"entry-date published\" datetime=\"2024-01-24T08:10:41-03:00\">24 de janeiro de 2024 | 8:10<\/time><time class=\"updated\" datetime=\"2024-01-23T17:12:36-03:00\">23 de janeiro de 2024 | 17:12<\/time><\/span><\/p>\n<p> <span class=\"penci-social-buttons penci-social-share-footer\"><a href=\"#\" class=\"penci-post-like penci_post-meta_item  single-like-button penci-social-item like\" data-post_id=\"371319\" title=\"Like\" data-like=\"Like\" data-unlike=\"Unlike\"><i class=\"fa fa-thumbs-o-up\"\/><span class=\"penci-share-number\">0<\/span><\/a><i class=\"fa fa-facebook\"\/><a class=\"penci-social-item twitter\" target=\"_blank\" rel=\"noopener\" title=\"\" href=\"https:\/\/twitter.com\/intent\/tweet?text=Pela%20valoriza\u00e7\u00e3o%20da%20aposentadoria,%20do%20trabalho%20e%20da%20vida\u00a0%20-%20https:\/\/www.tribunaribeirao.com.br\/site\/pela-valorizacao-da-aposentadoria-do-trabalho-e-da-vida\/\"><i class=\"fa fa-twitter\"\/><\/a><i class=\"fa fa-whatsapp\"\/><\/span><\/div>\n<div>\n<p><span class=\"TextRun SCXW261400408 BCX0\" lang=\"PT-BR\" xml:lang=\"PT-BR\" data-contrast=\"auto\"><span class=\"NormalTextRun SCXW261400408 BCX0\">Valdir Avelino <\/span><span class=\"NormalTextRun SCXW261400408 BCX0\">*<\/span><\/span><span class=\"LineBreakBlob BlobObject DragDrop SCXW261400408 BCX0\"><span class=\"SCXW261400408 BCX0\">\u00a0<\/span><br class=\"SCXW261400408 BCX0\"\/><\/span><span class=\"TextRun Underlined SCXW261400408 BCX0\" lang=\"PT-BR\" xml:lang=\"PT-BR\" data-contrast=\"none\"><span class=\"NormalTextRun SCXW261400408 BCX0\" data-ccp-charstyle=\"Hyperlink\"><span class=\"__cf_email__\" data-cfemail=\"dfafadbaacb6bbbab1bcb6be9fb2aab1b6bcb6afbeb6acf1b0adb8f1bdad\">[email\u00a0protected]<\/span><\/span><\/span><span class=\"LineBreakBlob BlobObject DragDrop SCXW261400408 BCX0\"><span class=\"SCXW261400408 BCX0\">\u00a0<\/span><br class=\"SCXW261400408 BCX0\"\/><\/span><span class=\"LineBreakBlob BlobObject DragDrop SCXW261400408 BCX0\"><span class=\"SCXW261400408 BCX0\">\u00a0<\/span><br class=\"SCXW261400408 BCX0\"\/><\/span><span class=\"TextRun SCXW261400408 BCX0\" lang=\"PT-BR\" xml:lang=\"PT-BR\" data-contrast=\"auto\"><span class=\"NormalTextRun SCXW261400408 BCX0\">No in\u00edcio desta semana, a Central dos Trabalhadores e Trabalhadoras do Brasil (CTB), central sindical a qual o Sindicato dos Servidores Municipais de Ribeir\u00e3o Preto, Guatapar\u00e1 e Prad\u00f3polis \u00e9 <\/span><span class=\"NormalTextRun SCXW261400408 BCX0\">filiado<\/span><span class=\"NormalTextRun SCXW261400408 BCX0\"> e uma das entidades fundadoras, realizou um semin\u00e1rio que promoveu a discuss\u00e3o e a reflex\u00e3o sobre a valoriza\u00e7\u00e3o da aposentadoria e seu impacto na qualidade de vida.<\/span><\/span><span class=\"LineBreakBlob BlobObject DragDrop SCXW261400408 BCX0\"><span class=\"SCXW261400408 BCX0\">\u00a0<\/span><br class=\"SCXW261400408 BCX0\"\/><\/span><span class=\"LineBreakBlob BlobObject DragDrop SCXW261400408 BCX0\"><span class=\"SCXW261400408 BCX0\">\u00a0<\/span><br class=\"SCXW261400408 BCX0\"\/><\/span><span class=\"TextRun SCXW261400408 BCX0\" lang=\"PT-BR\" xml:lang=\"PT-BR\" data-contrast=\"auto\"><span class=\"NormalTextRun SCXW261400408 BCX0\">Sob o tema \u201cValorizar a Aposentadoria, Valorizar a Vida\u201d, o <\/span><span class=\"NormalTextRun ContextualSpellingAndGrammarErrorV2Themed SCXW261400408 BCX0\">semin\u00e1rio\u00a0 contou<\/span><span class=\"NormalTextRun SCXW261400408 BCX0\"> com palestras de especialistas no assunto como Marco Barroso de Oliveira, advogado e presidente da <\/span><span class=\"NormalTextRun SpellingErrorV2Themed SCXW261400408 BCX0\">Asaprev<\/span><span class=\"NormalTextRun SCXW261400408 BCX0\">-BA<\/span><span class=\"NormalTextRun SCXW261400408 BCX0\">, <\/span><span class=\"NormalTextRun SpellingErrorV2Themed SCXW261400408 BCX0\">Dr<\/span><span class=\"NormalTextRun SCXW261400408 BCX0\">\u00aa<\/span> <span class=\"NormalTextRun SCXW261400408 BCX0\">Cl\u00e9ia<\/span><span class=\"NormalTextRun SCXW261400408 BCX0\"> Costa, <\/span><span class=\"NormalTextRun SpellingErrorV2Themed SCXW261400408 BCX0\">vice-presidenta<\/span><span class=\"NormalTextRun SCXW261400408 BCX0\"> da Caixa de Assist\u00eancia dos Advogados e S\u00e9rgio Pardal <\/span><span class=\"NormalTextRun SpellingErrorV2Themed SCXW261400408 BCX0\">Freudenthal<\/span><span class=\"NormalTextRun SCXW261400408 BCX0\">, advogado e mestre em Direito Previdenci\u00e1rio.<\/span><\/span><span class=\"LineBreakBlob BlobObject DragDrop SCXW261400408 BCX0\"><span class=\"SCXW261400408 BCX0\">\u00a0<\/span><br class=\"SCXW261400408 BCX0\"\/><\/span><span class=\"LineBreakBlob BlobObject DragDrop SCXW261400408 BCX0\"><span class=\"SCXW261400408 BCX0\">\u00a0<\/span><br class=\"SCXW261400408 BCX0\"\/><\/span><span class=\"TextRun SCXW261400408 BCX0\" lang=\"PT-BR\" xml:lang=\"PT-BR\" data-contrast=\"auto\"><span class=\"NormalTextRun SCXW261400408 BCX0\">O que qualquer pessoa preocupada, minimamente, com o pr\u00f3ximo faria se soubesse que a mortalidade de trabalhadores brasileiros aumentaria? Que mais fam\u00edlias ficariam desamparadas? E que pol\u00edticas p\u00fablicas nas \u00e1reas de educa\u00e7\u00e3o, sa\u00fade e prote\u00e7\u00e3o social seriam enfraquecidas pelo agravamento das condi\u00e7\u00f5es sociais de centenas de milhares de fam\u00edlias?<\/span><\/span><span class=\"LineBreakBlob BlobObject DragDrop SCXW261400408 BCX0\"><span class=\"SCXW261400408 BCX0\">\u00a0<\/span><br class=\"SCXW261400408 BCX0\"\/><\/span><span class=\"LineBreakBlob BlobObject DragDrop SCXW261400408 BCX0\"><span class=\"SCXW261400408 BCX0\">\u00a0<\/span><br class=\"SCXW261400408 BCX0\"\/><\/span><span class=\"TextRun SCXW261400408 BCX0\" lang=\"PT-BR\" xml:lang=\"PT-BR\" data-contrast=\"auto\"><span class=\"NormalTextRun SCXW261400408 BCX0\">Infelizmente a realidade dura e crua \u00e9 que isso vem acontecendo nos \u00faltimos anos. E j\u00e1 sabemos o motivo disso e os tomadores tamb\u00e9m sabem ou, ao menos, deveriam saber. A causa desses retrocessos acima anunciados foi <\/span><span class=\"NormalTextRun SCXW261400408 BCX0\">a<\/span><span class=\"NormalTextRun SCXW261400408 BCX0\"> chamada \u201creforma da previd\u00eancia\u201d, que, na verdade, n\u00e3o passou de um pacote inconstitucional de medidas adotadas com o objetivo de desmontar o sistema brasileiro de seguridade social.<\/span><\/span><span class=\"LineBreakBlob BlobObject DragDrop SCXW261400408 BCX0\"><span class=\"SCXW261400408 BCX0\">\u00a0<\/span><br class=\"SCXW261400408 BCX0\"\/><\/span><span class=\"LineBreakBlob BlobObject DragDrop SCXW261400408 BCX0\"><span class=\"SCXW261400408 BCX0\">\u00a0<\/span><br class=\"SCXW261400408 BCX0\"\/><\/span><span class=\"TextRun SCXW261400408 BCX0\" lang=\"PT-BR\" xml:lang=\"PT-BR\" data-contrast=\"auto\"><span class=\"NormalTextRun SCXW261400408 BCX0\">A verdade \u00e9 que, como fez corajosamente a CTB, precisamos voltar a falar sobre isso e ter consci\u00eancia do quanto j\u00e1 fomos, e do quanto ainda seremos afetados pelas medidas adotadas, em nosso cotidiano e em nossos direitos. A experi\u00eancia internacional demonstra os preju\u00edzos que as reformas dos sistemas previdenci\u00e1rios trazem para o conjunto do pa\u00eds, especialmente para fam\u00edlias trabalhadoras.<\/span><\/span><span class=\"LineBreakBlob BlobObject DragDrop SCXW261400408 BCX0\"><span class=\"SCXW261400408 BCX0\">\u00a0<\/span><br class=\"SCXW261400408 BCX0\"\/><\/span><span class=\"LineBreakBlob BlobObject DragDrop SCXW261400408 BCX0\"><span class=\"SCXW261400408 BCX0\">\u00a0<\/span><br class=\"SCXW261400408 BCX0\"\/><\/span><span class=\"TextRun SCXW261400408 BCX0\" lang=\"PT-BR\" xml:lang=\"PT-BR\" data-contrast=\"auto\"><span class=\"NormalTextRun SCXW261400408 BCX0\">Estamos em ano eleitoral e \u00e9 preciso exigir, al\u00e9m das cobran\u00e7as que temos feito ao governo federal, tamb\u00e9m de candidatas e candidatos municipais o compromisso com a luta pela revoga\u00e7\u00e3o da reforma da previd\u00eancia e a retomada do investimento social na seguridade dos nossos trabalhadores. <\/span><span class=\"NormalTextRun SCXW261400408 BCX0\">Afinal, temos assegurado em nossa Constitui\u00e7\u00e3o a garantia a direitos sociais como a previd\u00eancia social, a educa\u00e7\u00e3o, a sa\u00fade, a alimenta\u00e7\u00e3o, o trabalho, a moradia, o transporte, o lazer, a seguran\u00e7a, bem como a valoriza\u00e7\u00e3o social do trabalho humano.<\/span><\/span><span class=\"LineBreakBlob BlobObject DragDrop SCXW261400408 BCX0\"><span class=\"SCXW261400408 BCX0\">\u00a0<\/span><br class=\"SCXW261400408 BCX0\"\/><\/span><span class=\"LineBreakBlob BlobObject DragDrop SCXW261400408 BCX0\"><span class=\"SCXW261400408 BCX0\">\u00a0<\/span><br class=\"SCXW261400408 BCX0\"\/><\/span><span class=\"TextRun SCXW261400408 BCX0\" lang=\"PT-BR\" xml:lang=\"PT-BR\" data-contrast=\"auto\"><span class=\"NormalTextRun SCXW261400408 BCX0\">* P<\/span><span class=\"NormalTextRun SCXW261400408 BCX0\">residente do Sindicato dos Servidores Municipais de Ribeir\u00e3o Preto, Guatapar\u00e1 e Prad\u00f3polis<\/span><\/span><span class=\"EOP SCXW261400408 BCX0\" data-ccp-props=\"{&quot;201341983&quot;:0,&quot;335559739&quot;:200,&quot;335559740&quot;:276}\">\u00a0<\/span><\/p>\n<\/div>\n<p><script async src=\"\/\/platform.twitter.com\/widgets.js\" charset=\"utf-8\"><\/script><br \/>\n<br \/><br \/>\n<br \/><a href=\"https:\/\/www.tribunaribeirao.com.br\/site\/pela-valorizacao-da-aposentadoria-do-trabalho-e-da-vida\/\">Source link <\/a><\/p>\n<!-- CONTENT END 1 -->\n","protected":false},"excerpt":{"rendered":"<p>24 de janeiro de 2024 | 8:1023 de janeiro de 2024 | 17:12 0 Valdir Avelino *\u00a0[email\u00a0protected]\u00a0\u00a0No in\u00edcio desta semana, a Central dos Trabalhadores e&#8230;<\/p>\n","protected":false},"author":1,"featured_media":32129,"comment_status":"open","ping_status":"open","sticky":false,"template":"","format":"standard","meta":{"advanced_seo_description":"","jetpack_seo_html_title":"","jetpack_seo_noindex":false,"jetpack_post_was_ever_published":false,"_jetpack_newsletter_access":"","_jetpack_dont_email_post_to_subs":false,"_jetpack_newsletter_tier_id":0,"_jetpack_memberships_contains_paywalled_content":false,"_jetpack_memberships_contains_paid_content":false,"footnotes":"","jetpack_publicize_message":"","jetpack_publicize_feature_enabled":true,"jetpack_social_post_already_shared":true,"jetpack_social_options":{"image_generator_settings":{"template":"highway","default_image_id":0,"font":"","enabled":false},"version":2}},"categories":[11],"tags":[2809,188,583,2450,1046],"class_list":["post-32128","post","type-post","status-publish","format-standard","has-post-thumbnail","hentry","category-noticias-de-ribeirao-preto-sp-e-regiao-ismael-colosi","tag-aposentadoria","tag-pela","tag-trabalho","tag-valorizacao","tag-vida"],"jetpack_publicize_connections":[],"jetpack_featured_media_url":"https:\/\/i0.wp.com\/noticiasribeiraopreto.com.br\/wp-content\/uploads\/2024\/01\/1706094904_valdiravelino.jpg?fit=700%2C450&ssl=1","jetpack-related-posts":[{"id":38683,"url":"https:\/\/noticiasribeiraopreto.com.br\/index.php\/2024\/02\/21\/os-tres-eixos-da-nossa-campanha-salarial-em-2024\/","url_meta":{"origin":32128,"position":0},"title":"Os tr\u00eas eixos da nossa campanha salarial em 2024","author":"noticiasribeiraopreto.com.br","date":"21 de February de 2024","format":false,"excerpt":"21 de fevereiro de 2024 | 8:1020 de fevereiro de 2024 | 18:40 0Valdir Avelino * \u00a0[email\u00a0protected]\u00a0\u00a0Para fortalecer e tornar o servi\u00e7o p\u00fablico municipal cada vez mais \u00e1gil, eficiente e capacitado para atender \u00e0s demandas crescentes da nossa cidade, o Sindicato dos Servidores Municipais de Ribeir\u00e3o Preto, Guatapar\u00e1 e Prad\u00f3polis\u2026","rel":"","context":"In &quot;Not\u00edcias de Ribeir\u00e3o Preto-SP e Regi\u00e3o&quot;","block_context":{"text":"Not\u00edcias de Ribeir\u00e3o Preto-SP e Regi\u00e3o","link":"https:\/\/noticiasribeiraopreto.com.br\/index.php\/category\/noticias-de-ribeirao-preto-sp-e-regiao-ismael-colosi\/"},"img":{"alt_text":"","src":"https:\/\/i0.wp.com\/noticiasribeiraopreto.com.br\/wp-content\/uploads\/2024\/02\/valdiravelino.jpg?fit=700%2C450&ssl=1&resize=350%2C200","width":350,"height":200,"srcset":"https:\/\/i0.wp.com\/noticiasribeiraopreto.com.br\/wp-content\/uploads\/2024\/02\/valdiravelino.jpg?fit=700%2C450&ssl=1&resize=350%2C200 1x, https:\/\/i0.wp.com\/noticiasribeiraopreto.com.br\/wp-content\/uploads\/2024\/02\/valdiravelino.jpg?fit=700%2C450&ssl=1&resize=525%2C300 1.5x, https:\/\/i0.wp.com\/noticiasribeiraopreto.com.br\/wp-content\/uploads\/2024\/02\/valdiravelino.jpg?fit=700%2C450&ssl=1&resize=700%2C400 2x"},"classes":[]},{"id":9451,"url":"https:\/\/noticiasribeiraopreto.com.br\/index.php\/2023\/12\/02\/descubra-quem-tem-direito-e-como-solicitar\/","url_meta":{"origin":32128,"position":1},"title":"Descubra Quem Tem Direito e Como Solicitar","author":"noticiasribeiraopreto.com.br","date":"2 de December de 2023","format":false,"excerpt":"A aposentadoria antecipada \u00e9 um recurso indispens\u00e1vel para quem busca desvendar os caminhos que levam \u00e0 t\u00e3o almejada liberdade financeira. Se voc\u00ea j\u00e1 se perguntou sobre a possibilidade de se aposentar antes do tempo e como isso pode impactar positivamente sua vida, est\u00e1 no lugar certo. Entendemos que a decis\u00e3o\u2026","rel":"","context":"In &quot;Dinheiro e Investimento&quot;","block_context":{"text":"Dinheiro e Investimento","link":"https:\/\/noticiasribeiraopreto.com.br\/index.php\/category\/dinheiro-e-investimento-como-fazer-como-ganhar\/"},"img":{"alt_text":"","src":"https:\/\/i0.wp.com\/noticiasribeiraopreto.com.br\/wp-content\/uploads\/2023\/12\/concentrated-female-pensioner-wearing-eyeglasses-focused-financial-papers-while-paying-bills-online-using-laptop-holding-pencil-making-notes-people-technology-finances-domestic-budget.jpg?fit=1000%2C667&ssl=1&resize=350%2C200","width":350,"height":200,"srcset":"https:\/\/i0.wp.com\/noticiasribeiraopreto.com.br\/wp-content\/uploads\/2023\/12\/concentrated-female-pensioner-wearing-eyeglasses-focused-financial-papers-while-paying-bills-online-using-laptop-holding-pencil-making-notes-people-technology-finances-domestic-budget.jpg?fit=1000%2C667&ssl=1&resize=350%2C200 1x, https:\/\/i0.wp.com\/noticiasribeiraopreto.com.br\/wp-content\/uploads\/2023\/12\/concentrated-female-pensioner-wearing-eyeglasses-focused-financial-papers-while-paying-bills-online-using-laptop-holding-pencil-making-notes-people-technology-finances-domestic-budget.jpg?fit=1000%2C667&ssl=1&resize=525%2C300 1.5x, https:\/\/i0.wp.com\/noticiasribeiraopreto.com.br\/wp-content\/uploads\/2023\/12\/concentrated-female-pensioner-wearing-eyeglasses-focused-financial-papers-while-paying-bills-online-using-laptop-holding-pencil-making-notes-people-technology-finances-domestic-budget.jpg?fit=1000%2C667&ssl=1&resize=700%2C400 2x"},"classes":[]},{"id":23074,"url":"https:\/\/noticiasribeiraopreto.com.br\/index.php\/2024\/01\/01\/inss-em-2024-aposentadoria-especial-tem-novas-regras-veja-valores-e-como-solicitar\/","url_meta":{"origin":32128,"position":2},"title":"INSS em 2024: Aposentadoria especial tem novas regras; veja valores e como solicitar","author":"noticiasribeiraopreto.com.br","date":"1 de January de 2024","format":false,"excerpt":"A aposentadoria especial do INSS em 2024 apresenta nuances importantes devido \u00e0 Reforma da Previd\u00eancia de 2019. Os sistemas de transi\u00e7\u00e3o, estabelecidos na reforma, foram direcionados a quem j\u00e1 contribu\u00eda antes das mudan\u00e7as e estava prestes a se aposentar por idade ou tempo de contribui\u00e7\u00e3o. Para os trabalhadores do setor\u2026","rel":"","context":"In &quot;Vagas de Emprego em Ribeir\u00e3o Preto-SP&quot;","block_context":{"text":"Vagas de Emprego em Ribeir\u00e3o Preto-SP","link":"https:\/\/noticiasribeiraopreto.com.br\/index.php\/category\/empregos-classificados-vagas-trabalho\/vagas-de-empregos-em-ribeirao-preto-regiao-brasil\/"},"img":{"alt_text":"","src":"","width":0,"height":0},"classes":[]},{"id":23492,"url":"https:\/\/noticiasribeiraopreto.com.br\/index.php\/2024\/01\/02\/otima-noticia-no-inicio-de-2024-para-aposentados-que-ganham-mais-que-o-minimo-2\/","url_meta":{"origin":32128,"position":3},"title":"\u00d3TIMA NOT\u00cdCIA no in\u00edcio de 2024 para aposentados que ganham mais que o m\u00ednimo","author":"noticiasribeiraopreto.com.br","date":"2 de January de 2024","format":false,"excerpt":"Uma \u00f3tima not\u00edcia no in\u00edcio de 2024 para aposentados que ganham mais que um sal\u00e1rio m\u00ednimo. O INSS iniciou o pagamento para este grupo nesta ter\u00e7a-feira (2). Segundo informa\u00e7\u00f5es do Minist\u00e9rio da Previd\u00eancia Social, 37 milh\u00f5es de pessoas ser\u00e3o contempladas com os repasses ao longo do calend\u00e1rio de dezembro.\u00a0\u00a0 As\u2026","rel":"","context":"In &quot;Vagas de Emprego em Ribeir\u00e3o Preto-SP&quot;","block_context":{"text":"Vagas de Emprego em Ribeir\u00e3o Preto-SP","link":"https:\/\/noticiasribeiraopreto.com.br\/index.php\/category\/empregos-classificados-vagas-trabalho\/vagas-de-empregos-em-ribeirao-preto-regiao-brasil\/"},"img":{"alt_text":"","src":"https:\/\/i0.wp.com\/noticiasribeiraopreto.com.br\/wp-content\/uploads\/2024\/01\/novo-lula-evento-agencia-brasil-2.jpg?fit=1200%2C675&ssl=1&resize=350%2C200","width":350,"height":200,"srcset":"https:\/\/i0.wp.com\/noticiasribeiraopreto.com.br\/wp-content\/uploads\/2024\/01\/novo-lula-evento-agencia-brasil-2.jpg?fit=1200%2C675&ssl=1&resize=350%2C200 1x, https:\/\/i0.wp.com\/noticiasribeiraopreto.com.br\/wp-content\/uploads\/2024\/01\/novo-lula-evento-agencia-brasil-2.jpg?fit=1200%2C675&ssl=1&resize=525%2C300 1.5x, https:\/\/i0.wp.com\/noticiasribeiraopreto.com.br\/wp-content\/uploads\/2024\/01\/novo-lula-evento-agencia-brasil-2.jpg?fit=1200%2C675&ssl=1&resize=700%2C400 2x, https:\/\/i0.wp.com\/noticiasribeiraopreto.com.br\/wp-content\/uploads\/2024\/01\/novo-lula-evento-agencia-brasil-2.jpg?fit=1200%2C675&ssl=1&resize=1050%2C600 3x"},"classes":[]},{"id":16630,"url":"https:\/\/noticiasribeiraopreto.com.br\/index.php\/2023\/12\/15\/fgts-em-janeiro-2024-saques-ilimitados-estao-confirmados\/","url_meta":{"origin":32128,"position":4},"title":"FGTS em janeiro 2024: saques ilimitados est\u00e3o confirmados?","author":"noticiasribeiraopreto.com.br","date":"15 de December de 2023","format":false,"excerpt":"Cr\u00e9ditos: Ag\u00eancia Brasil\/Marcelo CamargoGoverno inicia MEGA transforma\u00e7\u00e3o no FGTS que vai mudar sua vida Com a virada do ano se aproximando, trabalhadores que pretendem realizar o saque do FGTS (Fundo de Garantia do Tempo de Servi\u00e7o) em janeiro de 2024 j\u00e1 devem se atentar \u00e0s oportunidades dispon\u00edveis. Antes mesmo do\u2026","rel":"","context":"In &quot;Variedades&quot;","block_context":{"text":"Variedades","link":"https:\/\/noticiasribeiraopreto.com.br\/index.php\/category\/variedades\/"},"img":{"alt_text":"","src":"https:\/\/i0.wp.com\/noticiasribeiraopreto.com.br\/wp-content\/uploads\/2023\/12\/istock-1222011623.jpg?fit=1200%2C638&ssl=1&resize=350%2C200","width":350,"height":200,"srcset":"https:\/\/i0.wp.com\/noticiasribeiraopreto.com.br\/wp-content\/uploads\/2023\/12\/istock-1222011623.jpg?fit=1200%2C638&ssl=1&resize=350%2C200 1x, https:\/\/i0.wp.com\/noticiasribeiraopreto.com.br\/wp-content\/uploads\/2023\/12\/istock-1222011623.jpg?fit=1200%2C638&ssl=1&resize=525%2C300 1.5x, https:\/\/i0.wp.com\/noticiasribeiraopreto.com.br\/wp-content\/uploads\/2023\/12\/istock-1222011623.jpg?fit=1200%2C638&ssl=1&resize=700%2C400 2x, https:\/\/i0.wp.com\/noticiasribeiraopreto.com.br\/wp-content\/uploads\/2023\/12\/istock-1222011623.jpg?fit=1200%2C638&ssl=1&resize=1050%2C600 3x"},"classes":[]},{"id":18014,"url":"https:\/\/noticiasribeiraopreto.com.br\/index.php\/2023\/12\/19\/nao-seja-pego-de-surpresa-pelas-novas-regras-para-aposentadoria-confira\/","url_meta":{"origin":32128,"position":5},"title":"N\u00e3o seja pego de surpresa pelas novas regras para aposentadoria; confira","author":"noticiasribeiraopreto.com.br","date":"19 de December de 2023","format":false,"excerpt":"A cada ano que passa, a perspectiva da aposentadoria se afasta ainda mais. Os trabalhadores que almejam se aposentar em 2024 devem estar atentos \u00e0s diretrizes estabelecidas pela reforma da Previd\u00eancia, as quais impactam, entre outros aspectos, o aumento da idade m\u00ednima e do per\u00edodo de contribui\u00e7\u00e3o para o INSS.\u2026","rel":"","context":"In &quot;Variedades&quot;","block_context":{"text":"Variedades","link":"https:\/\/noticiasribeiraopreto.com.br\/index.php\/category\/variedades\/"},"img":{"alt_text":"","src":"https:\/\/i0.wp.com\/noticiasribeiraopreto.com.br\/wp-content\/uploads\/2023\/12\/1703010391_inss-libera-r-18-bilhao-para-beneficiarios-veja-se-voce-vai-receber.png?fit=1200%2C638&ssl=1&resize=350%2C200","width":350,"height":200,"srcset":"https:\/\/i0.wp.com\/noticiasribeiraopreto.com.br\/wp-content\/uploads\/2023\/12\/1703010391_inss-libera-r-18-bilhao-para-beneficiarios-veja-se-voce-vai-receber.png?fit=1200%2C638&ssl=1&resize=350%2C200 1x, https:\/\/i0.wp.com\/noticiasribeiraopreto.com.br\/wp-content\/uploads\/2023\/12\/1703010391_inss-libera-r-18-bilhao-para-beneficiarios-veja-se-voce-vai-receber.png?fit=1200%2C638&ssl=1&resize=525%2C300 1.5x, https:\/\/i0.wp.com\/noticiasribeiraopreto.com.br\/wp-content\/uploads\/2023\/12\/1703010391_inss-libera-r-18-bilhao-para-beneficiarios-veja-se-voce-vai-receber.png?fit=1200%2C638&ssl=1&resize=700%2C400 2x, https:\/\/i0.wp.com\/noticiasribeiraopreto.com.br\/wp-content\/uploads\/2023\/12\/1703010391_inss-libera-r-18-bilhao-para-beneficiarios-veja-se-voce-vai-receber.png?fit=1200%2C638&ssl=1&resize=1050%2C600 3x"},"classes":[]}],"jetpack_sharing_enabled":true,"jetpack_shortlink":"https:\/\/wp.me\/peQAOb-8mc","_links":{"self":[{"href":"https:\/\/noticiasribeiraopreto.com.br\/index.php\/wp-json\/wp\/v2\/posts\/32128","targetHints":{"allow":["GET"]}}],"collection":[{"href":"https:\/\/noticiasribeiraopreto.com.br\/index.php\/wp-json\/wp\/v2\/posts"}],"about":[{"href":"https:\/\/noticiasribeiraopreto.com.br\/index.php\/wp-json\/wp\/v2\/types\/post"}],"author":[{"embeddable":true,"href":"https:\/\/noticiasribeiraopreto.com.br\/index.php\/wp-json\/wp\/v2\/users\/1"}],"replies":[{"embeddable":true,"href":"https:\/\/noticiasribeiraopreto.com.br\/index.php\/wp-json\/wp\/v2\/comments?post=32128"}],"version-history":[{"count":0,"href":"https:\/\/noticiasribeiraopreto.com.br\/index.php\/wp-json\/wp\/v2\/posts\/32128\/revisions"}],"wp:featuredmedia":[{"embeddable":true,"href":"https:\/\/noticiasribeiraopreto.com.br\/index.php\/wp-json\/wp\/v2\/media\/32129"}],"wp:attachment":[{"href":"https:\/\/noticiasribeiraopreto.com.br\/index.php\/wp-json\/wp\/v2\/media?parent=32128"}],"wp:term":[{"taxonomy":"category","embeddable":true,"href":"https:\/\/noticiasribeiraopreto.com.br\/index.php\/wp-json\/wp\/v2\/categories?post=32128"},{"taxonomy":"post_tag","embeddable":true,"href":"https:\/\/noticiasribeiraopreto.com.br\/index.php\/wp-json\/wp\/v2\/tags?post=32128"}],"curies":[{"name":"wp","href":"https:\/\/api.w.org\/{rel}","templated":true}]}}