{"id":32141,"date":"2024-01-24T08:51:50","date_gmt":"2024-01-24T11:51:50","guid":{"rendered":"https:\/\/noticiasribeiraopreto.com.br\/index.php\/2024\/01\/24\/o-que-e-esse-tipo-de-apartamento-veja\/"},"modified":"2024-01-24T08:51:50","modified_gmt":"2024-01-24T11:51:50","slug":"o-que-e-esse-tipo-de-apartamento-veja","status":"publish","type":"post","link":"https:\/\/noticiasribeiraopreto.com.br\/index.php\/2024\/01\/24\/o-que-e-esse-tipo-de-apartamento-veja\/","title":{"rendered":"o que \u00e9 esse tipo de apartamento? Veja"},"content":{"rendered":"<div class='code-block code-block-1' style='margin: 8px 0 8px auto; text-align: right; display: block; clear: both;'>\n<p><a href=\"https:\/\/wa.link\/vpicfd\"><img data-recalc-dims=\"1\" class=\"wp-image-4922\" style=\"aspect-ratio: 2.0253164556962027; width: 561px; height: auto;\" src=\"https:\/\/i0.wp.com\/ismaelcolosi.com.br\/wp-content\/uploads\/2023\/11\/grupo-de-empregos-whatsapp-e-facebook-ismael-colosi-vagas.jpg?ssl=1\" alt=\"\" \/><\/a><\/p>\n<!-- \/wp:image -->\n<\/div>\n<p> <br \/>\n<\/p>\n<div>\n<p>O triplex \u00e9 um tipo de apartamento de alto padr\u00e3o que costuma ser localizado nos \u00faltimos andares de um pr\u00e9dio, contando com escadas e, at\u00e9 mesmo, um elevador privativo em alguns casos. O seu grande tamanho \u00e9 ideal para abrigar fam\u00edlias de classe alta.<\/p>\n<p>Se voc\u00ea quer entender melhor o que \u00e9 um <a href=\"https:\/\/www.cashme.com.br\/blog\/apartamento-tipo-o-que-e-e-quais-as-vantagens-de-ter-um\/\" target=\"_blank\" rel=\"noreferrer noopener\">apartamento tipo<\/a> triplex e quais s\u00e3o as principais caracter\u00edsticas, n\u00f3s preparamos um conte\u00fado completo sobre o assunto que vai te ajudar. Continue a leitura e confira tudo sobre esses im\u00f3veis!<\/p>\n<h2 class=\"wp-block-heading\" id=\"h-o-que-e-um-apartamento-triplex\"><span id=\"O_que_e_um_apartamento_triplex\">O que \u00e9 um apartamento triplex?<\/span><\/h2>\n<p>Geralmente, esses apartamentos ficam localizados nos \u00faltimos pavimentos do pr\u00e9dio, sendo uma estrutura composta de tr\u00eas andares interligados por escadas ou elevadores privativos. Assim, <strong>ele \u00e9 um im\u00f3vel de grande porte, contando com um espa\u00e7o interno bem amplo<\/strong> de, normalmente, 200 metros quadrados ou mais.<\/p>\n<p>No restante, ele segue a composi\u00e7\u00e3o de um apartamento comum, com sala, cozinha, \u00e1rea de servi\u00e7o, banheiro, \u00e1rea de lazer, espa\u00e7o gourmet, piscina e mais c\u00f4modos. Por\u00e9m isso n\u00e3o quer dizer que obrigatoriamente um triplex deva ter essa organiza\u00e7\u00e3o, j\u00e1 que cada um pode ser configurado de maneira diferente.<\/p>\n<p>Uma das maiores vantagens nesse tipo de apartamento \u00e9 o seu espa\u00e7o exclusivo e a sensa\u00e7\u00e3o de privacidade, sendo poss\u00edvel separar as \u00e1reas de conv\u00edvio e de descanso como em uma casa. Com isso, ele \u00e9 \u00f3timo para fam\u00edlias grandes ou pessoas que desejam contar com c\u00f4modos dedicados para v\u00e1rias atividades.<\/p>\n<h2 class=\"wp-block-heading\" id=\"h-qual-a-diferenca-entre-apartamento-triplex-e-duplex\"><span id=\"Qual_a_diferenca_entre_apartamento_triplex_e_duplex\">Qual a diferen\u00e7a entre apartamento triplex e duplex?<\/span><\/h2>\n<p>Basicamente, a principal diferen\u00e7a entre esses dois formatos de apartamento \u00e9 o seu n\u00famero de pavimentos. <strong>Enquanto um im\u00f3vel duplex \u00e9 composto por dois pavimentos, o triplex conta com tr\u00eas andares<\/strong>. Al\u00e9m disso, \u00e9 muito mais comum encontrar unidades de dois andares dispon\u00edveis, o que torna os apartamentos de tr\u00eas pavimentos extremamente exclusivos.<\/p>\n<blockquote class=\"wp-block-quote\">\n<p>Leia tamb\u00e9m: <a href=\"https:\/\/www.cashme.com.br\/blog\/as-3-vantagens-de-morar-em-loft\/\" target=\"_blank\" rel=\"noreferrer noopener\">O que \u00e9 um loft?<\/a><\/p>\n<\/blockquote>\n<div class=\"img has-hover x md-x lg-x y md-y lg-y\" id=\"image_1958715428\">\n\t\t<a class=\"\" href=\"https:\/\/www.cashme.com.br\/emprestimo-com-garantia-de-imovel\/\" target=\"_blank\" rel=\"noopener noreferrer\">\t\t\t\t\t\t<\/p>\n<div class=\"img-inner dark\">\n\t\t\t<picture decoding=\"async\" class=\"attachment-original size-original\"><source type=\"image\/webp\" data-lazy-srcset=\"https:\/\/www.cashme.com.br\/blog\/wp-content\/uploads\/2022\/08\/Banner-central-emprestimo-com-garantia-de-imovel-ago22.png.webp 830w, https:\/\/www.cashme.com.br\/blog\/wp-content\/uploads\/2022\/08\/Banner-central-emprestimo-com-garantia-de-imovel-ago22-300x52.png.webp 300w, https:\/\/www.cashme.com.br\/blog\/wp-content\/uploads\/2022\/08\/Banner-central-emprestimo-com-garantia-de-imovel-ago22-768x134.png.webp 768w\" srcset=\"data:image\/svg+xml,%3Csvg%20xmlns='http:\/\/www.w3.org\/2000\/svg'%20viewBox='0%200%20830%20145'%3E%3C\/svg%3E\" data-lazy-sizes=\"(max-width: 830px) 100vw, 830px\"\/><img data-recalc-dims=\"1\" loading=\"lazy\" decoding=\"async\" width=\"830\" height=\"145\" alt=\"Banner Central Emprestimo com Garantia de imovel - Ago 2022\" srcset=\"https:\/\/www.cashme.com.br\/blog\/wp-content\/uploads\/2022\/08\/Banner-central-emprestimo-com-garantia-de-imovel-ago22.png 830w, https:\/\/www.cashme.com.br\/blog\/wp-content\/uploads\/2022\/08\/Banner-central-emprestimo-com-garantia-de-imovel-ago22-300x52.png 300w, https:\/\/www.cashme.com.br\/blog\/wp-content\/uploads\/2022\/08\/Banner-central-emprestimo-com-garantia-de-imovel-ago22-768x134.png 768w\" data-lazy-sizes=\"(max-width: 830px) 100vw, 830px\" src=\"https:\/\/i0.wp.com\/www.cashme.com.br\/blog\/wp-content\/uploads\/2022\/08\/Banner-central-emprestimo-com-garantia-de-imovel-ago22.png?resize=830%2C145&#038;ssl=1\"\/>\n<\/picture>\n<noscript><picture decoding=\"async\" class=\"attachment-original size-original\"><source type=\"image\/webp\" srcset=\"https:\/\/www.cashme.com.br\/blog\/wp-content\/uploads\/2022\/08\/Banner-central-emprestimo-com-garantia-de-imovel-ago22.png.webp 830w, https:\/\/www.cashme.com.br\/blog\/wp-content\/uploads\/2022\/08\/Banner-central-emprestimo-com-garantia-de-imovel-ago22-300x52.png.webp 300w, https:\/\/www.cashme.com.br\/blog\/wp-content\/uploads\/2022\/08\/Banner-central-emprestimo-com-garantia-de-imovel-ago22-768x134.png.webp 768w\" sizes=\"(max-width: 830px) 100vw, 830px\"\/><img data-recalc-dims=\"1\" loading=\"lazy\" decoding=\"async\" width=\"830\" height=\"145\" src=\"https:\/\/i0.wp.com\/www.cashme.com.br\/blog\/wp-content\/uploads\/2022\/08\/Banner-central-emprestimo-com-garantia-de-imovel-ago22.png?resize=830%2C145&#038;ssl=1\" alt=\"Banner Central Emprestimo com Garantia de imovel - Ago 2022\" srcset=\"https:\/\/www.cashme.com.br\/blog\/wp-content\/uploads\/2022\/08\/Banner-central-emprestimo-com-garantia-de-imovel-ago22.png 830w, https:\/\/www.cashme.com.br\/blog\/wp-content\/uploads\/2022\/08\/Banner-central-emprestimo-com-garantia-de-imovel-ago22-300x52.png 300w, https:\/\/www.cashme.com.br\/blog\/wp-content\/uploads\/2022\/08\/Banner-central-emprestimo-com-garantia-de-imovel-ago22-768x134.png 768w\" sizes=\"auto, (max-width: 830px) 100vw, 830px\"\/>\n<\/picture>\n<\/noscript>\n\t\t\t\t\t<\/div>\n<p>\t\t\t\t\t\t<\/a>\t\t<\/p><\/div>\n<h2 class=\"wp-block-heading\" id=\"h-quais-sao-as-principais-caracteristicas-de-um-triplex\"><span id=\"Quais_sao_as_principais_caracteristicas_de_um_triplex\">Quais s\u00e3o as principais caracter\u00edsticas de um triplex?<\/span><\/h2>\n<p>Um im\u00f3vel do tipo triplex \u00e9 uma propriedade de muita exclusividade e luxo, por isso, ele conta com algumas caracter\u00edsticas especiais que ajudam a identific\u00e1-lo como um apartamento de alto padr\u00e3o. Confira a seguir os principais atributos:<\/p>\n<h3 class=\"wp-block-heading\" id=\"h-1-vista-unica\">1. Vista \u00fanica<\/h3>\n<p>Geralmente, os apartamentos de tr\u00eas andares ficam localizados nos \u00faltimos pavimentos do pr\u00e9dio, o que traz para eles <strong>uma vista panor\u00e2mica e \u00fanica que permite aos moradores apreciar toda a cidade<\/strong>. Dessa forma, voc\u00ea tem diversos espa\u00e7os no seu apartamento que s\u00e3o perfeitos para receber visitas ou relaxar ap\u00f3s um dia cansativo.<\/p>\n<h3 class=\"wp-block-heading\" id=\"h-2-espaco-interno-amplo-com-seus-tres-pavimentos\">2. Espa\u00e7o interno amplo com seus tr\u00eas pavimentos<\/h3>\n<p>Imagine ter o espa\u00e7o equivalente ao de uma casa, mas em um im\u00f3vel localizado no alto de um pr\u00e9dio e com uma vista incr\u00edvel, al\u00e9m de toda a comodidade que o condom\u00ednio oferece.<\/p>\n<p>Com um apartamento triplex, voc\u00ea tem muito mais liberdade para utilizar os c\u00f4modos do im\u00f3vel como quiser, atendendo a todas as suas necessidades. \u00c9 poss\u00edvel montar escrit\u00f3rios para home office, academia, salas de descanso e o que mais desejar em seu im\u00f3vel. Dessa maneira, voc\u00ea tem muito mais conforto e versatilidade na hora de montar os ambientes, contando com muito espa\u00e7o interno.<\/p>\n<h3 class=\"wp-block-heading\" id=\"h-3-mais-flexibilidade-e-versatilidade-no-layout\">3. Mais flexibilidade e versatilidade no layout<\/h3>\n<p>Os apartamentos triplex contam com um layout muito mais flex\u00edvel do que outros im\u00f3veis, permitindo que o dono o personalize conforme as suas pr\u00f3prias necessidades. Voc\u00ea pode <strong>escolher o n\u00famero de c\u00f4modos para conviv\u00eancia, montar uma academia, espa\u00e7o gourmet ou at\u00e9 um escrit\u00f3rio<\/strong> para home office.<\/p>\n<p>Com esse formato de propriedade, voc\u00ea tem total liberdade para explorar todas as possibilidades que os tr\u00eas pavimentos t\u00eam a oferecer.<\/p>\n<h3 class=\"wp-block-heading\" id=\"h-4-maior-privacidade\">4. Maior privacidade<\/h3>\n<p>Uma das principais vantagens do triplex \u00e9 a privacidade. Por ser composto de tr\u00eas andares e ficar nos \u00faltimos pavimentos do pr\u00e9dio, voc\u00ea tem um espa\u00e7o exclusivo somente para a sua fam\u00edlia, sem se preocupar com vizinhos no andar de cima ou no apartamento ao lado.<\/p>\n<p>Al\u00e9m disso, voc\u00ea pode projetar cada andar da maneira que desejar, criando espa\u00e7os que ofere\u00e7am maior privacidade para a conviv\u00eancia da sua fam\u00edlia.<\/p>\n<h3 class=\"wp-block-heading\" id=\"h-5-escada-e-elevador-interno\">5. Escada e elevador interno<\/h3>\n<p>Por conta do tamanho, \u00e9 muito comum que os apartamentos triplex possuam uma escada interna ou elevador para facilitar a transi\u00e7\u00e3o entre os pavimentos. Dessa forma,<strong> voc\u00ea tem uma experi\u00eancia \u00fanica ao passar por cada andar<\/strong>, al\u00e9m de toda a exclusividade que um elevador privativo oferece.<\/p>\n<p>No caso das escadas, voc\u00ea pode fazer decora\u00e7\u00f5es e torn\u00e1-las um elemento importante do design residencial, garantindo ambientes ainda mais exclusivos e refinados.<\/p>\n<p>O <a href=\"https:\/\/www.cashme.com.br\/emprestimo-com-garantia-de-imovel\/\" target=\"_blank\" rel=\"noreferrer noopener\">empr\u00e9stimo com garantia de im\u00f3vel da CashMe<\/a> oferece op\u00e7\u00f5es de cr\u00e9dito de at\u00e9 R$ 15 milh\u00f5es para voc\u00ea realizar a compra de um triplex ou de qualquer outro tipo de bem que desejar. Conte com taxas vantajosas e prazos longos de at\u00e9 240 meses para pagar. Confira essas e outros benef\u00edcios em nosso site.<\/p>\n<p>Viu como \u00e9 um triplex? Esse im\u00f3vel de alto padr\u00e3o <strong>\u00e9 uma \u00f3tima escolha para grandes fam\u00edlias ou pessoas que desejam contar com uma resid\u00eancia totalmente exclusiva<\/strong> e super confort\u00e1vel.<\/p>\n<p>Aproveite para conferir em nosso blog outros conte\u00fados relacionados a im\u00f3veis e aprenda muito mais sobre o mercado imobili\u00e1rio. Acesse e leia tamb\u00e9m o nosso post sobre o <a href=\"https:\/\/www.cashme.com.br\/blog\/rooftop-o-que-e-e-quais-sao-as-suas-vantagens\/\" target=\"_blank\" rel=\"noreferrer noopener\">rooftop<\/a>, outro modelo de apartamento que pode ser interessante para voc\u00ea e que vem se tornando cada vez mais comum.<\/p>\n<\/p><\/div>\n<p><br \/>\n<br \/><a href=\"https:\/\/www.cashme.com.br\/blog\/triplex\/\">Source link <\/a><\/p>\n<!-- CONTENT END 1 -->\n","protected":false},"excerpt":{"rendered":"<p>O triplex \u00e9 um tipo de apartamento de alto padr\u00e3o que costuma ser localizado nos \u00faltimos andares de um pr\u00e9dio, contando com escadas e, at\u00e9&#8230;<\/p>\n","protected":false},"author":1,"featured_media":32142,"comment_status":"open","ping_status":"open","sticky":false,"template":"","format":"standard","meta":{"advanced_seo_description":"","jetpack_seo_html_title":"","jetpack_seo_noindex":false,"jetpack_post_was_ever_published":false,"_jetpack_newsletter_access":"","_jetpack_dont_email_post_to_subs":false,"_jetpack_newsletter_tier_id":0,"_jetpack_memberships_contains_paywalled_content":false,"_jetpack_memberships_contains_paid_content":false,"footnotes":"","jetpack_publicize_message":"","jetpack_publicize_feature_enabled":true,"jetpack_social_post_already_shared":true,"jetpack_social_options":{"image_generator_settings":{"template":"highway","default_image_id":0,"font":"","enabled":false},"version":2}},"categories":[1235],"tags":[],"class_list":["post-32141","post","type-post","status-publish","format-standard","has-post-thumbnail","hentry","category-dinheiro-e-investimento-como-fazer-como-ganhar"],"jetpack_publicize_connections":[],"jetpack_featured_media_url":"https:\/\/i0.wp.com\/noticiasribeiraopreto.com.br\/wp-content\/uploads\/2024\/01\/triplex.jpg?fit=1200%2C600&ssl=1","jetpack-related-posts":[{"id":6713,"url":"https:\/\/noticiasribeiraopreto.com.br\/index.php\/2023\/11\/26\/cameras-de-seguranca-flagraram-suspeito-transitando-em-predio-de-luxo-em-que-dentista-foi-encontrado-sem-vida\/","url_meta":{"origin":32141,"position":0},"title":"C\u00e2meras de seguran\u00e7a flagraram suspeito transitando em pr\u00e9dio de luxo em que dentista foi encontrado sem vida","author":"noticiasribeiraopreto.com.br","date":"26 de November de 2023","format":false,"excerpt":"Registro de c\u00e2meras de seguran\u00e7a revelam o deslocamento do indiv\u00edduo suspeito de estar ligado \u00e0 morte do dentista Lucas Maia de Oliveira, de 36 anos.O corpo do profissional foi descoberto sem vida na tarde de s\u00e1bado (25) em seu apartamento no edif\u00edcio de alto padr\u00e3o Celebration Garibaldi, situado na cidade\u2026","rel":"","context":"In &quot;Blog&quot;","block_context":{"text":"Blog","link":"https:\/\/noticiasribeiraopreto.com.br\/index.php\/category\/blog\/"},"img":{"alt_text":"","src":"https:\/\/i0.wp.com\/noticiasribeiraopreto.com.br\/wp-content\/uploads\/2023\/11\/postimg-6563a41b37e2b5488.jpg?fit=1200%2C628&ssl=1&resize=350%2C200","width":350,"height":200,"srcset":"https:\/\/i0.wp.com\/noticiasribeiraopreto.com.br\/wp-content\/uploads\/2023\/11\/postimg-6563a41b37e2b5488.jpg?fit=1200%2C628&ssl=1&resize=350%2C200 1x, https:\/\/i0.wp.com\/noticiasribeiraopreto.com.br\/wp-content\/uploads\/2023\/11\/postimg-6563a41b37e2b5488.jpg?fit=1200%2C628&ssl=1&resize=525%2C300 1.5x, https:\/\/i0.wp.com\/noticiasribeiraopreto.com.br\/wp-content\/uploads\/2023\/11\/postimg-6563a41b37e2b5488.jpg?fit=1200%2C628&ssl=1&resize=700%2C400 2x, https:\/\/i0.wp.com\/noticiasribeiraopreto.com.br\/wp-content\/uploads\/2023\/11\/postimg-6563a41b37e2b5488.jpg?fit=1200%2C628&ssl=1&resize=1050%2C600 3x"},"classes":[]},{"id":77745,"url":"https:\/\/noticiasribeiraopreto.com.br\/index.php\/2025\/09\/24\/suspeitos-sao-detidos-e-policia-encontra-imovel-usado-por-quadrilha-que-assaltou-predio-no-centro-de-ribeirao\/","url_meta":{"origin":32141,"position":1},"title":"Suspeitos s\u00e3o detidos e pol\u00edcia encontra im\u00f3vel usado por quadrilha que assaltou pr\u00e9dio no Centro de Ribeir\u00e3o","author":"noticiasribeiraopreto.com.br","date":"24 de September de 2025","format":false,"excerpt":"A Pol\u00edcia Civil deteve nesta quarta-feira (24) um homem e uma mulher suspeitos de participa\u00e7\u00e3o no roubo a um pr\u00e9dio de apartamentos no Centro de Ribeir\u00e3o Preto, ocorrido na manh\u00e3 de hoje. Durante as buscas, a pol\u00edcia tamb\u00e9m encontrou um apartamento na rua Itagua\u00e7u, zona Norte da cidade, usado como\u2026","rel":"","context":"In &quot;Not\u00edcias de Ribeir\u00e3o Preto-SP e Regi\u00e3o&quot;","block_context":{"text":"Not\u00edcias de Ribeir\u00e3o Preto-SP e Regi\u00e3o","link":"https:\/\/noticiasribeiraopreto.com.br\/index.php\/category\/noticias-de-ribeirao-preto-sp-e-regiao-ismael-colosi\/"},"img":{"alt_text":"","src":"https:\/\/i0.wp.com\/noticiasribeiraopreto.com.br\/wp-content\/uploads\/2025\/09\/Copia-de-Copia-de-Copia-de-TAMANHO-EXATO-PARA-FOTOS-NO-SISTEMA-NOVO-2025-09-24T194626.608_2025-09-24_22-47-19.webp.webp?fit=1200%2C675&ssl=1&resize=350%2C200","width":350,"height":200,"srcset":"https:\/\/i0.wp.com\/noticiasribeiraopreto.com.br\/wp-content\/uploads\/2025\/09\/Copia-de-Copia-de-Copia-de-TAMANHO-EXATO-PARA-FOTOS-NO-SISTEMA-NOVO-2025-09-24T194626.608_2025-09-24_22-47-19.webp.webp?fit=1200%2C675&ssl=1&resize=350%2C200 1x, https:\/\/i0.wp.com\/noticiasribeiraopreto.com.br\/wp-content\/uploads\/2025\/09\/Copia-de-Copia-de-Copia-de-TAMANHO-EXATO-PARA-FOTOS-NO-SISTEMA-NOVO-2025-09-24T194626.608_2025-09-24_22-47-19.webp.webp?fit=1200%2C675&ssl=1&resize=525%2C300 1.5x, https:\/\/i0.wp.com\/noticiasribeiraopreto.com.br\/wp-content\/uploads\/2025\/09\/Copia-de-Copia-de-Copia-de-TAMANHO-EXATO-PARA-FOTOS-NO-SISTEMA-NOVO-2025-09-24T194626.608_2025-09-24_22-47-19.webp.webp?fit=1200%2C675&ssl=1&resize=700%2C400 2x, https:\/\/i0.wp.com\/noticiasribeiraopreto.com.br\/wp-content\/uploads\/2025\/09\/Copia-de-Copia-de-Copia-de-TAMANHO-EXATO-PARA-FOTOS-NO-SISTEMA-NOVO-2025-09-24T194626.608_2025-09-24_22-47-19.webp.webp?fit=1200%2C675&ssl=1&resize=1050%2C600 3x"},"classes":[]},{"id":64866,"url":"https:\/\/noticiasribeiraopreto.com.br\/index.php\/2025\/03\/13\/gatos-morrem-apos-inalarem-fumaca-de-incendio-em-apartamento-no-centro-de-ribeirao-preto\/","url_meta":{"origin":32141,"position":2},"title":"Gatos morrem ap\u00f3s inalarem fuma\u00e7a de inc\u00eandio em apartamento no Centro de Ribeir\u00e3o Preto","author":"noticiasribeiraopreto.com.br","date":"13 de March de 2025","format":false,"excerpt":"Dois gatos morreram\u00a0na noite desta quarta-feira (12),\u00a0ap\u00f3s inalarem fuma\u00e7a de um inc\u00eandio em um apartamento, no Centro de Ribeir\u00e3o Preto. Nenhuma pessoa ficou ferida ou precisou de atendimento m\u00e9dico. Assista ao v\u00eddeo abaixo. Segundo o Corpo de Bombeiros, o inc\u00eandio come\u00e7ou pela lavanderia e a fuma\u00e7a se espalhou rapidamente pelo\u2026","rel":"","context":"In &quot;Not\u00edcias de Ribeir\u00e3o Preto-SP e Regi\u00e3o&quot;","block_context":{"text":"Not\u00edcias de Ribeir\u00e3o Preto-SP e Regi\u00e3o","link":"https:\/\/noticiasribeiraopreto.com.br\/index.php\/category\/noticias-de-ribeirao-preto-sp-e-regiao-ismael-colosi\/"},"img":{"alt_text":"","src":"https:\/\/i0.wp.com\/noticiasribeiraopreto.com.br\/wp-content\/uploads\/2025\/03\/INCENDIO_2025-03-13_09-53-39_jpg_2025-03-13_09-53-40.webp.webp?fit=1200%2C732&ssl=1&resize=350%2C200","width":350,"height":200,"srcset":"https:\/\/i0.wp.com\/noticiasribeiraopreto.com.br\/wp-content\/uploads\/2025\/03\/INCENDIO_2025-03-13_09-53-39_jpg_2025-03-13_09-53-40.webp.webp?fit=1200%2C732&ssl=1&resize=350%2C200 1x, https:\/\/i0.wp.com\/noticiasribeiraopreto.com.br\/wp-content\/uploads\/2025\/03\/INCENDIO_2025-03-13_09-53-39_jpg_2025-03-13_09-53-40.webp.webp?fit=1200%2C732&ssl=1&resize=525%2C300 1.5x, https:\/\/i0.wp.com\/noticiasribeiraopreto.com.br\/wp-content\/uploads\/2025\/03\/INCENDIO_2025-03-13_09-53-39_jpg_2025-03-13_09-53-40.webp.webp?fit=1200%2C732&ssl=1&resize=700%2C400 2x, https:\/\/i0.wp.com\/noticiasribeiraopreto.com.br\/wp-content\/uploads\/2025\/03\/INCENDIO_2025-03-13_09-53-39_jpg_2025-03-13_09-53-40.webp.webp?fit=1200%2C732&ssl=1&resize=1050%2C600 3x"},"classes":[]},{"id":69076,"url":"https:\/\/noticiasribeiraopreto.com.br\/index.php\/2025\/05\/02\/jornal-da-franca-ate-que-andar-de-um-predio-um-mosquito-da-dengue-pode-subir-descubra-agora\/","url_meta":{"origin":32141,"position":3},"title":"Jornal da Franca &#8211; At\u00e9 que andar de um pr\u00e9dio um mosquito da dengue pode subir? Descubra agora!","author":"noticiasribeiraopreto.com.br","date":"2 de May de 2025","format":false,"excerpt":"compartilhar no whatsapp compartilhar no telegram compartilhar no facebook compartilhar no linkedin Ser\u00e1 que voc\u00ea realmente est\u00e1 a salvo do mosquito da dengue morando em apartamento? Descubra at\u00e9 que altura ele consegue subir Morar em apartamento n\u00e3o significa que voc\u00ea est\u00e1 100% protegido do mosquito da dengue \u2013 foto Arquivo\u2026","rel":"","context":"In &quot;Not\u00edcias de Franca-SP&quot;","block_context":{"text":"Not\u00edcias de Franca-SP","link":"https:\/\/noticiasribeiraopreto.com.br\/index.php\/category\/noticias-de-ribeirao-preto-sp-e-regiao-ismael-colosi\/noticias-franca-sp\/"},"img":{"alt_text":"","src":"https:\/\/i0.wp.com\/noticiasribeiraopreto.com.br\/wp-content\/uploads\/2025\/05\/Jornal-da-Franca-Mosquito-da-dengue.jpg?fit=1200%2C800&ssl=1&resize=350%2C200","width":350,"height":200,"srcset":"https:\/\/i0.wp.com\/noticiasribeiraopreto.com.br\/wp-content\/uploads\/2025\/05\/Jornal-da-Franca-Mosquito-da-dengue.jpg?fit=1200%2C800&ssl=1&resize=350%2C200 1x, https:\/\/i0.wp.com\/noticiasribeiraopreto.com.br\/wp-content\/uploads\/2025\/05\/Jornal-da-Franca-Mosquito-da-dengue.jpg?fit=1200%2C800&ssl=1&resize=525%2C300 1.5x, https:\/\/i0.wp.com\/noticiasribeiraopreto.com.br\/wp-content\/uploads\/2025\/05\/Jornal-da-Franca-Mosquito-da-dengue.jpg?fit=1200%2C800&ssl=1&resize=700%2C400 2x, https:\/\/i0.wp.com\/noticiasribeiraopreto.com.br\/wp-content\/uploads\/2025\/05\/Jornal-da-Franca-Mosquito-da-dengue.jpg?fit=1200%2C800&ssl=1&resize=1050%2C600 3x"},"classes":[]},{"id":81040,"url":"https:\/\/noticiasribeiraopreto.com.br\/index.php\/2025\/12\/22\/incendio-atinge-apartamento-e-deixa-tres-mortos-no-interior-de-sp\/","url_meta":{"origin":32141,"position":4},"title":"Inc\u00eandio atinge apartamento e deixa tr\u00eas mortos no interior de SP","author":"noticiasribeiraopreto.com.br","date":"22 de December de 2025","format":false,"excerpt":"Um\u00a0inc\u00eandio de grandes propor\u00e7\u00f5es\u00a0atingiu um\u00a0apartamento no 14\u00ba andar de um pr\u00e9dio\u00a0residencial e\u00a0deixou\u00a0tr\u00eas pessoas mortas\u00a0na manh\u00e3 deste\u00a0domingo (21), em\u00a0Piracicaba (SP). Al\u00e9m das v\u00edtimas humanas,\u00a0um cachorro e um gato tamb\u00e9m morreram\u00a0no im\u00f3vel. Segundo o\u00a0Corpo de Bombeiros, o chamado foi registrado \u00e0s 10h36 no condom\u00ednio Villa Serena, localizado na\u00a0avenida Francisco Luiz Rasera,\u00a0no\u00a0bairro \u00c1gua\u2026","rel":"","context":"In &quot;Not\u00edcias de Ribeir\u00e3o Preto-SP e Regi\u00e3o&quot;","block_context":{"text":"Not\u00edcias de Ribeir\u00e3o Preto-SP e Regi\u00e3o","link":"https:\/\/noticiasribeiraopreto.com.br\/index.php\/category\/noticias-de-ribeirao-preto-sp-e-regiao-ismael-colosi\/"},"img":{"alt_text":"","src":"https:\/\/i0.wp.com\/noticiasribeiraopreto.com.br\/wp-content\/uploads\/2025\/12\/incendio_2025-12-21_20-41-31.webp.webp?fit=1200%2C749&ssl=1&resize=350%2C200","width":350,"height":200,"srcset":"https:\/\/i0.wp.com\/noticiasribeiraopreto.com.br\/wp-content\/uploads\/2025\/12\/incendio_2025-12-21_20-41-31.webp.webp?fit=1200%2C749&ssl=1&resize=350%2C200 1x, https:\/\/i0.wp.com\/noticiasribeiraopreto.com.br\/wp-content\/uploads\/2025\/12\/incendio_2025-12-21_20-41-31.webp.webp?fit=1200%2C749&ssl=1&resize=525%2C300 1.5x, https:\/\/i0.wp.com\/noticiasribeiraopreto.com.br\/wp-content\/uploads\/2025\/12\/incendio_2025-12-21_20-41-31.webp.webp?fit=1200%2C749&ssl=1&resize=700%2C400 2x, https:\/\/i0.wp.com\/noticiasribeiraopreto.com.br\/wp-content\/uploads\/2025\/12\/incendio_2025-12-21_20-41-31.webp.webp?fit=1200%2C749&ssl=1&resize=1050%2C600 3x"},"classes":[]},{"id":78028,"url":"https:\/\/noticiasribeiraopreto.com.br\/index.php\/2025\/10\/01\/assaltante-preso-em-sp-e-trazido-a-rp\/","url_meta":{"origin":32141,"position":5},"title":"Assaltante preso em SP \u00e9 trazido a RP","author":"noticiasribeiraopreto.com.br","date":"1 de October de 2025","format":false,"excerpt":"Por: Adalberto Luque Lu\u00eds Rinaldo da Silva, preso na Vila Mariana, zona Sul da Capital, na noite de segunda-feira (29), chegou a Ribeir\u00e3o Preto na noite desta ter\u00e7a-feira (30). Ele passou por audi\u00eancia de cust\u00f3dia na Capital e a Justi\u00e7a confirmou sua pris\u00e3o tempor\u00e1ria. O homem chegou na Central de\u2026","rel":"","context":"In &quot;Not\u00edcias de Ribeir\u00e3o Preto-SP e Regi\u00e3o&quot;","block_context":{"text":"Not\u00edcias de Ribeir\u00e3o Preto-SP e Regi\u00e3o","link":"https:\/\/noticiasribeiraopreto.com.br\/index.php\/category\/noticias-de-ribeirao-preto-sp-e-regiao-ismael-colosi\/"},"img":{"alt_text":"","src":"https:\/\/i0.wp.com\/noticiasribeiraopreto.com.br\/wp-content\/uploads\/2025\/10\/30-set-2025-assaltopredio2.jpg?fit=602%2C756&ssl=1&resize=350%2C200","width":350,"height":200,"srcset":"https:\/\/i0.wp.com\/noticiasribeiraopreto.com.br\/wp-content\/uploads\/2025\/10\/30-set-2025-assaltopredio2.jpg?fit=602%2C756&ssl=1&resize=350%2C200 1x, https:\/\/i0.wp.com\/noticiasribeiraopreto.com.br\/wp-content\/uploads\/2025\/10\/30-set-2025-assaltopredio2.jpg?fit=602%2C756&ssl=1&resize=525%2C300 1.5x"},"classes":[]}],"jetpack_sharing_enabled":true,"jetpack_shortlink":"https:\/\/wp.me\/peQAOb-8mp","_links":{"self":[{"href":"https:\/\/noticiasribeiraopreto.com.br\/index.php\/wp-json\/wp\/v2\/posts\/32141","targetHints":{"allow":["GET"]}}],"collection":[{"href":"https:\/\/noticiasribeiraopreto.com.br\/index.php\/wp-json\/wp\/v2\/posts"}],"about":[{"href":"https:\/\/noticiasribeiraopreto.com.br\/index.php\/wp-json\/wp\/v2\/types\/post"}],"author":[{"embeddable":true,"href":"https:\/\/noticiasribeiraopreto.com.br\/index.php\/wp-json\/wp\/v2\/users\/1"}],"replies":[{"embeddable":true,"href":"https:\/\/noticiasribeiraopreto.com.br\/index.php\/wp-json\/wp\/v2\/comments?post=32141"}],"version-history":[{"count":0,"href":"https:\/\/noticiasribeiraopreto.com.br\/index.php\/wp-json\/wp\/v2\/posts\/32141\/revisions"}],"wp:featuredmedia":[{"embeddable":true,"href":"https:\/\/noticiasribeiraopreto.com.br\/index.php\/wp-json\/wp\/v2\/media\/32142"}],"wp:attachment":[{"href":"https:\/\/noticiasribeiraopreto.com.br\/index.php\/wp-json\/wp\/v2\/media?parent=32141"}],"wp:term":[{"taxonomy":"category","embeddable":true,"href":"https:\/\/noticiasribeiraopreto.com.br\/index.php\/wp-json\/wp\/v2\/categories?post=32141"},{"taxonomy":"post_tag","embeddable":true,"href":"https:\/\/noticiasribeiraopreto.com.br\/index.php\/wp-json\/wp\/v2\/tags?post=32141"}],"curies":[{"name":"wp","href":"https:\/\/api.w.org\/{rel}","templated":true}]}}