{"id":32147,"date":"2024-01-24T09:13:16","date_gmt":"2024-01-24T12:13:16","guid":{"rendered":"https:\/\/noticiasribeiraopreto.com.br\/index.php\/2024\/01\/24\/pao-de-acucar-pcar3-embolsa-quase-r-800-milhoes-com-a-venda-do-exito-nos-eua-e-colombia-e-varejista-ja-esta-de-olho-em-novos-negocios\/"},"modified":"2024-01-24T09:13:16","modified_gmt":"2024-01-24T12:13:16","slug":"pao-de-acucar-pcar3-embolsa-quase-r-800-milhoes-com-a-venda-do-exito-nos-eua-e-colombia-e-varejista-ja-esta-de-olho-em-novos-negocios","status":"publish","type":"post","link":"https:\/\/noticiasribeiraopreto.com.br\/index.php\/2024\/01\/24\/pao-de-acucar-pcar3-embolsa-quase-r-800-milhoes-com-a-venda-do-exito-nos-eua-e-colombia-e-varejista-ja-esta-de-olho-em-novos-negocios\/","title":{"rendered":"P\u00e3o de A\u00e7\u00facar (PCAR3) embolsa quase R$ 800 milh\u00f5es com a venda do \u00c9xito nos EUA e Col\u00f4mbia \u2014 e varejista j\u00e1 est\u00e1 de olho em novos neg\u00f3cios"},"content":{"rendered":"<div class='code-block code-block-1' style='margin: 8px 0 8px auto; text-align: right; display: block; clear: both;'>\n<p><a href=\"https:\/\/wa.link\/vpicfd\"><img data-recalc-dims=\"1\" class=\"wp-image-4922\" style=\"aspect-ratio: 2.0253164556962027; width: 561px; height: auto;\" src=\"https:\/\/i0.wp.com\/ismaelcolosi.com.br\/wp-content\/uploads\/2023\/11\/grupo-de-empregos-whatsapp-e-facebook-ismael-colosi-vagas.jpg?ssl=1\" alt=\"\" \/><\/a><\/p>\n<!-- \/wp:image -->\n<\/div>\n<p> <br \/>\n<\/p>\n<div id=\"js-first-letter\">\n<p>O <strong>P\u00e3o de A\u00e7\u00facar <\/strong>(<strong>PCAR3<\/strong>) deu mais um passo no plano de diminuir seu endividamento com a conclus\u00e3o da venda da participa\u00e7\u00e3o no <strong>\u00c9xito<\/strong>.<\/p>\n<p>A companhia recebeu US$ 156,4 milh\u00f5es (<strong>R$ 789 milh\u00f5es<\/strong>) pela fatia de 13,31% que possu\u00eda na rede de supermercados colombiana.<\/p>\n<p>O montante \u00e9 resultado da oferta p\u00fablica de aquisi\u00e7\u00e3o (OPA) do Grupo Calleja pelas a\u00e7\u00f5es dos minorit\u00e1rios do \u00c9xito \u2014 incluindo o GPA \u2014 nos Estados Unidos e Col\u00f4mbia.<\/p>\n<p>O valor veio em linha com o <a href=\"https:\/\/www.seudinheiro.com\/2023\/bolsa-dolar\/pao-de-acucar-pcar3-casino-exito-opa-venda-grupo-calleja-rsgp\/\">proposto inicialmente pelo Calleja<\/a> para abocanhar a participa\u00e7\u00e3o do GPA na rede colombiana, de US$ 0,9053 por a\u00e7\u00e3o.<\/p>\n<p>Segundo o P\u00e3o de A\u00e7\u00facar, a conclus\u00e3o da venda do \u00c9xito \u201cmarca o est\u00e1gio mais relevante do plano de venda de ativos \u2018<em>n\u00e3o core<\/em>\u2019\u201d.<\/p>\n<h2 class=\"wp-block-heading\" id=\"h-por-que-o-pao-de-acucar-pcar3-esta-vendendo-seus-ativos\">Por que o P\u00e3o de A\u00e7\u00facar (PCAR3) est\u00e1 vendendo seus ativos?<\/h2>\n<p>Basicamente, a inten\u00e7\u00e3o do P\u00e3o de A\u00e7\u00facar (PCAR3) de colocar \u00e0 venda ativos como o \u00c9xito \u00e9 uma: a redu\u00e7\u00e3o da alavancagem financeira da companhia.<\/p>\n<p>Afinal, o GPA fechou o terceiro trimestre de 2023 com a rela\u00e7\u00e3o d\u00edvida l\u00edquida sobre Ebitda\u00a0 (lucro antes de juros, impostos, deprecia\u00e7\u00e3o e amortiza\u00e7\u00e3o) no patamar de 2,5 vezes \u2014 e pretende diminuir ainda mais esse indicador.<\/p>\n<p>A companhia ainda pretende melhorar a efici\u00eancia da aloca\u00e7\u00e3o de capital, desfazendo-se de bens considerados n\u00e3o essenciais \u00e0 estrat\u00e9gia da varejista.<\/p>\n<p>A empresa j\u00e1 embolsou R$ 1,5 bilh\u00e3o em vendas de ativos desde o segundo trimestre de 2023, incluindo a do \u00c9xito.\u00a0<\/p>\n<p>Desse total, uma parcela de R$ 330 milh\u00f5es \u00e9 referente ao \u201csale and leaseback\u201d de 11 lojas.\u00a0<\/p>\n<p>Enquanto isso, a venda de um terreno situado na Barra da Tijuca, no Rio de Janeiro, rendeu \u00e0 empresa R$ 247 milh\u00f5es.<\/p>\n<p>Por sua vez, a venda de outros ativos considerados n\u00e3o essenciais totalizou R$ 52 milh\u00f5es, enquanto a totalidade da participa\u00e7\u00e3o na Cnova levantou R$ 53,5 milh\u00f5es.\u00a0<\/p>\n<p>Apesar de j\u00e1 ter embolsado mais de um bilh\u00e3o de reais, o P\u00e3o de A\u00e7\u00facar n\u00e3o quer parar por a\u00ed. De acordo com a empresa, a varejista segue em negocia\u00e7\u00e3o para a conclus\u00e3o da venda de outros ativos.\u00a0<\/p>\n<figure class=\"wp-block-embed is-type-video is-provider-youtube wp-block-embed-youtube wp-embed-aspect-16-9 wp-has-aspect-ratio\">\n<p>\n<iframe loading=\"lazy\" title=\"ONDE INVESTIR EM 2024: A\u00c7\u00d5ES, RENDA FIXA, DIVIDENDOS, FIIS, BDRs E CRIPTOMOEDAS - INDICA\u00c7\u00d5ES GR\u00c1TIS\" width=\"500\" height=\"281\" src=\"https:\/\/www.youtube.com\/embed\/12mhWLu7bl4?feature=oembed\" frameborder=\"0\" allow=\"accelerometer; autoplay; clipboard-write; encrypted-media; gyroscope; picture-in-picture; web-share\" referrerpolicy=\"strict-origin-when-cross-origin\" allowfullscreen><\/iframe>\n<\/p>\n<\/figure>\n<h2 class=\"wp-block-heading\" id=\"h-o-follow-on-do-pao-de-acucar-pcar3\">O follow-on do P\u00e3o de A\u00e7\u00facar (PCAR3)<\/h2>\n<p>Al\u00e9m da reorganiza\u00e7\u00e3o de portf\u00f3lio, o GPA aposta em uma oferta de a\u00e7\u00f5es bilion\u00e1rias na bolsa de valores brasileira para reduzir seu n\u00edvel de alavancagem.<\/p>\n<p>Nesta semana, o P\u00e3o de A\u00e7\u00facar superou mais uma etapa necess\u00e1ria para a realiza\u00e7\u00e3o do <em>follow-on<\/em> anunciado em 2023, com a <a href=\"https:\/\/www.seudinheiro.com\/2024\/empresas\/acionistas-do-pao-de-acucar-pcar3-aprovam-aumento-no-limite-de-capital-que-deve-viabilizar-oferta-de-acoes-de-r-1-bilhao-lvit\/\">aprova\u00e7\u00e3o do aumento no limite do capital autorizado <\/a>para at\u00e9 800 milh\u00f5es de a\u00e7\u00f5es ordin\u00e1rias.<\/p>\n<p>O aval dos acionistas era necess\u00e1rio para que o GPA pudesse emitir novas a\u00e7\u00f5es no \u00e2mbito da oferta na qual pretende levantar R$ 1 bilh\u00e3o.<\/p>\n<\/div>\n<p><br \/>\n<br \/><a href=\"https:\/\/www.seudinheiro.com\/2024\/empresas\/pao-de-acucar-pcar3-embolsa-quase-r-800-milhoes-com-a-venda-do-exito-nos-eua-e-colombia-e-varejista-ja-esta-de-olho-em-novos-negocios-miql\/\">Source link <\/a><\/p>\n<!-- CONTENT END 1 -->\n","protected":false},"excerpt":{"rendered":"<p>O P\u00e3o de A\u00e7\u00facar (PCAR3) deu mais um passo no plano de diminuir seu endividamento com a conclus\u00e3o da venda da participa\u00e7\u00e3o no \u00c9xito. A&#8230;<\/p>\n","protected":false},"author":1,"featured_media":32148,"comment_status":"open","ping_status":"open","sticky":false,"template":"","format":"standard","meta":{"advanced_seo_description":"","jetpack_seo_html_title":"","jetpack_seo_noindex":false,"jetpack_post_was_ever_published":false,"_jetpack_newsletter_access":"","_jetpack_dont_email_post_to_subs":false,"_jetpack_newsletter_tier_id":0,"_jetpack_memberships_contains_paywalled_content":false,"_jetpack_memberships_contains_paid_content":false,"footnotes":"","jetpack_publicize_message":"","jetpack_publicize_feature_enabled":true,"jetpack_social_post_already_shared":true,"jetpack_social_options":{"image_generator_settings":{"template":"highway","default_image_id":0,"font":"","enabled":false},"version":2}},"categories":[1235],"tags":[],"class_list":["post-32147","post","type-post","status-publish","format-standard","has-post-thumbnail","hentry","category-dinheiro-e-investimento-como-fazer-como-ganhar"],"jetpack_publicize_connections":[],"jetpack_featured_media_url":"https:\/\/i0.wp.com\/noticiasribeiraopreto.com.br\/wp-content\/uploads\/2024\/01\/GPA-Pao-de-Acucar-2-scaled-e1695148534796-715x402.jpg?fit=715%2C402&ssl=1","jetpack-related-posts":[{"id":13618,"url":"https:\/\/noticiasribeiraopreto.com.br\/index.php\/2023\/12\/10\/comprador-do-exito-exco32-lanca-edital-da-opa-na-colombia-informa-pao-de-acucar-pcar3-veja-as-datas-e-como-participar\/","url_meta":{"origin":32147,"position":0},"title":"Comprador do \u00c9xito (EXCO32) lan\u00e7a edital da OPA na Col\u00f4mbia, informa P\u00e3o de A\u00e7\u00facar (PCAR3); veja as datas e como participar","author":"noticiasribeiraopreto.com.br","date":"10 de December de 2023","format":false,"excerpt":"A Oferta P\u00fablica de Aquisi\u00e7\u00e3o (OPA) da rede de supermercados colombiana \u00c9xito (EXCO32) j\u00e1 tem data para acontecer, pelo menos na bolsa da Col\u00f4mbia. O Grupo P\u00e3o de A\u00e7\u00facar (PCAR3), que vendeu sua participa\u00e7\u00e3o de 13,31% no \u00c9xito para o salvadorenho Grupo Calleja, informou no fim da tarde deste domingo\u2026","rel":"","context":"In &quot;Dinheiro e Investimento&quot;","block_context":{"text":"Dinheiro e Investimento","link":"https:\/\/noticiasribeiraopreto.com.br\/index.php\/category\/dinheiro-e-investimento-como-fazer-como-ganhar\/"},"img":{"alt_text":"","src":"https:\/\/i0.wp.com\/noticiasribeiraopreto.com.br\/wp-content\/uploads\/2023\/12\/Logo_GPA_-_Fachada_Sede-e1692888717598-715x402.jpg?fit=715%2C402&ssl=1&resize=350%2C200","width":350,"height":200,"srcset":"https:\/\/i0.wp.com\/noticiasribeiraopreto.com.br\/wp-content\/uploads\/2023\/12\/Logo_GPA_-_Fachada_Sede-e1692888717598-715x402.jpg?fit=715%2C402&ssl=1&resize=350%2C200 1x, https:\/\/i0.wp.com\/noticiasribeiraopreto.com.br\/wp-content\/uploads\/2023\/12\/Logo_GPA_-_Fachada_Sede-e1692888717598-715x402.jpg?fit=715%2C402&ssl=1&resize=525%2C300 1.5x, https:\/\/i0.wp.com\/noticiasribeiraopreto.com.br\/wp-content\/uploads\/2023\/12\/Logo_GPA_-_Fachada_Sede-e1692888717598-715x402.jpg?fit=715%2C402&ssl=1&resize=700%2C400 2x"},"classes":[]},{"id":13739,"url":"https:\/\/noticiasribeiraopreto.com.br\/index.php\/2023\/12\/11\/pao-de-acucar-contrata-bancos-para-follow-on\/","url_meta":{"origin":32147,"position":1},"title":"P\u00e3o de A\u00e7\u00facar contrata bancos para follow-on","author":"noticiasribeiraopreto.com.br","date":"11 de December de 2023","format":false,"excerpt":"O Grupo P\u00e3o de A\u00e7\u00facar (PCAR3) pretende levantar R$ 1 bilh\u00e3o no mercado com o objetivo de reduzir seu endividamento. Para tanto, a rede de supermercados anunciou na noite de domingo (10) a contrata\u00e7\u00e3o dos bancos Ita\u00fa BBA e BTG Pactual para que analisem a viabilidade e estabele\u00e7am os termos\u2026","rel":"","context":"In &quot;Dinheiro e Investimento&quot;","block_context":{"text":"Dinheiro e Investimento","link":"https:\/\/noticiasribeiraopreto.com.br\/index.php\/category\/dinheiro-e-investimento-como-fazer-como-ganhar\/"},"img":{"alt_text":"","src":"https:\/\/i0.wp.com\/noticiasribeiraopreto.com.br\/wp-content\/uploads\/2023\/12\/GPA-Pao-de-Acucar-2-scaled-e1695148534796-715x402.jpg?fit=715%2C402&ssl=1&resize=350%2C200","width":350,"height":200,"srcset":"https:\/\/i0.wp.com\/noticiasribeiraopreto.com.br\/wp-content\/uploads\/2023\/12\/GPA-Pao-de-Acucar-2-scaled-e1695148534796-715x402.jpg?fit=715%2C402&ssl=1&resize=350%2C200 1x, https:\/\/i0.wp.com\/noticiasribeiraopreto.com.br\/wp-content\/uploads\/2023\/12\/GPA-Pao-de-Acucar-2-scaled-e1695148534796-715x402.jpg?fit=715%2C402&ssl=1&resize=525%2C300 1.5x, https:\/\/i0.wp.com\/noticiasribeiraopreto.com.br\/wp-content\/uploads\/2023\/12\/GPA-Pao-de-Acucar-2-scaled-e1695148534796-715x402.jpg?fit=715%2C402&ssl=1&resize=700%2C400 2x"},"classes":[]},{"id":14822,"url":"https:\/\/noticiasribeiraopreto.com.br\/index.php\/2023\/12\/12\/pao-de-acucar-pcar3-poe-o-pe-no-freio-e-altera-plano-de-abertura-de-novas-lojas-veja-como-vai-ficar\/","url_meta":{"origin":32147,"position":2},"title":"P\u00e3o de A\u00e7\u00facar (PCAR3) p\u00f5e o p\u00e9 no freio e altera plano de abertura de novas lojas; veja como vai ficar","author":"noticiasribeiraopreto.com.br","date":"12 de December de 2023","format":false,"excerpt":"Ap\u00f3s anunciar a inten\u00e7\u00e3o de fazer uma oferta de a\u00e7\u00f5es para captar R$ 1 bilh\u00e3o, o Grupo P\u00e3o de A\u00e7\u00facar (GPA - PCAR3) divulgou, na noite de segunda-feira (11) um fato relevante anunciando uma mudan\u00e7a no seu plano de abertura de novas lojas. No documento arquivado na Comiss\u00e3o de Valores\u2026","rel":"","context":"In &quot;Dinheiro e Investimento&quot;","block_context":{"text":"Dinheiro e Investimento","link":"https:\/\/noticiasribeiraopreto.com.br\/index.php\/category\/dinheiro-e-investimento-como-fazer-como-ganhar\/"},"img":{"alt_text":"","src":"https:\/\/i0.wp.com\/noticiasribeiraopreto.com.br\/wp-content\/uploads\/2023\/12\/Pao-de-Acucar-e1695148561128-715x402.jpg?fit=715%2C402&ssl=1&resize=350%2C200","width":350,"height":200,"srcset":"https:\/\/i0.wp.com\/noticiasribeiraopreto.com.br\/wp-content\/uploads\/2023\/12\/Pao-de-Acucar-e1695148561128-715x402.jpg?fit=715%2C402&ssl=1&resize=350%2C200 1x, https:\/\/i0.wp.com\/noticiasribeiraopreto.com.br\/wp-content\/uploads\/2023\/12\/Pao-de-Acucar-e1695148561128-715x402.jpg?fit=715%2C402&ssl=1&resize=525%2C300 1.5x, https:\/\/i0.wp.com\/noticiasribeiraopreto.com.br\/wp-content\/uploads\/2023\/12\/Pao-de-Acucar-e1695148561128-715x402.jpg?fit=715%2C402&ssl=1&resize=700%2C400 2x"},"classes":[]},{"id":31630,"url":"https:\/\/noticiasribeiraopreto.com.br\/index.php\/2024\/01\/22\/como-o-pao-de-acucar-chegou-perto-de-oferta-de-acoes-de-r-1-bi\/","url_meta":{"origin":32147,"position":3},"title":"Como o P\u00e3o de A\u00e7\u00facar chegou perto de oferta de a\u00e7\u00f5es de R$ 1 bi","author":"noticiasribeiraopreto.com.br","date":"22 de January de 2024","format":false,"excerpt":"O Grupo P\u00e3o de A\u00e7\u00facar (PCAR3) acaba de superar mais uma etapa necess\u00e1ria para a realiza\u00e7\u00e3o de uma oferta de a\u00e7\u00f5es anunciada no final do ano passado. Os acionistas da companhia aprovaram nesta segunda-feira (22) um aumento no limite do capital autorizado para at\u00e9 800 milh\u00f5es de a\u00e7\u00f5es ordin\u00e1rias. O\u2026","rel":"","context":"In &quot;Dinheiro e Investimento&quot;","block_context":{"text":"Dinheiro e Investimento","link":"https:\/\/noticiasribeiraopreto.com.br\/index.php\/category\/dinheiro-e-investimento-como-fazer-como-ganhar\/"},"img":{"alt_text":"","src":"https:\/\/i0.wp.com\/noticiasribeiraopreto.com.br\/wp-content\/uploads\/2024\/01\/Pao-de-Acucar-e1695148561128-715x402.jpg?fit=715%2C402&ssl=1&resize=350%2C200","width":350,"height":200,"srcset":"https:\/\/i0.wp.com\/noticiasribeiraopreto.com.br\/wp-content\/uploads\/2024\/01\/Pao-de-Acucar-e1695148561128-715x402.jpg?fit=715%2C402&ssl=1&resize=350%2C200 1x, https:\/\/i0.wp.com\/noticiasribeiraopreto.com.br\/wp-content\/uploads\/2024\/01\/Pao-de-Acucar-e1695148561128-715x402.jpg?fit=715%2C402&ssl=1&resize=525%2C300 1.5x, https:\/\/i0.wp.com\/noticiasribeiraopreto.com.br\/wp-content\/uploads\/2024\/01\/Pao-de-Acucar-e1695148561128-715x402.jpg?fit=715%2C402&ssl=1&resize=700%2C400 2x"},"classes":[]},{"id":29382,"url":"https:\/\/noticiasribeiraopreto.com.br\/index.php\/2024\/01\/18\/casas-bahia-pao-de-acucar-minerva-e-hora-de-comprar-as-acoes-do-ibovespa-que-mais-cairam-em-2023\/","url_meta":{"origin":32147,"position":4},"title":"Casas Bahia, P\u00e3o de A\u00e7\u00facar, Minerva\u2026 \u00c9 hora de comprar as a\u00e7\u00f5es do Ibovespa que mais ca\u00edram em 2023?","author":"noticiasribeiraopreto.com.br","date":"18 de January de 2024","format":false,"excerpt":"A estrat\u00e9gia de \u201ccomprar na baixa e vender na alta\u201d \u00e9 um dos mantras do mercado financeiro mais perseguido pelos investidores na bolsa de valores \u2014 e um das mais dif\u00edceis tamb\u00e9m.\u00a0 Isso porque nem sempre a queda acentuada de determinada a\u00e7\u00e3o de uma companhia em um determinado per\u00edodo de\u2026","rel":"","context":"In &quot;Dinheiro e Investimento&quot;","block_context":{"text":"Dinheiro e Investimento","link":"https:\/\/noticiasribeiraopreto.com.br\/index.php\/category\/dinheiro-e-investimento-como-fazer-como-ganhar\/"},"img":{"alt_text":"","src":"https:\/\/i0.wp.com\/noticiasribeiraopreto.com.br\/wp-content\/uploads\/2024\/01\/Design-sem-nome-23-628x353.jpg?fit=628%2C353&ssl=1&resize=350%2C200","width":350,"height":200,"srcset":"https:\/\/i0.wp.com\/noticiasribeiraopreto.com.br\/wp-content\/uploads\/2024\/01\/Design-sem-nome-23-628x353.jpg?fit=628%2C353&ssl=1&resize=350%2C200 1x, https:\/\/i0.wp.com\/noticiasribeiraopreto.com.br\/wp-content\/uploads\/2024\/01\/Design-sem-nome-23-628x353.jpg?fit=628%2C353&ssl=1&resize=525%2C300 1.5x"},"classes":[]},{"id":37957,"url":"https:\/\/noticiasribeiraopreto.com.br\/index.php\/2024\/02\/19\/5-licoes-de-abilio-diniz-para-os-negocios-e-para-a-vida\/","url_meta":{"origin":32147,"position":5},"title":"5 li\u00e7\u00f5es de Abilio Diniz para os neg\u00f3cios e para a vida","author":"noticiasribeiraopreto.com.br","date":"19 de February de 2024","format":false,"excerpt":"Let\u00edcia MoreiraAos 87 anos, Abilio Diniz ainda era um dos principais acionistas do grupo Carrefour Brasil, ocupando a vice-presid\u00eancia do colegiado da varejista Fundador do Grupo P\u00e3o de A\u00e7\u00facar e um dos empres\u00e1rios mais importantes do Brasil, Abilio Diniz morreu no \u00faltimo domingo (18), aos 87 anos. O empres\u00e1rio estava\u2026","rel":"","context":"In &quot;Blog&quot;","block_context":{"text":"Blog","link":"https:\/\/noticiasribeiraopreto.com.br\/index.php\/category\/blog\/"},"img":{"alt_text":"","src":"https:\/\/i0.wp.com\/noticiasribeiraopreto.com.br\/wp-content\/uploads\/2024\/02\/carreira-abilio-diniz-1024x683.jpg?fit=1024%2C683&ssl=1&resize=350%2C200","width":350,"height":200,"srcset":"https:\/\/i0.wp.com\/noticiasribeiraopreto.com.br\/wp-content\/uploads\/2024\/02\/carreira-abilio-diniz-1024x683.jpg?fit=1024%2C683&ssl=1&resize=350%2C200 1x, https:\/\/i0.wp.com\/noticiasribeiraopreto.com.br\/wp-content\/uploads\/2024\/02\/carreira-abilio-diniz-1024x683.jpg?fit=1024%2C683&ssl=1&resize=525%2C300 1.5x, https:\/\/i0.wp.com\/noticiasribeiraopreto.com.br\/wp-content\/uploads\/2024\/02\/carreira-abilio-diniz-1024x683.jpg?fit=1024%2C683&ssl=1&resize=700%2C400 2x"},"classes":[]}],"jetpack_sharing_enabled":true,"jetpack_shortlink":"https:\/\/wp.me\/peQAOb-8mv","_links":{"self":[{"href":"https:\/\/noticiasribeiraopreto.com.br\/index.php\/wp-json\/wp\/v2\/posts\/32147","targetHints":{"allow":["GET"]}}],"collection":[{"href":"https:\/\/noticiasribeiraopreto.com.br\/index.php\/wp-json\/wp\/v2\/posts"}],"about":[{"href":"https:\/\/noticiasribeiraopreto.com.br\/index.php\/wp-json\/wp\/v2\/types\/post"}],"author":[{"embeddable":true,"href":"https:\/\/noticiasribeiraopreto.com.br\/index.php\/wp-json\/wp\/v2\/users\/1"}],"replies":[{"embeddable":true,"href":"https:\/\/noticiasribeiraopreto.com.br\/index.php\/wp-json\/wp\/v2\/comments?post=32147"}],"version-history":[{"count":0,"href":"https:\/\/noticiasribeiraopreto.com.br\/index.php\/wp-json\/wp\/v2\/posts\/32147\/revisions"}],"wp:featuredmedia":[{"embeddable":true,"href":"https:\/\/noticiasribeiraopreto.com.br\/index.php\/wp-json\/wp\/v2\/media\/32148"}],"wp:attachment":[{"href":"https:\/\/noticiasribeiraopreto.com.br\/index.php\/wp-json\/wp\/v2\/media?parent=32147"}],"wp:term":[{"taxonomy":"category","embeddable":true,"href":"https:\/\/noticiasribeiraopreto.com.br\/index.php\/wp-json\/wp\/v2\/categories?post=32147"},{"taxonomy":"post_tag","embeddable":true,"href":"https:\/\/noticiasribeiraopreto.com.br\/index.php\/wp-json\/wp\/v2\/tags?post=32147"}],"curies":[{"name":"wp","href":"https:\/\/api.w.org\/{rel}","templated":true}]}}