{"id":32250,"date":"2024-01-24T15:05:17","date_gmt":"2024-01-24T18:05:17","guid":{"rendered":"https:\/\/noticiasribeiraopreto.com.br\/index.php\/2024\/01\/24\/shopping-iguatemi-em-ribeirao-preto-recebe-espaco-de-leitura-infantil\/"},"modified":"2024-01-24T15:05:17","modified_gmt":"2024-01-24T18:05:17","slug":"shopping-iguatemi-em-ribeirao-preto-recebe-espaco-de-leitura-infantil","status":"publish","type":"post","link":"https:\/\/noticiasribeiraopreto.com.br\/index.php\/2024\/01\/24\/shopping-iguatemi-em-ribeirao-preto-recebe-espaco-de-leitura-infantil\/","title":{"rendered":"Shopping de Ribeir\u00e3o Preto recebe espa\u00e7o de leitura infantil"},"content":{"rendered":"<div class='code-block code-block-1' style='margin: 8px 0 8px auto; text-align: right; display: block; clear: both;'>\n<p><a href=\"https:\/\/wa.link\/vpicfd\"><img data-recalc-dims=\"1\" class=\"wp-image-4922\" style=\"aspect-ratio: 2.0253164556962027; width: 561px; height: auto;\" src=\"https:\/\/i0.wp.com\/ismaelcolosi.com.br\/wp-content\/uploads\/2023\/11\/grupo-de-empregos-whatsapp-e-facebook-ismael-colosi-vagas.jpg?ssl=1\" alt=\"\" \/><\/a><\/p>\n<!-- \/wp:image -->\n<\/div>\n<p> <br \/>\n<\/p>\n<div>\n<p><strong>At\u00e9 o dia 8 de abril<\/strong>, o <strong>Shopping Iguatemi de Ribeir\u00e3o Preto<\/strong> recebe o<strong> \u201cLabirinto do Livro Encantado\u201d<\/strong>, um espa\u00e7o de leitura infantil. <strong>A entrada \u00e9 gratuita, com algumas atividades pagas e funciona de segunda-feira a s\u00e1bado, das 10h \u00e0s 22h, e aos domingos, das 12h \u00e0s 20h.<\/strong><\/p>\n<p>O \u201cLabirinto do Livro Encantado\u201d \u00e9 um espa\u00e7o imersivo e sensorial e inspirado nos contos de fadas cl\u00e1ssicos dos irm\u00e3os Grimm, Charles Perrault, Hans Christian Andersen, entre outros. Al\u00e9m disso, alguns cen\u00e1rios tem a possibilidade de intera\u00e7\u00e3o para fotos.<\/p>\n<p>Al\u00e9m de estimular a subjetividade das crian\u00e7as, as atividades tamb\u00e9m s\u00e3o pensadas na sustentabilidade, e \u00e9 estimulado o reaproveitamento de materiais. <\/p>\n<p><strong>O espa\u00e7o fica no Piso Superior do shopping, em frente \u00e0 Casa Pil\u00e3o.<\/strong><\/p>\n<h4 class=\"wp-block-heading\"><strong>Programa\u00e7\u00e3o<\/strong><\/h4>\n<p>O Labirinto do Livro Encantado conta com uma programa\u00e7\u00e3o para toda fam\u00edlia, confira:<\/p>\n<ul>\n<li><strong>Feira L\u00fadica:<\/strong>\u00a0venda de livros infantis, brinquedos educativos e muito mais. Pre\u00e7os variados;<\/li>\n<li><strong>Encontro com personagens:<\/strong> acontece aos s\u00e1bados, das 15h \u00e0s 16h, aberto ao p\u00fablico;<\/li>\n<li><strong>Carruagem Encantada:<\/strong>\u00a0direto dos contos de fadas, ideal para transportar as crian\u00e7as para o mundo da imagina\u00e7\u00e3o e render lindas fotos;<\/li>\n<li><strong>Camarim das Fadas e Duendes:<\/strong>\u00a0venda de fantasias e acess\u00f3rios feitos de tecidos leves;<\/li>\n<li><strong>Conta\u00e7\u00e3o de hist\u00f3rias:<\/strong>\u00a0Um simp\u00e1tico grilo viajante e colecionador de aventuras visita o espa\u00e7o para contar hist\u00f3rias. S\u00e1bado e domingo, das 14h \u00e0s 18h;<\/li>\n<li><strong>Caf\u00e9 com convidados<\/strong>: rodas de conversa com profissionais e especialistas em educa\u00e7\u00e3o e psicologia \u2013 confira a programa\u00e7\u00e3o previamente no site do evento (<a href=\"https:\/\/www.labirintodolivroencantado.com.br\/\">clique aqui<\/a>);<\/li>\n<li><strong>Oficinas \u2013\u00a0<\/strong>ao todo s\u00e3o oito oficinas criativas: Varinha M\u00e1gica, Fada de Papel, Amuletos Encantados, Castelo de Papel, Livro dos Sonhos, Insetos Malucos, Sementinha M\u00e1gica e Pintura de Tela. Todas elas s\u00e3o pagas e \u00e9 poss\u00edvel levar o material para casa para continuar a brincadeira.<\/li>\n<\/ul>\n<p><strong>Destaques:<\/strong><\/p>\n<ul>\n<li><strong>Insetos Malucos com Materiais Coloridos:<\/strong>\u00a0usando materiais fofinhos e coloridos, crie insetos em um lindo jardim de papeis coloridos recortados. A partir de 3 anos; 30 minutos de dura\u00e7\u00e3o.<\/li>\n<li><strong>Pintura de Vasinho para uma Sementinha M\u00e1gica:\u00a0<\/strong>pinte um vasinho de barro para nele plantar uma sementinha m\u00e1gica. A partir de 3 anos; 30 minutos de dura\u00e7\u00e3o.<\/li>\n<li><strong>Amuletos Encantados:\u00a0<\/strong>crie lindas pulseiras e colares e use como amuleto especial. A partir de 3 anos; 30 minutos de dura\u00e7\u00e3o.<\/li>\n<\/ul>\n<h4 class=\"wp-block-heading\"><strong>SERVI\u00c7O <\/strong><\/h4>\n<p><em><strong>\u201cLabirinto do Livro Encantado\u201d<\/strong><\/em><\/p>\n<p><strong><strong>Quando:<\/strong><\/strong>\u00a0de 22 de janeiro a 08 de abril<strong><br \/>Hor\u00e1rio:<\/strong>\u00a0de segunda a s\u00e1bado, das 10h \u00e0s 22h; e domingo, das 12h \u00e0s 20h<strong><br \/>Onde:\u00a0<\/strong>Shopping Iguatemi Ribeir\u00e3o Preto \u2013 Piso Superior, em frente \u00e0 Casa Pil\u00e3o<strong><br \/>Endere\u00e7o:\u00a0<\/strong>Av. Luiz Eduardo Toledo Prado,900 \u2013 Vila do Golfe \u2013 Ribeir\u00e3o Preto-SP<strong><br \/>Valor:\u00a0<\/strong>Entrada gratuita, com atividades internas pagas<\/p>\n<p>SAIBA MAIS<br \/>Danilo Gentili em Ribeir\u00e3o Preto; Veja como comprar os ingressos<\/p>\n<h4 class=\"wp-block-heading\"><strong>FIQUE ON<\/strong><\/h4>\n<p>Fique ligado em tudo que acontece em Ribeir\u00e3o Preto e regi\u00e3o. Siga os perfis do <strong>acidade on<\/strong> no <a href=\"https:\/\/www.instagram.com\/acidadeonribeirao\" target=\"_blank\" rel=\"noreferrer noopener nofollow\">Instagram <\/a>e no <a href=\"https:\/\/www.facebook.com\/acidadeonribeirao\" target=\"_blank\" rel=\"noreferrer noopener nofollow\">Facebook<\/a>.<\/p>\n<p>Receba not\u00edcias do <strong>acidade on <\/strong>no WhatsApp. <a href=\"https:\/\/chat.whatsapp.com\/Bnv2w66ZT4VDyZW3oiZ69n\" target=\"_blank\" rel=\"noreferrer noopener nofollow\">Para entrar no grupo, basta clicar aqui.<\/a><\/p>\n<p>Fa\u00e7a uma den\u00fancia ou sugira uma reportagem sobre Ribeir\u00e3o Preto e regi\u00e3o pelo WhatsApp: 16 99117 7802.<\/p>\n<p>VEJA TAMB\u00c9M<br \/>Rodriguinho tem crise de identidade no BBB 24: \u201cEu n\u00e3o aguento mais\u201d<\/p>\n<p><!-- AI CONTENT END 1 -->\n<\/div>\n<p><script async src=\"\/\/www.instagram.com\/embed.js\"><\/script><br \/>\n<br \/><br \/>\n<br \/><a href=\"https:\/\/www.acidadeon.com\/ribeiraopreto\/lazer-e-cultura\/shopping-iguatemi-em-ribeirao-preto-recebe-espaco-de-leitura-infantil\/\">Source link <\/a><\/p>\n<!-- CONTENT END 1 -->\n","protected":false},"excerpt":{"rendered":"<p>At\u00e9 o dia 8 de abril, o Shopping Iguatemi de Ribeir\u00e3o Preto recebe o \u201cLabirinto do Livro Encantado\u201d, um espa\u00e7o de leitura infantil. A entrada&#8230;<\/p>\n","protected":false},"author":1,"featured_media":32251,"comment_status":"open","ping_status":"open","sticky":false,"template":"","format":"standard","meta":{"advanced_seo_description":"","jetpack_seo_html_title":"","jetpack_seo_noindex":false,"jetpack_post_was_ever_published":false,"_jetpack_newsletter_access":"","_jetpack_dont_email_post_to_subs":false,"_jetpack_newsletter_tier_id":0,"_jetpack_memberships_contains_paywalled_content":false,"_jetpack_memberships_contains_paid_content":false,"footnotes":"","jetpack_publicize_message":"","jetpack_publicize_feature_enabled":true,"jetpack_social_post_already_shared":true,"jetpack_social_options":{"image_generator_settings":{"template":"highway","default_image_id":0,"font":"","enabled":false},"version":2}},"categories":[11],"tags":[192,3848,3847,27,407,26,302],"class_list":["post-32250","post","type-post","status-publish","format-standard","has-post-thumbnail","hentry","category-noticias-de-ribeirao-preto-sp-e-regiao-ismael-colosi","tag-espaco","tag-infantil","tag-leitura","tag-preto","tag-recebe","tag-ribeirao","tag-shopping"],"jetpack_publicize_connections":[],"jetpack_featured_media_url":"https:\/\/i0.wp.com\/noticiasribeiraopreto.com.br\/wp-content\/uploads\/2024\/01\/labirinto-livro-encantado.jpg?fit=1200%2C800&ssl=1","jetpack-related-posts":[{"id":32956,"url":"https:\/\/noticiasribeiraopreto.com.br\/index.php\/2024\/01\/27\/labirinto-do-livro-encantado-chega-ao-shopping-iguatemi-de-rp\/","url_meta":{"origin":32250,"position":0},"title":"Labirinto do Livro Encantado chega ao Shopping Iguatemi de RP","author":"noticiasribeiraopreto.com.br","date":"27 de January de 2024","format":false,"excerpt":"O Shopping Iguatemi recebe at\u00e9 8 de abril o \u201cLabirinto do Livro Encantado\u201d, iniciativa l\u00fadica, imersiva e sensorial criada para estimular a leitura, a criatividade e a imagina\u00e7\u00e3o das crian\u00e7as. A programa\u00e7\u00e3o \u00e9 bem diversificada e conta com Feira L\u00fadica, Oficinas Criativas, encontros com personagens, conta\u00e7\u00e3o de hist\u00f3rias, entre outras\u2026","rel":"","context":"In &quot;Not\u00edcias de Ribeir\u00e3o Preto-SP e Regi\u00e3o&quot;","block_context":{"text":"Not\u00edcias de Ribeir\u00e3o Preto-SP e Regi\u00e3o","link":"https:\/\/noticiasribeiraopreto.com.br\/index.php\/category\/noticias-de-ribeirao-preto-sp-e-regiao-ismael-colosi\/"},"img":{"alt_text":"","src":"https:\/\/i0.wp.com\/noticiasribeiraopreto.com.br\/wp-content\/uploads\/2024\/01\/134-IMG-8944-scaled.jpg?fit=967%2C645&ssl=1&resize=350%2C200","width":350,"height":200,"srcset":"https:\/\/i0.wp.com\/noticiasribeiraopreto.com.br\/wp-content\/uploads\/2024\/01\/134-IMG-8944-scaled.jpg?fit=967%2C645&ssl=1&resize=350%2C200 1x, https:\/\/i0.wp.com\/noticiasribeiraopreto.com.br\/wp-content\/uploads\/2024\/01\/134-IMG-8944-scaled.jpg?fit=967%2C645&ssl=1&resize=525%2C300 1.5x, https:\/\/i0.wp.com\/noticiasribeiraopreto.com.br\/wp-content\/uploads\/2024\/01\/134-IMG-8944-scaled.jpg?fit=967%2C645&ssl=1&resize=700%2C400 2x"},"classes":[]},{"id":41651,"url":"https:\/\/noticiasribeiraopreto.com.br\/index.php\/2024\/03\/10\/labirinto-do-livro-encantado-realiza-evento-com-mel-oliani\/","url_meta":{"origin":32250,"position":1},"title":"Labirinto do Livro Encantado realiza evento com Mel Oliani","author":"noticiasribeiraopreto.com.br","date":"10 de March de 2024","format":false,"excerpt":"Instalado no Shopping Iguatemi, o Labirinto do Livro Encantado, iniciativa l\u00fadica, imersiva e sensorial criada para estimular a leitura, a criatividade e a imagina\u00e7\u00e3o das crian\u00e7as, realiza uma a\u00e7\u00e3o gratuita voltada a adultos. At\u00e9 o dia 14 de mar\u00e7o, \u00e0s 19h, acontece o evento \u201cConversas no Labirinto\u201d, programa\u00e7\u00e3o especial com\u2026","rel":"","context":"In &quot;Not\u00edcias de Ribeir\u00e3o Preto-SP e Regi\u00e3o&quot;","block_context":{"text":"Not\u00edcias de Ribeir\u00e3o Preto-SP e Regi\u00e3o","link":"https:\/\/noticiasribeiraopreto.com.br\/index.php\/category\/noticias-de-ribeirao-preto-sp-e-regiao-ismael-colosi\/"},"img":{"alt_text":"","src":"https:\/\/i0.wp.com\/noticiasribeiraopreto.com.br\/wp-content\/uploads\/2024\/03\/Mel-Oliani-scaled.jpg?fit=867%2C645&ssl=1&resize=350%2C200","width":350,"height":200,"srcset":"https:\/\/i0.wp.com\/noticiasribeiraopreto.com.br\/wp-content\/uploads\/2024\/03\/Mel-Oliani-scaled.jpg?fit=867%2C645&ssl=1&resize=350%2C200 1x, https:\/\/i0.wp.com\/noticiasribeiraopreto.com.br\/wp-content\/uploads\/2024\/03\/Mel-Oliani-scaled.jpg?fit=867%2C645&ssl=1&resize=525%2C300 1.5x, https:\/\/i0.wp.com\/noticiasribeiraopreto.com.br\/wp-content\/uploads\/2024\/03\/Mel-Oliani-scaled.jpg?fit=867%2C645&ssl=1&resize=700%2C400 2x"},"classes":[]},{"id":55160,"url":"https:\/\/noticiasribeiraopreto.com.br\/index.php\/2024\/07\/30\/feira-internacional-do-livro-de-ribeirao-preto-tera-espaco-inedito-para-troca-de-livros\/","url_meta":{"origin":32250,"position":2},"title":"Feira Internacional do Livro de Ribeir\u00e3o Preto ter\u00e1 espa\u00e7o in\u00e9dito para troca de livros","author":"noticiasribeiraopreto.com.br","date":"30 de July de 2024","format":false,"excerpt":"A 23\u00aa edi\u00e7\u00e3o da Feira Internacional do Livro de Ribeir\u00e3o Preto come\u00e7a nesta quinta-feira (1\u00ba de agosto) e segue at\u00e9 o dia 11 de agosto e traz uma novidade, um espa\u00e7o in\u00e9dito para leitura, troca e doa\u00e7\u00f5es de livros, chamado \u201cBibliocasa\u201d, que ficar\u00e1 localizado na Pra\u00e7a XV de Novembro. O\u2026","rel":"","context":"In &quot;Not\u00edcias de Ribeir\u00e3o Preto-SP e Regi\u00e3o&quot;","block_context":{"text":"Not\u00edcias de Ribeir\u00e3o Preto-SP e Regi\u00e3o","link":"https:\/\/noticiasribeiraopreto.com.br\/index.php\/category\/noticias-de-ribeirao-preto-sp-e-regiao-ismael-colosi\/"},"img":{"alt_text":"","src":"https:\/\/i0.wp.com\/noticiasribeiraopreto.com.br\/wp-content\/uploads\/2024\/07\/Copia-de-Copia-de-TAMANHO-EXATO-PARA-FOTOS-NO-SISTEMA-NOVO-19_2024-07-30_12-25-50_jpg_2024-07-30_12-25-50.webp.webp?fit=1200%2C675&ssl=1&resize=350%2C200","width":350,"height":200,"srcset":"https:\/\/i0.wp.com\/noticiasribeiraopreto.com.br\/wp-content\/uploads\/2024\/07\/Copia-de-Copia-de-TAMANHO-EXATO-PARA-FOTOS-NO-SISTEMA-NOVO-19_2024-07-30_12-25-50_jpg_2024-07-30_12-25-50.webp.webp?fit=1200%2C675&ssl=1&resize=350%2C200 1x, https:\/\/i0.wp.com\/noticiasribeiraopreto.com.br\/wp-content\/uploads\/2024\/07\/Copia-de-Copia-de-TAMANHO-EXATO-PARA-FOTOS-NO-SISTEMA-NOVO-19_2024-07-30_12-25-50_jpg_2024-07-30_12-25-50.webp.webp?fit=1200%2C675&ssl=1&resize=525%2C300 1.5x, https:\/\/i0.wp.com\/noticiasribeiraopreto.com.br\/wp-content\/uploads\/2024\/07\/Copia-de-Copia-de-TAMANHO-EXATO-PARA-FOTOS-NO-SISTEMA-NOVO-19_2024-07-30_12-25-50_jpg_2024-07-30_12-25-50.webp.webp?fit=1200%2C675&ssl=1&resize=700%2C400 2x, https:\/\/i0.wp.com\/noticiasribeiraopreto.com.br\/wp-content\/uploads\/2024\/07\/Copia-de-Copia-de-TAMANHO-EXATO-PARA-FOTOS-NO-SISTEMA-NOVO-19_2024-07-30_12-25-50_jpg_2024-07-30_12-25-50.webp.webp?fit=1200%2C675&ssl=1&resize=1050%2C600 3x"},"classes":[]},{"id":84395,"url":"https:\/\/noticiasribeiraopreto.com.br\/index.php\/2026\/04\/08\/evento-gratuito-transforma-avenida-nove-de-julho-em-espaco-de-cultura-e-diversao\/","url_meta":{"origin":32250,"position":3},"title":"Evento gratuito transforma avenida Nove de Julho em espa\u00e7o de cultura e divers\u00e3o","author":"noticiasribeiraopreto.com.br","date":"8 de April de 2026","format":false,"excerpt":"Ler o resumo da not\u00edcia Evento gratuito \"Viva a Nove\" ocorre em 12 de abril, das 15h \u00e0s 19h, na Avenida Nove de Julho em Ribeir\u00e3o Preto. A avenue ser\u00e1 transformada em espa\u00e7o de cultura e divers\u00e3o com apresenta\u00e7\u00f5es art\u00edsticas e atividades diversificadas. Participam do evento o Instituto do Livro,\u2026","rel":"","context":"In &quot;Not\u00edcias de Ribeir\u00e3o Preto-SP e Regi\u00e3o&quot;","block_context":{"text":"Not\u00edcias de Ribeir\u00e3o Preto-SP e Regi\u00e3o","link":"https:\/\/noticiasribeiraopreto.com.br\/index.php\/category\/noticias-de-ribeirao-preto-sp-e-regiao-ismael-colosi\/"},"img":{"alt_text":"","src":"https:\/\/i0.wp.com\/noticiasribeiraopreto.com.br\/wp-content\/uploads\/2026\/04\/avenida-nove-de-julho_2025-07-18_19-28-18.webp.webp?fit=1200%2C800&ssl=1&resize=350%2C200","width":350,"height":200,"srcset":"https:\/\/i0.wp.com\/noticiasribeiraopreto.com.br\/wp-content\/uploads\/2026\/04\/avenida-nove-de-julho_2025-07-18_19-28-18.webp.webp?fit=1200%2C800&ssl=1&resize=350%2C200 1x, https:\/\/i0.wp.com\/noticiasribeiraopreto.com.br\/wp-content\/uploads\/2026\/04\/avenida-nove-de-julho_2025-07-18_19-28-18.webp.webp?fit=1200%2C800&ssl=1&resize=525%2C300 1.5x, https:\/\/i0.wp.com\/noticiasribeiraopreto.com.br\/wp-content\/uploads\/2026\/04\/avenida-nove-de-julho_2025-07-18_19-28-18.webp.webp?fit=1200%2C800&ssl=1&resize=700%2C400 2x, https:\/\/i0.wp.com\/noticiasribeiraopreto.com.br\/wp-content\/uploads\/2026\/04\/avenida-nove-de-julho_2025-07-18_19-28-18.webp.webp?fit=1200%2C800&ssl=1&resize=1050%2C600 3x"},"classes":[]},{"id":32451,"url":"https:\/\/noticiasribeiraopreto.com.br\/index.php\/2024\/01\/25\/casa-da-memoria-italiana-tem-atividade-gratuita-neste-final-de-semana-em-ribeirao\/","url_meta":{"origin":32250,"position":4},"title":"Casa da Mem\u00f3ria Italiana tem atividade gratuita neste final de semana em Ribeir\u00e3o","author":"noticiasribeiraopreto.com.br","date":"25 de January de 2024","format":false,"excerpt":"O Museu Casa da Mem\u00f3ria Italiana, em Ribeir\u00e3o Preto, realiza neste domingo (28), a partir das 9h, o \u2018Quintal Aberto\u2019. A atividade \u00e9 gratuita \u00e9 aberta para fam\u00edlias visitarem o patrim\u00f4nio cultural. Neste dia, n\u00e3o ser\u00e1 necess\u00e1rio a retirada de ingressos no site do museu para participar das atividades. O\u2026","rel":"","context":"In &quot;Not\u00edcias de Ribeir\u00e3o Preto-SP e Regi\u00e3o&quot;","block_context":{"text":"Not\u00edcias de Ribeir\u00e3o Preto-SP e Regi\u00e3o","link":"https:\/\/noticiasribeiraopreto.com.br\/index.php\/category\/noticias-de-ribeirao-preto-sp-e-regiao-ismael-colosi\/"},"img":{"alt_text":"","src":"https:\/\/i0.wp.com\/noticiasribeiraopreto.com.br\/wp-content\/uploads\/2024\/01\/casa_da_1200x675_17022022102229.jpg?fit=1200%2C675&ssl=1&resize=350%2C200","width":350,"height":200,"srcset":"https:\/\/i0.wp.com\/noticiasribeiraopreto.com.br\/wp-content\/uploads\/2024\/01\/casa_da_1200x675_17022022102229.jpg?fit=1200%2C675&ssl=1&resize=350%2C200 1x, https:\/\/i0.wp.com\/noticiasribeiraopreto.com.br\/wp-content\/uploads\/2024\/01\/casa_da_1200x675_17022022102229.jpg?fit=1200%2C675&ssl=1&resize=525%2C300 1.5x, https:\/\/i0.wp.com\/noticiasribeiraopreto.com.br\/wp-content\/uploads\/2024\/01\/casa_da_1200x675_17022022102229.jpg?fit=1200%2C675&ssl=1&resize=700%2C400 2x, https:\/\/i0.wp.com\/noticiasribeiraopreto.com.br\/wp-content\/uploads\/2024\/01\/casa_da_1200x675_17022022102229.jpg?fit=1200%2C675&ssl=1&resize=1050%2C600 3x"},"classes":[]},{"id":76045,"url":"https:\/\/noticiasribeiraopreto.com.br\/index.php\/2025\/08\/21\/feira-do-livro-de-ribeirao-conta-com-teatro-palestras-e-show-nesta-quinta-feira\/","url_meta":{"origin":32250,"position":5},"title":"Feira do Livro de Ribeir\u00e3o conta com teatro, palestras e show nesta quinta-feira","author":"noticiasribeiraopreto.com.br","date":"21 de August de 2025","format":false,"excerpt":"A 24\u00aa Feira Internacional do Livro de Ribeir\u00e3o Preto chega ao seu s\u00e9timo dia de atividades culturais e gratuitas. Nesta quinta-feira (21), o p\u00fablico pode conferir conta\u00e7\u00f5es de hist\u00f3rias, apresenta\u00e7\u00f5es teatrais e de dan\u00e7a, shows, palestras e bate-papos. O tema da feira deste ano \u00e9 \u201cFuturos Poss\u00edveis: entre linhas e\u2026","rel":"","context":"In &quot;Not\u00edcias de Ribeir\u00e3o Preto-SP e Regi\u00e3o&quot;","block_context":{"text":"Not\u00edcias de Ribeir\u00e3o Preto-SP e Regi\u00e3o","link":"https:\/\/noticiasribeiraopreto.com.br\/index.php\/category\/noticias-de-ribeirao-preto-sp-e-regiao-ismael-colosi\/"},"img":{"alt_text":"","src":"https:\/\/i0.wp.com\/noticiasribeiraopreto.com.br\/wp-content\/uploads\/2025\/08\/Copia-de-Copia-de-Copia-de-TAMANHO-EXATO-PARA-FOTOS-NO-SISTEMA-NOVO-2025-08-20T182734.480_2025-08-20_21-27-44.webp.webp?fit=1200%2C675&ssl=1&resize=350%2C200","width":350,"height":200,"srcset":"https:\/\/i0.wp.com\/noticiasribeiraopreto.com.br\/wp-content\/uploads\/2025\/08\/Copia-de-Copia-de-Copia-de-TAMANHO-EXATO-PARA-FOTOS-NO-SISTEMA-NOVO-2025-08-20T182734.480_2025-08-20_21-27-44.webp.webp?fit=1200%2C675&ssl=1&resize=350%2C200 1x, https:\/\/i0.wp.com\/noticiasribeiraopreto.com.br\/wp-content\/uploads\/2025\/08\/Copia-de-Copia-de-Copia-de-TAMANHO-EXATO-PARA-FOTOS-NO-SISTEMA-NOVO-2025-08-20T182734.480_2025-08-20_21-27-44.webp.webp?fit=1200%2C675&ssl=1&resize=525%2C300 1.5x, https:\/\/i0.wp.com\/noticiasribeiraopreto.com.br\/wp-content\/uploads\/2025\/08\/Copia-de-Copia-de-Copia-de-TAMANHO-EXATO-PARA-FOTOS-NO-SISTEMA-NOVO-2025-08-20T182734.480_2025-08-20_21-27-44.webp.webp?fit=1200%2C675&ssl=1&resize=700%2C400 2x, https:\/\/i0.wp.com\/noticiasribeiraopreto.com.br\/wp-content\/uploads\/2025\/08\/Copia-de-Copia-de-Copia-de-TAMANHO-EXATO-PARA-FOTOS-NO-SISTEMA-NOVO-2025-08-20T182734.480_2025-08-20_21-27-44.webp.webp?fit=1200%2C675&ssl=1&resize=1050%2C600 3x"},"classes":[]}],"jetpack_sharing_enabled":true,"jetpack_shortlink":"https:\/\/wp.me\/peQAOb-8oa","_links":{"self":[{"href":"https:\/\/noticiasribeiraopreto.com.br\/index.php\/wp-json\/wp\/v2\/posts\/32250","targetHints":{"allow":["GET"]}}],"collection":[{"href":"https:\/\/noticiasribeiraopreto.com.br\/index.php\/wp-json\/wp\/v2\/posts"}],"about":[{"href":"https:\/\/noticiasribeiraopreto.com.br\/index.php\/wp-json\/wp\/v2\/types\/post"}],"author":[{"embeddable":true,"href":"https:\/\/noticiasribeiraopreto.com.br\/index.php\/wp-json\/wp\/v2\/users\/1"}],"replies":[{"embeddable":true,"href":"https:\/\/noticiasribeiraopreto.com.br\/index.php\/wp-json\/wp\/v2\/comments?post=32250"}],"version-history":[{"count":0,"href":"https:\/\/noticiasribeiraopreto.com.br\/index.php\/wp-json\/wp\/v2\/posts\/32250\/revisions"}],"wp:featuredmedia":[{"embeddable":true,"href":"https:\/\/noticiasribeiraopreto.com.br\/index.php\/wp-json\/wp\/v2\/media\/32251"}],"wp:attachment":[{"href":"https:\/\/noticiasribeiraopreto.com.br\/index.php\/wp-json\/wp\/v2\/media?parent=32250"}],"wp:term":[{"taxonomy":"category","embeddable":true,"href":"https:\/\/noticiasribeiraopreto.com.br\/index.php\/wp-json\/wp\/v2\/categories?post=32250"},{"taxonomy":"post_tag","embeddable":true,"href":"https:\/\/noticiasribeiraopreto.com.br\/index.php\/wp-json\/wp\/v2\/tags?post=32250"}],"curies":[{"name":"wp","href":"https:\/\/api.w.org\/{rel}","templated":true}]}}