{"id":32391,"date":"2024-01-25T02:16:56","date_gmt":"2024-01-25T05:16:56","guid":{"rendered":"https:\/\/noticiasribeiraopreto.com.br\/index.php\/2024\/01\/25\/ministerio-do-planejamento-abre-concurso-publico-com-salarios-de-r-20-mil\/"},"modified":"2024-01-25T02:16:56","modified_gmt":"2024-01-25T05:16:56","slug":"ministerio-do-planejamento-abre-concurso-publico-com-salarios-de-r-20-mil","status":"publish","type":"post","link":"https:\/\/noticiasribeiraopreto.com.br\/index.php\/2024\/01\/25\/ministerio-do-planejamento-abre-concurso-publico-com-salarios-de-r-20-mil\/","title":{"rendered":"Minist\u00e9rio do Planejamento abre concurso p\u00fablico com sal\u00e1rios de R$ 20 mil"},"content":{"rendered":"<div class='code-block code-block-1' style='margin: 8px 0 8px auto; text-align: right; display: block; clear: both;'>\n<p><a href=\"https:\/\/wa.link\/vpicfd\"><img data-recalc-dims=\"1\" class=\"wp-image-4922\" style=\"aspect-ratio: 2.0253164556962027; width: 561px; height: auto;\" src=\"https:\/\/i0.wp.com\/ismaelcolosi.com.br\/wp-content\/uploads\/2023\/11\/grupo-de-empregos-whatsapp-e-facebook-ismael-colosi-vagas.jpg?ssl=1\" alt=\"\" \/><\/a><\/p>\n<!-- \/wp:image -->\n<\/div>\n<p> <br \/>\n<\/p>\n<div data-td-block-uid=\"tdi_104\">\n<div class=\"tdb-block-inner td-fix-index\">\n<p>O <strong>Minist\u00e9rio do Planejamento e Or\u00e7amento (MPO)<\/strong> publicou, nesta quarta-feira (24), no <strong>Di\u00e1rio Oficial da Uni\u00e3o (<a href=\"https:\/\/www.in.gov.br\/materia\" target=\"_blank\" rel=\"noreferrer noopener\">DOU<\/a>)<\/strong>, o edital para concurso p\u00fablico com <strong>100 vagas<\/strong> e <strong>remunera\u00e7\u00e3o inicial de R$ 20.924,80<\/strong> podendo chegar a <strong>R$ 29.832,94<\/strong> ao final da carreira.<\/p>\n<p>As vagas s\u00e3o para o cargo de <strong>Analista de Planejamento e Or\u00e7amento<\/strong> e est\u00e3o divididas entre a \u00e1rea geral e especialidades em Tecnologia da Informa\u00e7\u00e3o e Desenvolvimento Institucional. Todos profissionais atuar\u00e3o em Bras\u00edlia. <\/p>\n<p><mark style=\"background-color:#fcb900\" class=\"has-inline-color\">As inscri\u00e7\u00f5es devem ser realizadas no per\u00edodo entre <strong>31 de janeiro <\/strong>e <strong>21 de fevereiro de 2024<\/strong> no site da <a href=\"https:\/\/www.cebraspe.org.br\/concursos\/MPO_24\" target=\"_blank\" rel=\"noreferrer noopener\"><strong>Cebraspe <\/strong>(clique aqui)<\/a>. A taxa de inscri\u00e7\u00e3o custa R$ 100.<\/mark> Este \u00e9 o primeiro edital de concurso para o cargo desde 2015.<\/p>\n<p>De acordo com o MPO, pela primeira vez neste concurso, <strong>todas as capitais do pa\u00eds receber\u00e3o a prova<\/strong>, o procedimento de heteroidentifica\u00e7\u00e3o para vagas reservadas a candidatos negros e a avalia\u00e7\u00e3o biopsicossocial para vagas reservadas a pessoas com defici\u00eancia.<\/p>\n<h4 class=\"wp-block-heading\"><strong>Como ser\u00e3o as provas?<\/strong><\/h4>\n<p>As provas ser\u00e3o dividas em duas etapas, a primeira consiste na realiza\u00e7\u00e3o de provas objetivas e discursivas, seguidas de avalia\u00e7\u00e3o de t\u00edtulos.<\/p>\n<p>A previs\u00e3o \u00e9 de que a aplica\u00e7\u00e3o da prova objetiva ocorra no dia 28 de abril. J\u00e1 os candidatos aprovados devem ser convocados para provas discursivas previstas para o dia 09 de junho.<\/p>\n<p>A segunda etapa do processo ser\u00e1 um curso de forma\u00e7\u00e3o com previs\u00e3o de in\u00edcio no segundo semestre deste ano.<\/p>\n<p>O edital completo pode ser conferido <a href=\"https:\/\/www.in.gov.br\/en\/web\/dou\/-\/edital-n-1-stdi\/sof\/mpo-de-23-de-janeiro-de-2024-539347483\" target=\"_blank\" rel=\"noreferrer noopener\">clicando aqui<\/a>.<\/p>\n<p>SAIBA MAIS<\/p>\n<p>Fiocruz tem concurso p\u00fablico com 300 vagas e sal\u00e1rios de at\u00e9 R$ 13 mil<\/p>\n<h4 class=\"wp-block-heading\"><strong><mark style=\"background-color:#fcb900\" class=\"has-inline-color\">FIQUE ON<\/mark><\/strong><\/h4>\n<p>Fique ligado em tudo que acontece em Ribeir\u00e3o Preto e regi\u00e3o. Siga os perfis do<strong>\u00a0acidade on<\/strong>\u00a0no\u00a0<a href=\"https:\/\/www.instagram.com\/acidadeonribeirao\" target=\"_blank\" rel=\"noreferrer noopener\">Instagram\u00a0<\/a>e no<a href=\"https:\/\/www.facebook.com\/acidadeonribeirao\" target=\"_blank\" rel=\"noreferrer noopener\">\u00a0Facebook.<\/a><\/p>\n<p>Receba not\u00edcias do\u00a0<strong>acidade on<\/strong>\u00a0no WhatsApp.<a href=\"https:\/\/chat.whatsapp.com\/Bnv2w66ZT4VDyZW3oiZ69n\" target=\"_blank\" rel=\"noreferrer noopener\">\u00a0Para entrar no grupo, basta clicar aqui.<\/a><\/p>\n<p>Fa\u00e7a uma den\u00fancia ou sugira uma reportagem sobre Ribeir\u00e3o Preto e regi\u00e3o pelo WhatsApp: 16 99117 7802.<\/p>\n<p>VEJA TAMB\u00c9M<\/p>\n<p>Quando vai tocar o Big Fone no BBB 24? Telefone \u00e9 temido pelo brothers<\/p>\n<p><!-- AI CONTENT END 1 -->\n<\/div>\n<\/div>\n<p><script async src=\"\/\/www.instagram.com\/embed.js\"><\/script><br \/>\n<br \/><br \/>\n<br \/><a href=\"https:\/\/www.acidadeon.com\/ribeiraopreto\/economia\/ministerio-do-planejamento-abre-concurso-publico-com-salarios-de-r-20-mil\/\">Source link <\/a><\/p>\n<!-- CONTENT END 1 -->\n","protected":false},"excerpt":{"rendered":"<p>O Minist\u00e9rio do Planejamento e Or\u00e7amento (MPO) publicou, nesta quarta-feira (24), no Di\u00e1rio Oficial da Uni\u00e3o (DOU), o edital para concurso p\u00fablico com 100 vagas&#8230;<\/p>\n","protected":false},"author":1,"featured_media":32392,"comment_status":"open","ping_status":"open","sticky":false,"template":"","format":"standard","meta":{"advanced_seo_description":"","jetpack_seo_html_title":"","jetpack_seo_noindex":false,"jetpack_post_was_ever_published":false,"_jetpack_newsletter_access":"","_jetpack_dont_email_post_to_subs":false,"_jetpack_newsletter_tier_id":0,"_jetpack_memberships_contains_paywalled_content":false,"_jetpack_memberships_contains_paid_content":false,"footnotes":"","jetpack_publicize_message":"","jetpack_publicize_feature_enabled":true,"jetpack_social_post_already_shared":true,"jetpack_social_options":{"image_generator_settings":{"template":"highway","default_image_id":0,"font":"","enabled":false},"version":2}},"categories":[11],"tags":[210,567,402,1890,3852,282,768],"class_list":["post-32391","post","type-post","status-publish","format-standard","has-post-thumbnail","hentry","category-noticias-de-ribeirao-preto-sp-e-regiao-ismael-colosi","tag-abre","tag-concurso","tag-mil","tag-ministerio","tag-planejamento","tag-publico","tag-salarios"],"jetpack_publicize_connections":[],"jetpack_featured_media_url":"https:\/\/i0.wp.com\/noticiasribeiraopreto.com.br\/wp-content\/uploads\/2024\/01\/concurso-publico-11.jpg?fit=1500%2C1001&ssl=1","jetpack-related-posts":[{"id":32327,"url":"https:\/\/noticiasribeiraopreto.com.br\/index.php\/2024\/01\/24\/ministerio-do-planejamento-publica-edital-de-concurso-com-100-vagas\/","url_meta":{"origin":32391,"position":0},"title":"Minist\u00e9rio do Planejamento publica edital de concurso com 100 vagas","author":"noticiasribeiraopreto.com.br","date":"24 de January de 2024","format":false,"excerpt":"24 de janeiro de 2024 | 17:53 0O Minist\u00e9rio do Planejamento e Or\u00e7amento publicou nesta quarta-feira (24), no\u00a0Di\u00e1rio Oficial da Uni\u00e3o\u00a0(DOU), o\u00a0edital do concurso\u00a0para o preenchimento de 100 vagas imediatas de n\u00edvel superior.Todas as vagas s\u00e3o para a carreira de analista de planejamento e or\u00e7amento, em oito especialidades, toda abertas\u2026","rel":"","context":"In &quot;Not\u00edcias de Ribeir\u00e3o Preto-SP e Regi\u00e3o&quot;","block_context":{"text":"Not\u00edcias de Ribeir\u00e3o Preto-SP e Regi\u00e3o","link":"https:\/\/noticiasribeiraopreto.com.br\/index.php\/category\/noticias-de-ribeirao-preto-sp-e-regiao-ismael-colosi\/"},"img":{"alt_text":"","src":"https:\/\/i0.wp.com\/noticiasribeiraopreto.com.br\/wp-content\/uploads\/2024\/01\/concurso-scaled.jpeg?fit=968%2C645&ssl=1&resize=350%2C200","width":350,"height":200,"srcset":"https:\/\/i0.wp.com\/noticiasribeiraopreto.com.br\/wp-content\/uploads\/2024\/01\/concurso-scaled.jpeg?fit=968%2C645&ssl=1&resize=350%2C200 1x, https:\/\/i0.wp.com\/noticiasribeiraopreto.com.br\/wp-content\/uploads\/2024\/01\/concurso-scaled.jpeg?fit=968%2C645&ssl=1&resize=525%2C300 1.5x, https:\/\/i0.wp.com\/noticiasribeiraopreto.com.br\/wp-content\/uploads\/2024\/01\/concurso-scaled.jpeg?fit=968%2C645&ssl=1&resize=700%2C400 2x"},"classes":[]},{"id":76014,"url":"https:\/\/noticiasribeiraopreto.com.br\/index.php\/2025\/08\/20\/secretaria-da-fazenda-de-sp-abre-concurso-publico-com-12-vagas-e-salarios-de-r-6-mil\/","url_meta":{"origin":32391,"position":1},"title":"Secretaria da Fazenda de SP abre concurso p\u00fablico com 12 vagas e sal\u00e1rios de R$ 6 mil","author":"noticiasribeiraopreto.com.br","date":"20 de August de 2025","format":false,"excerpt":"A Secretaria da Fazenda e Planejamento de S\u00e3o Paulo publicou edital de concurso p\u00fablico com 12 vagas para o cargo de Especialista Cont\u00e1bil. Os sal\u00e1rios para o cargo s\u00e3o de R$ 6.117,26. O edital foi publicado no Di\u00e1rio Oficial do Estado desta quarta-feira (20) \u2013 clique aqui. As inscri\u00e7\u00f5es devem\u2026","rel":"","context":"In &quot;Not\u00edcias de Ribeir\u00e3o Preto-SP e Regi\u00e3o&quot;","block_context":{"text":"Not\u00edcias de Ribeir\u00e3o Preto-SP e Regi\u00e3o","link":"https:\/\/noticiasribeiraopreto.com.br\/index.php\/category\/noticias-de-ribeirao-preto-sp-e-regiao-ismael-colosi\/"},"img":{"alt_text":"","src":"https:\/\/i0.wp.com\/noticiasribeiraopreto.com.br\/wp-content\/uploads\/2025\/07\/concurso_2025-01-07_18-14-44_jpg_2025-01-07_18-14-45.webp.webp?fit=1200%2C800&ssl=1&resize=350%2C200","width":350,"height":200,"srcset":"https:\/\/i0.wp.com\/noticiasribeiraopreto.com.br\/wp-content\/uploads\/2025\/07\/concurso_2025-01-07_18-14-44_jpg_2025-01-07_18-14-45.webp.webp?fit=1200%2C800&ssl=1&resize=350%2C200 1x, https:\/\/i0.wp.com\/noticiasribeiraopreto.com.br\/wp-content\/uploads\/2025\/07\/concurso_2025-01-07_18-14-44_jpg_2025-01-07_18-14-45.webp.webp?fit=1200%2C800&ssl=1&resize=525%2C300 1.5x, https:\/\/i0.wp.com\/noticiasribeiraopreto.com.br\/wp-content\/uploads\/2025\/07\/concurso_2025-01-07_18-14-44_jpg_2025-01-07_18-14-45.webp.webp?fit=1200%2C800&ssl=1&resize=700%2C400 2x, https:\/\/i0.wp.com\/noticiasribeiraopreto.com.br\/wp-content\/uploads\/2025\/07\/concurso_2025-01-07_18-14-44_jpg_2025-01-07_18-14-45.webp.webp?fit=1200%2C800&ssl=1&resize=1050%2C600 3x"},"classes":[]},{"id":57395,"url":"https:\/\/noticiasribeiraopreto.com.br\/index.php\/2024\/08\/30\/ministerio-publico-de-sp-abre-concurso-publico-com-salarios-de-r-30-mil\/","url_meta":{"origin":32391,"position":2},"title":"Minist\u00e9rio P\u00fablico de SP abre concurso p\u00fablico com sal\u00e1rios de R$ 30 mil","author":"noticiasribeiraopreto.com.br","date":"30 de August de 2024","format":false,"excerpt":"O MP-SP (Minist\u00e9rio P\u00fablico de S\u00e3o Paulo) publicou edital de concurso p\u00fablico com sal\u00e1rios de R$ 30 mil. Ao todo, s\u00e3o 75 vagas para o cargo de promotor de Justi\u00e7a substituto. As inscri\u00e7\u00f5es devem ser realizadas no per\u00edodo entre 9h de 2 de setembro e 19h do dia 1\u00ba de\u2026","rel":"","context":"In &quot;Not\u00edcias de Ribeir\u00e3o Preto-SP e Regi\u00e3o&quot;","block_context":{"text":"Not\u00edcias de Ribeir\u00e3o Preto-SP e Regi\u00e3o","link":"https:\/\/noticiasribeiraopreto.com.br\/index.php\/category\/noticias-de-ribeirao-preto-sp-e-regiao-ismael-colosi\/"},"img":{"alt_text":"","src":"https:\/\/i0.wp.com\/noticiasribeiraopreto.com.br\/wp-content\/uploads\/2024\/08\/concurso-publico-ribeirao-preto_2024-08-13_10-44-40_jpg_2024-08-13_10-44-40.webp.webp?fit=1200%2C800&ssl=1&resize=350%2C200","width":350,"height":200,"srcset":"https:\/\/i0.wp.com\/noticiasribeiraopreto.com.br\/wp-content\/uploads\/2024\/08\/concurso-publico-ribeirao-preto_2024-08-13_10-44-40_jpg_2024-08-13_10-44-40.webp.webp?fit=1200%2C800&ssl=1&resize=350%2C200 1x, https:\/\/i0.wp.com\/noticiasribeiraopreto.com.br\/wp-content\/uploads\/2024\/08\/concurso-publico-ribeirao-preto_2024-08-13_10-44-40_jpg_2024-08-13_10-44-40.webp.webp?fit=1200%2C800&ssl=1&resize=525%2C300 1.5x, https:\/\/i0.wp.com\/noticiasribeiraopreto.com.br\/wp-content\/uploads\/2024\/08\/concurso-publico-ribeirao-preto_2024-08-13_10-44-40_jpg_2024-08-13_10-44-40.webp.webp?fit=1200%2C800&ssl=1&resize=700%2C400 2x, https:\/\/i0.wp.com\/noticiasribeiraopreto.com.br\/wp-content\/uploads\/2024\/08\/concurso-publico-ribeirao-preto_2024-08-13_10-44-40_jpg_2024-08-13_10-44-40.webp.webp?fit=1200%2C800&ssl=1&resize=1050%2C600 3x"},"classes":[]},{"id":60509,"url":"https:\/\/noticiasribeiraopreto.com.br\/index.php\/2024\/11\/15\/camara-no-interior-de-sp-abre-concurso-publico-com-salarios-iniciais-de-r-52-mil\/","url_meta":{"origin":32391,"position":3},"title":"C\u00e2mara no interior de SP abre concurso p\u00fablico com sal\u00e1rios iniciais de R$ 5,2 mil","author":"noticiasribeiraopreto.com.br","date":"15 de November de 2024","format":false,"excerpt":"A C\u00e2mara Municipal de Gua\u00edra, cidade no interior de S\u00e3o Paulo, publicou edital de concurso p\u00fablico com tr\u00eas vagas de n\u00edvel fundamental e m\u00e9dio, com sal\u00e1rios iniciais de at\u00e9 R$ 5.245,84. As inscri\u00e7\u00f5es devem ser realizadas pela internet (clique aqui) entre os dias 18 de novembro e 13 de dezembro.\u2026","rel":"","context":"In &quot;Not\u00edcias de Ribeir\u00e3o Preto-SP e Regi\u00e3o&quot;","block_context":{"text":"Not\u00edcias de Ribeir\u00e3o Preto-SP e Regi\u00e3o","link":"https:\/\/noticiasribeiraopreto.com.br\/index.php\/category\/noticias-de-ribeirao-preto-sp-e-regiao-ismael-colosi\/"},"img":{"alt_text":"","src":"https:\/\/i0.wp.com\/noticiasribeiraopreto.com.br\/wp-content\/uploads\/2024\/06\/Copia-de-Copia-de-TAMANHO-EXATO-PARA-FOTOS-NO-SISTEMA-NOVO-2_2024-06-13_21-46-25_jpg_2024-06-13_21-46-26.webp.webp?fit=1200%2C675&ssl=1&resize=350%2C200","width":350,"height":200,"srcset":"https:\/\/i0.wp.com\/noticiasribeiraopreto.com.br\/wp-content\/uploads\/2024\/06\/Copia-de-Copia-de-TAMANHO-EXATO-PARA-FOTOS-NO-SISTEMA-NOVO-2_2024-06-13_21-46-25_jpg_2024-06-13_21-46-26.webp.webp?fit=1200%2C675&ssl=1&resize=350%2C200 1x, https:\/\/i0.wp.com\/noticiasribeiraopreto.com.br\/wp-content\/uploads\/2024\/06\/Copia-de-Copia-de-TAMANHO-EXATO-PARA-FOTOS-NO-SISTEMA-NOVO-2_2024-06-13_21-46-25_jpg_2024-06-13_21-46-26.webp.webp?fit=1200%2C675&ssl=1&resize=525%2C300 1.5x, https:\/\/i0.wp.com\/noticiasribeiraopreto.com.br\/wp-content\/uploads\/2024\/06\/Copia-de-Copia-de-TAMANHO-EXATO-PARA-FOTOS-NO-SISTEMA-NOVO-2_2024-06-13_21-46-25_jpg_2024-06-13_21-46-26.webp.webp?fit=1200%2C675&ssl=1&resize=700%2C400 2x, https:\/\/i0.wp.com\/noticiasribeiraopreto.com.br\/wp-content\/uploads\/2024\/06\/Copia-de-Copia-de-TAMANHO-EXATO-PARA-FOTOS-NO-SISTEMA-NOVO-2_2024-06-13_21-46-25_jpg_2024-06-13_21-46-26.webp.webp?fit=1200%2C675&ssl=1&resize=1050%2C600 3x"},"classes":[]},{"id":80513,"url":"https:\/\/noticiasribeiraopreto.com.br\/index.php\/2025\/12\/04\/ministerio-publico-abre-concurso-com-salarios-de-r-37-mil-veja-como-participar\/","url_meta":{"origin":32391,"position":4},"title":"Minist\u00e9rio P\u00fablico abre concurso com sal\u00e1rios de R$ 3,7 mil; Veja como participar","author":"noticiasribeiraopreto.com.br","date":"4 de December de 2025","format":false,"excerpt":"O MP-SP (Minist\u00e9rio P\u00fablico de S\u00e3o Paulo) publicou edital de concurso p\u00fablico para o cargo de auxiliar de promotoria I. O sal\u00e1rio para fun\u00e7\u00e3o, de n\u00edvel fundamental, \u00e9 de R$ 3.784,45, para 40 horas semanais. As oportunidades s\u00e3o para o cadastro de reserva. Al\u00e9m dos sal\u00e1rios, os aprovados no concurso\u2026","rel":"","context":"In &quot;Not\u00edcias de Ribeir\u00e3o Preto-SP e Regi\u00e3o&quot;","block_context":{"text":"Not\u00edcias de Ribeir\u00e3o Preto-SP e Regi\u00e3o","link":"https:\/\/noticiasribeiraopreto.com.br\/index.php\/category\/noticias-de-ribeirao-preto-sp-e-regiao-ismael-colosi\/"},"img":{"alt_text":"","src":"https:\/\/i0.wp.com\/noticiasribeiraopreto.com.br\/wp-content\/uploads\/2025\/10\/concurso_2025-10-10_18-32-50.webp.webp?fit=1200%2C963&ssl=1&resize=350%2C200","width":350,"height":200,"srcset":"https:\/\/i0.wp.com\/noticiasribeiraopreto.com.br\/wp-content\/uploads\/2025\/10\/concurso_2025-10-10_18-32-50.webp.webp?fit=1200%2C963&ssl=1&resize=350%2C200 1x, https:\/\/i0.wp.com\/noticiasribeiraopreto.com.br\/wp-content\/uploads\/2025\/10\/concurso_2025-10-10_18-32-50.webp.webp?fit=1200%2C963&ssl=1&resize=525%2C300 1.5x, https:\/\/i0.wp.com\/noticiasribeiraopreto.com.br\/wp-content\/uploads\/2025\/10\/concurso_2025-10-10_18-32-50.webp.webp?fit=1200%2C963&ssl=1&resize=700%2C400 2x, https:\/\/i0.wp.com\/noticiasribeiraopreto.com.br\/wp-content\/uploads\/2025\/10\/concurso_2025-10-10_18-32-50.webp.webp?fit=1200%2C963&ssl=1&resize=1050%2C600 3x"},"classes":[]},{"id":9280,"url":"https:\/\/noticiasribeiraopreto.com.br\/index.php\/2023\/12\/01\/salario-de-pelo-menos-r-20-mil-ipea-volta-com-concurso-publico-apos-15-anos-saiba-como-se-inscrever-para-a-prova\/","url_meta":{"origin":32391,"position":5},"title":"Sal\u00e1rio de pelo menos R$ 20 mil: Ipea volta com concurso p\u00fablico ap\u00f3s 15 anos. Saiba como se inscrever para a prova\u00a0","author":"noticiasribeiraopreto.com.br","date":"1 de December de 2023","format":false,"excerpt":"Ap\u00f3s 15 anos sem novos concursos, o Ipea (Instituto de Pesquisa Econ\u00f4mica Aplicada) agraciou os concurseiros de plant\u00e3o com o an\u00fancio de uma nova prova p\u00fablica para 2024 \u2014 com oportunidades de sal\u00e1rio inicial de R$ 20.924,80. De acordo com o edital, o concurso determinar\u00e1 quem ser\u00e3o os 80 novos\u2026","rel":"","context":"In &quot;Dinheiro e Investimento&quot;","block_context":{"text":"Dinheiro e Investimento","link":"https:\/\/noticiasribeiraopreto.com.br\/index.php\/category\/dinheiro-e-investimento-como-fazer-como-ganhar\/"},"img":{"alt_text":"","src":"https:\/\/i0.wp.com\/noticiasribeiraopreto.com.br\/wp-content\/uploads\/2023\/12\/concurso-publico-vagas-agosto-profissao-CAPA-SD-715x402.jpg?fit=715%2C402&ssl=1&resize=350%2C200","width":350,"height":200,"srcset":"https:\/\/i0.wp.com\/noticiasribeiraopreto.com.br\/wp-content\/uploads\/2023\/12\/concurso-publico-vagas-agosto-profissao-CAPA-SD-715x402.jpg?fit=715%2C402&ssl=1&resize=350%2C200 1x, https:\/\/i0.wp.com\/noticiasribeiraopreto.com.br\/wp-content\/uploads\/2023\/12\/concurso-publico-vagas-agosto-profissao-CAPA-SD-715x402.jpg?fit=715%2C402&ssl=1&resize=525%2C300 1.5x, https:\/\/i0.wp.com\/noticiasribeiraopreto.com.br\/wp-content\/uploads\/2023\/12\/concurso-publico-vagas-agosto-profissao-CAPA-SD-715x402.jpg?fit=715%2C402&ssl=1&resize=700%2C400 2x"},"classes":[]}],"jetpack_sharing_enabled":true,"jetpack_shortlink":"https:\/\/wp.me\/peQAOb-8qr","_links":{"self":[{"href":"https:\/\/noticiasribeiraopreto.com.br\/index.php\/wp-json\/wp\/v2\/posts\/32391","targetHints":{"allow":["GET"]}}],"collection":[{"href":"https:\/\/noticiasribeiraopreto.com.br\/index.php\/wp-json\/wp\/v2\/posts"}],"about":[{"href":"https:\/\/noticiasribeiraopreto.com.br\/index.php\/wp-json\/wp\/v2\/types\/post"}],"author":[{"embeddable":true,"href":"https:\/\/noticiasribeiraopreto.com.br\/index.php\/wp-json\/wp\/v2\/users\/1"}],"replies":[{"embeddable":true,"href":"https:\/\/noticiasribeiraopreto.com.br\/index.php\/wp-json\/wp\/v2\/comments?post=32391"}],"version-history":[{"count":0,"href":"https:\/\/noticiasribeiraopreto.com.br\/index.php\/wp-json\/wp\/v2\/posts\/32391\/revisions"}],"wp:featuredmedia":[{"embeddable":true,"href":"https:\/\/noticiasribeiraopreto.com.br\/index.php\/wp-json\/wp\/v2\/media\/32392"}],"wp:attachment":[{"href":"https:\/\/noticiasribeiraopreto.com.br\/index.php\/wp-json\/wp\/v2\/media?parent=32391"}],"wp:term":[{"taxonomy":"category","embeddable":true,"href":"https:\/\/noticiasribeiraopreto.com.br\/index.php\/wp-json\/wp\/v2\/categories?post=32391"},{"taxonomy":"post_tag","embeddable":true,"href":"https:\/\/noticiasribeiraopreto.com.br\/index.php\/wp-json\/wp\/v2\/tags?post=32391"}],"curies":[{"name":"wp","href":"https:\/\/api.w.org\/{rel}","templated":true}]}}