{"id":32403,"date":"2024-01-25T03:46:08","date_gmt":"2024-01-25T06:46:08","guid":{"rendered":"https:\/\/noticiasribeiraopreto.com.br\/index.php\/2024\/01\/25\/veja-como-solicitar-e-renovar-o-cartao-de-onibus-para-estudantes-em-ribeirao-preto\/"},"modified":"2024-01-25T03:46:08","modified_gmt":"2024-01-25T06:46:08","slug":"veja-como-solicitar-e-renovar-o-cartao-de-onibus-para-estudantes-em-ribeirao-preto","status":"publish","type":"post","link":"https:\/\/noticiasribeiraopreto.com.br\/index.php\/2024\/01\/25\/veja-como-solicitar-e-renovar-o-cartao-de-onibus-para-estudantes-em-ribeirao-preto\/","title":{"rendered":"Veja como solicitar e renovar o cart\u00e3o de \u00f4nibus para estudantes em Ribeir\u00e3o Preto"},"content":{"rendered":"<div class='code-block code-block-1' style='margin: 8px 0 8px auto; text-align: right; display: block; clear: both;'>\n<p><a href=\"https:\/\/wa.link\/vpicfd\"><img data-recalc-dims=\"1\" class=\"wp-image-4922\" style=\"aspect-ratio: 2.0253164556962027; width: 561px; height: auto;\" src=\"https:\/\/i0.wp.com\/ismaelcolosi.com.br\/wp-content\/uploads\/2023\/11\/grupo-de-empregos-whatsapp-e-facebook-ismael-colosi-vagas.jpg?ssl=1\" alt=\"\" \/><\/a><\/p>\n<!-- \/wp:image -->\n<\/div>\n<p> <br \/>\n<\/p>\n<div data-td-block-uid=\"tdi_104\">\n<div class=\"tdb-block-inner td-fix-index\">\n<p>Os <strong>estudantes<\/strong> da <strong>rede municipal de Ribeir\u00e3o Preto<\/strong> j\u00e1 podem <strong>solicitar<\/strong> e <strong>pedir a renova\u00e7\u00e3o<\/strong> do <strong>cart\u00e3o de \u00f4nibus<\/strong> para o <strong>transporte p\u00fablico<\/strong>. As<strong> aulas<\/strong> no munic\u00edpio <strong>come\u00e7am<\/strong> no dia <strong>5 de fevereiro<\/strong>.<\/p>\n<p>Para agilizar os procedimentos, a <strong>RP Mobi<\/strong> \u2013 empresa que gerencia o <strong>tr\u00e2nsito<\/strong> e o <strong>transporte p\u00fablico<\/strong> na cidade \u2013 orienta entrar no <a href=\"https:\/\/www.rpmobilidade.com.br\/\" target=\"_blank\" rel=\"noreferrer noopener nofollow\">site RP Mobilidade<\/a>, clicar na aba <strong>Servi\u00e7os Digitais<\/strong>, preencher os dados pessoais e anexar a <strong>documenta\u00e7\u00e3o necess\u00e1ria<\/strong> (veja abaixo quais s\u00e3o os documentos)<\/p>\n<p>Para quem estiver fazendo a solicita\u00e7\u00e3o da <strong>primeira via do cart\u00e3o<\/strong>, ap\u00f3s a aprova\u00e7\u00e3o dos documentos, \u00e9 preciso <strong>agendar o atendimento presencial<\/strong>, que ser\u00e1 na rua S\u00e3o Sebasti\u00e3o, 909, no Centro. O prazo para a emiss\u00e3o \u00e9 de um a dois dias.<\/p>\n<p>J\u00e1 o estudante que estiver renovando o cart\u00e3o, depois de an\u00e1lise da RP Mobi, a valida\u00e7\u00e3o ser\u00e1 autom\u00e1tica podendo ocorrer em at\u00e9 12 horas.<\/p>\n<h4 class=\"wp-block-heading\"><strong>Saiba quais documentos providenciar:<\/strong><\/h4>\n<ul>\n<li>original e c\u00f3pia de CPF e C\u00e9dula de Identidade (RG). Se menor de 16 anos \u00e9 aceita a Certid\u00e3o de Nascimento em substitui\u00e7\u00e3o ao RG<\/li>\n<\/ul>\n<ul>\n<li>declara\u00e7\u00e3o fornecida pela escola constando: nome completo do estudante, do curso, especifica\u00e7\u00f5es do grau, s\u00e9rie, turno e o endere\u00e7o residencial. A declara\u00e7\u00e3o deve ser original e atualizada (v\u00e1lida por 30 dias a partir da data de emiss\u00e3o)<\/li>\n<\/ul>\n<p>Para aluno do curso de forma\u00e7\u00e3o t\u00e9cnica, a declara\u00e7\u00e3o deve conter tamb\u00e9m in\u00edcio e t\u00e9rmino previsto do curso<\/p>\n<p>A declara\u00e7\u00e3o deve conter, ainda, dados completos da escola, nome completo com carimbo e assinatura do diretor ou do representante legal<\/p>\n<ul>\n<li>original e c\u00f3pia do comprovante de resid\u00eancia em nome do aluno ou dos pais, emitido h\u00e1 menos de 90 dias (contas de luz, telefone, g\u00e1s, internet, conv\u00eanio m\u00e9dico, odontol\u00f3gicos ou fatura de cart\u00e3o de cr\u00e9dito);<\/li>\n<\/ul>\n<ul>\n<li>na aus\u00eancia de comprovante de endere\u00e7o em nome do aluno ou dos pais, pode-se apresentar uma Declara\u00e7\u00e3o de Resid\u00eancia assinada pelo titular do comprovante de endere\u00e7o, junto com c\u00f3pia simples do RG ou CNH do declarante, para autentica\u00e7\u00e3o da assinatura; o comprovante de endere\u00e7o deve ter validade de 90 dias contados da data de emiss\u00e3o.<\/li>\n<\/ul>\n<ul>\n<li>Termo de Consentimento: seja para estudantes maiores ou menores de 18 anos, conforme a Lei n\u00ba 13.709\/2018 Lei Geral de Prote\u00e7\u00e3o de dados Pessoais (LGPD) modelo no site.<\/li>\n<\/ul>\n<p>A empresa disponibilizou o telefone <strong>(16) 3632-3952<\/strong> para mais informa\u00e7\u00f5es. \u00a0<\/p>\n<p>SAIBA MAIS<\/p>\n<p>Fiocruz tem concurso p\u00fablico com 300 vagas e sal\u00e1rios de at\u00e9 R$ 13 mil<\/p>\n<h4 class=\"wp-block-heading\"><strong><mark>FIQUE ON<\/mark><\/strong><\/h4>\n<p>Fique ligado em tudo que acontece em Ribeir\u00e3o Preto e regi\u00e3o. Siga os perfis do<strong>\u00a0acidade on<\/strong>\u00a0no\u00a0<a href=\"https:\/\/www.instagram.com\/acidadeonribeirao\" target=\"_blank\" rel=\"noreferrer noopener\">Instagram\u00a0<\/a>e no<a href=\"https:\/\/www.facebook.com\/acidadeonribeirao\" target=\"_blank\" rel=\"noreferrer noopener\">\u00a0Facebook.<\/a><\/p>\n<p>Receba not\u00edcias do\u00a0<strong>acidade on<\/strong>\u00a0no WhatsApp.<a href=\"https:\/\/chat.whatsapp.com\/Bnv2w66ZT4VDyZW3oiZ69n\" target=\"_blank\" rel=\"noreferrer noopener\">\u00a0Para entrar no grupo, basta clicar aqui.<\/a><\/p>\n<p>Fa\u00e7a uma den\u00fancia ou sugira uma reportagem sobre Ribeir\u00e3o Preto e regi\u00e3o pelo WhatsApp: 16 99117 7802.<\/p>\n<p>VEJA TAMB\u00c9M<\/p>\n<p>Quando vai tocar o Big Fone no BBB 24? Telefone \u00e9 temido pelo brothers<\/p>\n<p><!-- AI CONTENT END 1 -->\n<\/div>\n<\/div>\n<p><script async src=\"\/\/www.instagram.com\/embed.js\"><\/script><br \/>\n<br \/><br \/>\n<br \/><a href=\"https:\/\/www.acidadeon.com\/ribeiraopreto\/cotidiano\/veja-como-solicitar-e-renovar-o-cartao-de-onibus-para-estudantes-em-ribeirao-preto\/\">Source link <\/a><\/p>\n<!-- CONTENT END 1 -->\n","protected":false},"excerpt":{"rendered":"<p>Os estudantes da rede municipal de Ribeir\u00e3o Preto j\u00e1 podem solicitar e pedir a renova\u00e7\u00e3o do cart\u00e3o de \u00f4nibus para o transporte p\u00fablico. As aulas&#8230;<\/p>\n","protected":false},"author":1,"featured_media":32404,"comment_status":"open","ping_status":"open","sticky":false,"template":"","format":"standard","meta":{"advanced_seo_description":"","jetpack_seo_html_title":"","jetpack_seo_noindex":false,"jetpack_post_was_ever_published":false,"_jetpack_newsletter_access":"","_jetpack_dont_email_post_to_subs":false,"_jetpack_newsletter_tier_id":0,"_jetpack_memberships_contains_paywalled_content":false,"_jetpack_memberships_contains_paid_content":false,"footnotes":"","jetpack_publicize_message":"","jetpack_publicize_feature_enabled":true,"jetpack_social_post_already_shared":true,"jetpack_social_options":{"image_generator_settings":{"template":"highway","default_image_id":0,"font":"","enabled":false},"version":2}},"categories":[11],"tags":[1389,265,1387,335,71,27,1388,26,1317,48],"class_list":["post-32403","post","type-post","status-publish","format-standard","has-post-thumbnail","hentry","category-noticias-de-ribeirao-preto-sp-e-regiao-ismael-colosi","tag-cartao","tag-como","tag-estudantes","tag-onibus","tag-para","tag-preto","tag-renovar","tag-ribeirao","tag-solicitar","tag-veja"],"jetpack_publicize_connections":[],"jetpack_featured_media_url":"https:\/\/i0.wp.com\/noticiasribeiraopreto.com.br\/wp-content\/uploads\/2024\/01\/1706165171_novos-onibus-ribeirao-preto.jpg?fit=1620%2C1080&ssl=1","jetpack-related-posts":[{"id":60733,"url":"https:\/\/noticiasribeiraopreto.com.br\/index.php\/2024\/11\/23\/estudantes-de-ribeirao-ja-podem-renovar-o-cartao-de-onibus-saiba-como\/","url_meta":{"origin":32403,"position":0},"title":"Estudantes de Ribeir\u00e3o j\u00e1 podem renovar o cart\u00e3o de \u00f4nibus; saiba como","author":"noticiasribeiraopreto.com.br","date":"23 de November de 2024","format":false,"excerpt":"Para evitar contratempos no retorno \u00e0s aulas em 2025, a RP Mobi orienta os estudantes de Ribeir\u00e3o Preto sobre os passos necess\u00e1rios para renovar ou obter a primeira via do cart\u00e3o de transporte coletivo. O processo pode ser realizado de forma pr\u00e1tica e r\u00e1pida online, acessando o site oficial \u2013\u2026","rel":"","context":"In &quot;Not\u00edcias de Ribeir\u00e3o Preto-SP e Regi\u00e3o&quot;","block_context":{"text":"Not\u00edcias de Ribeir\u00e3o Preto-SP e Regi\u00e3o","link":"https:\/\/noticiasribeiraopreto.com.br\/index.php\/category\/noticias-de-ribeirao-preto-sp-e-regiao-ismael-colosi\/"},"img":{"alt_text":"","src":"https:\/\/i0.wp.com\/noticiasribeiraopreto.com.br\/wp-content\/uploads\/2024\/11\/WhatsApp-Image-2024-10-17-at-15.21.39_2024-10-17_21-53-54_jpeg_2024-10-17_21-53-54.webp.webp?fit=1200%2C800&ssl=1&resize=350%2C200","width":350,"height":200,"srcset":"https:\/\/i0.wp.com\/noticiasribeiraopreto.com.br\/wp-content\/uploads\/2024\/11\/WhatsApp-Image-2024-10-17-at-15.21.39_2024-10-17_21-53-54_jpeg_2024-10-17_21-53-54.webp.webp?fit=1200%2C800&ssl=1&resize=350%2C200 1x, https:\/\/i0.wp.com\/noticiasribeiraopreto.com.br\/wp-content\/uploads\/2024\/11\/WhatsApp-Image-2024-10-17-at-15.21.39_2024-10-17_21-53-54_jpeg_2024-10-17_21-53-54.webp.webp?fit=1200%2C800&ssl=1&resize=525%2C300 1.5x, https:\/\/i0.wp.com\/noticiasribeiraopreto.com.br\/wp-content\/uploads\/2024\/11\/WhatsApp-Image-2024-10-17-at-15.21.39_2024-10-17_21-53-54_jpeg_2024-10-17_21-53-54.webp.webp?fit=1200%2C800&ssl=1&resize=700%2C400 2x, https:\/\/i0.wp.com\/noticiasribeiraopreto.com.br\/wp-content\/uploads\/2024\/11\/WhatsApp-Image-2024-10-17-at-15.21.39_2024-10-17_21-53-54_jpeg_2024-10-17_21-53-54.webp.webp?fit=1200%2C800&ssl=1&resize=1050%2C600 3x"},"classes":[]},{"id":80238,"url":"https:\/\/noticiasribeiraopreto.com.br\/index.php\/2025\/11\/18\/estudantes-ja-podem-renovar-carteirinha-de-onibus-para-2026-2\/","url_meta":{"origin":32403,"position":1},"title":"Estudantes ja podem renovar carteirinha de \u00f4nibus para 2026","author":"noticiasribeiraopreto.com.br","date":"18 de November de 2025","format":false,"excerpt":"18 de novembro de 2025 07:5618 de novembro de 2025 12:06 Compartilhar0A RP Mobi iniciou o per\u00edodo de renova\u00e7\u00e3o e emiss\u00e3o do cart\u00e3o de \u00f4nibus para estudantes que utilizar\u00e3o o benef\u00edcio em 2026. Para evitar transtornos na volta \u00e0s aulas, todo o procedimento pode ser feito de forma on-line, no\u2026","rel":"","context":"In &quot;Not\u00edcias de Ribeir\u00e3o Preto-SP e Regi\u00e3o&quot;","block_context":{"text":"Not\u00edcias de Ribeir\u00e3o Preto-SP e Regi\u00e3o","link":"https:\/\/noticiasribeiraopreto.com.br\/index.php\/category\/noticias-de-ribeirao-preto-sp-e-regiao-ismael-colosi\/"},"img":{"alt_text":"","src":"https:\/\/i0.wp.com\/noticiasribeiraopreto.com.br\/wp-content\/uploads\/2025\/11\/1763478721_cartaoestudante_002-scaled.jpeg?fit=1171%2C780&ssl=1&resize=350%2C200","width":350,"height":200,"srcset":"https:\/\/i0.wp.com\/noticiasribeiraopreto.com.br\/wp-content\/uploads\/2025\/11\/1763478721_cartaoestudante_002-scaled.jpeg?fit=1171%2C780&ssl=1&resize=350%2C200 1x, https:\/\/i0.wp.com\/noticiasribeiraopreto.com.br\/wp-content\/uploads\/2025\/11\/1763478721_cartaoestudante_002-scaled.jpeg?fit=1171%2C780&ssl=1&resize=525%2C300 1.5x, https:\/\/i0.wp.com\/noticiasribeiraopreto.com.br\/wp-content\/uploads\/2025\/11\/1763478721_cartaoestudante_002-scaled.jpeg?fit=1171%2C780&ssl=1&resize=700%2C400 2x, https:\/\/i0.wp.com\/noticiasribeiraopreto.com.br\/wp-content\/uploads\/2025\/11\/1763478721_cartaoestudante_002-scaled.jpeg?fit=1171%2C780&ssl=1&resize=1050%2C600 3x"},"classes":[]},{"id":80222,"url":"https:\/\/noticiasribeiraopreto.com.br\/index.php\/2025\/11\/18\/estudantes-ja-podem-renovar-carteirinha-de-onibus-para-2026\/","url_meta":{"origin":32403,"position":2},"title":"Estudantes ja podem renovar carteirinha de \u00f4nibus para 2026","author":"noticiasribeiraopreto.com.br","date":"18 de November de 2025","format":false,"excerpt":"18 de novembro de 2025 07:5618 de novembro de 2025 08:13 Compartilhar0A RP Mobi iniciou o per\u00edodo de renova\u00e7\u00e3o e emiss\u00e3o do cart\u00e3o de \u00f4nibus para estudantes que utilizar\u00e3o o benef\u00edcio em 2026. Para evitar transtornos na volta \u00e0s aulas, todo o procedimento pode ser feito de forma on-line, no\u2026","rel":"","context":"In &quot;Not\u00edcias de Ribeir\u00e3o Preto-SP e Regi\u00e3o&quot;","block_context":{"text":"Not\u00edcias de Ribeir\u00e3o Preto-SP e Regi\u00e3o","link":"https:\/\/noticiasribeiraopreto.com.br\/index.php\/category\/noticias-de-ribeirao-preto-sp-e-regiao-ismael-colosi\/"},"img":{"alt_text":"","src":"https:\/\/i0.wp.com\/noticiasribeiraopreto.com.br\/wp-content\/uploads\/2025\/11\/cartaoestudante_002-scaled.jpeg?fit=1171%2C780&ssl=1&resize=350%2C200","width":350,"height":200,"srcset":"https:\/\/i0.wp.com\/noticiasribeiraopreto.com.br\/wp-content\/uploads\/2025\/11\/cartaoestudante_002-scaled.jpeg?fit=1171%2C780&ssl=1&resize=350%2C200 1x, https:\/\/i0.wp.com\/noticiasribeiraopreto.com.br\/wp-content\/uploads\/2025\/11\/cartaoestudante_002-scaled.jpeg?fit=1171%2C780&ssl=1&resize=525%2C300 1.5x, https:\/\/i0.wp.com\/noticiasribeiraopreto.com.br\/wp-content\/uploads\/2025\/11\/cartaoestudante_002-scaled.jpeg?fit=1171%2C780&ssl=1&resize=700%2C400 2x, https:\/\/i0.wp.com\/noticiasribeiraopreto.com.br\/wp-content\/uploads\/2025\/11\/cartaoestudante_002-scaled.jpeg?fit=1171%2C780&ssl=1&resize=1050%2C600 3x"},"classes":[]},{"id":10264,"url":"https:\/\/noticiasribeiraopreto.com.br\/index.php\/2023\/12\/04\/estudantes-poderao-renovar-o-cartao-de-onibus-a-partir-desta-segunda-4\/","url_meta":{"origin":32403,"position":3},"title":"Estudantes poder\u00e3o renovar o cart\u00e3o de \u00f4nibus a partir desta segunda (4)","author":"noticiasribeiraopreto.com.br","date":"4 de December de 2023","format":false,"excerpt":"4 de dezembro de 2023 | 8:001 de dezembro de 2023 | 16:49 0Para evitar transtornos no per\u00edodo de volta \u00e0s aulas em 2024, a RP Mobi alerta estudantes do munic\u00edpio, que a partir da pr\u00f3xima segunda-feira, dia 4 de dezembro, o sistema on-line do transporte coletivo urbano, estar\u00e1 totalmente\u2026","rel":"","context":"In &quot;Not\u00edcias de Ribeir\u00e3o Preto-SP e Regi\u00e3o&quot;","block_context":{"text":"Not\u00edcias de Ribeir\u00e3o Preto-SP e Regi\u00e3o","link":"https:\/\/noticiasribeiraopreto.com.br\/index.php\/category\/noticias-de-ribeirao-preto-sp-e-regiao-ismael-colosi\/"},"img":{"alt_text":"","src":"https:\/\/i0.wp.com\/noticiasribeiraopreto.com.br\/wp-content\/uploads\/2023\/12\/onibus-1.jpg?fit=700%2C450&ssl=1&resize=350%2C200","width":350,"height":200,"srcset":"https:\/\/i0.wp.com\/noticiasribeiraopreto.com.br\/wp-content\/uploads\/2023\/12\/onibus-1.jpg?fit=700%2C450&ssl=1&resize=350%2C200 1x, https:\/\/i0.wp.com\/noticiasribeiraopreto.com.br\/wp-content\/uploads\/2023\/12\/onibus-1.jpg?fit=700%2C450&ssl=1&resize=525%2C300 1.5x, https:\/\/i0.wp.com\/noticiasribeiraopreto.com.br\/wp-content\/uploads\/2023\/12\/onibus-1.jpg?fit=700%2C450&ssl=1&resize=700%2C400 2x"},"classes":[]},{"id":45263,"url":"https:\/\/noticiasribeiraopreto.com.br\/index.php\/2024\/04\/03\/passageiros-enfrentam-pane-para-recarga-do-cartao-do-onibus-em-ribeirao-preto\/","url_meta":{"origin":32403,"position":4},"title":"Passageiros enfrentam pane para recarga do cart\u00e3o do \u00f4nibus em Ribeir\u00e3o Preto","author":"noticiasribeiraopreto.com.br","date":"3 de April de 2024","format":false,"excerpt":"Os passageiros do transporte coletivo de Ribeir\u00e3o Preto est\u00e3o com dificuldades para fazer a recarga do cart\u00e3o do \u00f4nibus. Os usu\u00e1rios relatam que desde segunda est\u00e3o com dificuldades de fazer a recarga por conta da pane no sistema, que teria se agravado nesta quarta-feira (3). O problema foi registrado no\u2026","rel":"","context":"In &quot;Not\u00edcias de Ribeir\u00e3o Preto-SP e Regi\u00e3o&quot;","block_context":{"text":"Not\u00edcias de Ribeir\u00e3o Preto-SP e Regi\u00e3o","link":"https:\/\/noticiasribeiraopreto.com.br\/index.php\/category\/noticias-de-ribeirao-preto-sp-e-regiao-ismael-colosi\/"},"img":{"alt_text":"","src":"https:\/\/i0.wp.com\/noticiasribeiraopreto.com.br\/wp-content\/uploads\/2024\/04\/novos-onibus-ribeirao-preto.jpg?fit=1200%2C800&ssl=1&resize=350%2C200","width":350,"height":200,"srcset":"https:\/\/i0.wp.com\/noticiasribeiraopreto.com.br\/wp-content\/uploads\/2024\/04\/novos-onibus-ribeirao-preto.jpg?fit=1200%2C800&ssl=1&resize=350%2C200 1x, https:\/\/i0.wp.com\/noticiasribeiraopreto.com.br\/wp-content\/uploads\/2024\/04\/novos-onibus-ribeirao-preto.jpg?fit=1200%2C800&ssl=1&resize=525%2C300 1.5x, https:\/\/i0.wp.com\/noticiasribeiraopreto.com.br\/wp-content\/uploads\/2024\/04\/novos-onibus-ribeirao-preto.jpg?fit=1200%2C800&ssl=1&resize=700%2C400 2x, https:\/\/i0.wp.com\/noticiasribeiraopreto.com.br\/wp-content\/uploads\/2024\/04\/novos-onibus-ribeirao-preto.jpg?fit=1200%2C800&ssl=1&resize=1050%2C600 3x"},"classes":[]},{"id":52560,"url":"https:\/\/noticiasribeiraopreto.com.br\/index.php\/2024\/06\/09\/entenda-como-funciona-as-novas-formas-para-pagamento-do-transporte-publico-em-ribeirao\/","url_meta":{"origin":32403,"position":5},"title":"Entenda como funciona as novas formas para pagamento do transporte p\u00fablico em Ribeir\u00e3o","author":"noticiasribeiraopreto.com.br","date":"9 de June de 2024","format":false,"excerpt":"A Prefeitura de Ribeir\u00e3o Preto anunciou, no final da semana passada, novas formas de pagamento no sistema de bilhetagem dos \u00f4nibus urbanos do munic\u00edpio. O comunicado foi realizado por meio da RP Mobi e do cons\u00f3rcio Pr\u00f3Urbano. Agora, de acordo com a Administra\u00e7\u00e3o, os passageiros poder\u00e3o embarcar utilizando cart\u00f5es de\u2026","rel":"","context":"In &quot;Not\u00edcias de Ribeir\u00e3o Preto-SP e Regi\u00e3o&quot;","block_context":{"text":"Not\u00edcias de Ribeir\u00e3o Preto-SP e Regi\u00e3o","link":"https:\/\/noticiasribeiraopreto.com.br\/index.php\/category\/noticias-de-ribeirao-preto-sp-e-regiao-ismael-colosi\/"},"img":{"alt_text":"","src":"https:\/\/i0.wp.com\/noticiasribeiraopreto.com.br\/wp-content\/uploads\/2024\/05\/Copia-de-Copia-de-TAMANHO-EXATO-PARA-FOTOS-NO-SISTEMA-NOVO-35_2024-05-23_16-30-22_jpg_2024-05-23_16-30-22.webp.webp?fit=1200%2C675&ssl=1&resize=350%2C200","width":350,"height":200,"srcset":"https:\/\/i0.wp.com\/noticiasribeiraopreto.com.br\/wp-content\/uploads\/2024\/05\/Copia-de-Copia-de-TAMANHO-EXATO-PARA-FOTOS-NO-SISTEMA-NOVO-35_2024-05-23_16-30-22_jpg_2024-05-23_16-30-22.webp.webp?fit=1200%2C675&ssl=1&resize=350%2C200 1x, https:\/\/i0.wp.com\/noticiasribeiraopreto.com.br\/wp-content\/uploads\/2024\/05\/Copia-de-Copia-de-TAMANHO-EXATO-PARA-FOTOS-NO-SISTEMA-NOVO-35_2024-05-23_16-30-22_jpg_2024-05-23_16-30-22.webp.webp?fit=1200%2C675&ssl=1&resize=525%2C300 1.5x, https:\/\/i0.wp.com\/noticiasribeiraopreto.com.br\/wp-content\/uploads\/2024\/05\/Copia-de-Copia-de-TAMANHO-EXATO-PARA-FOTOS-NO-SISTEMA-NOVO-35_2024-05-23_16-30-22_jpg_2024-05-23_16-30-22.webp.webp?fit=1200%2C675&ssl=1&resize=700%2C400 2x, https:\/\/i0.wp.com\/noticiasribeiraopreto.com.br\/wp-content\/uploads\/2024\/05\/Copia-de-Copia-de-TAMANHO-EXATO-PARA-FOTOS-NO-SISTEMA-NOVO-35_2024-05-23_16-30-22_jpg_2024-05-23_16-30-22.webp.webp?fit=1200%2C675&ssl=1&resize=1050%2C600 3x"},"classes":[]}],"jetpack_sharing_enabled":true,"jetpack_shortlink":"https:\/\/wp.me\/peQAOb-8qD","_links":{"self":[{"href":"https:\/\/noticiasribeiraopreto.com.br\/index.php\/wp-json\/wp\/v2\/posts\/32403","targetHints":{"allow":["GET"]}}],"collection":[{"href":"https:\/\/noticiasribeiraopreto.com.br\/index.php\/wp-json\/wp\/v2\/posts"}],"about":[{"href":"https:\/\/noticiasribeiraopreto.com.br\/index.php\/wp-json\/wp\/v2\/types\/post"}],"author":[{"embeddable":true,"href":"https:\/\/noticiasribeiraopreto.com.br\/index.php\/wp-json\/wp\/v2\/users\/1"}],"replies":[{"embeddable":true,"href":"https:\/\/noticiasribeiraopreto.com.br\/index.php\/wp-json\/wp\/v2\/comments?post=32403"}],"version-history":[{"count":0,"href":"https:\/\/noticiasribeiraopreto.com.br\/index.php\/wp-json\/wp\/v2\/posts\/32403\/revisions"}],"wp:featuredmedia":[{"embeddable":true,"href":"https:\/\/noticiasribeiraopreto.com.br\/index.php\/wp-json\/wp\/v2\/media\/32404"}],"wp:attachment":[{"href":"https:\/\/noticiasribeiraopreto.com.br\/index.php\/wp-json\/wp\/v2\/media?parent=32403"}],"wp:term":[{"taxonomy":"category","embeddable":true,"href":"https:\/\/noticiasribeiraopreto.com.br\/index.php\/wp-json\/wp\/v2\/categories?post=32403"},{"taxonomy":"post_tag","embeddable":true,"href":"https:\/\/noticiasribeiraopreto.com.br\/index.php\/wp-json\/wp\/v2\/tags?post=32403"}],"curies":[{"name":"wp","href":"https:\/\/api.w.org\/{rel}","templated":true}]}}