{"id":32451,"date":"2024-01-25T07:39:08","date_gmt":"2024-01-25T10:39:08","guid":{"rendered":"https:\/\/noticiasribeiraopreto.com.br\/index.php\/2024\/01\/25\/casa-da-memoria-italiana-tem-atividade-gratuita-neste-final-de-semana-em-ribeirao\/"},"modified":"2024-01-25T07:39:08","modified_gmt":"2024-01-25T10:39:08","slug":"casa-da-memoria-italiana-tem-atividade-gratuita-neste-final-de-semana-em-ribeirao","status":"publish","type":"post","link":"https:\/\/noticiasribeiraopreto.com.br\/index.php\/2024\/01\/25\/casa-da-memoria-italiana-tem-atividade-gratuita-neste-final-de-semana-em-ribeirao\/","title":{"rendered":"Casa da Mem\u00f3ria Italiana tem atividade gratuita neste final de semana em Ribeir\u00e3o"},"content":{"rendered":"<div class='code-block code-block-1' style='margin: 8px 0 8px auto; text-align: right; display: block; clear: both;'>\n<p><a href=\"https:\/\/wa.link\/vpicfd\"><img data-recalc-dims=\"1\" class=\"wp-image-4922\" style=\"aspect-ratio: 2.0253164556962027; width: 561px; height: auto;\" src=\"https:\/\/i0.wp.com\/ismaelcolosi.com.br\/wp-content\/uploads\/2023\/11\/grupo-de-empregos-whatsapp-e-facebook-ismael-colosi-vagas.jpg?ssl=1\" alt=\"\" \/><\/a><\/p>\n<!-- \/wp:image -->\n<\/div>\n<p> <br \/>\n<\/p>\n<div>\n<p>O <strong>Museu Casa da Mem\u00f3ria Italiana<\/strong>, em <strong>Ribeir\u00e3o Preto<\/strong>, realiza neste domingo (28), a partir das 9h, o \u2018<strong>Quintal Abert<\/strong>o\u2019. <mark style=\"background-color:#fcb900\" class=\"has-inline-color\">A atividade \u00e9 gratuita \u00e9 aberta para fam\u00edlias visitarem o patrim\u00f4nio cultural.<\/mark><\/p>\n<p>Neste dia, <strong>n\u00e3o ser\u00e1 necess\u00e1rio a retirada de ingressos<\/strong> no site do museu para participar das atividades.<\/p>\n<p>O evento conta o apoio da Secretaria de Cultura e Turismo da cidade e da Funda\u00e7\u00e3o do Livro e Leitura de Ribeir\u00e3o Preto, e ser\u00e1 divido em<strong> duas partes<\/strong>, come\u00e7ando pela visita\u00e7\u00e3o da parte interna do local, sem media\u00e7\u00e3o, at\u00e9 \u00e0s 10h30.<\/p>\n<p>Ap\u00f3s a visita, o quintal da resid\u00eancia ficar\u00e1 aberto ao p\u00fablico para <strong>conta\u00e7\u00f5es de hist\u00f3rias<\/strong>, atrav\u00e9s do projeto \u201cViajando com as Hist\u00f3rias\u201d, das 11h \u00e0s 12h.<\/p>\n<h4 class=\"wp-block-heading\"><strong>Troca de livros<\/strong><\/h4>\n<p>Em paralelo a visita\u00e7\u00e3o e a conta\u00e7\u00e3o de hist\u00f3rias, o museu tamb\u00e9m estar\u00e1 realizando a sua <strong>primeira feira para troca de livros.<\/strong><\/p>\n<p>De acordo com a organiza\u00e7\u00e3o, os interessados poder\u00e3o levar um livro de qualquer g\u00eanero liter\u00e1rio, para ser <strong>trocado por outro de sua escolha.<\/strong><\/p>\n<h4 class=\"wp-block-heading\"><strong>Servi\u00e7o<\/strong><\/h4>\n<p><em>Quintal Aberto \u2013 Museu Casa da Mem\u00f3ria Italiana<\/em><\/p>\n<p>Data: 28 de janeiro (domingo)<\/p>\n<p>Hor\u00e1rio: Feira para troca de livros, das 9h \u00e0s 12h;<\/p>\n<p>Visita\u00e7\u00e3o espont\u00e2nea sem media\u00e7\u00e3o, das 9h \u00e0s 10h;<\/p>\n<p>Conta\u00e7\u00f5es de hist\u00f3rias do projeto \u201cViajando com as Hist\u00f3rias\u201d, das 10h \u00e0s 12h.<\/p>\n<p>Entrada: Gratuita<\/p>\n<p>Local: Museu Casa da Mem\u00f3ria Italiana \u2013 Rua Tibiri\u00e7\u00e1, 776, Centro \u2013 Ribeir\u00e3o Preto<\/p>\n<p>SAIBA MAIS<\/p>\n<p>Shopping de Ribeir\u00e3o Preto recebe espa\u00e7o de leitura infantil<\/p>\n<h4 class=\"wp-block-heading\"><strong><mark style=\"background-color:#fcb900\" class=\"has-inline-color\">FIQUE ON<\/mark><\/strong><\/h4>\n<p>Fique ligado em tudo que acontece em Ribeir\u00e3o Preto e regi\u00e3o. Siga os perfis do\u00a0<strong>acidade on<\/strong>\u00a0no\u00a0<a href=\"https:\/\/www.instagram.com\/acidadeonribeirao\" target=\"_blank\" rel=\"noreferrer noopener\">Instagram\u00a0<\/a>e no\u00a0<a href=\"https:\/\/www.facebook.com\/acidadeonribeirao\" target=\"_blank\" rel=\"noreferrer noopener\">Facebook<\/a>.<\/p>\n<p>Receba not\u00edcias do\u00a0<strong>acidade on\u00a0<\/strong>no WhatsApp.\u00a0<a href=\"https:\/\/chat.whatsapp.com\/Bnv2w66ZT4VDyZW3oiZ69n\" target=\"_blank\" rel=\"noreferrer noopener\">Para entrar no grupo, basta clicar aqui.<\/a><\/p>\n<p>Fa\u00e7a uma den\u00fancia ou sugira uma reportagem sobre Ribeir\u00e3o Preto e regi\u00e3o pelo WhatsApp: 16 99117 7802.<\/p>\n<p>VEJA TAMB\u00c9M<\/p>\n<p>Pipoca na airfryer: aprenda o passo a passo dessa receita<\/p>\n<p><!-- AI CONTENT END 1 -->\n<\/div>\n<p><script async src=\"\/\/www.instagram.com\/embed.js\"><\/script><br \/>\n<br \/><br \/>\n<br \/><a href=\"https:\/\/www.acidadeon.com\/ribeiraopreto\/lazer-e-cultura\/casa-da-memoria-italiana-tem-atividade-gratuita-neste-final-de-semana-em-ribeirao\/\">Source link <\/a><\/p>\n<!-- CONTENT END 1 -->\n","protected":false},"excerpt":{"rendered":"<p>O Museu Casa da Mem\u00f3ria Italiana, em Ribeir\u00e3o Preto, realiza neste domingo (28), a partir das 9h, o \u2018Quintal Aberto\u2019. A atividade \u00e9 gratuita \u00e9&#8230;<\/p>\n","protected":false},"author":1,"featured_media":32452,"comment_status":"open","ping_status":"open","sticky":false,"template":"","format":"standard","meta":{"advanced_seo_description":"","jetpack_seo_html_title":"","jetpack_seo_noindex":false,"jetpack_post_was_ever_published":false,"_jetpack_newsletter_access":"","_jetpack_dont_email_post_to_subs":false,"_jetpack_newsletter_tier_id":0,"_jetpack_memberships_contains_paywalled_content":false,"_jetpack_memberships_contains_paid_content":false,"footnotes":"","jetpack_publicize_message":"","jetpack_publicize_feature_enabled":true,"jetpack_social_post_already_shared":true,"jetpack_social_options":{"image_generator_settings":{"template":"highway","default_image_id":0,"font":"","enabled":false},"version":2}},"categories":[11],"tags":[3865,289,672,343,291,290,263,26,126,162],"class_list":["post-32451","post","type-post","status-publish","format-standard","has-post-thumbnail","hentry","category-noticias-de-ribeirao-preto-sp-e-regiao-ismael-colosi","tag-atividade","tag-casa","tag-final","tag-gratuita","tag-italiana","tag-memoria","tag-neste","tag-ribeirao","tag-semana","tag-tem"],"jetpack_publicize_connections":[],"jetpack_featured_media_url":"https:\/\/i0.wp.com\/noticiasribeiraopreto.com.br\/wp-content\/uploads\/2024\/01\/casa_da_1200x675_17022022102229.jpg?fit=1200%2C675&ssl=1","jetpack-related-posts":[{"id":73721,"url":"https:\/\/noticiasribeiraopreto.com.br\/index.php\/2025\/07\/08\/museu-casa-da-memoria-italiana-oferece-programacao-gratuita-de-ferias\/","url_meta":{"origin":32451,"position":0},"title":"Museu Casa da Mem\u00f3ria Italiana oferece programa\u00e7\u00e3o gratuita de f\u00e9rias","author":"noticiasribeiraopreto.com.br","date":"8 de July de 2025","format":false,"excerpt":"Durante o m\u00eas de julho, o Museu Casa da Mem\u00f3ria Italiana oferece uma programa\u00e7\u00e3o gratuita e especial de f\u00e9rias para as crian\u00e7as. As atividades unem cultura, m\u00fasica e tradi\u00e7\u00e3o entre os dias 10 a 13 de julho. Com exce\u00e7\u00e3o do domingo (13), as vagas s\u00e3o limitadas, com agendamento pr\u00e9vio. F\u00e9rias\u2026","rel":"","context":"In &quot;Not\u00edcias de Ribeir\u00e3o Preto-SP e Regi\u00e3o&quot;","block_context":{"text":"Not\u00edcias de Ribeir\u00e3o Preto-SP e Regi\u00e3o","link":"https:\/\/noticiasribeiraopreto.com.br\/index.php\/category\/noticias-de-ribeirao-preto-sp-e-regiao-ismael-colosi\/"},"img":{"alt_text":"","src":"https:\/\/i0.wp.com\/noticiasribeiraopreto.com.br\/wp-content\/uploads\/2025\/07\/Atividade-com-criancas_2025-07-08_13-50-38.webp.webp?fit=1200%2C900&ssl=1&resize=350%2C200","width":350,"height":200,"srcset":"https:\/\/i0.wp.com\/noticiasribeiraopreto.com.br\/wp-content\/uploads\/2025\/07\/Atividade-com-criancas_2025-07-08_13-50-38.webp.webp?fit=1200%2C900&ssl=1&resize=350%2C200 1x, https:\/\/i0.wp.com\/noticiasribeiraopreto.com.br\/wp-content\/uploads\/2025\/07\/Atividade-com-criancas_2025-07-08_13-50-38.webp.webp?fit=1200%2C900&ssl=1&resize=525%2C300 1.5x, https:\/\/i0.wp.com\/noticiasribeiraopreto.com.br\/wp-content\/uploads\/2025\/07\/Atividade-com-criancas_2025-07-08_13-50-38.webp.webp?fit=1200%2C900&ssl=1&resize=700%2C400 2x, https:\/\/i0.wp.com\/noticiasribeiraopreto.com.br\/wp-content\/uploads\/2025\/07\/Atividade-com-criancas_2025-07-08_13-50-38.webp.webp?fit=1200%2C900&ssl=1&resize=1050%2C600 3x"},"classes":[]},{"id":62383,"url":"https:\/\/noticiasribeiraopreto.com.br\/index.php\/2025\/01\/13\/museu-casa-da-memoria-italiana-tera-atividades-de-ferias-veja-a-programacao\/","url_meta":{"origin":32451,"position":1},"title":"Museu Casa da Mem\u00f3ria Italiana ter\u00e1 atividades de f\u00e9rias; Veja a programa\u00e7\u00e3o","author":"noticiasribeiraopreto.com.br","date":"13 de January de 2025","format":false,"excerpt":"No m\u00eas de janeiro, o Museu Casa da Mem\u00f3ria Italiana oferece uma programa\u00e7\u00e3o especial e gratuita para as crian\u00e7as. A programa\u00e7\u00e3o acontece entre os dias 17, 23 e 24 de janeiro, \u00e0s 15h, e nos dias 18 e 25 de janeiro, \u00e0s 10h. Para participar, \u00e9 necess\u00e1rio fazer uma inscri\u00e7\u00e3o\u2026","rel":"","context":"In &quot;Not\u00edcias de Ribeir\u00e3o Preto-SP e Regi\u00e3o&quot;","block_context":{"text":"Not\u00edcias de Ribeir\u00e3o Preto-SP e Regi\u00e3o","link":"https:\/\/noticiasribeiraopreto.com.br\/index.php\/category\/noticias-de-ribeirao-preto-sp-e-regiao-ismael-colosi\/"},"img":{"alt_text":"","src":"https:\/\/i0.wp.com\/noticiasribeiraopreto.com.br\/wp-content\/uploads\/2025\/01\/criancas-no-quintal-do-museu-casa_2025-01-13_12-09-59_jpg_2025-01-13_12-09-59.webp.webp?fit=1200%2C800&ssl=1&resize=350%2C200","width":350,"height":200,"srcset":"https:\/\/i0.wp.com\/noticiasribeiraopreto.com.br\/wp-content\/uploads\/2025\/01\/criancas-no-quintal-do-museu-casa_2025-01-13_12-09-59_jpg_2025-01-13_12-09-59.webp.webp?fit=1200%2C800&ssl=1&resize=350%2C200 1x, https:\/\/i0.wp.com\/noticiasribeiraopreto.com.br\/wp-content\/uploads\/2025\/01\/criancas-no-quintal-do-museu-casa_2025-01-13_12-09-59_jpg_2025-01-13_12-09-59.webp.webp?fit=1200%2C800&ssl=1&resize=525%2C300 1.5x, https:\/\/i0.wp.com\/noticiasribeiraopreto.com.br\/wp-content\/uploads\/2025\/01\/criancas-no-quintal-do-museu-casa_2025-01-13_12-09-59_jpg_2025-01-13_12-09-59.webp.webp?fit=1200%2C800&ssl=1&resize=700%2C400 2x, https:\/\/i0.wp.com\/noticiasribeiraopreto.com.br\/wp-content\/uploads\/2025\/01\/criancas-no-quintal-do-museu-casa_2025-01-13_12-09-59_jpg_2025-01-13_12-09-59.webp.webp?fit=1200%2C800&ssl=1&resize=1050%2C600 3x"},"classes":[]},{"id":28066,"url":"https:\/\/noticiasribeiraopreto.com.br\/index.php\/2024\/01\/14\/casa-da-memoria-italiana-tem-programacao-gratuita-para-as-ferias-em-ribeirao-preto\/","url_meta":{"origin":32451,"position":2},"title":"Casa da Mem\u00f3ria Italiana tem programa\u00e7\u00e3o gratuita para as f\u00e9rias em Ribeir\u00e3o Preto","author":"noticiasribeiraopreto.com.br","date":"14 de January de 2024","format":false,"excerpt":"O Museu Casa da Mem\u00f3ria Italiana, em Ribeir\u00e3o Preto, anunciou uma programa\u00e7\u00e3o especial de f\u00e9rias nos dias 20 e 27 de janeiro. A a\u00e7\u00e3o faz parte do in\u00edcio da celebra\u00e7\u00e3o dos 150 anos da imigra\u00e7\u00e3o italiana no Brasil. Voltada para crian\u00e7as de 6 a 12 anos, o museu pretende unir\u2026","rel":"","context":"In &quot;Not\u00edcias de Ribeir\u00e3o Preto-SP e Regi\u00e3o&quot;","block_context":{"text":"Not\u00edcias de Ribeir\u00e3o Preto-SP e Regi\u00e3o","link":"https:\/\/noticiasribeiraopreto.com.br\/index.php\/category\/noticias-de-ribeirao-preto-sp-e-regiao-ismael-colosi\/"},"img":{"alt_text":"","src":"https:\/\/i0.wp.com\/noticiasribeiraopreto.com.br\/wp-content\/uploads\/2024\/01\/WhatsApp-Image-2024-01-12-at-15.11.37.jpeg?fit=1200%2C675&ssl=1&resize=350%2C200","width":350,"height":200,"srcset":"https:\/\/i0.wp.com\/noticiasribeiraopreto.com.br\/wp-content\/uploads\/2024\/01\/WhatsApp-Image-2024-01-12-at-15.11.37.jpeg?fit=1200%2C675&ssl=1&resize=350%2C200 1x, https:\/\/i0.wp.com\/noticiasribeiraopreto.com.br\/wp-content\/uploads\/2024\/01\/WhatsApp-Image-2024-01-12-at-15.11.37.jpeg?fit=1200%2C675&ssl=1&resize=525%2C300 1.5x, https:\/\/i0.wp.com\/noticiasribeiraopreto.com.br\/wp-content\/uploads\/2024\/01\/WhatsApp-Image-2024-01-12-at-15.11.37.jpeg?fit=1200%2C675&ssl=1&resize=700%2C400 2x, https:\/\/i0.wp.com\/noticiasribeiraopreto.com.br\/wp-content\/uploads\/2024\/01\/WhatsApp-Image-2024-01-12-at-15.11.37.jpeg?fit=1200%2C675&ssl=1&resize=1050%2C600 3x"},"classes":[]},{"id":85038,"url":"https:\/\/noticiasribeiraopreto.com.br\/index.php\/2026\/04\/20\/oficina-gratuita-no-museu-casa-da-memoria-italiana-aborda-acessibilidade-cultural\/","url_meta":{"origin":32451,"position":3},"title":"Oficina gratuita no Museu Casa da Mem\u00f3ria Italiana aborda acessibilidade cultural","author":"noticiasribeiraopreto.com.br","date":"20 de April de 2026","format":false,"excerpt":"Ler o resumo da not\u00edcia Museu Casa da Mem\u00f3ria Italiana oferece oficina gratuita sobre acessibilidade cultural neste s\u00e1bado (25), das 10h \u00e0s 12h. A atividade, conduzida pela consultora Carla Damasceno, aborda adapta\u00e7\u00e3o de materiais, tecnologias assistivas e comunica\u00e7\u00e3o inclusiva. Inscri\u00e7\u00f5es s\u00e3o online e destinadas a educadores, mediadores, profissionais de museus,\u2026","rel":"","context":"In &quot;Not\u00edcias de Ribeir\u00e3o Preto-SP e Regi\u00e3o&quot;","block_context":{"text":"Not\u00edcias de Ribeir\u00e3o Preto-SP e Regi\u00e3o","link":"https:\/\/noticiasribeiraopreto.com.br\/index.php\/category\/noticias-de-ribeirao-preto-sp-e-regiao-ismael-colosi\/"},"img":{"alt_text":"","src":"https:\/\/i0.wp.com\/noticiasribeiraopreto.com.br\/wp-content\/uploads\/2026\/04\/Capturar-16.jpg?fit=836%2C611&ssl=1&resize=350%2C200","width":350,"height":200,"srcset":"https:\/\/i0.wp.com\/noticiasribeiraopreto.com.br\/wp-content\/uploads\/2026\/04\/Capturar-16.jpg?fit=836%2C611&ssl=1&resize=350%2C200 1x, https:\/\/i0.wp.com\/noticiasribeiraopreto.com.br\/wp-content\/uploads\/2026\/04\/Capturar-16.jpg?fit=836%2C611&ssl=1&resize=525%2C300 1.5x, https:\/\/i0.wp.com\/noticiasribeiraopreto.com.br\/wp-content\/uploads\/2026\/04\/Capturar-16.jpg?fit=836%2C611&ssl=1&resize=700%2C400 2x"},"classes":[]},{"id":63628,"url":"https:\/\/noticiasribeiraopreto.com.br\/index.php\/2025\/02\/18\/museu-casa-da-memoria-italiana-tem-programacao-especial-na-semana-do-imigrante\/","url_meta":{"origin":32451,"position":4},"title":"Museu Casa da Mem\u00f3ria Italiana tem programa\u00e7\u00e3o especial na Semana do Imigrante","author":"noticiasribeiraopreto.com.br","date":"18 de February de 2025","format":false,"excerpt":"Na pr\u00f3xima sexta-feira (21) \u00e9 comemorado os 151 anos da Imigra\u00e7\u00e3o Italiana no Brasil e o Museu Casa da Mem\u00f3ria Italiana, em Ribeir\u00e3o Preto, conta com uma programa\u00e7\u00e3o especial e gratuita com exposi\u00e7\u00e3o, palestra e forma\u00e7\u00e3o de educadores. Confira: Palestra Na quinta-feira (20), \u00e0s 19h, o Museu realiza a palestra\u2026","rel":"","context":"In &quot;Not\u00edcias de Ribeir\u00e3o Preto-SP e Regi\u00e3o&quot;","block_context":{"text":"Not\u00edcias de Ribeir\u00e3o Preto-SP e Regi\u00e3o","link":"https:\/\/noticiasribeiraopreto.com.br\/index.php\/category\/noticias-de-ribeirao-preto-sp-e-regiao-ismael-colosi\/"},"img":{"alt_text":"","src":"https:\/\/i0.wp.com\/noticiasribeiraopreto.com.br\/wp-content\/uploads\/2025\/02\/Fachada-2025_2025-02-18_12-58-23_jpg_2025-02-18_12-58-24-scaled.webp.webp?fit=1200%2C687&ssl=1&resize=350%2C200","width":350,"height":200,"srcset":"https:\/\/i0.wp.com\/noticiasribeiraopreto.com.br\/wp-content\/uploads\/2025\/02\/Fachada-2025_2025-02-18_12-58-23_jpg_2025-02-18_12-58-24-scaled.webp.webp?fit=1200%2C687&ssl=1&resize=350%2C200 1x, https:\/\/i0.wp.com\/noticiasribeiraopreto.com.br\/wp-content\/uploads\/2025\/02\/Fachada-2025_2025-02-18_12-58-23_jpg_2025-02-18_12-58-24-scaled.webp.webp?fit=1200%2C687&ssl=1&resize=525%2C300 1.5x, https:\/\/i0.wp.com\/noticiasribeiraopreto.com.br\/wp-content\/uploads\/2025\/02\/Fachada-2025_2025-02-18_12-58-23_jpg_2025-02-18_12-58-24-scaled.webp.webp?fit=1200%2C687&ssl=1&resize=700%2C400 2x, https:\/\/i0.wp.com\/noticiasribeiraopreto.com.br\/wp-content\/uploads\/2025\/02\/Fachada-2025_2025-02-18_12-58-23_jpg_2025-02-18_12-58-24-scaled.webp.webp?fit=1200%2C687&ssl=1&resize=1050%2C600 3x"},"classes":[]},{"id":37955,"url":"https:\/\/noticiasribeiraopreto.com.br\/index.php\/2024\/02\/19\/casa-da-memoria-italiana-tem-programacao-especial-em-ribeirao\/","url_meta":{"origin":32451,"position":5},"title":"Casa da Mem\u00f3ria Italiana tem programa\u00e7\u00e3o especial em Ribeir\u00e3o","author":"noticiasribeiraopreto.com.br","date":"19 de February de 2024","format":false,"excerpt":"O Museu Casa da Mem\u00f3ria Italiana de Ribeir\u00e3o Preto promove uma programa\u00e7\u00e3o especial para comemorar os 150 anos da imigra\u00e7\u00e3o italiana, entre os dias 21 e 24 de fevereiro. A entrada \u00e9 gratuita. Confira a programa\u00e7\u00e3o: 19h:\u00a0abertura da\u00a0exposi\u00e7\u00e3o \u201dFor\u00e7a Italiana. Hist\u00f3rias de Fam\u00edlia\u201d, e relan\u00e7amento do livro de mesmo nome,\u2026","rel":"","context":"In &quot;Not\u00edcias de Ribeir\u00e3o Preto-SP e Regi\u00e3o&quot;","block_context":{"text":"Not\u00edcias de Ribeir\u00e3o Preto-SP e Regi\u00e3o","link":"https:\/\/noticiasribeiraopreto.com.br\/index.php\/category\/noticias-de-ribeirao-preto-sp-e-regiao-ismael-colosi\/"},"img":{"alt_text":"","src":"https:\/\/i0.wp.com\/noticiasribeiraopreto.com.br\/wp-content\/uploads\/2024\/02\/museu-da-memoria-italiana.jpg?fit=499%2C316&ssl=1&resize=350%2C200","width":350,"height":200},"classes":[]}],"jetpack_sharing_enabled":true,"jetpack_shortlink":"https:\/\/wp.me\/peQAOb-8rp","_links":{"self":[{"href":"https:\/\/noticiasribeiraopreto.com.br\/index.php\/wp-json\/wp\/v2\/posts\/32451","targetHints":{"allow":["GET"]}}],"collection":[{"href":"https:\/\/noticiasribeiraopreto.com.br\/index.php\/wp-json\/wp\/v2\/posts"}],"about":[{"href":"https:\/\/noticiasribeiraopreto.com.br\/index.php\/wp-json\/wp\/v2\/types\/post"}],"author":[{"embeddable":true,"href":"https:\/\/noticiasribeiraopreto.com.br\/index.php\/wp-json\/wp\/v2\/users\/1"}],"replies":[{"embeddable":true,"href":"https:\/\/noticiasribeiraopreto.com.br\/index.php\/wp-json\/wp\/v2\/comments?post=32451"}],"version-history":[{"count":0,"href":"https:\/\/noticiasribeiraopreto.com.br\/index.php\/wp-json\/wp\/v2\/posts\/32451\/revisions"}],"wp:featuredmedia":[{"embeddable":true,"href":"https:\/\/noticiasribeiraopreto.com.br\/index.php\/wp-json\/wp\/v2\/media\/32452"}],"wp:attachment":[{"href":"https:\/\/noticiasribeiraopreto.com.br\/index.php\/wp-json\/wp\/v2\/media?parent=32451"}],"wp:term":[{"taxonomy":"category","embeddable":true,"href":"https:\/\/noticiasribeiraopreto.com.br\/index.php\/wp-json\/wp\/v2\/categories?post=32451"},{"taxonomy":"post_tag","embeddable":true,"href":"https:\/\/noticiasribeiraopreto.com.br\/index.php\/wp-json\/wp\/v2\/tags?post=32451"}],"curies":[{"name":"wp","href":"https:\/\/api.w.org\/{rel}","templated":true}]}}