{"id":32473,"date":"2024-01-25T10:22:55","date_gmt":"2024-01-25T13:22:55","guid":{"rendered":"https:\/\/noticiasribeiraopreto.com.br\/index.php\/2024\/01\/25\/veja-como-fazer-propostas-no-leilao-da-receita-federal-de-ribeirao-preto\/"},"modified":"2024-01-25T10:22:55","modified_gmt":"2024-01-25T13:22:55","slug":"veja-como-fazer-propostas-no-leilao-da-receita-federal-de-ribeirao-preto","status":"publish","type":"post","link":"https:\/\/noticiasribeiraopreto.com.br\/index.php\/2024\/01\/25\/veja-como-fazer-propostas-no-leilao-da-receita-federal-de-ribeirao-preto\/","title":{"rendered":"Veja como fazer propostas no leil\u00e3o da Receita Federal de Ribeir\u00e3o Preto"},"content":{"rendered":"<div class='code-block code-block-1' style='margin: 8px 0 8px auto; text-align: right; display: block; clear: both;'>\n<p><a href=\"https:\/\/wa.link\/vpicfd\"><img data-recalc-dims=\"1\" class=\"wp-image-4922\" style=\"aspect-ratio: 2.0253164556962027; width: 561px; height: auto;\" src=\"https:\/\/i0.wp.com\/ismaelcolosi.com.br\/wp-content\/uploads\/2023\/11\/grupo-de-empregos-whatsapp-e-facebook-ismael-colosi-vagas.jpg?ssl=1\" alt=\"\" \/><\/a><\/p>\n<!-- \/wp:image -->\n<\/div>\n<p> <br \/>\n<\/p>\n<div data-td-block-uid=\"tdi_104\">\n<div class=\"tdb-block-inner td-fix-index\">\n<p>Come\u00e7ou nesta quinta-feira (25) o in\u00edcio do prazo para propostas do leil\u00e3o da<strong> Receita Federal <\/strong>de <strong>Ribeir\u00e3o Preto<\/strong>. S\u00e3o 74 lotes com smartphones, smartwatches, notebooks, tablets, carros, drones e consoles de videogame. <mark style=\"background-color:#fcb900\" class=\"has-inline-color has-black-color\">Os valores dos lotes variam de R$ 200 a R$ 200 mil.<\/mark><\/p>\n<p>Os interessados podem apresentar as propostas at\u00e9 as 21h do dia 29 de janeiro. J\u00e1 a sess\u00e3o para lances est\u00e1 prevista para 10h do dia 30 de janeiro. Confira os produtos<a href=\"http:\/\/www25.receita.fazenda.gov.br\/sle-sociedade\/portal\/edital\/810900\/3\/2023\" target=\"_blank\" rel=\"noreferrer noopener nofollow\"> clicando aqui.<\/a><\/p>\n<h4 class=\"wp-block-heading\"><strong>Como participar<\/strong><\/h4>\n<p>Os interessados devem acessar a op\u00e7\u00e3o \u201cParticipar de leil\u00e3o eletr\u00f4nico da Receita Federal\u201d no<a href=\"https:\/\/cav.receita.fazenda.gov.br\/autenticacao\/login\" target=\"_blank\" rel=\"noreferrer noopener nofollow\"><strong> e-CAC (Centro Virtual de Atendimento ao Contribuinte)<\/strong><\/a>, mediante o uso de identidades digitais da conta GOV.BR com n\u00edvel de confiabilidade Prata ou Ouro.<\/p>\n<p>Para apresentar a proposta, o interessado deve selecionar o edital <strong>0810900\/000003\/2023<\/strong> e acionar a op\u00e7\u00e3o \u201cincluir proposta\u201d.<\/p>\n<p>A Receita ressalta que as mercadorias do tipo \u201ccelular\/acess\u00f3rio\u201d n\u00e3o poder\u00e3o ser comercializadas, mesmo que arrematadas por pessoa jur\u00eddica.<\/p>\n<p>SAIBA MAIS<br \/>Temperaturas v\u00e3o subir? Saiba o que diz a previs\u00e3o para o interior de SP<\/p>\n<h4 class=\"wp-block-heading\"><strong>FIQUE ON<\/strong><\/h4>\n<p>Fique ligado em tudo que acontece em Ribeir\u00e3o Preto e regi\u00e3o. Siga os perfis do<strong> acidade on <\/strong>no <a href=\"https:\/\/www.instagram.com\/acidadeonribeirao\" target=\"_blank\" rel=\"noreferrer noopener nofollow\">Instagram <\/a>e no<a href=\"https:\/\/www.facebook.com\/acidadeonribeirao\" target=\"_blank\" rel=\"noreferrer noopener nofollow\"> Facebook.<\/a><\/p>\n<p>Receba not\u00edcias do <strong>acidade on<\/strong> no WhatsApp. <a href=\"https:\/\/chat.whatsapp.com\/Bnv2w66ZT4VDyZW3oiZ69n\" target=\"_blank\" rel=\"noreferrer noopener nofollow\">Para entrar no grupo, basta clicar aqui.<\/a><\/p>\n<p>Fa\u00e7a uma den\u00fancia ou sugira uma reportagem sobre Ribeir\u00e3o Preto e regi\u00e3o pelo WhatsApp: 16 99117 7802.<\/p>\n<p>VEJA TAMB\u00c9M<br \/>Que horas come\u00e7a a Prova do L\u00edder no BBB 24? Veja a din\u00e2mica desta quinta<\/p>\n<p><!-- AI CONTENT END 1 -->\n<\/div>\n<\/div>\n<p><script async src=\"\/\/www.instagram.com\/embed.js\"><\/script><br \/>\n<br \/><br \/>\n<br \/><a href=\"https:\/\/www.acidadeon.com\/ribeiraopreto\/economia\/veja-como-fazer-propostas-no-leilao-da-receita-federal-de-ribeirao-preto\/\">Source link <\/a><\/p>\n<!-- CONTENT END 1 -->\n","protected":false},"excerpt":{"rendered":"<p>Come\u00e7ou nesta quinta-feira (25) o in\u00edcio do prazo para propostas do leil\u00e3o da Receita Federal de Ribeir\u00e3o Preto. S\u00e3o 74 lotes com smartphones, smartwatches, notebooks,&#8230;<\/p>\n","protected":false},"author":1,"featured_media":32474,"comment_status":"open","ping_status":"open","sticky":false,"template":"","format":"standard","meta":{"advanced_seo_description":"","jetpack_seo_html_title":"","jetpack_seo_noindex":false,"jetpack_post_was_ever_published":false,"_jetpack_newsletter_access":"","_jetpack_dont_email_post_to_subs":false,"_jetpack_newsletter_tier_id":0,"_jetpack_memberships_contains_paywalled_content":false,"_jetpack_memberships_contains_paid_content":false,"footnotes":"","jetpack_publicize_message":"","jetpack_publicize_feature_enabled":true,"jetpack_social_post_already_shared":true,"jetpack_social_options":{"image_generator_settings":{"template":"highway","default_image_id":0,"font":"","enabled":false},"version":2}},"categories":[11],"tags":[265,284,674,530,27,2461,1131,26,48],"class_list":["post-32473","post","type-post","status-publish","format-standard","has-post-thumbnail","hentry","category-noticias-de-ribeirao-preto-sp-e-regiao-ismael-colosi","tag-como","tag-fazer","tag-federal","tag-leilao","tag-preto","tag-propostas","tag-receita","tag-ribeirao","tag-veja"],"jetpack_publicize_connections":[],"jetpack_featured_media_url":"https:\/\/i0.wp.com\/noticiasribeiraopreto.com.br\/wp-content\/uploads\/2024\/01\/CARRO.jpg?fit=2000%2C1647&ssl=1","jetpack-related-posts":[{"id":28837,"url":"https:\/\/noticiasribeiraopreto.com.br\/index.php\/2024\/01\/16\/receita-federal-tem-leilao-de-eletronicos-veiculos-e-outros-produtos-em-ribeirao-veja-como-participar\/","url_meta":{"origin":32473,"position":0},"title":"Receita Federal tem leil\u00e3o de eletr\u00f4nicos, ve\u00edculos e outros produtos em Ribeir\u00e3o; Veja como participar","author":"noticiasribeiraopreto.com.br","date":"16 de January de 2024","format":false,"excerpt":"A Delegacia da Receita Federal de Ribeir\u00e3o Preto realiza, no dia 30 de janeiro, o primeiro leil\u00e3o de mercadorias apreendidas ou abandonadas, de 2024. No total s\u00e3o 74 lotes, que incluem smartphones, smartwatches, notebooks, tablets, carros, drones e consoles de videogame. Entre os produtos est\u00e3o iPhones, t\u00eanis Adidas, bicicletas el\u00e9tricas\u2026","rel":"","context":"In &quot;Not\u00edcias de Ribeir\u00e3o Preto-SP e Regi\u00e3o&quot;","block_context":{"text":"Not\u00edcias de Ribeir\u00e3o Preto-SP e Regi\u00e3o","link":"https:\/\/noticiasribeiraopreto.com.br\/index.php\/category\/noticias-de-ribeirao-preto-sp-e-regiao-ismael-colosi\/"},"img":{"alt_text":"","src":"https:\/\/i0.wp.com\/noticiasribeiraopreto.com.br\/wp-content\/uploads\/2024\/01\/Copia-de-Copia-de-TAMANHO-EXATO-PARA-FOTOS-NO-SISTEMA-NOVO-15.jpg?fit=1200%2C675&ssl=1&resize=350%2C200","width":350,"height":200,"srcset":"https:\/\/i0.wp.com\/noticiasribeiraopreto.com.br\/wp-content\/uploads\/2024\/01\/Copia-de-Copia-de-TAMANHO-EXATO-PARA-FOTOS-NO-SISTEMA-NOVO-15.jpg?fit=1200%2C675&ssl=1&resize=350%2C200 1x, https:\/\/i0.wp.com\/noticiasribeiraopreto.com.br\/wp-content\/uploads\/2024\/01\/Copia-de-Copia-de-TAMANHO-EXATO-PARA-FOTOS-NO-SISTEMA-NOVO-15.jpg?fit=1200%2C675&ssl=1&resize=525%2C300 1.5x, https:\/\/i0.wp.com\/noticiasribeiraopreto.com.br\/wp-content\/uploads\/2024\/01\/Copia-de-Copia-de-TAMANHO-EXATO-PARA-FOTOS-NO-SISTEMA-NOVO-15.jpg?fit=1200%2C675&ssl=1&resize=700%2C400 2x, https:\/\/i0.wp.com\/noticiasribeiraopreto.com.br\/wp-content\/uploads\/2024\/01\/Copia-de-Copia-de-TAMANHO-EXATO-PARA-FOTOS-NO-SISTEMA-NOVO-15.jpg?fit=1200%2C675&ssl=1&resize=1050%2C600 3x"},"classes":[]},{"id":62469,"url":"https:\/\/noticiasribeiraopreto.com.br\/index.php\/2025\/01\/15\/leilao-da-receita-federal-tem-playstation-5-por-r-100-eletronicos-e-joias-veja-como-participar\/","url_meta":{"origin":32473,"position":1},"title":"Leil\u00e3o da Receita Federal tem PlayStation 5 por R$ 100, eletr\u00f4nicos e joias; Veja como participar","author":"noticiasribeiraopreto.com.br","date":"15 de January de 2025","format":false,"excerpt":"O leil\u00e3o da Receita Federal em S\u00e3o Paulo acontece no pr\u00f3ximo dia 30 de janeiro e conta com 203 lotes com diversos produtos, como por exemplo, um PlayStation 5 por R$ 100. Al\u00e9m de videogames, os lotes incluem \u00f3culos de realidade virtual, notebooks, smartphones, joias, diamantes, ve\u00edculos, instrumentos musicais, m\u00e1quinas\u2026","rel":"","context":"In &quot;Not\u00edcias de Ribeir\u00e3o Preto-SP e Regi\u00e3o&quot;","block_context":{"text":"Not\u00edcias de Ribeir\u00e3o Preto-SP e Regi\u00e3o","link":"https:\/\/noticiasribeiraopreto.com.br\/index.php\/category\/noticias-de-ribeirao-preto-sp-e-regiao-ismael-colosi\/"},"img":{"alt_text":"","src":"https:\/\/i0.wp.com\/noticiasribeiraopreto.com.br\/wp-content\/uploads\/2025\/01\/Copia-de-Copia-de-Copia-de-TAMANHO-EXATO-PARA-FOTOS-NO-SISTEMA-NOVO-2025-01-15T115632.396_2025-01-15_14-56-37_png_2025-01-15_14-56-37.webp.webp?fit=1200%2C675&ssl=1&resize=350%2C200","width":350,"height":200,"srcset":"https:\/\/i0.wp.com\/noticiasribeiraopreto.com.br\/wp-content\/uploads\/2025\/01\/Copia-de-Copia-de-Copia-de-TAMANHO-EXATO-PARA-FOTOS-NO-SISTEMA-NOVO-2025-01-15T115632.396_2025-01-15_14-56-37_png_2025-01-15_14-56-37.webp.webp?fit=1200%2C675&ssl=1&resize=350%2C200 1x, https:\/\/i0.wp.com\/noticiasribeiraopreto.com.br\/wp-content\/uploads\/2025\/01\/Copia-de-Copia-de-Copia-de-TAMANHO-EXATO-PARA-FOTOS-NO-SISTEMA-NOVO-2025-01-15T115632.396_2025-01-15_14-56-37_png_2025-01-15_14-56-37.webp.webp?fit=1200%2C675&ssl=1&resize=525%2C300 1.5x, https:\/\/i0.wp.com\/noticiasribeiraopreto.com.br\/wp-content\/uploads\/2025\/01\/Copia-de-Copia-de-Copia-de-TAMANHO-EXATO-PARA-FOTOS-NO-SISTEMA-NOVO-2025-01-15T115632.396_2025-01-15_14-56-37_png_2025-01-15_14-56-37.webp.webp?fit=1200%2C675&ssl=1&resize=700%2C400 2x, https:\/\/i0.wp.com\/noticiasribeiraopreto.com.br\/wp-content\/uploads\/2025\/01\/Copia-de-Copia-de-Copia-de-TAMANHO-EXATO-PARA-FOTOS-NO-SISTEMA-NOVO-2025-01-15T115632.396_2025-01-15_14-56-37_png_2025-01-15_14-56-37.webp.webp?fit=1200%2C675&ssl=1&resize=1050%2C600 3x"},"classes":[]},{"id":33369,"url":"https:\/\/noticiasribeiraopreto.com.br\/index.php\/2024\/01\/29\/termina-nesta-segunda-prazo-para-propostas-do-leilao-da-receita-federal-de-ribeirao-preto\/","url_meta":{"origin":32473,"position":2},"title":"Termina nesta segunda prazo para propostas do leil\u00e3o da Receita Federal de Ribeir\u00e3o Preto","author":"noticiasribeiraopreto.com.br","date":"29 de January de 2024","format":false,"excerpt":"O prazo para as propostas do leil\u00e3o da Receita Federal de Ribeir\u00e3o Preto termina \u00e0s 21h desta segunda-feira (29). Os interessados em adquirir um dos 74 lotes com valores entre R$ 200 e R$ 200 mil devem apresentar os lances pelo site da Receita. Entre os produtos dispon\u00edveis nos lotes\u2026","rel":"","context":"In &quot;Not\u00edcias de Ribeir\u00e3o Preto-SP e Regi\u00e3o&quot;","block_context":{"text":"Not\u00edcias de Ribeir\u00e3o Preto-SP e Regi\u00e3o","link":"https:\/\/noticiasribeiraopreto.com.br\/index.php\/category\/noticias-de-ribeirao-preto-sp-e-regiao-ismael-colosi\/"},"img":{"alt_text":"","src":"https:\/\/i0.wp.com\/noticiasribeiraopreto.com.br\/wp-content\/uploads\/2024\/01\/1706542308_Copia-de-Copia-de-TAMANHO-EXATO-PARA-FOTOS-NO-SISTEMA-NOVO-15.jpg?fit=1200%2C675&ssl=1&resize=350%2C200","width":350,"height":200,"srcset":"https:\/\/i0.wp.com\/noticiasribeiraopreto.com.br\/wp-content\/uploads\/2024\/01\/1706542308_Copia-de-Copia-de-TAMANHO-EXATO-PARA-FOTOS-NO-SISTEMA-NOVO-15.jpg?fit=1200%2C675&ssl=1&resize=350%2C200 1x, https:\/\/i0.wp.com\/noticiasribeiraopreto.com.br\/wp-content\/uploads\/2024\/01\/1706542308_Copia-de-Copia-de-TAMANHO-EXATO-PARA-FOTOS-NO-SISTEMA-NOVO-15.jpg?fit=1200%2C675&ssl=1&resize=525%2C300 1.5x, https:\/\/i0.wp.com\/noticiasribeiraopreto.com.br\/wp-content\/uploads\/2024\/01\/1706542308_Copia-de-Copia-de-TAMANHO-EXATO-PARA-FOTOS-NO-SISTEMA-NOVO-15.jpg?fit=1200%2C675&ssl=1&resize=700%2C400 2x, https:\/\/i0.wp.com\/noticiasribeiraopreto.com.br\/wp-content\/uploads\/2024\/01\/1706542308_Copia-de-Copia-de-TAMANHO-EXATO-PARA-FOTOS-NO-SISTEMA-NOVO-15.jpg?fit=1200%2C675&ssl=1&resize=1050%2C600 3x"},"classes":[]},{"id":33962,"url":"https:\/\/noticiasribeiraopreto.com.br\/index.php\/2024\/01\/31\/leilao-da-receita-tem-veiculos-a-partir-de-r-1-mil-e-celulares-a-r-500-veja-como-participar\/","url_meta":{"origin":32473,"position":3},"title":"Leil\u00e3o da Receita tem ve\u00edculos a partir de R$ 1 mil e celulares a R$ 500; veja como participar","author":"noticiasribeiraopreto.com.br","date":"31 de January de 2024","format":false,"excerpt":"A Receita Federal de Ribeir\u00e3o Preto (SP) realizar\u00e1 no dia 30 de janeiro mais um leil\u00e3o com mercadorias apreendidas ou abandonadas.\u00a0Entre os 74 lotes, h\u00e1 ve\u00edculos, como carros e patinetes el\u00e9tricos, a partir de R$ 1 mil, e celulares Xiaomi e iPhone com valor m\u00ednimo de R$ 500.Al\u00e9m disso, a\u2026","rel":"","context":"In &quot;Not\u00edcias de Ribeir\u00e3o Preto-SP e Regi\u00e3o&quot;","block_context":{"text":"Not\u00edcias de Ribeir\u00e3o Preto-SP e Regi\u00e3o","link":"https:\/\/noticiasribeiraopreto.com.br\/index.php\/category\/noticias-de-ribeirao-preto-sp-e-regiao-ismael-colosi\/"},"img":{"alt_text":"","src":"https:\/\/i0.wp.com\/noticiasribeiraopreto.com.br\/wp-content\/uploads\/2024\/01\/2699_845FCDB8C87D649B-2.jpg?fit=1024%2C768&ssl=1&resize=350%2C200","width":350,"height":200,"srcset":"https:\/\/i0.wp.com\/noticiasribeiraopreto.com.br\/wp-content\/uploads\/2024\/01\/2699_845FCDB8C87D649B-2.jpg?fit=1024%2C768&ssl=1&resize=350%2C200 1x, https:\/\/i0.wp.com\/noticiasribeiraopreto.com.br\/wp-content\/uploads\/2024\/01\/2699_845FCDB8C87D649B-2.jpg?fit=1024%2C768&ssl=1&resize=525%2C300 1.5x, https:\/\/i0.wp.com\/noticiasribeiraopreto.com.br\/wp-content\/uploads\/2024\/01\/2699_845FCDB8C87D649B-2.jpg?fit=1024%2C768&ssl=1&resize=700%2C400 2x"},"classes":[]},{"id":66056,"url":"https:\/\/noticiasribeiraopreto.com.br\/index.php\/2025\/03\/27\/leilao-da-receita-federal-acontece-nesta-sexta-tem-iphone-adidas-e-vinhos-importados\/","url_meta":{"origin":32473,"position":4},"title":"Leil\u00e3o da Receita Federal acontece nesta sexta; tem iPhone, Adidas e vinhos importados","author":"noticiasribeiraopreto.com.br","date":"27 de March de 2025","format":false,"excerpt":"O leil\u00e3o da Receita Federal acontece nesta sexta-feira (28) e conta com mais de 200 lotes com diversos itens, entre iPhones, produtos Adidas e vinhos importados. Os lances m\u00ednimos variam entre R$ 150 e R$ 120 mil. Podem participar pessoas f\u00edsicas e pessoas jur\u00eddicas, e as propostas devem ser realizadas\u2026","rel":"","context":"In &quot;Not\u00edcias de Ribeir\u00e3o Preto-SP e Regi\u00e3o&quot;","block_context":{"text":"Not\u00edcias de Ribeir\u00e3o Preto-SP e Regi\u00e3o","link":"https:\/\/noticiasribeiraopreto.com.br\/index.php\/category\/noticias-de-ribeirao-preto-sp-e-regiao-ismael-colosi\/"},"img":{"alt_text":"","src":"https:\/\/i0.wp.com\/noticiasribeiraopreto.com.br\/wp-content\/uploads\/2025\/03\/leilao-receita_2025-03-27_15-19-16_jpg_2025-03-27_15-19-16.webp.webp?fit=1200%2C633&ssl=1&resize=350%2C200","width":350,"height":200,"srcset":"https:\/\/i0.wp.com\/noticiasribeiraopreto.com.br\/wp-content\/uploads\/2025\/03\/leilao-receita_2025-03-27_15-19-16_jpg_2025-03-27_15-19-16.webp.webp?fit=1200%2C633&ssl=1&resize=350%2C200 1x, https:\/\/i0.wp.com\/noticiasribeiraopreto.com.br\/wp-content\/uploads\/2025\/03\/leilao-receita_2025-03-27_15-19-16_jpg_2025-03-27_15-19-16.webp.webp?fit=1200%2C633&ssl=1&resize=525%2C300 1.5x, https:\/\/i0.wp.com\/noticiasribeiraopreto.com.br\/wp-content\/uploads\/2025\/03\/leilao-receita_2025-03-27_15-19-16_jpg_2025-03-27_15-19-16.webp.webp?fit=1200%2C633&ssl=1&resize=700%2C400 2x, https:\/\/i0.wp.com\/noticiasribeiraopreto.com.br\/wp-content\/uploads\/2025\/03\/leilao-receita_2025-03-27_15-19-16_jpg_2025-03-27_15-19-16.webp.webp?fit=1200%2C633&ssl=1&resize=1050%2C600 3x"},"classes":[]},{"id":25067,"url":"https:\/\/noticiasribeiraopreto.com.br\/index.php\/2024\/01\/05\/receita-federal-de-ribeirao-tem-leilao-com-iphone-tenis-adidas-e-bicicleta-eletrica\/","url_meta":{"origin":32473,"position":5},"title":"Receita Federal de Ribeir\u00e3o tem leil\u00e3o com iPhone, t\u00eanis Adidas e bicicleta el\u00e9trica","author":"noticiasribeiraopreto.com.br","date":"5 de January de 2024","format":false,"excerpt":"O primeiro leil\u00e3o de produtos apreendidos da Receita Federal em 2024 ser\u00e1 realizado pela delegacia de Ribeir\u00e3o Preto. Ao todo, s\u00e3o 74 lotes com diversos produtos, como iPhone, t\u00eanis Adidas e bicicletas el\u00e9tricas. Podem participar do leil\u00e3o pessoas f\u00edsicas e jur\u00eddicas. As propostas poder\u00e3o ser apresentadas no per\u00edodo entre 25\u2026","rel":"","context":"In &quot;Not\u00edcias de Ribeir\u00e3o Preto-SP e Regi\u00e3o&quot;","block_context":{"text":"Not\u00edcias de Ribeir\u00e3o Preto-SP e Regi\u00e3o","link":"https:\/\/noticiasribeiraopreto.com.br\/index.php\/category\/noticias-de-ribeirao-preto-sp-e-regiao-ismael-colosi\/"},"img":{"alt_text":"","src":"https:\/\/i0.wp.com\/noticiasribeiraopreto.com.br\/wp-content\/uploads\/2024\/01\/iphone-scaled.jpg?fit=1200%2C800&ssl=1&resize=350%2C200","width":350,"height":200,"srcset":"https:\/\/i0.wp.com\/noticiasribeiraopreto.com.br\/wp-content\/uploads\/2024\/01\/iphone-scaled.jpg?fit=1200%2C800&ssl=1&resize=350%2C200 1x, https:\/\/i0.wp.com\/noticiasribeiraopreto.com.br\/wp-content\/uploads\/2024\/01\/iphone-scaled.jpg?fit=1200%2C800&ssl=1&resize=525%2C300 1.5x, https:\/\/i0.wp.com\/noticiasribeiraopreto.com.br\/wp-content\/uploads\/2024\/01\/iphone-scaled.jpg?fit=1200%2C800&ssl=1&resize=700%2C400 2x, https:\/\/i0.wp.com\/noticiasribeiraopreto.com.br\/wp-content\/uploads\/2024\/01\/iphone-scaled.jpg?fit=1200%2C800&ssl=1&resize=1050%2C600 3x"},"classes":[]}],"jetpack_sharing_enabled":true,"jetpack_shortlink":"https:\/\/wp.me\/peQAOb-8rL","_links":{"self":[{"href":"https:\/\/noticiasribeiraopreto.com.br\/index.php\/wp-json\/wp\/v2\/posts\/32473","targetHints":{"allow":["GET"]}}],"collection":[{"href":"https:\/\/noticiasribeiraopreto.com.br\/index.php\/wp-json\/wp\/v2\/posts"}],"about":[{"href":"https:\/\/noticiasribeiraopreto.com.br\/index.php\/wp-json\/wp\/v2\/types\/post"}],"author":[{"embeddable":true,"href":"https:\/\/noticiasribeiraopreto.com.br\/index.php\/wp-json\/wp\/v2\/users\/1"}],"replies":[{"embeddable":true,"href":"https:\/\/noticiasribeiraopreto.com.br\/index.php\/wp-json\/wp\/v2\/comments?post=32473"}],"version-history":[{"count":0,"href":"https:\/\/noticiasribeiraopreto.com.br\/index.php\/wp-json\/wp\/v2\/posts\/32473\/revisions"}],"wp:featuredmedia":[{"embeddable":true,"href":"https:\/\/noticiasribeiraopreto.com.br\/index.php\/wp-json\/wp\/v2\/media\/32474"}],"wp:attachment":[{"href":"https:\/\/noticiasribeiraopreto.com.br\/index.php\/wp-json\/wp\/v2\/media?parent=32473"}],"wp:term":[{"taxonomy":"category","embeddable":true,"href":"https:\/\/noticiasribeiraopreto.com.br\/index.php\/wp-json\/wp\/v2\/categories?post=32473"},{"taxonomy":"post_tag","embeddable":true,"href":"https:\/\/noticiasribeiraopreto.com.br\/index.php\/wp-json\/wp\/v2\/tags?post=32473"}],"curies":[{"name":"wp","href":"https:\/\/api.w.org\/{rel}","templated":true}]}}