{"id":32483,"date":"2024-01-25T11:49:40","date_gmt":"2024-01-25T14:49:40","guid":{"rendered":"https:\/\/noticiasribeiraopreto.com.br\/index.php\/2024\/01\/25\/livro-reportagem-sobre-violencia-sexual-sera-lancado-nesta-quinta-em-rp\/"},"modified":"2024-01-25T11:49:40","modified_gmt":"2024-01-25T14:49:40","slug":"livro-reportagem-sobre-violencia-sexual-sera-lancado-nesta-quinta-em-rp","status":"publish","type":"post","link":"https:\/\/noticiasribeiraopreto.com.br\/index.php\/2024\/01\/25\/livro-reportagem-sobre-violencia-sexual-sera-lancado-nesta-quinta-em-rp\/","title":{"rendered":"Livro-reportagem sobre viol\u00eancia sexual ser\u00e1 lan\u00e7ado nesta quinta em RP"},"content":{"rendered":"<div class='code-block code-block-1' style='margin: 8px 0 8px auto; text-align: right; display: block; clear: both;'>\n<p><a href=\"https:\/\/wa.link\/vpicfd\"><img data-recalc-dims=\"1\" class=\"wp-image-4922\" style=\"aspect-ratio: 2.0253164556962027; width: 561px; height: auto;\" src=\"https:\/\/i0.wp.com\/ismaelcolosi.com.br\/wp-content\/uploads\/2023\/11\/grupo-de-empregos-whatsapp-e-facebook-ismael-colosi-vagas.jpg?ssl=1\" alt=\"\" \/><\/a><\/p>\n<!-- \/wp:image -->\n<\/div>\n<p> <br \/>\n<\/p>\n<div id=\"post-371514\">\n<header class=\"entry-header penci-entry-header penci-title-center\">\n<p> <span class=\"entry-meta-item penci-posted-on\"><i class=\"fa fa-clock-o\"\/><time class=\"entry-date published\" datetime=\"2024-01-25T11:40:25-03:00\">25 de janeiro de 2024 | 11:40<\/time><time class=\"updated\" datetime=\"2024-01-25T11:41:46-03:00\">25 de janeiro de 2024 | 11:41<\/time><\/span><\/p>\n<p> <span class=\"penci-social-buttons penci-social-share-footer\"><a href=\"#\" class=\"penci-post-like penci_post-meta_item  single-like-button penci-social-item like\" data-post_id=\"371514\" title=\"Like\" data-like=\"Like\" data-unlike=\"Unlike\"><i class=\"fa fa-thumbs-o-up\"\/><span class=\"penci-share-number\">0<\/span><\/a><i class=\"fa fa-facebook\"\/><a class=\"penci-social-item twitter\" target=\"_blank\" rel=\"noopener\" title=\"\" href=\"https:\/\/twitter.com\/intent\/tweet?text=Livro-reportagem%20sobre%20viol\u00eancia%20sexual%20ser\u00e1%20lan\u00e7ado%20nesta%20quinta%20em%20RP%20-%20https:\/\/www.tribunaribeirao.com.br\/site\/livro-reportagem-sobre-violencia-sexual-sera-lancado-nesta-quinta-em-rp\/\"><i class=\"fa fa-twitter\"\/><\/a><i class=\"fa fa-whatsapp\"\/><\/span><\/header>\n<div class=\"penci-entry-content entry-content\">\n<p>O livro-reportagem \u201cQuando as vozes se calam\u201d, com hist\u00f3rias reais de mulheres v\u00edtimas de viol\u00eancia sexual na regi\u00e3o de Ribeir\u00e3o Preto, ser\u00e1 lan\u00e7ado nesta quinta-feira, 25, \u00e0s 19h na Livraria Travessa no Ribeir\u00e3o Shopping.<\/p>\n<p>O projeto nasceu para o Trabalho de Conclus\u00e3o do curso de jornalismo, com o objetivo de conscientizar e desculpabilizar as v\u00edtimas de ass\u00e9dio, importuna\u00e7\u00e3o sexual e estupro.<\/p>\n<p>Com seis cap\u00edtulo, o livro introduz sobre o machismo estrutural e como ele contribui para a repress\u00e3o da mulher em assuntos relacionados ao sexo. De acordo com a autora Karla Rodrigues, este fator inibe as v\u00edtimas de falarem sobre a viol\u00eancia sexual, pois sentem medo, culpa ou vergonha.<\/p>\n<p>Al\u00e9m dos fatores hist\u00f3ricos, o livro retrata a vida de tr\u00eas mulheres v\u00edtimas de abuso sexual. Os cap\u00edtulos convidam os leitores a mergulhar na hist\u00f3ria de cada uma. \u201cN\u00e3o se restringem \u00e0 viol\u00eancia sofrida, \u00e9 poss\u00edvel perceber como a vida delas foi impactada\u201d, diz a jornalista.<\/p>\n<p><strong>\u00a0<\/strong><strong>Sinopse<\/strong><\/p>\n<p>Tr\u00eas hist\u00f3rias reais de mulheres diferentes, mas com algo em comum: elas foram v\u00edtimas de viol\u00eancia sexual. Os relatos emocionantes demonstram a realidade de uma a cada tr\u00eas mulheres no mundo. Contudo, essa \u00e9 uma viol\u00eancia ainda pouco exposta por causa da vergonha, medo ou culpa sentida pela v\u00edtima. O ass\u00e9dio, a importuna\u00e7\u00e3o sexual ou o estupro s\u00e3o formas de viol\u00eancias sexuais que deixam marcas al\u00e9m do tempo e mudam a vida das v\u00edtimas.<\/p>\n<p>\u00a0<\/p>\n<\/div>\n<footer class=\"penci-entry-footer\"\/><\/div>\n<p><script async src=\"\/\/platform.twitter.com\/widgets.js\" charset=\"utf-8\"><\/script><br \/>\n<br \/><br \/>\n<br \/><a href=\"https:\/\/www.tribunaribeirao.com.br\/site\/livro-reportagem-sobre-violencia-sexual-sera-lancado-nesta-quinta-em-rp\/\">Source link <\/a><\/p>\n<!-- CONTENT END 1 -->\n","protected":false},"excerpt":{"rendered":"<p>25 de janeiro de 2024 | 11:4025 de janeiro de 2024 | 11:41 0 O livro-reportagem \u201cQuando as vozes se calam\u201d, com hist\u00f3rias reais de&#8230;<\/p>\n","protected":false},"author":1,"featured_media":32484,"comment_status":"open","ping_status":"open","sticky":false,"template":"","format":"standard","meta":{"advanced_seo_description":"","jetpack_seo_html_title":"","jetpack_seo_noindex":false,"jetpack_post_was_ever_published":false,"_jetpack_newsletter_access":"","_jetpack_dont_email_post_to_subs":false,"_jetpack_newsletter_tier_id":0,"_jetpack_memberships_contains_paywalled_content":false,"_jetpack_memberships_contains_paid_content":false,"footnotes":"","jetpack_publicize_message":"","jetpack_publicize_feature_enabled":true,"jetpack_social_post_already_shared":true,"jetpack_social_options":{"image_generator_settings":{"template":"highway","default_image_id":0,"font":"","enabled":false},"version":2}},"categories":[11],"tags":[3868,3867,207,884,172,1561,468,1587],"class_list":["post-32483","post","type-post","status-publish","format-standard","has-post-thumbnail","hentry","category-noticias-de-ribeirao-preto-sp-e-regiao-ismael-colosi","tag-lancado","tag-livroreportagem","tag-nesta","tag-quinta","tag-sera","tag-sexual","tag-sobre","tag-violencia"],"jetpack_publicize_connections":[],"jetpack_featured_media_url":"https:\/\/i0.wp.com\/noticiasribeiraopreto.com.br\/wp-content\/uploads\/2024\/01\/e53bd033-99f9-4257-b389-e98156f3380b-scaled.jpg?fit=454%2C645&ssl=1","jetpack-related-posts":[{"id":41356,"url":"https:\/\/noticiasribeiraopreto.com.br\/index.php\/2024\/03\/07\/a-cada-24-horas-ao-menos-oito-mulheres-sao-vitimas-de-violencia\/","url_meta":{"origin":32483,"position":0},"title":"A cada 24 horas, ao menos oito mulheres s\u00e3o v\u00edtimas de viol\u00eancia","author":"noticiasribeiraopreto.com.br","date":"7 de March de 2024","format":false,"excerpt":"7 de mar\u00e7o de 2024 | 18:007 de mar\u00e7o de 2024 | 11:11 0No ano de 2023, ao menos oito mulheres foram v\u00edtimas de viol\u00eancia dom\u00e9stica a cada 24 horas. Os dados referem-se a oito dos nove estados monitorados pela Rede de Observat\u00f3rios da Seguran\u00e7a (BA, CE, MA, PA, PE,\u2026","rel":"","context":"In &quot;Not\u00edcias de Ribeir\u00e3o Preto-SP e Regi\u00e3o&quot;","block_context":{"text":"Not\u00edcias de Ribeir\u00e3o Preto-SP e Regi\u00e3o","link":"https:\/\/noticiasribeiraopreto.com.br\/index.php\/category\/noticias-de-ribeirao-preto-sp-e-regiao-ismael-colosi\/"},"img":{"alt_text":"","src":"https:\/\/i0.wp.com\/noticiasribeiraopreto.com.br\/wp-content\/uploads\/2024\/03\/11e2ca13-c9b9-40da-9729-500c31a70b84-scaled.jpg?fit=1000%2C598&ssl=1&resize=350%2C200","width":350,"height":200,"srcset":"https:\/\/i0.wp.com\/noticiasribeiraopreto.com.br\/wp-content\/uploads\/2024\/03\/11e2ca13-c9b9-40da-9729-500c31a70b84-scaled.jpg?fit=1000%2C598&ssl=1&resize=350%2C200 1x, https:\/\/i0.wp.com\/noticiasribeiraopreto.com.br\/wp-content\/uploads\/2024\/03\/11e2ca13-c9b9-40da-9729-500c31a70b84-scaled.jpg?fit=1000%2C598&ssl=1&resize=525%2C300 1.5x, https:\/\/i0.wp.com\/noticiasribeiraopreto.com.br\/wp-content\/uploads\/2024\/03\/11e2ca13-c9b9-40da-9729-500c31a70b84-scaled.jpg?fit=1000%2C598&ssl=1&resize=700%2C400 2x"},"classes":[]},{"id":70719,"url":"https:\/\/noticiasribeiraopreto.com.br\/index.php\/2025\/05\/29\/jornal-da-franca-cras-sul-realiza-oficina-de-combate-a-violencia-sexual-contra-crianca-e-adolescente\/","url_meta":{"origin":32483,"position":1},"title":"Jornal da Franca &#8211; CRAS Sul realiza oficina de combate \u00e0 viol\u00eancia sexual contra crian\u00e7a e adolescente","author":"noticiasribeiraopreto.com.br","date":"29 de May de 2025","format":false,"excerpt":"compartilhar no whatsapp compartilhar no telegram compartilhar no facebook compartilhar no linkedin Atividade integra o Maio Laranja e busca conscientizar mulheres e adolescentes de Franca Oficina no CRAS Sul aborda preven\u00e7\u00e3o ao abuso e explora\u00e7\u00e3o sexual infantojuvenil \u00a0 Nesta sexta-feira, 30 de maio, o CRAS Sul (Centro de Refer\u00eancia de\u2026","rel":"","context":"In &quot;Not\u00edcias de Franca-SP&quot;","block_context":{"text":"Not\u00edcias de Franca-SP","link":"https:\/\/noticiasribeiraopreto.com.br\/index.php\/category\/noticias-de-ribeirao-preto-sp-e-regiao-ismael-colosi\/noticias-franca-sp\/"},"img":{"alt_text":"","src":"https:\/\/i0.wp.com\/noticiasribeiraopreto.com.br\/wp-content\/uploads\/2025\/05\/CRAS-Sul.jpeg?fit=1200%2C794&ssl=1&resize=350%2C200","width":350,"height":200,"srcset":"https:\/\/i0.wp.com\/noticiasribeiraopreto.com.br\/wp-content\/uploads\/2025\/05\/CRAS-Sul.jpeg?fit=1200%2C794&ssl=1&resize=350%2C200 1x, https:\/\/i0.wp.com\/noticiasribeiraopreto.com.br\/wp-content\/uploads\/2025\/05\/CRAS-Sul.jpeg?fit=1200%2C794&ssl=1&resize=525%2C300 1.5x, https:\/\/i0.wp.com\/noticiasribeiraopreto.com.br\/wp-content\/uploads\/2025\/05\/CRAS-Sul.jpeg?fit=1200%2C794&ssl=1&resize=700%2C400 2x, https:\/\/i0.wp.com\/noticiasribeiraopreto.com.br\/wp-content\/uploads\/2025\/05\/CRAS-Sul.jpeg?fit=1200%2C794&ssl=1&resize=1050%2C600 3x"},"classes":[]},{"id":27323,"url":"https:\/\/noticiasribeiraopreto.com.br\/index.php\/2024\/01\/12\/futebol-cresce-preocupacao-com-violencia-e-abuso-segundo-federacao\/","url_meta":{"origin":32483,"position":2},"title":"cresce preocupa\u00e7\u00e3o com viol\u00eancia e abuso, segundo Federa\u00e7\u00e3o \u2013 Folha de Ribeir\u00e3o","author":"noticiasribeiraopreto.com.br","date":"12 de January de 2024","format":false,"excerpt":"A seguran\u00e7a no local de trabalho \u00e9 uma preocupa\u00e7\u00e3o cada vez maior para os jogadores de futebol, que est\u00e3o tendo que lidar com sinalizadores e foguetes lan\u00e7ados das arquibancadas, invasores de campo e torcedores verbalmente abusivos, de acordo com um relat\u00f3rio da Fifpro divulgado nesta quinta-feira (11) O sindicato global\u2026","rel":"","context":"In &quot;Not\u00edcias de Ribeir\u00e3o Preto-SP e Regi\u00e3o&quot;","block_context":{"text":"Not\u00edcias de Ribeir\u00e3o Preto-SP e Regi\u00e3o","link":"https:\/\/noticiasribeiraopreto.com.br\/index.php\/category\/noticias-de-ribeirao-preto-sp-e-regiao-ismael-colosi\/"},"img":{"alt_text":"","src":"","width":0,"height":0},"classes":[]},{"id":57770,"url":"https:\/\/noticiasribeiraopreto.com.br\/index.php\/2024\/09\/10\/pf-prende-vagabundo-safado-com-conteudo-sexual-de-criancas-e-adolescentes-em-ribeirao-preto-x-tudo-ribeirao\/","url_meta":{"origin":32483,"position":3},"title":"PF PRENDE VAGABUNDO SAFADO COM CONTE\u00daDO SEXUAL DE CRIAN\u00c7AS E ADOLESCENTES EM RIBEIR\u00c3O PRETO \u2013 X Tudo Ribeir\u00e3o","author":"noticiasribeiraopreto.com.br","date":"10 de September de 2024","format":false,"excerpt":"A Pol\u00edcia Federal deflagrou, nesta ter\u00e7a-feira, (10\/9), por meio da Delegacia de Pol\u00edcia Federal em Ribeir\u00e3o Preto, mais uma fase da \u201cOPERA\u00c7\u00c3O LEAFDOWN\u201d, visando desarticular um grupo criminoso voltado \u00e0 dissemina\u00e7\u00e3o de conte\u00fado de arquivos de viol\u00eancia sexual contra crian\u00e7as e adolescentes na internet. No final de julho, foram cumpridos\u2026","rel":"","context":"In &quot;Not\u00edcias de Ribeir\u00e3o Preto-SP e Regi\u00e3o&quot;","block_context":{"text":"Not\u00edcias de Ribeir\u00e3o Preto-SP e Regi\u00e3o","link":"https:\/\/noticiasribeiraopreto.com.br\/index.php\/category\/noticias-de-ribeirao-preto-sp-e-regiao-ismael-colosi\/"},"img":{"alt_text":"","src":"https:\/\/i0.wp.com\/noticiasribeiraopreto.com.br\/wp-content\/uploads\/2024\/09\/Titulo-da-noticia-manchete-post-feed-Instagram.png?fit=1080%2C1080&ssl=1&resize=350%2C200","width":350,"height":200,"srcset":"https:\/\/i0.wp.com\/noticiasribeiraopreto.com.br\/wp-content\/uploads\/2024\/09\/Titulo-da-noticia-manchete-post-feed-Instagram.png?fit=1080%2C1080&ssl=1&resize=350%2C200 1x, https:\/\/i0.wp.com\/noticiasribeiraopreto.com.br\/wp-content\/uploads\/2024\/09\/Titulo-da-noticia-manchete-post-feed-Instagram.png?fit=1080%2C1080&ssl=1&resize=525%2C300 1.5x, https:\/\/i0.wp.com\/noticiasribeiraopreto.com.br\/wp-content\/uploads\/2024\/09\/Titulo-da-noticia-manchete-post-feed-Instagram.png?fit=1080%2C1080&ssl=1&resize=700%2C400 2x, https:\/\/i0.wp.com\/noticiasribeiraopreto.com.br\/wp-content\/uploads\/2024\/09\/Titulo-da-noticia-manchete-post-feed-Instagram.png?fit=1080%2C1080&ssl=1&resize=1050%2C600 3x"},"classes":[]},{"id":34195,"url":"https:\/\/noticiasribeiraopreto.com.br\/index.php\/2024\/02\/01\/trecho-da-meira-junior-sera-interditada-nesta-quinta\/","url_meta":{"origin":32483,"position":4},"title":"Trecho da Meira J\u00fanior ser\u00e1 interditada nesta quinta","author":"noticiasribeiraopreto.com.br","date":"1 de February de 2024","format":false,"excerpt":"1 de fevereiro de 2024 | 8:3031 de janeiro de 2024 | 18:13 0A pista Centro\/Bairro da trincheira do complexo vi\u00e1rio Doutor Manoel Ferreira Le\u00e3o Netto, localizada no cruzamento das avenidas Meira Junior, Treze de Maio e Capit\u00e3o Salom\u00e3o, ser\u00e1 totalmente interditada na manh\u00e3 desta quinta-feira, dia 1\u00ba de fevereiro.\u2026","rel":"","context":"In &quot;Not\u00edcias de Ribeir\u00e3o Preto-SP e Regi\u00e3o&quot;","block_context":{"text":"Not\u00edcias de Ribeir\u00e3o Preto-SP e Regi\u00e3o","link":"https:\/\/noticiasribeiraopreto.com.br\/index.php\/category\/noticias-de-ribeirao-preto-sp-e-regiao-ismael-colosi\/"},"img":{"alt_text":"","src":"https:\/\/i0.wp.com\/noticiasribeiraopreto.com.br\/wp-content\/uploads\/2024\/02\/interdicao_trincheira_meira_junior_2-scaled.jpg?fit=1000%2C563&ssl=1&resize=350%2C200","width":350,"height":200,"srcset":"https:\/\/i0.wp.com\/noticiasribeiraopreto.com.br\/wp-content\/uploads\/2024\/02\/interdicao_trincheira_meira_junior_2-scaled.jpg?fit=1000%2C563&ssl=1&resize=350%2C200 1x, https:\/\/i0.wp.com\/noticiasribeiraopreto.com.br\/wp-content\/uploads\/2024\/02\/interdicao_trincheira_meira_junior_2-scaled.jpg?fit=1000%2C563&ssl=1&resize=525%2C300 1.5x, https:\/\/i0.wp.com\/noticiasribeiraopreto.com.br\/wp-content\/uploads\/2024\/02\/interdicao_trincheira_meira_junior_2-scaled.jpg?fit=1000%2C563&ssl=1&resize=700%2C400 2x"},"classes":[]},{"id":60183,"url":"https:\/\/noticiasribeiraopreto.com.br\/index.php\/2024\/11\/07\/estatal-anuncia-concurso-publico-com-100-vagas-veja-como-participar\/","url_meta":{"origin":32483,"position":5},"title":"Estatal anuncia concurso p\u00fablico com 100 vagas; Veja como participar","author":"noticiasribeiraopreto.com.br","date":"7 de November de 2024","format":false,"excerpt":"A PPSA, estatal do Pr\u00e9-sal, anunciou que realizar\u00e1 concurso p\u00fablico com 100 vagas de n\u00edvel superior a partir de 2025, al\u00e9m de formar de cadastro reserva. O edital ser\u00e1 lan\u00e7ado at\u00e9 o final do ano. A prova ser\u00e1 organizada pelo Instituto de Desenvolvimento e Capacita\u00e7\u00e3o (clique aqui e veja os\u2026","rel":"","context":"In &quot;Not\u00edcias de Ribeir\u00e3o Preto-SP e Regi\u00e3o&quot;","block_context":{"text":"Not\u00edcias de Ribeir\u00e3o Preto-SP e Regi\u00e3o","link":"https:\/\/noticiasribeiraopreto.com.br\/index.php\/category\/noticias-de-ribeirao-preto-sp-e-regiao-ismael-colosi\/"},"img":{"alt_text":"","src":"https:\/\/i0.wp.com\/noticiasribeiraopreto.com.br\/wp-content\/uploads\/2024\/11\/concurso-publico.jpg?fit=1200%2C800&ssl=1&resize=350%2C200","width":350,"height":200,"srcset":"https:\/\/i0.wp.com\/noticiasribeiraopreto.com.br\/wp-content\/uploads\/2024\/11\/concurso-publico.jpg?fit=1200%2C800&ssl=1&resize=350%2C200 1x, https:\/\/i0.wp.com\/noticiasribeiraopreto.com.br\/wp-content\/uploads\/2024\/11\/concurso-publico.jpg?fit=1200%2C800&ssl=1&resize=525%2C300 1.5x, https:\/\/i0.wp.com\/noticiasribeiraopreto.com.br\/wp-content\/uploads\/2024\/11\/concurso-publico.jpg?fit=1200%2C800&ssl=1&resize=700%2C400 2x, https:\/\/i0.wp.com\/noticiasribeiraopreto.com.br\/wp-content\/uploads\/2024\/11\/concurso-publico.jpg?fit=1200%2C800&ssl=1&resize=1050%2C600 3x"},"classes":[]}],"jetpack_sharing_enabled":true,"jetpack_shortlink":"https:\/\/wp.me\/peQAOb-8rV","_links":{"self":[{"href":"https:\/\/noticiasribeiraopreto.com.br\/index.php\/wp-json\/wp\/v2\/posts\/32483","targetHints":{"allow":["GET"]}}],"collection":[{"href":"https:\/\/noticiasribeiraopreto.com.br\/index.php\/wp-json\/wp\/v2\/posts"}],"about":[{"href":"https:\/\/noticiasribeiraopreto.com.br\/index.php\/wp-json\/wp\/v2\/types\/post"}],"author":[{"embeddable":true,"href":"https:\/\/noticiasribeiraopreto.com.br\/index.php\/wp-json\/wp\/v2\/users\/1"}],"replies":[{"embeddable":true,"href":"https:\/\/noticiasribeiraopreto.com.br\/index.php\/wp-json\/wp\/v2\/comments?post=32483"}],"version-history":[{"count":0,"href":"https:\/\/noticiasribeiraopreto.com.br\/index.php\/wp-json\/wp\/v2\/posts\/32483\/revisions"}],"wp:featuredmedia":[{"embeddable":true,"href":"https:\/\/noticiasribeiraopreto.com.br\/index.php\/wp-json\/wp\/v2\/media\/32484"}],"wp:attachment":[{"href":"https:\/\/noticiasribeiraopreto.com.br\/index.php\/wp-json\/wp\/v2\/media?parent=32483"}],"wp:term":[{"taxonomy":"category","embeddable":true,"href":"https:\/\/noticiasribeiraopreto.com.br\/index.php\/wp-json\/wp\/v2\/categories?post=32483"},{"taxonomy":"post_tag","embeddable":true,"href":"https:\/\/noticiasribeiraopreto.com.br\/index.php\/wp-json\/wp\/v2\/tags?post=32483"}],"curies":[{"name":"wp","href":"https:\/\/api.w.org\/{rel}","templated":true}]}}