{"id":32487,"date":"2024-01-25T12:02:42","date_gmt":"2024-01-25T15:02:42","guid":{"rendered":"https:\/\/noticiasribeiraopreto.com.br\/index.php\/2024\/01\/25\/30-novas-vagas-de-emprego-em-ribeirao-preto-sp-92\/"},"modified":"2024-01-25T12:02:42","modified_gmt":"2024-01-25T15:02:42","slug":"30-novas-vagas-de-emprego-em-ribeirao-preto-sp-92","status":"publish","type":"post","link":"https:\/\/noticiasribeiraopreto.com.br\/index.php\/2024\/01\/25\/30-novas-vagas-de-emprego-em-ribeirao-preto-sp-92\/","title":{"rendered":"30 novas vagas de emprego em Ribeir\u00e3o Preto-SP"},"content":{"rendered":"<div class=\"VM7gjN\">\n<div role=\"listitem\" class=\"Zc7IjY\">\n<div id=\"comp-lp0groo2__930316e8-bc17-4ee2-bf33-184ca4ddf673\" class=\"comp-lp0groo2 YzqVVZ wixui-repeater__item\">\n<div id=\"bgLayers_comp-lp0groo2\" data-hook=\"bgLayers\" class=\"MW5IWV\">\n<div data-testid=\"colorUnderlay\" class=\"LWbAav Kv1aVt\"><\/div>\n<div id=\"bgMedia_comp-lp0groo2\" class=\"VgO9Yg\"><\/div>\n<\/div>\n<div data-mesh-id=\"comp-lp0groo2__930316e8-bc17-4ee2-bf33-184ca4ddf673inlineContent\" data-testid=\"inline-content\" class=\"\">\n<div data-mesh-id=\"comp-lp0groo2__930316e8-bc17-4ee2-bf33-184ca4ddf673inlineContent-gridContainer\" data-testid=\"mesh-container-content\">\n<div id=\"comp-lp0groo92__930316e8-bc17-4ee2-bf33-184ca4ddf673\" class=\"BaOVQ8 tz5f0K comp-lp0groo92 wixui-rich-text\" data-testid=\"richTextElement\">\n<h2 class=\"font_2 wixui-rich-text__text\" style=\"font-size:26px; line-height:1.6em;\"><span style=\"font-size:26px;\" class=\"wixui-rich-text__text\">Atendente de Cafeteria<\/span><\/h2>\n<\/div>\n<div id=\"comp-lp0grood2__930316e8-bc17-4ee2-bf33-184ca4ddf673\" class=\"BaOVQ8 tz5f0K comp-lp0grood2 wixui-rich-text\" data-testid=\"richTextElement\">\n<div class='code-block code-block-1' style='margin: 8px 0 8px auto; text-align: right; display: block; clear: both;'>\n<p><a href=\"https:\/\/wa.link\/vpicfd\"><img data-recalc-dims=\"1\" class=\"wp-image-4922\" style=\"aspect-ratio: 2.0253164556962027; width: 561px; height: auto;\" src=\"https:\/\/i0.wp.com\/ismaelcolosi.com.br\/wp-content\/uploads\/2023\/11\/grupo-de-empregos-whatsapp-e-facebook-ismael-colosi-vagas.jpg?ssl=1\" alt=\"\" \/><\/a><\/p>\n<!-- \/wp:image -->\n<\/div>\n<p class=\"font_8 wixui-rich-text__text\" style=\"font-size:16px; line-height:1.6em;\"><span style=\"font-size:16px;\" class=\"wixui-rich-text__text\">Ribeir\u00e3o Preto<\/span><\/p>\n<\/div>\n<div class=\"comp-lp0grooh1 R6ex7N\" id=\"comp-lp0grooh1__930316e8-bc17-4ee2-bf33-184ca4ddf673\" aria-disabled=\"false\"><a data-testid=\"linkElement\" href=\"https:\/\/www.corporaterh.com.br\/jobs\/atendente-de-cafeteria\" target=\"_self\" class=\"kuTaGy wixui-button zKbzSQ\" aria-disabled=\"false\" rel=\"noopener\"><span class=\"M3I7Z2 wixui-button__label\">View Job<\/span><\/a><\/div>\n<\/div>\n<\/div>\n<\/div>\n<\/div>\n<div role=\"listitem\" class=\"Zc7IjY\">\n<div id=\"comp-lp0groo2__598c1a13-a000-4435-a89b-76ae0f37283e\" class=\"comp-lp0groo2 YzqVVZ wixui-repeater__item\">\n<div id=\"bgLayers_comp-lp0groo2\" data-hook=\"bgLayers\" class=\"MW5IWV\">\n<div data-testid=\"colorUnderlay\" class=\"LWbAav Kv1aVt\"><\/div>\n<div id=\"bgMedia_comp-lp0groo2\" class=\"VgO9Yg\"><\/div>\n<\/div>\n<div data-mesh-id=\"comp-lp0groo2__598c1a13-a000-4435-a89b-76ae0f37283einlineContent\" data-testid=\"inline-content\" class=\"\">\n<div data-mesh-id=\"comp-lp0groo2__598c1a13-a000-4435-a89b-76ae0f37283einlineContent-gridContainer\" data-testid=\"mesh-container-content\">\n<div id=\"comp-lp0groo92__598c1a13-a000-4435-a89b-76ae0f37283e\" class=\"BaOVQ8 tz5f0K comp-lp0groo92 wixui-rich-text\" data-testid=\"richTextElement\">\n<h2 class=\"font_2 wixui-rich-text__text\" style=\"font-size:26px; line-height:1.6em;\"><span style=\"font-size:26px;\" class=\"wixui-rich-text__text\">Diretor Industrial<\/span><\/h2>\n<\/div>\n<div id=\"comp-lp0grood2__598c1a13-a000-4435-a89b-76ae0f37283e\" class=\"BaOVQ8 tz5f0K comp-lp0grood2 wixui-rich-text\" data-testid=\"richTextElement\">\n<p class=\"font_8 wixui-rich-text__text\" style=\"font-size:16px; line-height:1.6em;\"><span style=\"font-size:16px;\" class=\"wixui-rich-text__text\">Regi\u00e3o de Ribeir\u00e3o Preto\/SP<\/span><\/p>\n<\/div>\n<div class=\"comp-lp0grooh1 R6ex7N\" id=\"comp-lp0grooh1__598c1a13-a000-4435-a89b-76ae0f37283e\" aria-disabled=\"false\"><a data-testid=\"linkElement\" href=\"https:\/\/www.corporaterh.com.br\/jobs\/diretor-industrial\" target=\"_self\" class=\"kuTaGy wixui-button zKbzSQ\" aria-disabled=\"false\" rel=\"noopener\"><span class=\"M3I7Z2 wixui-button__label\">View Job<\/span><\/a><\/div>\n<\/div>\n<\/div>\n<\/div>\n<\/div>\n<div role=\"listitem\" class=\"Zc7IjY\">\n<div id=\"comp-lp0groo2__0e5c77ca-2086-4a42-83bd-52a0467eb66e\" class=\"comp-lp0groo2 YzqVVZ wixui-repeater__item\">\n<div id=\"bgLayers_comp-lp0groo2\" data-hook=\"bgLayers\" class=\"MW5IWV\">\n<div data-testid=\"colorUnderlay\" class=\"LWbAav Kv1aVt\"><\/div>\n<div id=\"bgMedia_comp-lp0groo2\" class=\"VgO9Yg\"><\/div>\n<\/div>\n<div data-mesh-id=\"comp-lp0groo2__0e5c77ca-2086-4a42-83bd-52a0467eb66einlineContent\" data-testid=\"inline-content\" class=\"\">\n<div data-mesh-id=\"comp-lp0groo2__0e5c77ca-2086-4a42-83bd-52a0467eb66einlineContent-gridContainer\" data-testid=\"mesh-container-content\">\n<div id=\"comp-lp0groo92__0e5c77ca-2086-4a42-83bd-52a0467eb66e\" class=\"BaOVQ8 tz5f0K comp-lp0groo92 wixui-rich-text\" data-testid=\"richTextElement\">\n<h2 class=\"font_2 wixui-rich-text__text\" style=\"font-size:26px; line-height:1.6em;\"><span style=\"font-size:26px;\" class=\"wixui-rich-text__text\">Executivo de Contas<\/span><\/h2>\n<\/div>\n<div id=\"comp-lp0grood2__0e5c77ca-2086-4a42-83bd-52a0467eb66e\" class=\"BaOVQ8 tz5f0K comp-lp0grood2 wixui-rich-text\" data-testid=\"richTextElement\">\n<p class=\"font_8 wixui-rich-text__text\" style=\"font-size:16px; line-height:1.6em;\"><span style=\"font-size:16px;\" class=\"wixui-rich-text__text\">Ribeir\u00e3o Preto (SP)<\/span><\/p>\n<\/div>\n<div class=\"comp-lp0grooh1 R6ex7N\" id=\"comp-lp0grooh1__0e5c77ca-2086-4a42-83bd-52a0467eb66e\" aria-disabled=\"false\"><a data-testid=\"linkElement\" href=\"https:\/\/www.corporaterh.com.br\/jobs\/executivo-de-contas\" target=\"_self\" class=\"kuTaGy wixui-button zKbzSQ\" aria-disabled=\"false\" rel=\"noopener\"><span class=\"M3I7Z2 wixui-button__label\">View Job<\/span><\/a><\/div>\n<\/div>\n<\/div>\n<\/div>\n<\/div>\n<div role=\"listitem\" class=\"Zc7IjY\">\n<div id=\"comp-lp0groo2__b2508242-eca4-4b4c-86ee-c12a9d77a4a5\" class=\"comp-lp0groo2 YzqVVZ wixui-repeater__item\">\n<div id=\"bgLayers_comp-lp0groo2\" data-hook=\"bgLayers\" class=\"MW5IWV\">\n<div data-testid=\"colorUnderlay\" class=\"LWbAav Kv1aVt\"><\/div>\n<div id=\"bgMedia_comp-lp0groo2\" class=\"VgO9Yg\"><\/div>\n<\/div>\n<div data-mesh-id=\"comp-lp0groo2__b2508242-eca4-4b4c-86ee-c12a9d77a4a5inlineContent\" data-testid=\"inline-content\" class=\"\">\n<div data-mesh-id=\"comp-lp0groo2__b2508242-eca4-4b4c-86ee-c12a9d77a4a5inlineContent-gridContainer\" data-testid=\"mesh-container-content\">\n<div id=\"comp-lp0groo92__b2508242-eca4-4b4c-86ee-c12a9d77a4a5\" class=\"BaOVQ8 tz5f0K comp-lp0groo92 wixui-rich-text\" data-testid=\"richTextElement\">\n<h2 class=\"font_2 wixui-rich-text__text\" style=\"font-size:26px; line-height:1.6em;\"><span style=\"font-size:26px;\" class=\"wixui-rich-text__text\">T\u00e9cnico Eletr\u00f4nico (Bancada) <\/span><\/h2>\n<\/div>\n<div id=\"comp-lp0grood2__b2508242-eca4-4b4c-86ee-c12a9d77a4a5\" class=\"BaOVQ8 tz5f0K comp-lp0grood2 wixui-rich-text\" data-testid=\"richTextElement\">\n<p class=\"font_8 wixui-rich-text__text\" style=\"font-size:16px; line-height:1.6em;\"><span style=\"font-size:16px;\" class=\"wixui-rich-text__text\">Ribeir\u00e3o Preto (SP)<\/span><\/p>\n<\/div>\n<div class=\"comp-lp0grooh1 R6ex7N\" id=\"comp-lp0grooh1__b2508242-eca4-4b4c-86ee-c12a9d77a4a5\" aria-disabled=\"false\"><a data-testid=\"linkElement\" href=\"https:\/\/www.corporaterh.com.br\/jobs\/t%C3%A9cnico-eletr%C3%B4nico-(bancada)-\" target=\"_self\" class=\"kuTaGy wixui-button zKbzSQ\" aria-disabled=\"false\" rel=\"noopener\"><span class=\"M3I7Z2 wixui-button__label\">View Job<\/span><\/a><\/div>\n<\/div>\n<\/div>\n<\/div>\n<\/div>\n<div role=\"listitem\" class=\"Zc7IjY\">\n<div id=\"comp-lp0groo2__39892718-b6a9-4842-a1c5-48ef3b8ff23d\" class=\"comp-lp0groo2 YzqVVZ wixui-repeater__item\">\n<div id=\"bgLayers_comp-lp0groo2\" data-hook=\"bgLayers\" class=\"MW5IWV\">\n<div data-testid=\"colorUnderlay\" class=\"LWbAav Kv1aVt\"><\/div>\n<div id=\"bgMedia_comp-lp0groo2\" class=\"VgO9Yg\"><\/div>\n<\/div>\n<div data-mesh-id=\"comp-lp0groo2__39892718-b6a9-4842-a1c5-48ef3b8ff23dinlineContent\" data-testid=\"inline-content\" class=\"\">\n<div data-mesh-id=\"comp-lp0groo2__39892718-b6a9-4842-a1c5-48ef3b8ff23dinlineContent-gridContainer\" data-testid=\"mesh-container-content\">\n<div id=\"comp-lp0groo92__39892718-b6a9-4842-a1c5-48ef3b8ff23d\" class=\"BaOVQ8 tz5f0K comp-lp0groo92 wixui-rich-text\" data-testid=\"richTextElement\">\n<h2 class=\"font_2 wixui-rich-text__text\" style=\"font-size:26px; line-height:1.6em;\"><span style=\"font-size:26px;\" class=\"wixui-rich-text__text\">T\u00e9cnico Eletr\u00f4nico JR<\/span><\/h2>\n<\/div>\n<div id=\"comp-lp0grood2__39892718-b6a9-4842-a1c5-48ef3b8ff23d\" class=\"BaOVQ8 tz5f0K comp-lp0grood2 wixui-rich-text\" data-testid=\"richTextElement\">\n<p class=\"font_8 wixui-rich-text__text\" style=\"font-size:16px; line-height:1.6em;\"><span style=\"font-size:16px;\" class=\"wixui-rich-text__text\">S\u00e3o Paulo &#8211; SP<\/span><\/p>\n<\/div>\n<div class=\"comp-lp0grooh1 R6ex7N\" id=\"comp-lp0grooh1__39892718-b6a9-4842-a1c5-48ef3b8ff23d\" aria-disabled=\"false\"><a data-testid=\"linkElement\" href=\"https:\/\/www.corporaterh.com.br\/jobs\/t%C3%A9cnico-eletr%C3%B4nico-jr\" target=\"_self\" class=\"kuTaGy wixui-button zKbzSQ\" aria-disabled=\"false\" rel=\"noopener\"><span class=\"M3I7Z2 wixui-button__label\">View Job<\/span><\/a><\/div>\n<\/div>\n<\/div>\n<\/div>\n<\/div>\n<div role=\"listitem\" class=\"Zc7IjY\">\n<div id=\"comp-lp0groo2__4275f004-f2bd-4a1d-8564-7089c766deaf\" class=\"comp-lp0groo2 YzqVVZ wixui-repeater__item\">\n<div id=\"bgLayers_comp-lp0groo2\" data-hook=\"bgLayers\" class=\"MW5IWV\">\n<div data-testid=\"colorUnderlay\" class=\"LWbAav Kv1aVt\"><\/div>\n<div id=\"bgMedia_comp-lp0groo2\" class=\"VgO9Yg\"><\/div>\n<\/div>\n<div data-mesh-id=\"comp-lp0groo2__4275f004-f2bd-4a1d-8564-7089c766deafinlineContent\" data-testid=\"inline-content\" class=\"\">\n<div data-mesh-id=\"comp-lp0groo2__4275f004-f2bd-4a1d-8564-7089c766deafinlineContent-gridContainer\" data-testid=\"mesh-container-content\">\n<div id=\"comp-lp0groo92__4275f004-f2bd-4a1d-8564-7089c766deaf\" class=\"BaOVQ8 tz5f0K comp-lp0groo92 wixui-rich-text\" data-testid=\"richTextElement\">\n<h2 class=\"font_2 wixui-rich-text__text\" style=\"font-size:26px; line-height:1.6em;\"><span style=\"font-size:26px;\" class=\"wixui-rich-text__text\">T\u00e9cnico de Manuten\u00e7\u00e3o de Compressores de ar Parafuso<\/span><\/h2>\n<\/div>\n<div id=\"comp-lp0grood2__4275f004-f2bd-4a1d-8564-7089c766deaf\" class=\"BaOVQ8 tz5f0K comp-lp0grood2 wixui-rich-text\" data-testid=\"richTextElement\">\n<p class=\"font_8 wixui-rich-text__text\" style=\"font-size:16px; line-height:1.6em;\"><span style=\"font-size:16px;\" class=\"wixui-rich-text__text\">Ribeir\u00e3o Preto (SP)<\/span><\/p>\n<\/div>\n<div class=\"comp-lp0grooh1 R6ex7N\" id=\"comp-lp0grooh1__4275f004-f2bd-4a1d-8564-7089c766deaf\" aria-disabled=\"false\"><a data-testid=\"linkElement\" href=\"https:\/\/www.corporaterh.com.br\/jobs\/t%C3%A9cnico-de-manuten%C3%A7%C3%A3o-de-compressores-de-ar-parafuso\" target=\"_self\" class=\"kuTaGy wixui-button zKbzSQ\" aria-disabled=\"false\" rel=\"noopener\"><span class=\"M3I7Z2 wixui-button__label\">View Job<\/span><\/a><\/div>\n<\/div>\n<\/div>\n<\/div>\n<\/div>\n<div role=\"listitem\" class=\"Zc7IjY\">\n<div id=\"comp-lp0groo2__57155ce9-c6ce-4ff6-a06f-fa13f9b636b3\" class=\"comp-lp0groo2 YzqVVZ wixui-repeater__item\">\n<div id=\"bgLayers_comp-lp0groo2\" data-hook=\"bgLayers\" class=\"MW5IWV\">\n<div data-testid=\"colorUnderlay\" class=\"LWbAav Kv1aVt\"><\/div>\n<div id=\"bgMedia_comp-lp0groo2\" class=\"VgO9Yg\"><\/div>\n<\/div>\n<div data-mesh-id=\"comp-lp0groo2__57155ce9-c6ce-4ff6-a06f-fa13f9b636b3inlineContent\" data-testid=\"inline-content\" class=\"\">\n<div data-mesh-id=\"comp-lp0groo2__57155ce9-c6ce-4ff6-a06f-fa13f9b636b3inlineContent-gridContainer\" data-testid=\"mesh-container-content\">\n<div id=\"comp-lp0groo92__57155ce9-c6ce-4ff6-a06f-fa13f9b636b3\" class=\"BaOVQ8 tz5f0K comp-lp0groo92 wixui-rich-text\" data-testid=\"richTextElement\">\n<h2 class=\"font_2 wixui-rich-text__text\" style=\"font-size:26px; line-height:1.6em;\"><span style=\"font-size:26px;\" class=\"wixui-rich-text__text\">Analista Desenvolvedor TOTVS Protheus Pleno<\/span><\/h2>\n<\/div>\n<div id=\"comp-lp0grood2__57155ce9-c6ce-4ff6-a06f-fa13f9b636b3\" class=\"BaOVQ8 tz5f0K comp-lp0grood2 wixui-rich-text\" data-testid=\"richTextElement\">\n<p class=\"font_8 wixui-rich-text__text\" style=\"font-size:16px; line-height:1.6em;\"><span style=\"font-size:16px;\" class=\"wixui-rich-text__text\">Ribeir\u00e3o Preto &#8211; SP<\/span><\/p>\n<\/div>\n<div class=\"comp-lp0grooh1 R6ex7N\" id=\"comp-lp0grooh1__57155ce9-c6ce-4ff6-a06f-fa13f9b636b3\" aria-disabled=\"false\"><a data-testid=\"linkElement\" href=\"https:\/\/www.corporaterh.com.br\/jobs\/analista-desenvolvedor-totvs-protheus-pleno\" target=\"_self\" class=\"kuTaGy wixui-button zKbzSQ\" aria-disabled=\"false\" rel=\"noopener\"><span class=\"M3I7Z2 wixui-button__label\">View Job<\/span><\/a><\/div>\n<\/div>\n<\/div>\n<\/div>\n<\/div>\n<\/div>\n<p><span style=\"font-size:26px;\" class=\"wixui-rich-text__text\">Diretor Industrial<\/span><\/p>\n<!-- CONTENT END 1 -->\n","protected":false},"excerpt":{"rendered":"<p>Atendente de Cafeteria Ribeir\u00e3o Preto View Job Diretor Industrial Regi\u00e3o de Ribeir\u00e3o Preto\/SP View Job Executivo de Contas Ribeir\u00e3o Preto (SP) View Job T\u00e9cnico Eletr\u00f4nico&#8230;<\/p>\n","protected":false},"author":1,"featured_media":0,"comment_status":"open","ping_status":"open","sticky":false,"template":"","format":"standard","meta":{"advanced_seo_description":"","jetpack_seo_html_title":"","jetpack_seo_noindex":false,"jetpack_post_was_ever_published":false,"_jetpack_newsletter_access":"","_jetpack_dont_email_post_to_subs":false,"_jetpack_newsletter_tier_id":0,"_jetpack_memberships_contains_paywalled_content":false,"_jetpack_memberships_contains_paid_content":false,"footnotes":"","jetpack_publicize_message":"","jetpack_publicize_feature_enabled":true,"jetpack_social_post_already_shared":true,"jetpack_social_options":{"image_generator_settings":{"template":"highway","default_image_id":0,"font":"","enabled":false},"version":2}},"categories":[7],"tags":[],"class_list":["post-32487","post","type-post","status-publish","format-standard","hentry","category-vagas-de-empregos-em-ribeirao-preto-regiao-brasil"],"jetpack_publicize_connections":[],"jetpack_featured_media_url":"","jetpack-related-posts":[{"id":33177,"url":"https:\/\/noticiasribeiraopreto.com.br\/index.php\/2024\/01\/28\/30-novas-vagas-de-emprego-em-ribeirao-preto-sp-93\/","url_meta":{"origin":32487,"position":0},"title":"30 novas vagas de emprego em Ribeir\u00e3o Preto-SP","author":"noticiasribeiraopreto.com.br","date":"28 de January de 2024","format":false,"excerpt":"Representante Comercial Ribeir\u00e3o Preto \/SPView JobVendedor Externo S\u00e3o Paulo - SPView JobConsultor de Vendas - M\u00f3veis PlanejadosRibeir\u00e3o Preto View JobSupply ChainRibeir\u00e3o Preto SPView JobGerente de RHItaj\u00faba - Minas Gerais View JobGerente de Frota Ribeir\u00e3o Preto SPView JobAtendente de CafeteriaRibeir\u00e3o PretoView JobDiretor IndustrialRegi\u00e3o de Ribeir\u00e3o Preto\/SPView JobExecutivo de ContasRibeir\u00e3o Preto (SP)View\u2026","rel":"","context":"In &quot;Vagas de Emprego em Ribeir\u00e3o Preto-SP&quot;","block_context":{"text":"Vagas de Emprego em Ribeir\u00e3o Preto-SP","link":"https:\/\/noticiasribeiraopreto.com.br\/index.php\/category\/empregos-classificados-vagas-trabalho\/vagas-de-empregos-em-ribeirao-preto-regiao-brasil\/"},"img":{"alt_text":"","src":"","width":0,"height":0},"classes":[]},{"id":37631,"url":"https:\/\/noticiasribeiraopreto.com.br\/index.php\/2024\/02\/17\/30-novas-vagas-de-emprego-em-ribeirao-preto-sp-94\/","url_meta":{"origin":32487,"position":1},"title":"30 novas vagas de emprego em Ribeir\u00e3o Preto-SP","author":"noticiasribeiraopreto.com.br","date":"17 de February de 2024","format":false,"excerpt":"Analista de RH S\u00eaniorRegi\u00e3o de Ribeir\u00e3o Preto SPView JobGerente de P\u00f3s VendasRegi\u00e3o de Ribeir\u00e3o Preto SPView JobT\u00e9cnico de manuten\u00e7\u00e3o em compressores de ar parafuso Americana - SP View JobEngenheiro Agr\u00f4nomo de vendas (fertilizantes)Ara\u00e7atuba - SP View JobEngenheiro Agr\u00f4nomo de vendas (fertilizantes) Mar\u00edlia - SP View JobEngenheiro Agr\u00f4nomo de vendas (fertilizantes)Campinas\u2026","rel":"","context":"In &quot;Vagas de Emprego em Ribeir\u00e3o Preto-SP&quot;","block_context":{"text":"Vagas de Emprego em Ribeir\u00e3o Preto-SP","link":"https:\/\/noticiasribeiraopreto.com.br\/index.php\/category\/empregos-classificados-vagas-trabalho\/vagas-de-empregos-em-ribeirao-preto-regiao-brasil\/"},"img":{"alt_text":"","src":"","width":0,"height":0},"classes":[]},{"id":32647,"url":"https:\/\/noticiasribeiraopreto.com.br\/index.php\/2024\/01\/25\/20-vagas-de-empregos-entre-e-veja-oportunidades-de-trabalho-em-ribeirao-preto-sp-18\/","url_meta":{"origin":32487,"position":2},"title":"20 vagas de empregos: entre e veja oportunidades de trabalho em Ribeir\u00e3o Preto-SP","author":"noticiasribeiraopreto.com.br","date":"25 de January de 2024","format":false,"excerpt":"Lista de Vagas em Ribeir\u00e3o Preto Ribeir\u00e3o Preto - SP Balconista Ver mais Ribeir\u00e3o Preto - SP Auxiliar de Produ\u00e7\u00e3o Ver mais Atendente de restaurante Ver mais Ribeir\u00e3o Preto - SP Recepcionista Ver mais Ribeir\u00e3o Preto - SP Gerente Comercial PJ Ver mais Ribeir\u00e3o Preto - SP ASSISTENTE DE LOJA\u2026","rel":"","context":"In &quot;Vagas de Emprego em Ribeir\u00e3o Preto-SP&quot;","block_context":{"text":"Vagas de Emprego em Ribeir\u00e3o Preto-SP","link":"https:\/\/noticiasribeiraopreto.com.br\/index.php\/category\/empregos-classificados-vagas-trabalho\/vagas-de-empregos-em-ribeirao-preto-regiao-brasil\/"},"img":{"alt_text":"","src":"","width":0,"height":0},"classes":[]},{"id":54683,"url":"https:\/\/noticiasribeiraopreto.com.br\/index.php\/2024\/07\/18\/vagas-de-emprego-para-atendente-em-ribeirao-preto-sp-5\/","url_meta":{"origin":32487,"position":3},"title":"Vagas de emprego para Atendente em Ribeir\u00e3o Preto-SP","author":"noticiasribeiraopreto.com.br","date":"18 de July de 2024","format":false,"excerpt":"Atendente ATENDENTE REPOSITOR ATENDENTE REPOSITOR Atendente de Loja - Fast Food - Ribeir\u00e3o Preto Ribeir\u00e3o Preto - SP Efetivo Atendente de Polo - Ribeir\u00e3o Preto\/SP Atendente de Hospedagem Noturno - ibis Styles Maurilio Biagi Atendente de Restaurante Atendente de Hospedagem Noturno - ibis Styles Maurilio Biagi Atendente de Hospedagem Noturno\u2026","rel":"","context":"In &quot;Vagas de Emprego em Ribeir\u00e3o Preto-SP&quot;","block_context":{"text":"Vagas de Emprego em Ribeir\u00e3o Preto-SP","link":"https:\/\/noticiasribeiraopreto.com.br\/index.php\/category\/empregos-classificados-vagas-trabalho\/vagas-de-empregos-em-ribeirao-preto-regiao-brasil\/"},"img":{"alt_text":"","src":"https:\/\/i0.wp.com\/noticiasribeiraopreto.com.br\/wp-content\/uploads\/2024\/07\/latest.jpeg?fit=1200%2C675&ssl=1&resize=350%2C200","width":350,"height":200,"srcset":"https:\/\/i0.wp.com\/noticiasribeiraopreto.com.br\/wp-content\/uploads\/2024\/07\/latest.jpeg?fit=1200%2C675&ssl=1&resize=350%2C200 1x, https:\/\/i0.wp.com\/noticiasribeiraopreto.com.br\/wp-content\/uploads\/2024\/07\/latest.jpeg?fit=1200%2C675&ssl=1&resize=525%2C300 1.5x, https:\/\/i0.wp.com\/noticiasribeiraopreto.com.br\/wp-content\/uploads\/2024\/07\/latest.jpeg?fit=1200%2C675&ssl=1&resize=700%2C400 2x, https:\/\/i0.wp.com\/noticiasribeiraopreto.com.br\/wp-content\/uploads\/2024\/07\/latest.jpeg?fit=1200%2C675&ssl=1&resize=1050%2C600 3x"},"classes":[]},{"id":39268,"url":"https:\/\/noticiasribeiraopreto.com.br\/index.php\/2024\/02\/24\/vagas-de-emprego-para-atendente-em-ribeirao-preto-sp\/","url_meta":{"origin":32487,"position":4},"title":"Vagas de emprego para Atendente em Ribeir\u00e3o Preto-SP","author":"noticiasribeiraopreto.com.br","date":"24 de February de 2024","format":false,"excerpt":"Atendente de Loja - C&C Ribeir\u00e3o Preto Atendente de Balc\u00e3o ATENDENTE REPOSITOR ATENDENTE REPOSITOR ATENDENTE REPOSITOR Camareira \/ Camarista (Escala 6x1) Atendente Barista -Ribeir\u00e3o Shopping\/SP Camareira \/ Camarista (Escala 6x1) Camareira \/ Camarista (Escala 6x1)","rel":"","context":"In &quot;Vagas de Emprego em Ribeir\u00e3o Preto-SP&quot;","block_context":{"text":"Vagas de Emprego em Ribeir\u00e3o Preto-SP","link":"https:\/\/noticiasribeiraopreto.com.br\/index.php\/category\/empregos-classificados-vagas-trabalho\/vagas-de-empregos-em-ribeirao-preto-regiao-brasil\/"},"img":{"alt_text":"","src":"https:\/\/i0.wp.com\/noticiasribeiraopreto.com.br\/wp-content\/uploads\/2024\/02\/1708786762_latest.jpeg?fit=1200%2C675&ssl=1&resize=350%2C200","width":350,"height":200,"srcset":"https:\/\/i0.wp.com\/noticiasribeiraopreto.com.br\/wp-content\/uploads\/2024\/02\/1708786762_latest.jpeg?fit=1200%2C675&ssl=1&resize=350%2C200 1x, https:\/\/i0.wp.com\/noticiasribeiraopreto.com.br\/wp-content\/uploads\/2024\/02\/1708786762_latest.jpeg?fit=1200%2C675&ssl=1&resize=525%2C300 1.5x, https:\/\/i0.wp.com\/noticiasribeiraopreto.com.br\/wp-content\/uploads\/2024\/02\/1708786762_latest.jpeg?fit=1200%2C675&ssl=1&resize=700%2C400 2x, https:\/\/i0.wp.com\/noticiasribeiraopreto.com.br\/wp-content\/uploads\/2024\/02\/1708786762_latest.jpeg?fit=1200%2C675&ssl=1&resize=1050%2C600 3x"},"classes":[]},{"id":53445,"url":"https:\/\/noticiasribeiraopreto.com.br\/index.php\/2024\/06\/20\/vagas-de-emprego-para-atendente-em-ribeirao-preto-sp-4\/","url_meta":{"origin":32487,"position":5},"title":"Vagas de emprego para Atendente em Ribeir\u00e3o Preto-SP","author":"noticiasribeiraopreto.com.br","date":"20 de June de 2024","format":false,"excerpt":"ATENDENTE DE CAIXA Atendente de Loja - Presidente Vargas Atendente de Restaurante ATENDENTE REPOSITOR ATENDENTE REPOSITOR Camareira \/ Camarista (Escala 6x1) Atendente de Loja - Fast Food - Ribeir\u00e3o Preto Ribeir\u00e3o Preto - SP Efetivo Camareira \/ Camarista (Escala 6x1) Camareira \/ Camarista (Escala 6x1)","rel":"","context":"In &quot;Vagas de Emprego em Ribeir\u00e3o Preto-SP&quot;","block_context":{"text":"Vagas de Emprego em Ribeir\u00e3o Preto-SP","link":"https:\/\/noticiasribeiraopreto.com.br\/index.php\/category\/empregos-classificados-vagas-trabalho\/vagas-de-empregos-em-ribeirao-preto-regiao-brasil\/"},"img":{"alt_text":"","src":"https:\/\/i0.wp.com\/noticiasribeiraopreto.com.br\/wp-content\/uploads\/2024\/06\/latest.jpeg?fit=1200%2C675&ssl=1&resize=350%2C200","width":350,"height":200,"srcset":"https:\/\/i0.wp.com\/noticiasribeiraopreto.com.br\/wp-content\/uploads\/2024\/06\/latest.jpeg?fit=1200%2C675&ssl=1&resize=350%2C200 1x, https:\/\/i0.wp.com\/noticiasribeiraopreto.com.br\/wp-content\/uploads\/2024\/06\/latest.jpeg?fit=1200%2C675&ssl=1&resize=525%2C300 1.5x, https:\/\/i0.wp.com\/noticiasribeiraopreto.com.br\/wp-content\/uploads\/2024\/06\/latest.jpeg?fit=1200%2C675&ssl=1&resize=700%2C400 2x, https:\/\/i0.wp.com\/noticiasribeiraopreto.com.br\/wp-content\/uploads\/2024\/06\/latest.jpeg?fit=1200%2C675&ssl=1&resize=1050%2C600 3x"},"classes":[]}],"jetpack_sharing_enabled":true,"jetpack_shortlink":"https:\/\/wp.me\/peQAOb-8rZ","_links":{"self":[{"href":"https:\/\/noticiasribeiraopreto.com.br\/index.php\/wp-json\/wp\/v2\/posts\/32487","targetHints":{"allow":["GET"]}}],"collection":[{"href":"https:\/\/noticiasribeiraopreto.com.br\/index.php\/wp-json\/wp\/v2\/posts"}],"about":[{"href":"https:\/\/noticiasribeiraopreto.com.br\/index.php\/wp-json\/wp\/v2\/types\/post"}],"author":[{"embeddable":true,"href":"https:\/\/noticiasribeiraopreto.com.br\/index.php\/wp-json\/wp\/v2\/users\/1"}],"replies":[{"embeddable":true,"href":"https:\/\/noticiasribeiraopreto.com.br\/index.php\/wp-json\/wp\/v2\/comments?post=32487"}],"version-history":[{"count":0,"href":"https:\/\/noticiasribeiraopreto.com.br\/index.php\/wp-json\/wp\/v2\/posts\/32487\/revisions"}],"wp:attachment":[{"href":"https:\/\/noticiasribeiraopreto.com.br\/index.php\/wp-json\/wp\/v2\/media?parent=32487"}],"wp:term":[{"taxonomy":"category","embeddable":true,"href":"https:\/\/noticiasribeiraopreto.com.br\/index.php\/wp-json\/wp\/v2\/categories?post=32487"},{"taxonomy":"post_tag","embeddable":true,"href":"https:\/\/noticiasribeiraopreto.com.br\/index.php\/wp-json\/wp\/v2\/tags?post=32487"}],"curies":[{"name":"wp","href":"https:\/\/api.w.org\/{rel}","templated":true}]}}