{"id":32492,"date":"2024-01-25T12:12:52","date_gmt":"2024-01-25T15:12:52","guid":{"rendered":"https:\/\/noticiasribeiraopreto.com.br\/index.php\/2024\/01\/25\/veja-quem-tem-direito-isencao-de-inscricao-no-enem-dos-concursos\/"},"modified":"2024-01-25T12:12:52","modified_gmt":"2024-01-25T15:12:52","slug":"veja-quem-tem-direito-isencao-de-inscricao-no-enem-dos-concursos","status":"publish","type":"post","link":"https:\/\/noticiasribeiraopreto.com.br\/index.php\/2024\/01\/25\/veja-quem-tem-direito-isencao-de-inscricao-no-enem-dos-concursos\/","title":{"rendered":"Veja quem tem direito a isen\u00e7\u00e3o de inscri\u00e7\u00e3o no \u2018Enem dos Concursos\u2019"},"content":{"rendered":"<div class='code-block code-block-1' style='margin: 8px 0 8px auto; text-align: right; display: block; clear: both;'>\n<p><a href=\"https:\/\/wa.link\/vpicfd\"><img data-recalc-dims=\"1\" class=\"wp-image-4922\" style=\"aspect-ratio: 2.0253164556962027; width: 561px; height: auto;\" src=\"https:\/\/i0.wp.com\/ismaelcolosi.com.br\/wp-content\/uploads\/2023\/11\/grupo-de-empregos-whatsapp-e-facebook-ismael-colosi-vagas.jpg?ssl=1\" alt=\"\" \/><\/a><\/p>\n<!-- \/wp:image -->\n<\/div>\n<p> <br \/>\n<\/p>\n<div data-td-block-uid=\"tdi_104\">\n<div class=\"tdb-block-inner td-fix-index\">\n<p>O pedido de<strong> isen\u00e7\u00e3o<\/strong> para a <strong>taxa de inscri\u00e7\u00e3o<\/strong> do <strong>Concurso P\u00fablico Nacional Unificado<\/strong>, conhecido <strong>\u201cEnem dos Concursos\u201d<\/strong> termina nesta sexta-feira (26). Para os interessados que n\u00e3o se enquadram nos requisitos de isentos, o<strong> prazo<\/strong> para se inscrever \u00e9 at\u00e9 o dia 9 de fevereiro.<\/p>\n<p>A <strong>inscri\u00e7\u00e3o<\/strong> e o <strong>pedido de isen\u00e7\u00e3o<\/strong> devem ser feitos pela <strong>internet<\/strong>, no<strong> <a href=\"https:\/\/cpnu.cesgranrio.org.br\/login\" target=\"_blank\" rel=\"noreferrer noopener nofollow\">site do concurso<\/a><\/strong>. Os valores da inscri\u00e7\u00e3o s\u00e3o de <strong>R$ 60<\/strong> para vagas de n\u00edvel m\u00e9dio e<strong> R$ 90<\/strong> para n\u00edvel superior. \u00c9 importante saber que para as duas situa\u00e7\u00f5es \u00e9 preciso ter cadastro no portal <strong><a href=\"https:\/\/www.gov.br\/pt-br\" target=\"_blank\" rel=\"noreferrer noopener nofollow\">Gov.br<\/a><\/strong>.<\/p>\n<p>A <strong>prova<\/strong> acontece no dia 5 de maio e <strong>Ribeir\u00e3o Preto<\/strong> \u00e9 uma das 220 cidades que ir\u00e1 receber os candidatos que v\u00e3o disputar as <strong>6.640 vagas<\/strong> para <strong>21 \u00f3rg\u00e3os p\u00fablicos federais<\/strong>.<\/p>\n<h4 class=\"wp-block-heading\"><strong>Confira quem pode solicitar a isen\u00e7\u00e3o:<\/strong><\/h4>\n<ul>\n<li>Inscritos no Cad\u00danico (Cadastro \u00danico)<\/li>\n<li>Doadores de medula \u00f3ssea<\/li>\n<li>Bolsistas ou ex-bolsistas do ProUni (Programa Universidade para Todos)<\/li>\n<li>Estudantes ou ex-estudantes do Fies (Fundo de Financiamento ao Estudante do Ensino Superior)<\/li>\n<\/ul>\n<h4 class=\"wp-block-heading\"><strong>Saiba quais documentos s\u00e3o exigidos <\/strong><\/h4>\n<p>Todos os pedidos de isen\u00e7\u00e3o devem estar acompanhados de <strong>comprova\u00e7\u00e3o dos requisitos<\/strong> necess\u00e1rios (veja abaixo). Os documentos devem ser nos formatos <strong>PDF, PNG ou JPG<\/strong>.<\/p>\n<p>Para inscritos no <strong>Cad\u00danico<\/strong> (Cadastro \u00danico) \u00e9 preciso informar o N\u00famero de Identifica\u00e7\u00e3o Social (NIS), al\u00e9m de declarar ser membro de fam\u00edlia de baixa renda (R$ 706 mensal por pessoa)<\/p>\n<p>Doadores de <strong>medula \u00f3ssea<\/strong> devem enviar imagens leg\u00edveis da carteira ou declara\u00e7\u00e3o de doador reconhecidas pelo <strong>Minist\u00e9rio da Sa\u00fade<\/strong> ou laudo m\u00e9dico<\/p>\n<p>J\u00e1 os bolsistas ou ex-bolsistas do <strong>ProUni<\/strong> (Programa Universidade para Todos) e estudantes ou ex-estudantes do <strong>Fies <\/strong>(Fundo de Financiamento ao Estudante do Ensino Superior) precisam indicar a solicita\u00e7\u00e3o correspondente \u00e0 modalidade.<\/p>\n<p>As an\u00e1lises dos pedidos ser\u00e3o divulgadas no dia 29 de janeiro pela internet no site onde foi feita a solicita\u00e7\u00e3o<\/p>\n<p>SAIBA MAIS<br \/>Portinari ganha exposi\u00e7\u00e3o em esta\u00e7\u00e3o de metr\u00f4 no anivers\u00e1rio de 470 anos de S\u00e3o Paulo<\/p>\n<h4 class=\"wp-block-heading\"><strong>FIQUE ON<\/strong><\/h4>\n<p>Fique ligado em tudo que acontece em Ribeir\u00e3o Preto e regi\u00e3o. Siga os perfis do<strong>\u00a0acidade on<\/strong>\u00a0no\u00a0<a href=\"https:\/\/www.instagram.com\/acidadeonribeirao\" target=\"_blank\" rel=\"noreferrer noopener\">Instagram\u00a0<\/a>e no\u00a0<a href=\"https:\/\/www.facebook.com\/acidadeonribeirao\" target=\"_blank\" rel=\"noreferrer noopener\">Facebook<\/a>.<\/p>\n<p>Receba not\u00edcias do\u00a0<strong>acidade on\u00a0<\/strong>no WhatsApp.\u00a0<a href=\"https:\/\/chat.whatsapp.com\/Bnv2w66ZT4VDyZW3oiZ69n\" target=\"_blank\" rel=\"noreferrer noopener\">Para entrar no grupo, basta clicar aqui.<\/a><\/p>\n<p>Fa\u00e7a uma den\u00fancia ou sugira uma reportagem sobre Ribeir\u00e3o Preto e regi\u00e3o pelo WhatsApp: 16 99117 7802.<\/p>\n<p>VEJA TAMB\u00c9M<br \/>Quando Ana Maria Braga estreou na TV Globo?<\/p>\n<p><!-- AI CONTENT END 1 -->\n<\/div>\n<\/div>\n<p><script async src=\"\/\/www.instagram.com\/embed.js\"><\/script><br \/>\n<br \/><br \/>\n<br \/><a href=\"https:\/\/www.acidadeon.com\/ribeiraopreto\/economia\/veja-quem-tem-direito-isencao-de-inscricao-no-enem-dos-concursos\/\">Source link <\/a><\/p>\n<!-- CONTENT END 1 -->\n","protected":false},"excerpt":{"rendered":"<p>O pedido de isen\u00e7\u00e3o para a taxa de inscri\u00e7\u00e3o do Concurso P\u00fablico Nacional Unificado, conhecido \u201cEnem dos Concursos\u201d termina nesta sexta-feira (26). Para os interessados&#8230;<\/p>\n","protected":false},"author":1,"featured_media":32493,"comment_status":"open","ping_status":"open","sticky":false,"template":"","format":"standard","meta":{"advanced_seo_description":"","jetpack_seo_html_title":"","jetpack_seo_noindex":false,"jetpack_post_was_ever_published":false,"_jetpack_newsletter_access":"","_jetpack_dont_email_post_to_subs":false,"_jetpack_newsletter_tier_id":0,"_jetpack_memberships_contains_paywalled_content":false,"_jetpack_memberships_contains_paid_content":false,"footnotes":"","jetpack_publicize_message":"","jetpack_publicize_feature_enabled":true,"jetpack_social_post_already_shared":true,"jetpack_social_options":{"image_generator_settings":{"template":"highway","default_image_id":0,"font":"","enabled":false},"version":2}},"categories":[11],"tags":[573,230,470,1264,574,1618,456,162,48],"class_list":["post-32492","post","type-post","status-publish","format-standard","has-post-thumbnail","hentry","category-noticias-de-ribeirao-preto-sp-e-regiao-ismael-colosi","tag-concursos","tag-direito","tag-dos","tag-enem","tag-inscricao","tag-isencao","tag-quem","tag-tem","tag-veja"],"jetpack_publicize_connections":[],"jetpack_featured_media_url":"https:\/\/i0.wp.com\/noticiasribeiraopreto.com.br\/wp-content\/uploads\/2024\/01\/1706195577_concurso-publico.jpg?fit=1200%2C800&ssl=1","jetpack-related-posts":[{"id":33319,"url":"https:\/\/noticiasribeiraopreto.com.br\/index.php\/2024\/01\/29\/enem-dos-concursos-saiba-como-consultar-os-pedidos-de-isencao-da-taxa-de-inscricao\/","url_meta":{"origin":32492,"position":0},"title":"Enem dos Concursos: saiba como consultar os pedidos de isen\u00e7\u00e3o da taxa de inscri\u00e7\u00e3o","author":"noticiasribeiraopreto.com.br","date":"29 de January de 2024","format":false,"excerpt":"Da reda\u00e7\u00e3oi Da reda\u00e7\u00e3o 29\/01\/2024 - 8:31 O resultado preliminar da an\u00e1lise dos pedidos de isen\u00e7\u00e3o do pagamento da taxa de inscri\u00e7\u00e3o do Concurso P\u00fablico Nacional Unificado (CPNU) ser\u00e1 divulgado nesta segunda-feira, dia 29, na \u00e1rea do candidato. A an\u00e1lise aparece na p\u00e1gina do certame, que \u00e9 organizado pelo Minist\u00e9rio\u2026","rel":"","context":"In &quot;Vagas de Emprego em Ribeir\u00e3o Preto-SP&quot;","block_context":{"text":"Vagas de Emprego em Ribeir\u00e3o Preto-SP","link":"https:\/\/noticiasribeiraopreto.com.br\/index.php\/category\/empregos-classificados-vagas-trabalho\/vagas-de-empregos-em-ribeirao-preto-regiao-brasil\/"},"img":{"alt_text":"","src":"https:\/\/i0.wp.com\/noticiasribeiraopreto.com.br\/wp-content\/uploads\/2024\/01\/concursounificado.jpg?fit=900%2C600&ssl=1&resize=350%2C200","width":350,"height":200,"srcset":"https:\/\/i0.wp.com\/noticiasribeiraopreto.com.br\/wp-content\/uploads\/2024\/01\/concursounificado.jpg?fit=900%2C600&ssl=1&resize=350%2C200 1x, https:\/\/i0.wp.com\/noticiasribeiraopreto.com.br\/wp-content\/uploads\/2024\/01\/concursounificado.jpg?fit=900%2C600&ssl=1&resize=525%2C300 1.5x, https:\/\/i0.wp.com\/noticiasribeiraopreto.com.br\/wp-content\/uploads\/2024\/01\/concursounificado.jpg?fit=900%2C600&ssl=1&resize=700%2C400 2x"},"classes":[]},{"id":46858,"url":"https:\/\/noticiasribeiraopreto.com.br\/index.php\/2024\/04\/15\/veja-quem-tem-direito-a-isencao-da-taxa-de-inscricao-do-enem-2024-e-como-solicitar\/","url_meta":{"origin":32492,"position":1},"title":"Veja quem tem direito \u00e0 isen\u00e7\u00e3o da taxa de inscri\u00e7\u00e3o do Enem 2024 e como solicitar","author":"noticiasribeiraopreto.com.br","date":"15 de April de 2024","format":false,"excerpt":"O prazo para o pedido de\u00a0isen\u00e7\u00e3o\u00a0da\u00a0taxa de inscri\u00e7\u00e3o\u00a0do Enem (Exame Nacional do Ensino M\u00e9dio) 2024\u00a0come\u00e7a nesta segunda-feira (15) e segue at\u00e9 o dia 26 de abril. O valor da inscri\u00e7\u00e3o ainda n\u00e3o foi divulgado, mas nas outras edi\u00e7\u00f5es, a taxa de inscri\u00e7\u00e3o custava R$ 85. Como solicitar? Os pedidos de\u2026","rel":"","context":"In &quot;Not\u00edcias de Ribeir\u00e3o Preto-SP e Regi\u00e3o&quot;","block_context":{"text":"Not\u00edcias de Ribeir\u00e3o Preto-SP e Regi\u00e3o","link":"https:\/\/noticiasribeiraopreto.com.br\/index.php\/category\/noticias-de-ribeirao-preto-sp-e-regiao-ismael-colosi\/"},"img":{"alt_text":"","src":"https:\/\/i0.wp.com\/noticiasribeiraopreto.com.br\/wp-content\/uploads\/2024\/04\/AnyConv.com__concurso-publico-4.webp.webp?fit=1200%2C800&ssl=1&resize=350%2C200","width":350,"height":200,"srcset":"https:\/\/i0.wp.com\/noticiasribeiraopreto.com.br\/wp-content\/uploads\/2024\/04\/AnyConv.com__concurso-publico-4.webp.webp?fit=1200%2C800&ssl=1&resize=350%2C200 1x, https:\/\/i0.wp.com\/noticiasribeiraopreto.com.br\/wp-content\/uploads\/2024\/04\/AnyConv.com__concurso-publico-4.webp.webp?fit=1200%2C800&ssl=1&resize=525%2C300 1.5x, https:\/\/i0.wp.com\/noticiasribeiraopreto.com.br\/wp-content\/uploads\/2024\/04\/AnyConv.com__concurso-publico-4.webp.webp?fit=1200%2C800&ssl=1&resize=700%2C400 2x, https:\/\/i0.wp.com\/noticiasribeiraopreto.com.br\/wp-content\/uploads\/2024\/04\/AnyConv.com__concurso-publico-4.webp.webp?fit=1200%2C800&ssl=1&resize=1050%2C600 3x"},"classes":[]},{"id":84647,"url":"https:\/\/noticiasribeiraopreto.com.br\/index.php\/2026\/04\/13\/prazo-para-pedir-isencao-da-taxa-do-enem-2026-comeca-hoje\/","url_meta":{"origin":32492,"position":2},"title":"Prazo para pedir isen\u00e7\u00e3o da taxa do Enem 2026 come\u00e7a hoje","author":"noticiasribeiraopreto.com.br","date":"13 de April de 2026","format":false,"excerpt":"Ler o resumo da not\u00edcia Prazo para solicitar isen\u00e7\u00e3o da taxa do Enem 2026 vai de 13 a 24 de abril, pelo site do Inep. T\u00eam direito \u00e0 gratuidade estudantes do 3\u00ba ano do ensino m\u00e9dio p\u00fablico, pessoas de baixa renda cadastradas no Cad\u00danico e benefici\u00e1rios do programa P\u00e9-de-Meia. A\u2026","rel":"","context":"In &quot;Not\u00edcias de Ribeir\u00e3o Preto-SP e Regi\u00e3o&quot;","block_context":{"text":"Not\u00edcias de Ribeir\u00e3o Preto-SP e Regi\u00e3o","link":"https:\/\/noticiasribeiraopreto.com.br\/index.php\/category\/noticias-de-ribeirao-preto-sp-e-regiao-ismael-colosi\/"},"img":{"alt_text":"","src":"https:\/\/i0.wp.com\/noticiasribeiraopreto.com.br\/wp-content\/uploads\/2026\/04\/enem.webp.webp?fit=1170%2C700&ssl=1&resize=350%2C200","width":350,"height":200,"srcset":"https:\/\/i0.wp.com\/noticiasribeiraopreto.com.br\/wp-content\/uploads\/2026\/04\/enem.webp.webp?fit=1170%2C700&ssl=1&resize=350%2C200 1x, https:\/\/i0.wp.com\/noticiasribeiraopreto.com.br\/wp-content\/uploads\/2026\/04\/enem.webp.webp?fit=1170%2C700&ssl=1&resize=525%2C300 1.5x, https:\/\/i0.wp.com\/noticiasribeiraopreto.com.br\/wp-content\/uploads\/2026\/04\/enem.webp.webp?fit=1170%2C700&ssl=1&resize=700%2C400 2x, https:\/\/i0.wp.com\/noticiasribeiraopreto.com.br\/wp-content\/uploads\/2026\/04\/enem.webp.webp?fit=1170%2C700&ssl=1&resize=1050%2C600 3x"},"classes":[]},{"id":32703,"url":"https:\/\/noticiasribeiraopreto.com.br\/index.php\/2024\/01\/26\/concurso-unificado-prazo-para-pedir-isencao-de-taxa-de-inscricao-termina-nessa-sexta-feira\/","url_meta":{"origin":32492,"position":3},"title":"Concurso Unificado: prazo para pedir isen\u00e7\u00e3o de taxa de inscri\u00e7\u00e3o termina nessa sexta-feira","author":"noticiasribeiraopreto.com.br","date":"26 de January de 2024","format":false,"excerpt":"Da reda\u00e7\u00e3oi Da reda\u00e7\u00e3o 26\/01\/2024 - 7:30 Termina nessa sexta-feira, 26, prazo para os candidatos que desejam pedir a isen\u00e7\u00e3o da taxa de inscri\u00e7\u00e3o para o Concurso P\u00fablico Nacional Unificado. O valor da taxa de inscri\u00e7\u00e3o ser\u00e1 de R$ 60 para vagas de n\u00edvel m\u00e9dio; e de R$ 90 para\u2026","rel":"","context":"In &quot;Vagas de Emprego em Ribeir\u00e3o Preto-SP&quot;","block_context":{"text":"Vagas de Emprego em Ribeir\u00e3o Preto-SP","link":"https:\/\/noticiasribeiraopreto.com.br\/index.php\/category\/empregos-classificados-vagas-trabalho\/vagas-de-empregos-em-ribeirao-preto-regiao-brasil\/"},"img":{"alt_text":"","src":"https:\/\/i0.wp.com\/noticiasribeiraopreto.com.br\/wp-content\/uploads\/2024\/01\/prova.png?fit=700%2C439&ssl=1&resize=350%2C200","width":350,"height":200,"srcset":"https:\/\/i0.wp.com\/noticiasribeiraopreto.com.br\/wp-content\/uploads\/2024\/01\/prova.png?fit=700%2C439&ssl=1&resize=350%2C200 1x, https:\/\/i0.wp.com\/noticiasribeiraopreto.com.br\/wp-content\/uploads\/2024\/01\/prova.png?fit=700%2C439&ssl=1&resize=525%2C300 1.5x, https:\/\/i0.wp.com\/noticiasribeiraopreto.com.br\/wp-content\/uploads\/2024\/01\/prova.png?fit=700%2C439&ssl=1&resize=700%2C400 2x"},"classes":[]},{"id":68472,"url":"https:\/\/noticiasribeiraopreto.com.br\/index.php\/2025\/04\/25\/enem-2025-prazo-para-pedir-isencao-da-taxa-de-inscricao-termina-nesta-sexta-veja-como-fazer\/","url_meta":{"origin":32492,"position":4},"title":"Enem 2025: Prazo para pedir isen\u00e7\u00e3o da taxa de inscri\u00e7\u00e3o termina nesta sexta; Veja como fazer","author":"noticiasribeiraopreto.com.br","date":"25 de April de 2025","format":false,"excerpt":"O prazo para solicitar a isen\u00e7\u00e3o da taxa de inscri\u00e7\u00e3o no Exame Nacional do Ensino M\u00e9dio (Enem) de 2025\u00a0termina \u00e0s 23h59 (hor\u00e1rio de Bras\u00edlia) desta sexta-feira (25). Neste mesmo hor\u00e1rio tamb\u00e9m termina o prazo para justificar aus\u00eancia nas provas da edi\u00e7\u00e3o de 2024. As solicita\u00e7\u00f5es devem ser feitas por meio\u2026","rel":"","context":"In &quot;Not\u00edcias de Ribeir\u00e3o Preto-SP e Regi\u00e3o&quot;","block_context":{"text":"Not\u00edcias de Ribeir\u00e3o Preto-SP e Regi\u00e3o","link":"https:\/\/noticiasribeiraopreto.com.br\/index.php\/category\/noticias-de-ribeirao-preto-sp-e-regiao-ismael-colosi\/"},"img":{"alt_text":"","src":"https:\/\/i0.wp.com\/noticiasribeiraopreto.com.br\/wp-content\/uploads\/2025\/04\/cxpia_de_tamanho_exato_para_fotos_no_sistema_novo_x6x.jpg?fit=1200%2C675&ssl=1&resize=350%2C200","width":350,"height":200,"srcset":"https:\/\/i0.wp.com\/noticiasribeiraopreto.com.br\/wp-content\/uploads\/2025\/04\/cxpia_de_tamanho_exato_para_fotos_no_sistema_novo_x6x.jpg?fit=1200%2C675&ssl=1&resize=350%2C200 1x, https:\/\/i0.wp.com\/noticiasribeiraopreto.com.br\/wp-content\/uploads\/2025\/04\/cxpia_de_tamanho_exato_para_fotos_no_sistema_novo_x6x.jpg?fit=1200%2C675&ssl=1&resize=525%2C300 1.5x, https:\/\/i0.wp.com\/noticiasribeiraopreto.com.br\/wp-content\/uploads\/2025\/04\/cxpia_de_tamanho_exato_para_fotos_no_sistema_novo_x6x.jpg?fit=1200%2C675&ssl=1&resize=700%2C400 2x, https:\/\/i0.wp.com\/noticiasribeiraopreto.com.br\/wp-content\/uploads\/2025\/04\/cxpia_de_tamanho_exato_para_fotos_no_sistema_novo_x6x.jpg?fit=1200%2C675&ssl=1&resize=1050%2C600 3x"},"classes":[]},{"id":37246,"url":"https:\/\/noticiasribeiraopreto.com.br\/index.php\/2024\/02\/15\/prazo-para-pagar-taxa-do-concurso-nacional-unificado-termina-nesta-sexta\/","url_meta":{"origin":32492,"position":5},"title":"Prazo para pagar taxa do Concurso Nacional Unificado termina nesta sexta","author":"noticiasribeiraopreto.com.br","date":"15 de February de 2024","format":false,"excerpt":"14 de fevereiro de 2024 | 14:0014 de fevereiro de 2024 | 11:42 0Os candidatos ao Concurso P\u00fablico Nacional Unificado que ainda n\u00e3o pagaram a taxa de inscri\u00e7\u00e3o t\u00eam at\u00e9 sexta-feira (16) para quitarem a Guia de Recolhimento da Uni\u00e3o (GRU). O pagamento, no valor de R$ 90 para os\u2026","rel":"","context":"In &quot;Not\u00edcias de Ribeir\u00e3o Preto-SP e Regi\u00e3o&quot;","block_context":{"text":"Not\u00edcias de Ribeir\u00e3o Preto-SP e Regi\u00e3o","link":"https:\/\/noticiasribeiraopreto.com.br\/index.php\/category\/noticias-de-ribeirao-preto-sp-e-regiao-ismael-colosi\/"},"img":{"alt_text":"","src":"https:\/\/i0.wp.com\/noticiasribeiraopreto.com.br\/wp-content\/uploads\/2024\/02\/48bed575-a298-4721-a099-5c82fdec3996.jpg?fit=900%2C600&ssl=1&resize=350%2C200","width":350,"height":200,"srcset":"https:\/\/i0.wp.com\/noticiasribeiraopreto.com.br\/wp-content\/uploads\/2024\/02\/48bed575-a298-4721-a099-5c82fdec3996.jpg?fit=900%2C600&ssl=1&resize=350%2C200 1x, https:\/\/i0.wp.com\/noticiasribeiraopreto.com.br\/wp-content\/uploads\/2024\/02\/48bed575-a298-4721-a099-5c82fdec3996.jpg?fit=900%2C600&ssl=1&resize=525%2C300 1.5x, https:\/\/i0.wp.com\/noticiasribeiraopreto.com.br\/wp-content\/uploads\/2024\/02\/48bed575-a298-4721-a099-5c82fdec3996.jpg?fit=900%2C600&ssl=1&resize=700%2C400 2x"},"classes":[]}],"jetpack_sharing_enabled":true,"jetpack_shortlink":"https:\/\/wp.me\/peQAOb-8s4","_links":{"self":[{"href":"https:\/\/noticiasribeiraopreto.com.br\/index.php\/wp-json\/wp\/v2\/posts\/32492","targetHints":{"allow":["GET"]}}],"collection":[{"href":"https:\/\/noticiasribeiraopreto.com.br\/index.php\/wp-json\/wp\/v2\/posts"}],"about":[{"href":"https:\/\/noticiasribeiraopreto.com.br\/index.php\/wp-json\/wp\/v2\/types\/post"}],"author":[{"embeddable":true,"href":"https:\/\/noticiasribeiraopreto.com.br\/index.php\/wp-json\/wp\/v2\/users\/1"}],"replies":[{"embeddable":true,"href":"https:\/\/noticiasribeiraopreto.com.br\/index.php\/wp-json\/wp\/v2\/comments?post=32492"}],"version-history":[{"count":0,"href":"https:\/\/noticiasribeiraopreto.com.br\/index.php\/wp-json\/wp\/v2\/posts\/32492\/revisions"}],"wp:featuredmedia":[{"embeddable":true,"href":"https:\/\/noticiasribeiraopreto.com.br\/index.php\/wp-json\/wp\/v2\/media\/32493"}],"wp:attachment":[{"href":"https:\/\/noticiasribeiraopreto.com.br\/index.php\/wp-json\/wp\/v2\/media?parent=32492"}],"wp:term":[{"taxonomy":"category","embeddable":true,"href":"https:\/\/noticiasribeiraopreto.com.br\/index.php\/wp-json\/wp\/v2\/categories?post=32492"},{"taxonomy":"post_tag","embeddable":true,"href":"https:\/\/noticiasribeiraopreto.com.br\/index.php\/wp-json\/wp\/v2\/tags?post=32492"}],"curies":[{"name":"wp","href":"https:\/\/api.w.org\/{rel}","templated":true}]}}