{"id":32517,"date":"2024-01-25T14:02:15","date_gmt":"2024-01-25T17:02:15","guid":{"rendered":"https:\/\/noticiasribeiraopreto.com.br\/index.php\/2024\/01\/25\/banda-canadense-magic-anuncia-show-em-ribeirao-preto\/"},"modified":"2024-01-25T14:02:15","modified_gmt":"2024-01-25T17:02:15","slug":"banda-canadense-magic-anuncia-show-em-ribeirao-preto","status":"publish","type":"post","link":"https:\/\/noticiasribeiraopreto.com.br\/index.php\/2024\/01\/25\/banda-canadense-magic-anuncia-show-em-ribeirao-preto\/","title":{"rendered":"Banda canadense Magic! anuncia show em Ribeir\u00e3o Preto"},"content":{"rendered":"<div class='code-block code-block-1' style='margin: 8px 0 8px auto; text-align: right; display: block; clear: both;'>\n<p><a href=\"https:\/\/wa.link\/vpicfd\"><img data-recalc-dims=\"1\" class=\"wp-image-4922\" style=\"aspect-ratio: 2.0253164556962027; width: 561px; height: auto;\" src=\"https:\/\/i0.wp.com\/ismaelcolosi.com.br\/wp-content\/uploads\/2023\/11\/grupo-de-empregos-whatsapp-e-facebook-ismael-colosi-vagas.jpg?ssl=1\" alt=\"\" \/><\/a><\/p>\n<!-- \/wp:image -->\n<\/div>\n<p> <br \/>\n<\/p>\n<div data-td-block-uid=\"tdi_104\">\n<div class=\"tdb-block-inner td-fix-index\">\n<p>A banda de pop\/ reggae canadense<strong> Magic! <\/strong>anunciou que vai se apresentar no<strong> Theatro Pedro II<\/strong>, em<strong> Ribeir\u00e3o Preto<\/strong>. A apresenta\u00e7\u00e3o da banda conhecida pelos sucessos \u201cRude\u201d e \u201cNo Way No\u201d est\u00e1 prevista para o dia 11 de abril.<\/p>\n<p>Os ingressos s\u00e3o vendidos pela internet, no site da <strong>Alpha Tickets (<a href=\"https:\/\/www.alphatickets.com.br\/Detalhes.aspx?event=6BC8EFF7-A5E4-4B36-AB2A-369D47631DDD&amp;hostname=&amp;dt=20240123200441\" target=\"_blank\" rel=\"noreferrer noopener nofollow\">clique aqui<\/a>)<\/strong>. Os bilhetes custam entre R$ 110 e R$ 180.<\/p>\n<p>Al\u00e9m de Ribeir\u00e3o Preto, o grupo formado por Nasri Atweh, Mark Pellizzer e Ben Spivak, vai passar por:<\/p>\n<ul>\n<li><strong>Americana<\/strong> (13 de abril),<strong> S\u00e3o Paulo<\/strong> (14 de abril), <strong>Porto Alegre<\/strong> (17 de abril), <strong>Bras\u00edlia<\/strong> (19 de abril), <strong>Belo Horizonte<\/strong> (21 de abril),<strong> Curitiba<\/strong> (23 de abril),<strong> Vit\u00f3ria<\/strong> (26 de abril) e <strong>Rio de Janeiro<\/strong> (27 de abril). \u00a0<\/li>\n<\/ul>\n<h4 class=\"wp-block-heading\"><strong>Relembre o sucesso \u201cRude\u201d:<\/strong><\/h4>\n<figure class=\"wp-block-embed is-type-video is-provider-youtube wp-block-embed-youtube wp-embed-aspect-16-9 wp-has-aspect-ratio\">\n<div class=\"wp-block-embed__wrapper\">\n<p><iframe loading=\"lazy\" title=\"MAGIC! - Rude (Official Video)\" width=\"500\" height=\"281\" src=\"https:\/\/www.youtube.com\/embed\/PIh2xe4jnpk?feature=oembed\" frameborder=\"0\" allow=\"accelerometer; autoplay; clipboard-write; encrypted-media; gyroscope; picture-in-picture; web-share\" referrerpolicy=\"strict-origin-when-cross-origin\" allowfullscreen><\/iframe><\/p>\n<\/div>\n<\/figure>\n<p>SAIBA MAIS<br \/>Monobloco agita pr\u00e9-carnaval em Ribeir\u00e3o neste final de semana; Ingressos ainda est\u00e3o dispon\u00edveis<\/p>\n<h4 class=\"wp-block-heading\"><strong>FIQUE ON<\/strong><\/h4>\n<p>Fique ligado em tudo que acontece em Ribeir\u00e3o Preto e regi\u00e3o. Siga os perfis do <strong>acidade on <\/strong>no <a href=\"https:\/\/www.instagram.com\/acidadeonribeirao\" target=\"_blank\" rel=\"noreferrer noopener nofollow\">Instagram <\/a>e no <a href=\"https:\/\/www.facebook.com\/acidadeonribeirao\" target=\"_blank\" rel=\"noreferrer noopener nofollow\">Facebook<\/a>.<\/p>\n<p>Receba not\u00edcias do <strong>acidade on <\/strong>no WhatsApp.<a href=\"https:\/\/chat.whatsapp.com\/Bnv2w66ZT4VDyZW3oiZ69n\" target=\"_blank\" rel=\"noreferrer noopener nofollow\"> Para entrar no grupo, basta clicar aqui.<\/a><\/p>\n<p>Fa\u00e7a uma den\u00fancia ou sugira uma reportagem sobre Ribeir\u00e3o Preto e regi\u00e3o pelo WhatsApp: 16 99117 7802.<\/p>\n<p>VEJA TAMB\u00c9M<br \/>Lu\u00edsa Sonza recebe pr\u00eamio internacional da revista \u201cBillboard\u201d<\/p>\n<p><!-- AI CONTENT END 1 -->\n<\/div>\n<\/div>\n<p><script async src=\"\/\/www.instagram.com\/embed.js\"><\/script><br \/>\n<br \/><br \/>\n<br \/><a href=\"https:\/\/www.acidadeon.com\/ribeiraopreto\/lazer-e-cultura\/banda-canadense-magic-anuncia-show-em-ribeirao-preto\/\">Source link <\/a><\/p>\n<!-- CONTENT END 1 -->\n","protected":false},"excerpt":{"rendered":"<p>A banda de pop\/ reggae canadense Magic! anunciou que vai se apresentar no Theatro Pedro II, em Ribeir\u00e3o Preto. A apresenta\u00e7\u00e3o da banda conhecida pelos&#8230;<\/p>\n","protected":false},"author":1,"featured_media":32518,"comment_status":"open","ping_status":"open","sticky":false,"template":"","format":"standard","meta":{"advanced_seo_description":"","jetpack_seo_html_title":"","jetpack_seo_noindex":false,"jetpack_post_was_ever_published":false,"_jetpack_newsletter_access":"","_jetpack_dont_email_post_to_subs":false,"_jetpack_newsletter_tier_id":0,"_jetpack_memberships_contains_paywalled_content":false,"_jetpack_memberships_contains_paid_content":false,"footnotes":"","jetpack_publicize_message":"","jetpack_publicize_feature_enabled":true,"jetpack_social_post_already_shared":true,"jetpack_social_options":{"image_generator_settings":{"template":"highway","default_image_id":0,"font":"","enabled":false},"version":2}},"categories":[11],"tags":[175,826,3869,3870,27,26,360],"class_list":["post-32517","post","type-post","status-publish","format-standard","has-post-thumbnail","hentry","category-noticias-de-ribeirao-preto-sp-e-regiao-ismael-colosi","tag-anuncia","tag-banda","tag-canadense","tag-magic","tag-preto","tag-ribeirao","tag-show"],"jetpack_publicize_connections":[],"jetpack_featured_media_url":"https:\/\/i0.wp.com\/noticiasribeiraopreto.com.br\/wp-content\/uploads\/2024\/01\/magic-ribeirao-preto.jpg?fit=1412%2C889&ssl=1","jetpack-related-posts":[{"id":45819,"url":"https:\/\/noticiasribeiraopreto.com.br\/index.php\/2024\/04\/08\/saiba-tudo-sobre-o-show-da-banda-magic-em-ribeirao-preto\/","url_meta":{"origin":32517,"position":0},"title":"Saiba tudo sobre o show da banda Magic! em Ribeir\u00e3o Preto","author":"noticiasribeiraopreto.com.br","date":"8 de April de 2024","format":false,"excerpt":"A banda canadense de pop reggae Magic! chega a Ribeir\u00e3o Preto nesta quinta-feira (11), \u00e0s 20 horas, no Theatro Pedro II. Em turn\u00ea pelo Brasil, o show no interior de S\u00e3o Paulo abre a temporada de apresenta\u00e7\u00f5es pelo Pa\u00eds. Al\u00e9m de Ribeir\u00e3o Preto, o grupo formado por Nasri Atweh, Mark\u2026","rel":"","context":"In &quot;Not\u00edcias de Ribeir\u00e3o Preto-SP e Regi\u00e3o&quot;","block_context":{"text":"Not\u00edcias de Ribeir\u00e3o Preto-SP e Regi\u00e3o","link":"https:\/\/noticiasribeiraopreto.com.br\/index.php\/category\/noticias-de-ribeirao-preto-sp-e-regiao-ismael-colosi\/"},"img":{"alt_text":"","src":"https:\/\/i0.wp.com\/noticiasribeiraopreto.com.br\/wp-content\/uploads\/2024\/04\/Capturar-2.jpg?fit=591%2C291&ssl=1&resize=350%2C200","width":350,"height":200,"srcset":"https:\/\/i0.wp.com\/noticiasribeiraopreto.com.br\/wp-content\/uploads\/2024\/04\/Capturar-2.jpg?fit=591%2C291&ssl=1&resize=350%2C200 1x, https:\/\/i0.wp.com\/noticiasribeiraopreto.com.br\/wp-content\/uploads\/2024\/04\/Capturar-2.jpg?fit=591%2C291&ssl=1&resize=525%2C300 1.5x"},"classes":[]},{"id":45547,"url":"https:\/\/noticiasribeiraopreto.com.br\/index.php\/2024\/04\/04\/banda-os-garotos-de-riberpool-e-atracao-no-hard-rock-cafe\/","url_meta":{"origin":32517,"position":1},"title":"Banda &#8220;Os Garotos de Riberpool&#8221; \u00e9 atra\u00e7\u00e3o no Hard Rock Cafe","author":"noticiasribeiraopreto.com.br","date":"4 de April de 2024","format":false,"excerpt":"4 de abril de 2024 | 17:274 de abril de 2024 | 19:36 0 Show acontece nesta sexta-feira, 5 de abril, a partir das 21h. (Divulga\u00e7\u00e3o) A banda Os Garotos de Riberpool, um dos principais tributos a Beatles da regi\u0101o ser\u00e1 atra\u00e7\u00e3o no Hard Rock Cafe Ribeir\u00e3o Preto, na pr\u00f3xima\u2026","rel":"","context":"In &quot;Not\u00edcias de Ribeir\u00e3o Preto-SP e Regi\u00e3o&quot;","block_context":{"text":"Not\u00edcias de Ribeir\u00e3o Preto-SP e Regi\u00e3o","link":"https:\/\/noticiasribeiraopreto.com.br\/index.php\/category\/noticias-de-ribeirao-preto-sp-e-regiao-ismael-colosi\/"},"img":{"alt_text":"","src":"https:\/\/i0.wp.com\/noticiasribeiraopreto.com.br\/wp-content\/uploads\/2024\/04\/1712271560_imagem-9.jpg?fit=800%2C500&ssl=1&resize=350%2C200","width":350,"height":200,"srcset":"https:\/\/i0.wp.com\/noticiasribeiraopreto.com.br\/wp-content\/uploads\/2024\/04\/1712271560_imagem-9.jpg?fit=800%2C500&ssl=1&resize=350%2C200 1x, https:\/\/i0.wp.com\/noticiasribeiraopreto.com.br\/wp-content\/uploads\/2024\/04\/1712271560_imagem-9.jpg?fit=800%2C500&ssl=1&resize=525%2C300 1.5x, https:\/\/i0.wp.com\/noticiasribeiraopreto.com.br\/wp-content\/uploads\/2024\/04\/1712271560_imagem-9.jpg?fit=800%2C500&ssl=1&resize=700%2C400 2x"},"classes":[]},{"id":37442,"url":"https:\/\/noticiasribeiraopreto.com.br\/index.php\/2024\/02\/16\/banda-magic-fara-show-no-pedro-ii\/","url_meta":{"origin":32517,"position":2},"title":"Banda Magic! far\u00e1 show no Pedro II\u00a0","author":"noticiasribeiraopreto.com.br","date":"16 de February de 2024","format":false,"excerpt":"16 de fevereiro de 2024 | 10:0015 de fevereiro de 2024 | 19:24 0Magic! volta ao Brasil em meio a novidades na vitoriosa e produtiva carreira de doze anos, como o single \u201cGood Feeling About You\u201d, que chegou \u00e0s plataformas digitais de todo o mundo em 19 de janeiro. Este\u2026","rel":"","context":"In &quot;Not\u00edcias de Ribeir\u00e3o Preto-SP e Regi\u00e3o&quot;","block_context":{"text":"Not\u00edcias de Ribeir\u00e3o Preto-SP e Regi\u00e3o","link":"https:\/\/noticiasribeiraopreto.com.br\/index.php\/category\/noticias-de-ribeirao-preto-sp-e-regiao-ismael-colosi\/"},"img":{"alt_text":"","src":"https:\/\/i0.wp.com\/noticiasribeiraopreto.com.br\/wp-content\/uploads\/2024\/02\/Magic-Tri-Reproducao-Instagram-03.jpg?fit=950%2C500&ssl=1&resize=350%2C200","width":350,"height":200,"srcset":"https:\/\/i0.wp.com\/noticiasribeiraopreto.com.br\/wp-content\/uploads\/2024\/02\/Magic-Tri-Reproducao-Instagram-03.jpg?fit=950%2C500&ssl=1&resize=350%2C200 1x, https:\/\/i0.wp.com\/noticiasribeiraopreto.com.br\/wp-content\/uploads\/2024\/02\/Magic-Tri-Reproducao-Instagram-03.jpg?fit=950%2C500&ssl=1&resize=525%2C300 1.5x, https:\/\/i0.wp.com\/noticiasribeiraopreto.com.br\/wp-content\/uploads\/2024\/02\/Magic-Tri-Reproducao-Instagram-03.jpg?fit=950%2C500&ssl=1&resize=700%2C400 2x"},"classes":[]},{"id":66462,"url":"https:\/\/noticiasribeiraopreto.com.br\/index.php\/2025\/04\/01\/ribeirao-preto-recebe-festival-de-cervejas-artesanais-com-food-trucks-e-shows-gratuitos\/","url_meta":{"origin":32517,"position":3},"title":"Ribeir\u00e3o Preto recebe festival de cervejas artesanais com food trucks e shows gratuitos","author":"noticiasribeiraopreto.com.br","date":"1 de April de 2025","format":false,"excerpt":"O festival de cervejas artesanais Champions Beer chega a Ribeir\u00e3o Preto nos dois pr\u00f3ximos finais de semana, no Shopping Iguatemi, com entrada gratuita. A abertura ocorre nesta sexta-feira (4), \u00e0s 17h. No s\u00e1bado (5) e no domingo (6), o evento inicia \u00e0s 13h. O festival ser\u00e1 retomado entre os dias\u2026","rel":"","context":"In &quot;Not\u00edcias de Ribeir\u00e3o Preto-SP e Regi\u00e3o&quot;","block_context":{"text":"Not\u00edcias de Ribeir\u00e3o Preto-SP e Regi\u00e3o","link":"https:\/\/noticiasribeiraopreto.com.br\/index.php\/category\/noticias-de-ribeirao-preto-sp-e-regiao-ismael-colosi\/"},"img":{"alt_text":"","src":"https:\/\/i0.wp.com\/noticiasribeiraopreto.com.br\/wp-content\/uploads\/2024\/09\/champions-beer_2024-09-06_17-47-35_jpeg_2024-09-06_17-47-35.webp.webp?fit=1200%2C675&ssl=1&resize=350%2C200","width":350,"height":200,"srcset":"https:\/\/i0.wp.com\/noticiasribeiraopreto.com.br\/wp-content\/uploads\/2024\/09\/champions-beer_2024-09-06_17-47-35_jpeg_2024-09-06_17-47-35.webp.webp?fit=1200%2C675&ssl=1&resize=350%2C200 1x, https:\/\/i0.wp.com\/noticiasribeiraopreto.com.br\/wp-content\/uploads\/2024\/09\/champions-beer_2024-09-06_17-47-35_jpeg_2024-09-06_17-47-35.webp.webp?fit=1200%2C675&ssl=1&resize=525%2C300 1.5x, https:\/\/i0.wp.com\/noticiasribeiraopreto.com.br\/wp-content\/uploads\/2024\/09\/champions-beer_2024-09-06_17-47-35_jpeg_2024-09-06_17-47-35.webp.webp?fit=1200%2C675&ssl=1&resize=700%2C400 2x, https:\/\/i0.wp.com\/noticiasribeiraopreto.com.br\/wp-content\/uploads\/2024\/09\/champions-beer_2024-09-06_17-47-35_jpeg_2024-09-06_17-47-35.webp.webp?fit=1200%2C675&ssl=1&resize=1050%2C600 3x"},"classes":[]},{"id":68080,"url":"https:\/\/noticiasribeiraopreto.com.br\/index.php\/2025\/04\/22\/sesi-tem-show-de-rock-com-entrada-gratuita-em-ribeirao-preto\/","url_meta":{"origin":32517,"position":4},"title":"Sesi tem show de rock com entrada gratuita em Ribeir\u00e3o Preto","author":"noticiasribeiraopreto.com.br","date":"22 de April de 2025","format":false,"excerpt":"Nesta sexta-feira (25), \u00e0s 20h, o Sesi Ribeir\u00e3o Preto promove um show de rock com a banda piracicabana Apostullus. A entrada gratuita, mas \u00e9 necess\u00e1rio reservar ingressos on-line no site Meu Sesi. Al\u00e9m de Ribeir\u00e3o Preto, Franca tamb\u00e9m receber\u00e1 a banda para um show gratuito, no s\u00e1bado (26), a partir\u2026","rel":"","context":"In &quot;Not\u00edcias de Ribeir\u00e3o Preto-SP e Regi\u00e3o&quot;","block_context":{"text":"Not\u00edcias de Ribeir\u00e3o Preto-SP e Regi\u00e3o","link":"https:\/\/noticiasribeiraopreto.com.br\/index.php\/category\/noticias-de-ribeirao-preto-sp-e-regiao-ismael-colosi\/"},"img":{"alt_text":"","src":"https:\/\/i0.wp.com\/noticiasribeiraopreto.com.br\/wp-content\/uploads\/2025\/04\/5197f65e-3d0a-4a6c-8992-2e3c9996b557_2025-04-22_11-51-40.webp.webp?fit=1200%2C486&ssl=1&resize=350%2C200","width":350,"height":200,"srcset":"https:\/\/i0.wp.com\/noticiasribeiraopreto.com.br\/wp-content\/uploads\/2025\/04\/5197f65e-3d0a-4a6c-8992-2e3c9996b557_2025-04-22_11-51-40.webp.webp?fit=1200%2C486&ssl=1&resize=350%2C200 1x, https:\/\/i0.wp.com\/noticiasribeiraopreto.com.br\/wp-content\/uploads\/2025\/04\/5197f65e-3d0a-4a6c-8992-2e3c9996b557_2025-04-22_11-51-40.webp.webp?fit=1200%2C486&ssl=1&resize=525%2C300 1.5x, https:\/\/i0.wp.com\/noticiasribeiraopreto.com.br\/wp-content\/uploads\/2025\/04\/5197f65e-3d0a-4a6c-8992-2e3c9996b557_2025-04-22_11-51-40.webp.webp?fit=1200%2C486&ssl=1&resize=700%2C400 2x, https:\/\/i0.wp.com\/noticiasribeiraopreto.com.br\/wp-content\/uploads\/2025\/04\/5197f65e-3d0a-4a6c-8992-2e3c9996b557_2025-04-22_11-51-40.webp.webp?fit=1200%2C486&ssl=1&resize=1050%2C600 3x"},"classes":[]},{"id":39301,"url":"https:\/\/noticiasribeiraopreto.com.br\/index.php\/2024\/02\/24\/confira-quais-sao-os-shows-confirmados-em-ribeirao-preto-em-2024\/","url_meta":{"origin":32517,"position":5},"title":"Confira quais s\u00e3o os shows confirmados em Ribeir\u00e3o Preto em 2024","author":"noticiasribeiraopreto.com.br","date":"24 de February de 2024","format":false,"excerpt":"Ribeir\u00e3o Preto conta com mais de variados shows confirmados para o ano de 2024, com artistas nacionais e internacionais e estilos musicais diversificados. O portal acidade on criou uma lista dos shows confirmados at\u00e9 o momento. Confira: J\u00e3o O cantor\u00a0J\u00e3o\u00a0vem a Ribeir\u00e3o Preto com os shows da \u2018Superturn\u00ea\u2019, no dia\u2026","rel":"","context":"In &quot;Not\u00edcias de Ribeir\u00e3o Preto-SP e Regi\u00e3o&quot;","block_context":{"text":"Not\u00edcias de Ribeir\u00e3o Preto-SP e Regi\u00e3o","link":"https:\/\/noticiasribeiraopreto.com.br\/index.php\/category\/noticias-de-ribeirao-preto-sp-e-regiao-ismael-colosi\/"},"img":{"alt_text":"","src":"https:\/\/i0.wp.com\/noticiasribeiraopreto.com.br\/wp-content\/uploads\/2024\/02\/Capturar-21.jpg?fit=612%2C409&ssl=1&resize=350%2C200","width":350,"height":200,"srcset":"https:\/\/i0.wp.com\/noticiasribeiraopreto.com.br\/wp-content\/uploads\/2024\/02\/Capturar-21.jpg?fit=612%2C409&ssl=1&resize=350%2C200 1x, https:\/\/i0.wp.com\/noticiasribeiraopreto.com.br\/wp-content\/uploads\/2024\/02\/Capturar-21.jpg?fit=612%2C409&ssl=1&resize=525%2C300 1.5x"},"classes":[]}],"jetpack_sharing_enabled":true,"jetpack_shortlink":"https:\/\/wp.me\/peQAOb-8st","_links":{"self":[{"href":"https:\/\/noticiasribeiraopreto.com.br\/index.php\/wp-json\/wp\/v2\/posts\/32517","targetHints":{"allow":["GET"]}}],"collection":[{"href":"https:\/\/noticiasribeiraopreto.com.br\/index.php\/wp-json\/wp\/v2\/posts"}],"about":[{"href":"https:\/\/noticiasribeiraopreto.com.br\/index.php\/wp-json\/wp\/v2\/types\/post"}],"author":[{"embeddable":true,"href":"https:\/\/noticiasribeiraopreto.com.br\/index.php\/wp-json\/wp\/v2\/users\/1"}],"replies":[{"embeddable":true,"href":"https:\/\/noticiasribeiraopreto.com.br\/index.php\/wp-json\/wp\/v2\/comments?post=32517"}],"version-history":[{"count":0,"href":"https:\/\/noticiasribeiraopreto.com.br\/index.php\/wp-json\/wp\/v2\/posts\/32517\/revisions"}],"wp:featuredmedia":[{"embeddable":true,"href":"https:\/\/noticiasribeiraopreto.com.br\/index.php\/wp-json\/wp\/v2\/media\/32518"}],"wp:attachment":[{"href":"https:\/\/noticiasribeiraopreto.com.br\/index.php\/wp-json\/wp\/v2\/media?parent=32517"}],"wp:term":[{"taxonomy":"category","embeddable":true,"href":"https:\/\/noticiasribeiraopreto.com.br\/index.php\/wp-json\/wp\/v2\/categories?post=32517"},{"taxonomy":"post_tag","embeddable":true,"href":"https:\/\/noticiasribeiraopreto.com.br\/index.php\/wp-json\/wp\/v2\/tags?post=32517"}],"curies":[{"name":"wp","href":"https:\/\/api.w.org\/{rel}","templated":true}]}}