{"id":32562,"date":"2024-01-25T16:34:06","date_gmt":"2024-01-25T19:34:06","guid":{"rendered":"https:\/\/noticiasribeiraopreto.com.br\/index.php\/2024\/01\/25\/alexandre-correa-se-cansa-e-fala-sobre-romance-de-ana-hickmann-com-edu-guedes-fui-corn-ver-mais\/"},"modified":"2024-01-25T16:34:06","modified_gmt":"2024-01-25T19:34:06","slug":"alexandre-correa-se-cansa-e-fala-sobre-romance-de-ana-hickmann-com-edu-guedes-fui-corn-ver-mais","status":"publish","type":"post","link":"https:\/\/noticiasribeiraopreto.com.br\/index.php\/2024\/01\/25\/alexandre-correa-se-cansa-e-fala-sobre-romance-de-ana-hickmann-com-edu-guedes-fui-corn-ver-mais\/","title":{"rendered":"Alexandre Correa SE CANSA e fala sobre ROMANCE de Ana Hickmann com Edu Guedes: &#8220;Fui corn&#8230;Ver mais"},"content":{"rendered":"<div class='code-block code-block-1' style='margin: 8px 0 8px auto; text-align: right; display: block; clear: both;'>\n<p><a href=\"https:\/\/wa.link\/vpicfd\"><img data-recalc-dims=\"1\" class=\"wp-image-4922\" style=\"aspect-ratio: 2.0253164556962027; width: 561px; height: auto;\" src=\"https:\/\/i0.wp.com\/ismaelcolosi.com.br\/wp-content\/uploads\/2023\/11\/grupo-de-empregos-whatsapp-e-facebook-ismael-colosi-vagas.jpg?ssl=1\" alt=\"\" \/><\/a><\/p>\n<!-- \/wp:image -->\n<\/div>\n<p> <br \/>\n<\/p>\n<div itemprop=\"text\">\n<p style=\"text-align: justify;\"><span style=\"font-weight: 400; font-family: arial, helvetica, sans-serif; font-size: 14pt;\">Depois de tantas pol\u00eamicas e acusa\u00e7\u00f5es s\u00e9rias entre Ana Hickmann e seu ex-marido Alexandre Correa mais atualiza\u00e7\u00f5es foram disponibilizadas pelo empres\u00e1rio. Dando a sua vers\u00e3o dos fatos, Alexandre explicou o seu ponto de vista do que estava acontecendo na rela\u00e7\u00e3o matrimonial.<\/span><\/p>\n<p style=\"text-align: justify;\"><span style=\"font-weight: 400; font-family: arial, helvetica, sans-serif; font-size: 14pt;\">Segundo ele, a separa\u00e7\u00e3o foi calculada e totalmente premeditada por Ana Hickmann que est\u00e1 em meio a rumores de um novo romance com um antigo colega de trabalho, Edu Guedes.<\/span><\/p>\n<p style=\"text-align: justify;\"><span style=\"font-family: arial, helvetica, sans-serif; font-size: 14pt;\"><span style=\"font-weight: 400;\">Ainda sobre o casamento conturbado, Alexandre explica que sua ex-esposa o destratava na frente de funcion\u00e1rios, fam\u00edlia e colaboradores invertendo a narrativa contada por Ana. O empres\u00e1rio ainda completou dizendo que ela <\/span><i><span style=\"font-weight: 400;\">\u201ctem uma soberba que \u00e9 caso de pol\u00edcia\u201d<\/span><\/i><span style=\"font-weight: 400;\">.<\/span><\/span><\/p>\n<p style=\"text-align: justify;\"><span style=\"font-weight: 400; font-family: arial, helvetica, sans-serif; font-size: 14pt;\">Sobre os coment\u00e1rios que abordam rumores de um relacionamento de Ana e o Chef Edu Guedes ele afirmou que estava \u201cligando os fatos\u201d e que algumas atitudes da apresentadora come\u00e7aram a incomodar o empres\u00e1rio, situa\u00e7\u00f5es essas que ele acredita ter liga\u00e7\u00e3o com o relacionamento noticiado nas m\u00eddias sociais.<\/span><\/p>\n<p style=\"text-align: justify;\"><span style=\"font-family: arial, helvetica, sans-serif; font-size: 14pt;\"><span style=\"font-weight: 400;\">Alexandre explicou que em Janeiro de 2023 o relacionamento j\u00e1 n\u00e3o estava indo bem: <\/span><i><span style=\"font-weight: 400;\">\u201cEm Fevereiro ela sugeriu que fic\u00e1ssemos em quartos separados [..] Ficamos muito tempo sem rela\u00e7\u00f5es [\u2026], mas hoje sei onde ela resolveu seus problemas, muito claro pra mim\u201d, <\/span><\/i><span style=\"font-weight: 400;\">explicou e insinuou que Ana Hickmann tinha relacionamentos extraconjugais.<\/span><\/span><\/p>\n<p style=\"text-align: justify;\"><span style=\"font-weight: 400; font-family: arial, helvetica, sans-serif; font-size: 14pt;\">A assessoria da apresentadora negou o suposto relacionamento, veja a entrevista agora:<\/span><\/p>\n<p><iframe loading=\"lazy\" title=\"ALEXANDRE CORR\u00caA RESPONDE A TUDO AO VIVO #ricardofeltrin #CASOHICKMANN\" width=\"500\" height=\"281\" src=\"https:\/\/www.youtube.com\/embed\/ou-oKm1P2f8?feature=oembed\" frameborder=\"0\" allow=\"accelerometer; autoplay; clipboard-write; encrypted-media; gyroscope; picture-in-picture; web-share\" referrerpolicy=\"strict-origin-when-cross-origin\" allowfullscreen><\/iframe><\/p>\n<p><!-- AI CONTENT END 1 -->\n<\/div>\n<p><br \/>\n<br \/><a href=\"https:\/\/informenoticias.net\/alexandre-correa-se-cansa-e-fala-sobre-romance-de-ana-hickmann-com-edu-guedes-fui-corn-ver-mais\/\">Source link <\/a><\/p>\n<!-- CONTENT END 1 -->\n","protected":false},"excerpt":{"rendered":"<p>Depois de tantas pol\u00eamicas e acusa\u00e7\u00f5es s\u00e9rias entre Ana Hickmann e seu ex-marido Alexandre Correa mais atualiza\u00e7\u00f5es foram disponibilizadas pelo empres\u00e1rio. Dando a sua vers\u00e3o&#8230;<\/p>\n","protected":false},"author":1,"featured_media":32563,"comment_status":"open","ping_status":"open","sticky":false,"template":"","format":"standard","meta":{"advanced_seo_description":"","jetpack_seo_html_title":"","jetpack_seo_noindex":false,"jetpack_post_was_ever_published":false,"_jetpack_newsletter_access":"","_jetpack_dont_email_post_to_subs":false,"_jetpack_newsletter_tier_id":0,"_jetpack_memberships_contains_paywalled_content":false,"_jetpack_memberships_contains_paid_content":false,"footnotes":"","jetpack_publicize_message":"","jetpack_publicize_feature_enabled":true,"jetpack_social_post_already_shared":true,"jetpack_social_options":{"image_generator_settings":{"template":"highway","default_image_id":0,"font":"","enabled":false},"version":2}},"categories":[19],"tags":[],"class_list":["post-32562","post","type-post","status-publish","format-standard","has-post-thumbnail","hentry","category-variedades"],"jetpack_publicize_connections":[],"jetpack_featured_media_url":"https:\/\/i0.wp.com\/noticiasribeiraopreto.com.br\/wp-content\/uploads\/2024\/01\/Apresentacao-sem-titulo.png?fit=960%2C540&ssl=1","jetpack-related-posts":[{"id":38995,"url":"https:\/\/noticiasribeiraopreto.com.br\/index.php\/2024\/02\/22\/ana-hickmann-e-edu-guedes-anunciam-namoro-e-alexandre-correa-parte-pra-cima-amante-ver-mais\/","url_meta":{"origin":32562,"position":0},"title":"Ana Hickmann e Edu Guedes anunciam NAMORO e Alexandre Correa PARTE PRA CIMA: &#8220;Amante&#8230;Ver mais","author":"noticiasribeiraopreto.com.br","date":"22 de February de 2024","format":false,"excerpt":"Uma not\u00edcia de \u00faltima hora acabou chocando muitas pessoas ao redor do pa\u00eds. A apresentadora Ana Hickmann e seu ex-colega de trabalho Edu Guedes fizeram uma revela\u00e7\u00e3o bomb\u00e1stica para amigos e admiradores. Depois de muitas negativas sobre um poss\u00edvel relacionamento estar desabrochando de uma amizade a confirma\u00e7\u00e3o do namoro entre\u2026","rel":"","context":"In &quot;Variedades&quot;","block_context":{"text":"Variedades","link":"https:\/\/noticiasribeiraopreto.com.br\/index.php\/category\/variedades\/"},"img":{"alt_text":"","src":"https:\/\/i0.wp.com\/noticiasribeiraopreto.com.br\/wp-content\/uploads\/2024\/02\/Apresentacao-sem-titulo-8.png?fit=960%2C540&ssl=1&resize=350%2C200","width":350,"height":200,"srcset":"https:\/\/i0.wp.com\/noticiasribeiraopreto.com.br\/wp-content\/uploads\/2024\/02\/Apresentacao-sem-titulo-8.png?fit=960%2C540&ssl=1&resize=350%2C200 1x, https:\/\/i0.wp.com\/noticiasribeiraopreto.com.br\/wp-content\/uploads\/2024\/02\/Apresentacao-sem-titulo-8.png?fit=960%2C540&ssl=1&resize=525%2C300 1.5x, https:\/\/i0.wp.com\/noticiasribeiraopreto.com.br\/wp-content\/uploads\/2024\/02\/Apresentacao-sem-titulo-8.png?fit=960%2C540&ssl=1&resize=700%2C400 2x"},"classes":[]},{"id":28734,"url":"https:\/\/noticiasribeiraopreto.com.br\/index.php\/2024\/01\/16\/edu-guedes-finalmente-rompe-o-silencio-e-conta-a-verdade-sobre-os-rumores-de-seu-relacionamento-com-ana-hickmann\/","url_meta":{"origin":32562,"position":1},"title":"Edu Guedes finalmente rompe o sil\u00eancio e conta a verdade sobre os rumores de seu relacionamento com Ana Hickmann","author":"noticiasribeiraopreto.com.br","date":"16 de January de 2024","format":false,"excerpt":"O mundo das celebridades brasileiras foi recentemente abalado por rumores de um novo casal: Edu Guedes e Ana Hickmann. A hist\u00f3ria surgiu ap\u00f3s declara\u00e7\u00e3o do colunista Ricardo Feltrin.No entanto, o famoso chef de cozinha, Edu Guedes, de 49 anos, veio a p\u00fablico para esclarecer a verdadeira natureza de sua rela\u00e7\u00e3o\u2026","rel":"","context":"In &quot;Blog&quot;","block_context":{"text":"Blog","link":"https:\/\/noticiasribeiraopreto.com.br\/index.php\/category\/blog\/"},"img":{"alt_text":"","src":"https:\/\/i0.wp.com\/noticiasribeiraopreto.com.br\/wp-content\/uploads\/2024\/01\/postimg-65a6b632c7f057828.jpg?fit=1200%2C628&ssl=1&resize=350%2C200","width":350,"height":200,"srcset":"https:\/\/i0.wp.com\/noticiasribeiraopreto.com.br\/wp-content\/uploads\/2024\/01\/postimg-65a6b632c7f057828.jpg?fit=1200%2C628&ssl=1&resize=350%2C200 1x, https:\/\/i0.wp.com\/noticiasribeiraopreto.com.br\/wp-content\/uploads\/2024\/01\/postimg-65a6b632c7f057828.jpg?fit=1200%2C628&ssl=1&resize=525%2C300 1.5x, https:\/\/i0.wp.com\/noticiasribeiraopreto.com.br\/wp-content\/uploads\/2024\/01\/postimg-65a6b632c7f057828.jpg?fit=1200%2C628&ssl=1&resize=700%2C400 2x, https:\/\/i0.wp.com\/noticiasribeiraopreto.com.br\/wp-content\/uploads\/2024\/01\/postimg-65a6b632c7f057828.jpg?fit=1200%2C628&ssl=1&resize=1050%2C600 3x"},"classes":[]},{"id":9967,"url":"https:\/\/noticiasribeiraopreto.com.br\/index.php\/2023\/12\/03\/alexandre-correa-desiste-de-acao-de-divorcio-contra-ana-hickmann-apos-receber-noticia-que-o-emocionou\/","url_meta":{"origin":32562,"position":2},"title":"Alexandre Correa desiste de a\u00e7\u00e3o de div\u00f3rcio contra Ana Hickmann ap\u00f3s receber not\u00edcia que o emocionou","author":"noticiasribeiraopreto.com.br","date":"3 de December de 2023","format":false,"excerpt":"Alexandre Correa decidiu retirar a a\u00e7\u00e3o de div\u00f3rcio que havia movido contra Ana Hickmann. Segundo informa\u00e7\u00f5es, o processo de separa\u00e7\u00e3o do casal prossegue, mas agora sob uma a\u00e7\u00e3o iniciada pela funcion\u00e1ria da Record.O advogado Enio Martins, representante de Alexandre Correa, em entrevista ao Estad\u00e3o, explicou que a desist\u00eancia ocorreu ap\u00f3s\u2026","rel":"","context":"In &quot;Blog&quot;","block_context":{"text":"Blog","link":"https:\/\/noticiasribeiraopreto.com.br\/index.php\/category\/blog\/"},"img":{"alt_text":"","src":"https:\/\/i0.wp.com\/noticiasribeiraopreto.com.br\/wp-content\/uploads\/2023\/12\/postimg-656c8d9fa0fe08046.jpg?fit=1200%2C628&ssl=1&resize=350%2C200","width":350,"height":200,"srcset":"https:\/\/i0.wp.com\/noticiasribeiraopreto.com.br\/wp-content\/uploads\/2023\/12\/postimg-656c8d9fa0fe08046.jpg?fit=1200%2C628&ssl=1&resize=350%2C200 1x, https:\/\/i0.wp.com\/noticiasribeiraopreto.com.br\/wp-content\/uploads\/2023\/12\/postimg-656c8d9fa0fe08046.jpg?fit=1200%2C628&ssl=1&resize=525%2C300 1.5x, https:\/\/i0.wp.com\/noticiasribeiraopreto.com.br\/wp-content\/uploads\/2023\/12\/postimg-656c8d9fa0fe08046.jpg?fit=1200%2C628&ssl=1&resize=700%2C400 2x, https:\/\/i0.wp.com\/noticiasribeiraopreto.com.br\/wp-content\/uploads\/2023\/12\/postimg-656c8d9fa0fe08046.jpg?fit=1200%2C628&ssl=1&resize=1050%2C600 3x"},"classes":[]},{"id":5117,"url":"https:\/\/noticiasribeiraopreto.com.br\/index.php\/2023\/11\/22\/alexandre-correa-nega-que-esteja-ameacando-ana-hickman-video-completo\/","url_meta":{"origin":32562,"position":3},"title":"Alexandre Correa nega que esteja amea\u00e7ando Ana Hickman; video completo","author":"noticiasribeiraopreto.com.br","date":"22 de November de 2023","format":false,"excerpt":"Alexandre Correa apareceu em suas redes sociais nesta quarta-feira (22\/11) para reagir a uma not\u00edcia que circula desde a \u00faltima ter\u00e7a. O empres\u00e1rio reagiu a uma nota que o acusava de amea\u00e7ar a apresentadora Ana Hickmann.Na ter\u00e7a, passou a circular a informa\u00e7\u00e3o de que Alexandre estaria fazendo amea\u00e7as contra Hickmann,\u2026","rel":"","context":"In &quot;Blog&quot;","block_context":{"text":"Blog","link":"https:\/\/noticiasribeiraopreto.com.br\/index.php\/category\/blog\/"},"img":{"alt_text":"","src":"https:\/\/i0.wp.com\/noticiasribeiraopreto.com.br\/wp-content\/uploads\/2023\/11\/postimg-655eb0a2b815f8416.jpg?fit=1200%2C628&ssl=1&resize=350%2C200","width":350,"height":200,"srcset":"https:\/\/i0.wp.com\/noticiasribeiraopreto.com.br\/wp-content\/uploads\/2023\/11\/postimg-655eb0a2b815f8416.jpg?fit=1200%2C628&ssl=1&resize=350%2C200 1x, https:\/\/i0.wp.com\/noticiasribeiraopreto.com.br\/wp-content\/uploads\/2023\/11\/postimg-655eb0a2b815f8416.jpg?fit=1200%2C628&ssl=1&resize=525%2C300 1.5x, https:\/\/i0.wp.com\/noticiasribeiraopreto.com.br\/wp-content\/uploads\/2023\/11\/postimg-655eb0a2b815f8416.jpg?fit=1200%2C628&ssl=1&resize=700%2C400 2x, https:\/\/i0.wp.com\/noticiasribeiraopreto.com.br\/wp-content\/uploads\/2023\/11\/postimg-655eb0a2b815f8416.jpg?fit=1200%2C628&ssl=1&resize=1050%2C600 3x"},"classes":[]},{"id":6743,"url":"https:\/\/noticiasribeiraopreto.com.br\/index.php\/2023\/11\/26\/alexandre-correa-afirma-que-ana-hickmann-estava-bebada-no-dia-da-confusao-uma-garrafa-de-vinho\/","url_meta":{"origin":32562,"position":4},"title":"Alexandre Corr\u00eaa afirma que Ana Hickmann estava b\u00eabada no dia da confus\u00e3o: &#8216;uma garrafa de vinho&#8217;","author":"noticiasribeiraopreto.com.br","date":"26 de November de 2023","format":false,"excerpt":"O empres\u00e1rio Alexandre Corr\u00eaa deu novos detalhes sob o seu ponto de vista das diverg\u00eancias que viveu em face de sua ent\u00e3o esposa, a apresentadora Ana Hickmann. Em entrevista concedida \u00e0 revista Quem, ele voltou a negar que tenha agredido a comunicadora.De acordo com Alexandre Corr\u00eaa, Ana Hickmann sabe muito\u2026","rel":"","context":"In &quot;Blog&quot;","block_context":{"text":"Blog","link":"https:\/\/noticiasribeiraopreto.com.br\/index.php\/category\/blog\/"},"img":{"alt_text":"","src":"https:\/\/i0.wp.com\/noticiasribeiraopreto.com.br\/wp-content\/uploads\/2023\/11\/postimg-6563be15783323704.jpg?fit=1200%2C628&ssl=1&resize=350%2C200","width":350,"height":200,"srcset":"https:\/\/i0.wp.com\/noticiasribeiraopreto.com.br\/wp-content\/uploads\/2023\/11\/postimg-6563be15783323704.jpg?fit=1200%2C628&ssl=1&resize=350%2C200 1x, https:\/\/i0.wp.com\/noticiasribeiraopreto.com.br\/wp-content\/uploads\/2023\/11\/postimg-6563be15783323704.jpg?fit=1200%2C628&ssl=1&resize=525%2C300 1.5x, https:\/\/i0.wp.com\/noticiasribeiraopreto.com.br\/wp-content\/uploads\/2023\/11\/postimg-6563be15783323704.jpg?fit=1200%2C628&ssl=1&resize=700%2C400 2x, https:\/\/i0.wp.com\/noticiasribeiraopreto.com.br\/wp-content\/uploads\/2023\/11\/postimg-6563be15783323704.jpg?fit=1200%2C628&ssl=1&resize=1050%2C600 3x"},"classes":[]},{"id":37905,"url":"https:\/\/noticiasribeiraopreto.com.br\/index.php\/2024\/02\/19\/ana-hickmann-se-cansa-e-decide-falar-a-verdade-sobre-seu-relacionamento-amoroso-com-edu-guedes-eu-estouver-mais\/","url_meta":{"origin":32562,"position":5},"title":"Ana Hickmann SE CANSA e decide falar a verdade sobre seu RELACIONAMENTO AMOROSO com Edu Guedes: \u201cEu estou\u2026Ver mais","author":"noticiasribeiraopreto.com.br","date":"19 de February de 2024","format":false,"excerpt":"Uma not\u00edcia bomb\u00e1stica sobre a apresentadora Ana Hickmann foi divulgada nesta Segunda-Feira (15) e a artista veio a se pronunciar sobre os rumores de um novo relacionamento. Depois de sair de um casamento conturbado com o seu ex Alexandre Correa, o jornalista Ricardo Feltrin soltou uma exclusiva e revelou que\u2026","rel":"","context":"In &quot;Variedades&quot;","block_context":{"text":"Variedades","link":"https:\/\/noticiasribeiraopreto.com.br\/index.php\/category\/variedades\/"},"img":{"alt_text":"","src":"https:\/\/i0.wp.com\/noticiasribeiraopreto.com.br\/wp-content\/uploads\/2024\/02\/Apresentacao-sem-titulo-1.png?fit=960%2C540&ssl=1&resize=350%2C200","width":350,"height":200,"srcset":"https:\/\/i0.wp.com\/noticiasribeiraopreto.com.br\/wp-content\/uploads\/2024\/02\/Apresentacao-sem-titulo-1.png?fit=960%2C540&ssl=1&resize=350%2C200 1x, https:\/\/i0.wp.com\/noticiasribeiraopreto.com.br\/wp-content\/uploads\/2024\/02\/Apresentacao-sem-titulo-1.png?fit=960%2C540&ssl=1&resize=525%2C300 1.5x, https:\/\/i0.wp.com\/noticiasribeiraopreto.com.br\/wp-content\/uploads\/2024\/02\/Apresentacao-sem-titulo-1.png?fit=960%2C540&ssl=1&resize=700%2C400 2x"},"classes":[]}],"jetpack_sharing_enabled":true,"jetpack_shortlink":"https:\/\/wp.me\/peQAOb-8tc","_links":{"self":[{"href":"https:\/\/noticiasribeiraopreto.com.br\/index.php\/wp-json\/wp\/v2\/posts\/32562","targetHints":{"allow":["GET"]}}],"collection":[{"href":"https:\/\/noticiasribeiraopreto.com.br\/index.php\/wp-json\/wp\/v2\/posts"}],"about":[{"href":"https:\/\/noticiasribeiraopreto.com.br\/index.php\/wp-json\/wp\/v2\/types\/post"}],"author":[{"embeddable":true,"href":"https:\/\/noticiasribeiraopreto.com.br\/index.php\/wp-json\/wp\/v2\/users\/1"}],"replies":[{"embeddable":true,"href":"https:\/\/noticiasribeiraopreto.com.br\/index.php\/wp-json\/wp\/v2\/comments?post=32562"}],"version-history":[{"count":0,"href":"https:\/\/noticiasribeiraopreto.com.br\/index.php\/wp-json\/wp\/v2\/posts\/32562\/revisions"}],"wp:featuredmedia":[{"embeddable":true,"href":"https:\/\/noticiasribeiraopreto.com.br\/index.php\/wp-json\/wp\/v2\/media\/32563"}],"wp:attachment":[{"href":"https:\/\/noticiasribeiraopreto.com.br\/index.php\/wp-json\/wp\/v2\/media?parent=32562"}],"wp:term":[{"taxonomy":"category","embeddable":true,"href":"https:\/\/noticiasribeiraopreto.com.br\/index.php\/wp-json\/wp\/v2\/categories?post=32562"},{"taxonomy":"post_tag","embeddable":true,"href":"https:\/\/noticiasribeiraopreto.com.br\/index.php\/wp-json\/wp\/v2\/tags?post=32562"}],"curies":[{"name":"wp","href":"https:\/\/api.w.org\/{rel}","templated":true}]}}