{"id":32594,"date":"2024-01-25T18:27:42","date_gmt":"2024-01-25T21:27:42","guid":{"rendered":"https:\/\/noticiasribeiraopreto.com.br\/index.php\/2024\/01\/25\/rp-mobi-alerta-sobre-renovacao-de-cartao-de-estudantes\/"},"modified":"2024-01-25T18:27:42","modified_gmt":"2024-01-25T21:27:42","slug":"rp-mobi-alerta-sobre-renovacao-de-cartao-de-estudantes","status":"publish","type":"post","link":"https:\/\/noticiasribeiraopreto.com.br\/index.php\/2024\/01\/25\/rp-mobi-alerta-sobre-renovacao-de-cartao-de-estudantes\/","title":{"rendered":"RP Mobi alerta sobre renova\u00e7\u00e3o de cart\u00e3o de estudantes"},"content":{"rendered":"<div class='code-block code-block-1' style='margin: 8px 0 8px auto; text-align: right; display: block; clear: both;'>\n<p><a href=\"https:\/\/wa.link\/vpicfd\"><img data-recalc-dims=\"1\" class=\"wp-image-4922\" style=\"aspect-ratio: 2.0253164556962027; width: 561px; height: auto;\" src=\"https:\/\/i0.wp.com\/ismaelcolosi.com.br\/wp-content\/uploads\/2023\/11\/grupo-de-empregos-whatsapp-e-facebook-ismael-colosi-vagas.jpg?ssl=1\" alt=\"\" \/><\/a><\/p>\n<!-- \/wp:image -->\n<\/div>\n<p> <br \/>\n<\/p>\n<div id=\"post-371453\">\n<header class=\"entry-header penci-entry-header penci-title-center\">\n<p> <span class=\"entry-meta-item penci-posted-on\"><i class=\"fa fa-clock-o\"\/><time class=\"entry-date published\" datetime=\"2024-01-25T18:00:57-03:00\">25 de janeiro de 2024 | 18:00<\/time><time class=\"updated\" datetime=\"2024-01-25T11:20:35-03:00\">25 de janeiro de 2024 | 11:20<\/time><\/span><\/p>\n<p> <span class=\"penci-social-buttons penci-social-share-footer\"><a href=\"#\" class=\"penci-post-like penci_post-meta_item  single-like-button penci-social-item like\" data-post_id=\"371453\" title=\"Like\" data-like=\"Like\" data-unlike=\"Unlike\"><i class=\"fa fa-thumbs-o-up\"\/><span class=\"penci-share-number\">0<\/span><\/a><i class=\"fa fa-facebook\"\/><a class=\"penci-social-item twitter\" target=\"_blank\" rel=\"noopener\" title=\"\" href=\"https:\/\/twitter.com\/intent\/tweet?text=RP%20Mobi%20alerta%20sobre%20renova\u00e7\u00e3o%20de%20cart\u00e3o%20de%20estudantes%20-%20https:\/\/www.tribunaribeirao.com.br\/site\/rp-mobi-alerta-sobre-renovacao-de-cartao-de-estudantes\/\"><i class=\"fa fa-twitter\"\/><\/a><i class=\"fa fa-whatsapp\"\/><\/span><\/header>\n<div class=\"penci-entry-content entry-content\">\n<p><span class=\"TextRun SCXW256781016 BCX0\" lang=\"PT-BR\" xml:lang=\"PT-BR\" data-contrast=\"auto\"><span class=\"NormalTextRun SCXW256781016 BCX0\">Para evitar transtornos no per\u00edodo de volta \u00e0s aulas em 2024, a RP <\/span><span class=\"NormalTextRun SpellingErrorV2Themed SCXW256781016 BCX0\">Mobi<\/span><span class=\"NormalTextRun SCXW256781016 BCX0\"> alerta estudantes d<\/span><span class=\"NormalTextRun SCXW256781016 BCX0\">e Ribeir\u00e3o Preto <\/span><span class=\"NormalTextRun SCXW256781016 BCX0\">sobre os procedimentos para renova\u00e7\u00e3o e obten\u00e7\u00e3o do cart\u00e3o do transporte coletivo, que podem ser realizados online.<\/span> <span class=\"NormalTextRun SCXW256781016 BCX0\">Na p\u00e1gina, o estudante interessado dever\u00e1 acessar a aba \u201cservi\u00e7os digitais\u201d e informar alguns dados pessoais para iniciar o processo, seguir as orienta\u00e7\u00f5es e anexar <\/span><span class=\"NormalTextRun SCXW256781016 BCX0\">a<\/span><span class=\"NormalTextRun SCXW256781016 BCX0\"> documenta\u00e7\u00e3o necess\u00e1ria para que o \u00f3rg\u00e3o gestor fa\u00e7a a checagem.\u00a0\u00a0\u00a0\u00a0<\/span> <\/span><span class=\"LineBreakBlob BlobObject DragDrop SCXW256781016 BCX0\"><span class=\"SCXW256781016 BCX0\">\u00a0<\/span><br class=\"SCXW256781016 BCX0\"\/><\/span><span class=\"LineBreakBlob BlobObject DragDrop SCXW256781016 BCX0\"><span class=\"SCXW256781016 BCX0\">\u00a0<\/span><br class=\"SCXW256781016 BCX0\"\/><\/span><span class=\"TextRun SCXW256781016 BCX0\" lang=\"PT-BR\" xml:lang=\"PT-BR\" data-contrast=\"auto\"><span class=\"NormalTextRun SCXW256781016 BCX0\">Ap\u00f3s an\u00e1lise da RP <\/span><span class=\"NormalTextRun SpellingErrorV2Themed SCXW256781016 BCX0\">Mobi<\/span><span class=\"NormalTextRun SCXW256781016 BCX0\">, a renova\u00e7\u00e3o ser\u00e1 autom\u00e1tica, sendo os cart\u00f5es atualizados no primeiro uso no validador. J\u00e1 para a obten\u00e7\u00e3o da primeira via do cart\u00e3o, ap\u00f3s a avalia\u00e7\u00e3o dos documentos, o estudante realiza o agendamento para o atendimento presencial na <\/span><span class=\"NormalTextRun SCXW256781016 BCX0\">rua<\/span><span class=\"NormalTextRun SCXW256781016 BCX0\"> S\u00e3o Sebasti\u00e3o n\u00ba 909<\/span><span class=\"NormalTextRun SCXW256781016 BCX0\">, <\/span><span class=\"NormalTextRun SCXW256781016 BCX0\">Centro.<\/span> <span class=\"NormalTextRun SCXW256781016 BCX0\">Os estudantes interessados no servi\u00e7o de obten\u00e7\u00e3o e renova\u00e7\u00e3o do cart\u00e3o dever\u00e3o enviar online<\/span><span class=\"NormalTextRun SCXW256781016 BCX0\"> v\u00e1rios documentos. Mais informa\u00e7\u00f5es no site da <\/span><span class=\"NormalTextRun SCXW256781016 BCX0\">prefeitura<\/span><span class=\"NormalTextRun SCXW256781016 BCX0\"> (<\/span><span class=\"NormalTextRun SCXW256781016 BCX0\">https:\/\/www.ribeiraopreto.sp.gov.br<\/span><span class=\"NormalTextRun SCXW256781016 BCX0\">)<\/span><\/span><span class=\"EOP SCXW256781016 BCX0\" data-ccp-props=\"{&quot;201341983&quot;:0,&quot;335559739&quot;:200,&quot;335559740&quot;:276}\">\u00a0<\/span><\/p>\n<\/div>\n<footer class=\"penci-entry-footer\"\/><\/div>\n<p><script async src=\"\/\/platform.twitter.com\/widgets.js\" charset=\"utf-8\"><\/script><br \/>\n<br \/><br \/>\n<br \/><a href=\"https:\/\/www.tribunaribeirao.com.br\/site\/rp-mobi-alerta-sobre-renovacao-de-cartao-de-estudantes\/\">Source link <\/a><\/p>\n<!-- CONTENT END 1 -->\n","protected":false},"excerpt":{"rendered":"<p>25 de janeiro de 2024 | 18:0025 de janeiro de 2024 | 11:20 0 Para evitar transtornos no per\u00edodo de volta \u00e0s aulas em 2024,&#8230;<\/p>\n","protected":false},"author":1,"featured_media":32595,"comment_status":"open","ping_status":"open","sticky":false,"template":"","format":"standard","meta":{"advanced_seo_description":"","jetpack_seo_html_title":"","jetpack_seo_noindex":false,"jetpack_post_was_ever_published":false,"_jetpack_newsletter_access":"","_jetpack_dont_email_post_to_subs":false,"_jetpack_newsletter_tier_id":0,"_jetpack_memberships_contains_paywalled_content":false,"_jetpack_memberships_contains_paid_content":false,"footnotes":"","jetpack_publicize_message":"","jetpack_publicize_feature_enabled":true,"jetpack_social_post_already_shared":true,"jetpack_social_options":{"image_generator_settings":{"template":"highway","default_image_id":0,"font":"","enabled":false},"version":2}},"categories":[11],"tags":[163,1389,1387,40,3876,468],"class_list":["post-32594","post","type-post","status-publish","format-standard","has-post-thumbnail","hentry","category-noticias-de-ribeirao-preto-sp-e-regiao-ismael-colosi","tag-alerta","tag-cartao","tag-estudantes","tag-mobi","tag-renovacao","tag-sobre"],"jetpack_publicize_connections":[],"jetpack_featured_media_url":"https:\/\/i0.wp.com\/noticiasribeiraopreto.com.br\/wp-content\/uploads\/2024\/01\/estudantes-de-ribeirao-preto-ja-podem-renovar-o-cartao-de-onibus-para2023-071311.jpg?fit=620%2C351&ssl=1","jetpack-related-posts":[{"id":81818,"url":"https:\/\/noticiasribeiraopreto.com.br\/index.php\/2026\/01\/27\/cartao-nosso-estudante-sera-liberado-em-fevereiro\/","url_meta":{"origin":32594,"position":0},"title":"Cart\u00e3o Nosso Estudante ser\u00e1 liberado em fevereiro","author":"noticiasribeiraopreto.com.br","date":"27 de January de 2026","format":false,"excerpt":"\r \r \r 26 de janeiro de 2026 17:17 \r Compartilhar0 Com o in\u00edcio do ano letivo de 2026, a RP Mobi informa que a utiliza\u00e7\u00e3o do Cart\u00e3o Nosso Estudante Gratuito no sistema de transporte coletivo urbano de Ribeir\u00e3o Preto ser\u00e1 liberada de acordo com o calend\u00e1rio escolar de cada\u2026","rel":"","context":"In &quot;Not\u00edcias de Ribeir\u00e3o Preto-SP e Regi\u00e3o&quot;","block_context":{"text":"Not\u00edcias de Ribeir\u00e3o Preto-SP e Regi\u00e3o","link":"https:\/\/noticiasribeiraopreto.com.br\/index.php\/category\/noticias-de-ribeirao-preto-sp-e-regiao-ismael-colosi\/"},"img":{"alt_text":"","src":"https:\/\/i0.wp.com\/noticiasribeiraopreto.com.br\/wp-content\/uploads\/2026\/01\/cartaoestudante_01-scaled.jpg?fit=1171%2C780&ssl=1&resize=350%2C200","width":350,"height":200,"srcset":"https:\/\/i0.wp.com\/noticiasribeiraopreto.com.br\/wp-content\/uploads\/2026\/01\/cartaoestudante_01-scaled.jpg?fit=1171%2C780&ssl=1&resize=350%2C200 1x, https:\/\/i0.wp.com\/noticiasribeiraopreto.com.br\/wp-content\/uploads\/2026\/01\/cartaoestudante_01-scaled.jpg?fit=1171%2C780&ssl=1&resize=525%2C300 1.5x, https:\/\/i0.wp.com\/noticiasribeiraopreto.com.br\/wp-content\/uploads\/2026\/01\/cartaoestudante_01-scaled.jpg?fit=1171%2C780&ssl=1&resize=700%2C400 2x, https:\/\/i0.wp.com\/noticiasribeiraopreto.com.br\/wp-content\/uploads\/2026\/01\/cartaoestudante_01-scaled.jpg?fit=1171%2C780&ssl=1&resize=1050%2C600 3x"},"classes":[]},{"id":60733,"url":"https:\/\/noticiasribeiraopreto.com.br\/index.php\/2024\/11\/23\/estudantes-de-ribeirao-ja-podem-renovar-o-cartao-de-onibus-saiba-como\/","url_meta":{"origin":32594,"position":1},"title":"Estudantes de Ribeir\u00e3o j\u00e1 podem renovar o cart\u00e3o de \u00f4nibus; saiba como","author":"noticiasribeiraopreto.com.br","date":"23 de November de 2024","format":false,"excerpt":"Para evitar contratempos no retorno \u00e0s aulas em 2025, a RP Mobi orienta os estudantes de Ribeir\u00e3o Preto sobre os passos necess\u00e1rios para renovar ou obter a primeira via do cart\u00e3o de transporte coletivo. O processo pode ser realizado de forma pr\u00e1tica e r\u00e1pida online, acessando o site oficial \u2013\u2026","rel":"","context":"In &quot;Not\u00edcias de Ribeir\u00e3o Preto-SP e Regi\u00e3o&quot;","block_context":{"text":"Not\u00edcias de Ribeir\u00e3o Preto-SP e Regi\u00e3o","link":"https:\/\/noticiasribeiraopreto.com.br\/index.php\/category\/noticias-de-ribeirao-preto-sp-e-regiao-ismael-colosi\/"},"img":{"alt_text":"","src":"https:\/\/i0.wp.com\/noticiasribeiraopreto.com.br\/wp-content\/uploads\/2024\/11\/WhatsApp-Image-2024-10-17-at-15.21.39_2024-10-17_21-53-54_jpeg_2024-10-17_21-53-54.webp.webp?fit=1200%2C800&ssl=1&resize=350%2C200","width":350,"height":200,"srcset":"https:\/\/i0.wp.com\/noticiasribeiraopreto.com.br\/wp-content\/uploads\/2024\/11\/WhatsApp-Image-2024-10-17-at-15.21.39_2024-10-17_21-53-54_jpeg_2024-10-17_21-53-54.webp.webp?fit=1200%2C800&ssl=1&resize=350%2C200 1x, https:\/\/i0.wp.com\/noticiasribeiraopreto.com.br\/wp-content\/uploads\/2024\/11\/WhatsApp-Image-2024-10-17-at-15.21.39_2024-10-17_21-53-54_jpeg_2024-10-17_21-53-54.webp.webp?fit=1200%2C800&ssl=1&resize=525%2C300 1.5x, https:\/\/i0.wp.com\/noticiasribeiraopreto.com.br\/wp-content\/uploads\/2024\/11\/WhatsApp-Image-2024-10-17-at-15.21.39_2024-10-17_21-53-54_jpeg_2024-10-17_21-53-54.webp.webp?fit=1200%2C800&ssl=1&resize=700%2C400 2x, https:\/\/i0.wp.com\/noticiasribeiraopreto.com.br\/wp-content\/uploads\/2024\/11\/WhatsApp-Image-2024-10-17-at-15.21.39_2024-10-17_21-53-54_jpeg_2024-10-17_21-53-54.webp.webp?fit=1200%2C800&ssl=1&resize=1050%2C600 3x"},"classes":[]},{"id":10264,"url":"https:\/\/noticiasribeiraopreto.com.br\/index.php\/2023\/12\/04\/estudantes-poderao-renovar-o-cartao-de-onibus-a-partir-desta-segunda-4\/","url_meta":{"origin":32594,"position":2},"title":"Estudantes poder\u00e3o renovar o cart\u00e3o de \u00f4nibus a partir desta segunda (4)","author":"noticiasribeiraopreto.com.br","date":"4 de December de 2023","format":false,"excerpt":"4 de dezembro de 2023 | 8:001 de dezembro de 2023 | 16:49 0Para evitar transtornos no per\u00edodo de volta \u00e0s aulas em 2024, a RP Mobi alerta estudantes do munic\u00edpio, que a partir da pr\u00f3xima segunda-feira, dia 4 de dezembro, o sistema on-line do transporte coletivo urbano, estar\u00e1 totalmente\u2026","rel":"","context":"In &quot;Not\u00edcias de Ribeir\u00e3o Preto-SP e Regi\u00e3o&quot;","block_context":{"text":"Not\u00edcias de Ribeir\u00e3o Preto-SP e Regi\u00e3o","link":"https:\/\/noticiasribeiraopreto.com.br\/index.php\/category\/noticias-de-ribeirao-preto-sp-e-regiao-ismael-colosi\/"},"img":{"alt_text":"","src":"https:\/\/i0.wp.com\/noticiasribeiraopreto.com.br\/wp-content\/uploads\/2023\/12\/onibus-1.jpg?fit=700%2C450&ssl=1&resize=350%2C200","width":350,"height":200,"srcset":"https:\/\/i0.wp.com\/noticiasribeiraopreto.com.br\/wp-content\/uploads\/2023\/12\/onibus-1.jpg?fit=700%2C450&ssl=1&resize=350%2C200 1x, https:\/\/i0.wp.com\/noticiasribeiraopreto.com.br\/wp-content\/uploads\/2023\/12\/onibus-1.jpg?fit=700%2C450&ssl=1&resize=525%2C300 1.5x, https:\/\/i0.wp.com\/noticiasribeiraopreto.com.br\/wp-content\/uploads\/2023\/12\/onibus-1.jpg?fit=700%2C450&ssl=1&resize=700%2C400 2x"},"classes":[]},{"id":80238,"url":"https:\/\/noticiasribeiraopreto.com.br\/index.php\/2025\/11\/18\/estudantes-ja-podem-renovar-carteirinha-de-onibus-para-2026-2\/","url_meta":{"origin":32594,"position":3},"title":"Estudantes ja podem renovar carteirinha de \u00f4nibus para 2026","author":"noticiasribeiraopreto.com.br","date":"18 de November de 2025","format":false,"excerpt":"18 de novembro de 2025 07:5618 de novembro de 2025 12:06 Compartilhar0A RP Mobi iniciou o per\u00edodo de renova\u00e7\u00e3o e emiss\u00e3o do cart\u00e3o de \u00f4nibus para estudantes que utilizar\u00e3o o benef\u00edcio em 2026. Para evitar transtornos na volta \u00e0s aulas, todo o procedimento pode ser feito de forma on-line, no\u2026","rel":"","context":"In &quot;Not\u00edcias de Ribeir\u00e3o Preto-SP e Regi\u00e3o&quot;","block_context":{"text":"Not\u00edcias de Ribeir\u00e3o Preto-SP e Regi\u00e3o","link":"https:\/\/noticiasribeiraopreto.com.br\/index.php\/category\/noticias-de-ribeirao-preto-sp-e-regiao-ismael-colosi\/"},"img":{"alt_text":"","src":"https:\/\/i0.wp.com\/noticiasribeiraopreto.com.br\/wp-content\/uploads\/2025\/11\/1763478721_cartaoestudante_002-scaled.jpeg?fit=1171%2C780&ssl=1&resize=350%2C200","width":350,"height":200,"srcset":"https:\/\/i0.wp.com\/noticiasribeiraopreto.com.br\/wp-content\/uploads\/2025\/11\/1763478721_cartaoestudante_002-scaled.jpeg?fit=1171%2C780&ssl=1&resize=350%2C200 1x, https:\/\/i0.wp.com\/noticiasribeiraopreto.com.br\/wp-content\/uploads\/2025\/11\/1763478721_cartaoestudante_002-scaled.jpeg?fit=1171%2C780&ssl=1&resize=525%2C300 1.5x, https:\/\/i0.wp.com\/noticiasribeiraopreto.com.br\/wp-content\/uploads\/2025\/11\/1763478721_cartaoestudante_002-scaled.jpeg?fit=1171%2C780&ssl=1&resize=700%2C400 2x, https:\/\/i0.wp.com\/noticiasribeiraopreto.com.br\/wp-content\/uploads\/2025\/11\/1763478721_cartaoestudante_002-scaled.jpeg?fit=1171%2C780&ssl=1&resize=1050%2C600 3x"},"classes":[]},{"id":80222,"url":"https:\/\/noticiasribeiraopreto.com.br\/index.php\/2025\/11\/18\/estudantes-ja-podem-renovar-carteirinha-de-onibus-para-2026\/","url_meta":{"origin":32594,"position":4},"title":"Estudantes ja podem renovar carteirinha de \u00f4nibus para 2026","author":"noticiasribeiraopreto.com.br","date":"18 de November de 2025","format":false,"excerpt":"18 de novembro de 2025 07:5618 de novembro de 2025 08:13 Compartilhar0A RP Mobi iniciou o per\u00edodo de renova\u00e7\u00e3o e emiss\u00e3o do cart\u00e3o de \u00f4nibus para estudantes que utilizar\u00e3o o benef\u00edcio em 2026. Para evitar transtornos na volta \u00e0s aulas, todo o procedimento pode ser feito de forma on-line, no\u2026","rel":"","context":"In &quot;Not\u00edcias de Ribeir\u00e3o Preto-SP e Regi\u00e3o&quot;","block_context":{"text":"Not\u00edcias de Ribeir\u00e3o Preto-SP e Regi\u00e3o","link":"https:\/\/noticiasribeiraopreto.com.br\/index.php\/category\/noticias-de-ribeirao-preto-sp-e-regiao-ismael-colosi\/"},"img":{"alt_text":"","src":"https:\/\/i0.wp.com\/noticiasribeiraopreto.com.br\/wp-content\/uploads\/2025\/11\/cartaoestudante_002-scaled.jpeg?fit=1171%2C780&ssl=1&resize=350%2C200","width":350,"height":200,"srcset":"https:\/\/i0.wp.com\/noticiasribeiraopreto.com.br\/wp-content\/uploads\/2025\/11\/cartaoestudante_002-scaled.jpeg?fit=1171%2C780&ssl=1&resize=350%2C200 1x, https:\/\/i0.wp.com\/noticiasribeiraopreto.com.br\/wp-content\/uploads\/2025\/11\/cartaoestudante_002-scaled.jpeg?fit=1171%2C780&ssl=1&resize=525%2C300 1.5x, https:\/\/i0.wp.com\/noticiasribeiraopreto.com.br\/wp-content\/uploads\/2025\/11\/cartaoestudante_002-scaled.jpeg?fit=1171%2C780&ssl=1&resize=700%2C400 2x, https:\/\/i0.wp.com\/noticiasribeiraopreto.com.br\/wp-content\/uploads\/2025\/11\/cartaoestudante_002-scaled.jpeg?fit=1171%2C780&ssl=1&resize=1050%2C600 3x"},"classes":[]},{"id":32890,"url":"https:\/\/noticiasribeiraopreto.com.br\/index.php\/2024\/01\/26\/mobi-realiza-ate-dia-31-vistoria-dos-veiculos-de-fretamento\/","url_meta":{"origin":32594,"position":5},"title":"Mobi realiza at\u00e9 dia 31 vistoria dos ve\u00edculos de fretamento","author":"noticiasribeiraopreto.com.br","date":"26 de January de 2024","format":false,"excerpt":"26 de janeiro de 2024 | 17:0026 de janeiro de 2024 | 11:03 0A RP Mobi (Empresa de Mobilidade Urbana de Ribeir\u00e3o Preto) iniciou nesta semana, a vistoria dos ve\u00edculos do servi\u00e7o de fretamento (vans e \u00f4nibus). Os transportes considerados regulares ganham o selo de verifica\u00e7\u00e3o de 2024, v\u00e1lido por\u2026","rel":"","context":"In &quot;Not\u00edcias de Ribeir\u00e3o Preto-SP e Regi\u00e3o&quot;","block_context":{"text":"Not\u00edcias de Ribeir\u00e3o Preto-SP e Regi\u00e3o","link":"https:\/\/noticiasribeiraopreto.com.br\/index.php\/category\/noticias-de-ribeirao-preto-sp-e-regiao-ismael-colosi\/"},"img":{"alt_text":"","src":"https:\/\/i0.wp.com\/noticiasribeiraopreto.com.br\/wp-content\/uploads\/2024\/01\/selo_fretamento2024_rpmobi_1-scaled.jpeg?fit=860%2C645&ssl=1&resize=350%2C200","width":350,"height":200,"srcset":"https:\/\/i0.wp.com\/noticiasribeiraopreto.com.br\/wp-content\/uploads\/2024\/01\/selo_fretamento2024_rpmobi_1-scaled.jpeg?fit=860%2C645&ssl=1&resize=350%2C200 1x, https:\/\/i0.wp.com\/noticiasribeiraopreto.com.br\/wp-content\/uploads\/2024\/01\/selo_fretamento2024_rpmobi_1-scaled.jpeg?fit=860%2C645&ssl=1&resize=525%2C300 1.5x, https:\/\/i0.wp.com\/noticiasribeiraopreto.com.br\/wp-content\/uploads\/2024\/01\/selo_fretamento2024_rpmobi_1-scaled.jpeg?fit=860%2C645&ssl=1&resize=700%2C400 2x"},"classes":[]}],"jetpack_sharing_enabled":true,"jetpack_shortlink":"https:\/\/wp.me\/peQAOb-8tI","_links":{"self":[{"href":"https:\/\/noticiasribeiraopreto.com.br\/index.php\/wp-json\/wp\/v2\/posts\/32594","targetHints":{"allow":["GET"]}}],"collection":[{"href":"https:\/\/noticiasribeiraopreto.com.br\/index.php\/wp-json\/wp\/v2\/posts"}],"about":[{"href":"https:\/\/noticiasribeiraopreto.com.br\/index.php\/wp-json\/wp\/v2\/types\/post"}],"author":[{"embeddable":true,"href":"https:\/\/noticiasribeiraopreto.com.br\/index.php\/wp-json\/wp\/v2\/users\/1"}],"replies":[{"embeddable":true,"href":"https:\/\/noticiasribeiraopreto.com.br\/index.php\/wp-json\/wp\/v2\/comments?post=32594"}],"version-history":[{"count":0,"href":"https:\/\/noticiasribeiraopreto.com.br\/index.php\/wp-json\/wp\/v2\/posts\/32594\/revisions"}],"wp:featuredmedia":[{"embeddable":true,"href":"https:\/\/noticiasribeiraopreto.com.br\/index.php\/wp-json\/wp\/v2\/media\/32595"}],"wp:attachment":[{"href":"https:\/\/noticiasribeiraopreto.com.br\/index.php\/wp-json\/wp\/v2\/media?parent=32594"}],"wp:term":[{"taxonomy":"category","embeddable":true,"href":"https:\/\/noticiasribeiraopreto.com.br\/index.php\/wp-json\/wp\/v2\/categories?post=32594"},{"taxonomy":"post_tag","embeddable":true,"href":"https:\/\/noticiasribeiraopreto.com.br\/index.php\/wp-json\/wp\/v2\/tags?post=32594"}],"curies":[{"name":"wp","href":"https:\/\/api.w.org\/{rel}","templated":true}]}}