{"id":32598,"date":"2024-01-25T18:40:23","date_gmt":"2024-01-25T21:40:23","guid":{"rendered":"https:\/\/noticiasribeiraopreto.com.br\/index.php\/2024\/01\/25\/vale-samarco-e-bhp-sao-condenadas-a-pagar-r-476-bilhoes-em-indenizacao-por-tragedia-de-mariana-vale3-recua-na-bolsa\/"},"modified":"2024-01-25T18:40:23","modified_gmt":"2024-01-25T21:40:23","slug":"vale-samarco-e-bhp-sao-condenadas-a-pagar-r-476-bilhoes-em-indenizacao-por-tragedia-de-mariana-vale3-recua-na-bolsa","status":"publish","type":"post","link":"https:\/\/noticiasribeiraopreto.com.br\/index.php\/2024\/01\/25\/vale-samarco-e-bhp-sao-condenadas-a-pagar-r-476-bilhoes-em-indenizacao-por-tragedia-de-mariana-vale3-recua-na-bolsa\/","title":{"rendered":"Vale, Samarco e BHP s\u00e3o condenadas a pagar R$ 47,6 bilh\u00f5es em indeniza\u00e7\u00e3o por trag\u00e9dia de Mariana; VALE3 recua na bolsa"},"content":{"rendered":"<div class='code-block code-block-1' style='margin: 8px 0 8px auto; text-align: right; display: block; clear: both;'>\n<p><a href=\"https:\/\/wa.link\/vpicfd\"><img data-recalc-dims=\"1\" class=\"wp-image-4922\" style=\"aspect-ratio: 2.0253164556962027; width: 561px; height: auto;\" src=\"https:\/\/i0.wp.com\/ismaelcolosi.com.br\/wp-content\/uploads\/2023\/11\/grupo-de-empregos-whatsapp-e-facebook-ismael-colosi-vagas.jpg?ssl=1\" alt=\"\" \/><\/a><\/p>\n<!-- \/wp:image -->\n<\/div>\n<p> <br \/>\n<\/p>\n<div id=\"js-first-letter\">\n<p>A Justi\u00e7a Federal de Minas Gerais condenou a <strong>Vale (VALE3)<\/strong>, a <strong>Samarco <\/strong>e a <strong>BHP <\/strong>a pagarem uma <strong>indeniza\u00e7\u00e3o de R$ 47,6 bilh\u00f5es<\/strong> por danos morais coletivos, &#8220;em raz\u00e3o da viola\u00e7\u00e3o de direitos humanos das comunidades atingidas&#8221; pelo rompimento da barragem de Fund\u00e3o, no munic\u00edpio mineiro de Mariana, em 5 de novembro de 2015.<\/p>\n<p>A barragem era operada pela Samarco, uma joint-venture controlada pela Vale e a mineradora anglo-australiana BHP Billiton. O desastre, considerado a maior trag\u00e9dia ambiental da hist\u00f3ria do pa\u00eds, matou 19 pessoas e despejou 62 milh\u00f5es de metros c\u00fabicos de lama, contaminando a bacia hidrogr\u00e1fica do Rio Doce.<\/p>\n<p>Em sua decis\u00e3o, o juiz federal substituto Vinicius Cobucci, da 4\u00aa Vara Federal C\u00edvel e Agr\u00e1ria de Belo Horizonte, determinou que a indeniza\u00e7\u00e3o bilion\u00e1ria dever\u00e1 ser corrigida desde a data do rompimento da barragem, h\u00e1 nove anos, o que significa que o valor poder\u00e1 ser bem maior. Ainda cabe recurso da decis\u00e3o.<\/p>\n<p>&#8220;O valor foi fixado tomando como par\u00e2metro o valor dos gastos j\u00e1 admitidos pelas sociedades em a\u00e7\u00f5es de repara\u00e7\u00e3o e compensa\u00e7\u00e3o. O STJ e STF t\u00eam julgados em que a equival\u00eancia do dano material causado serviu como par\u00e2metro para a indeniza\u00e7\u00e3o do dano moral coletivo&#8221;, esclareceu o magistrado em sua decis\u00e3o.<\/p>\n<p>As a\u00e7\u00f5es da Vale (VALE3) j\u00e1 operavam em queda na bolsa nesta quinta-feira (25), mas aprofundaram as perdas ap\u00f3s a decis\u00e3o ter se tornado p\u00fablica. Os pap\u00e9is fecharam em baixa de 2,20%, depois de terem chegado a cair mais de 3%. <a href=\"https:\/\/www.seudinheiro.com\/2024\/bolsa-dolar\/bolsa-dolar-ibovespa-hoje-250124-rsgp-lils-lvit-miql\/\" target=\"_blank\" rel=\"noreferrer noopener\">Acompanhe nossa cobertura completa de mercados<\/a>.<\/p>\n<h2 class=\"wp-block-heading\" id=\"h-quem-tera-direito-a-indenizacao\">Quem ter\u00e1 direito \u00e0 indeniza\u00e7\u00e3o<\/h2>\n<p>O valor da indeniza\u00e7\u00e3o ser\u00e1 destinado a um fundo previsto por lei e administrado pelo governo federal. A verba dever\u00e1, ent\u00e3o, ser empregada em projetos e iniciativas, conforme regulamento do fundo, exclusivamente nas \u00e1reas impactadas pelo rompimento da barragem de Mariana.<\/p>\n<p>Estas incluem os munic\u00edpios inclu\u00eddos no Termo de Transa\u00e7\u00e3o e Ajustamento de Conduta (TTAC) firmado entre a Uni\u00e3o, os estados de Minas Gerais e Esp\u00edrito Santo, suas autarquias e as tr\u00eas empresas; al\u00e9m de localidades reconhecidas por decis\u00e3o judicial em casos espec\u00edficos.<\/p>\n<p>A decis\u00e3o da Justi\u00e7a Federal mineira se deu em resposta a uma a\u00e7\u00e3o do Minist\u00e9rio P\u00fablico Federal e outras entidades de outubro do ano passado, pedindo o julgamento antecipado do m\u00e9rito de parte das a\u00e7\u00f5es civis p\u00fablicas que visam \u00e0 repara\u00e7\u00e3o dos danos ambientais e socioecon\u00f4micos causados pelo desastre.<\/p>\n<p>O juiz Vinicius Cobucci acatou o pedido apenas parcialmente, tendo negado o pedido de indeniza\u00e7\u00e3o pelos danos individuais homog\u00eaneos (de cada v\u00edtima individualmente). O magistrado alegou quest\u00f5es t\u00e9cnicas.<\/p>\n<p>&#8220;O pedido n\u00e3o trouxe elementos m\u00ednimos para identificar as categorias dos atingidos e quais danos estas categorias sofreram. Novo pedido poder\u00e1 ser apreciado, se atender aos requisitos m\u00ednimos legais&#8221;, esclareceu, na decis\u00e3o.<\/p>\n<h2 class=\"wp-block-heading\" id=\"h-o-que-diz-a-vale-vale3\">O que diz a Vale (VALE3)<\/h2>\n<p>A Vale emitiu, no fim da tarde de hoje, um comunicado ao mercado esclarecendo que ainda n\u00e3o tinha sido notificada da decis\u00e3o judicial noticiada. &#8220;A companhia se manifestar\u00e1 oportunamente no processo sobre a decis\u00e3o, contra a qual cabe recurso&#8221;, diz o texto.<\/p>\n<p>Al\u00e9m disso, a mineradora refor\u00e7ou o compromisso em &#8220;apoiar a repara\u00e7\u00e3o integral dos danos causados pelo rompimento&#8221; e que, em cumprimento ao TTAC, mant\u00e9m os aportes feitos \u00e0 Funda\u00e7\u00e3o Renova, entidade criada para &#8220;gerenciar e implementar as medidas de repara\u00e7\u00e3o e compensa\u00e7\u00e3o ambiental e socioecon\u00f4mica.&#8221;<\/p>\n<p>&#8220;At\u00e9 dezembro de 2023, foram destinados R$ 34,7 bilh\u00f5es \u00e0s a\u00e7\u00f5es de repara\u00e7\u00e3o e compensa\u00e7\u00e3o a cargo da Renova. Desse valor, R$ 14,4 bilh\u00f5es foram para o pagamento de indeniza\u00e7\u00f5es individuais e R$ 2,7 bilh\u00f5es em Aux\u00edlios Financeiros Emergenciais, totalizando R$ 17,1 bilh\u00f5es que beneficiaram pelo menos 438 mil pessoas&#8221;, diz o comunicado da Vale.<\/p>\n<\/div>\n<p><br \/>\n<br \/><a href=\"https:\/\/www.seudinheiro.com\/2024\/empresas\/vale-samarco-e-bhp-sao-condenadas-a-pagar-r-476-bilhoes-em-indenizacao-por-tragedia-de-mariana-vale3-cai-forte-na-bolsa-julw\/\">Source link <\/a><\/p>\n<!-- CONTENT END 1 -->\n","protected":false},"excerpt":{"rendered":"<p>A Justi\u00e7a Federal de Minas Gerais condenou a Vale (VALE3), a Samarco e a BHP a pagarem uma indeniza\u00e7\u00e3o de R$ 47,6 bilh\u00f5es por danos&#8230;<\/p>\n","protected":false},"author":1,"featured_media":32599,"comment_status":"open","ping_status":"open","sticky":false,"template":"","format":"standard","meta":{"advanced_seo_description":"","jetpack_seo_html_title":"","jetpack_seo_noindex":false,"jetpack_post_was_ever_published":false,"_jetpack_newsletter_access":"","_jetpack_dont_email_post_to_subs":false,"_jetpack_newsletter_tier_id":0,"_jetpack_memberships_contains_paywalled_content":false,"_jetpack_memberships_contains_paid_content":false,"footnotes":"","jetpack_publicize_message":"","jetpack_publicize_feature_enabled":true,"jetpack_social_post_already_shared":true,"jetpack_social_options":{"image_generator_settings":{"template":"highway","default_image_id":0,"font":"","enabled":false},"version":2}},"categories":[1235],"tags":[],"class_list":["post-32598","post","type-post","status-publish","format-standard","has-post-thumbnail","hentry","category-dinheiro-e-investimento-como-fazer-como-ganhar"],"jetpack_publicize_connections":[],"jetpack_featured_media_url":"https:\/\/i0.wp.com\/noticiasribeiraopreto.com.br\/wp-content\/uploads\/2024\/01\/Bento-Rodrigues-Mariana-Samarco-Vale-715x402.jpg?fit=715%2C402&ssl=1","jetpack-related-posts":[{"id":32994,"url":"https:\/\/noticiasribeiraopreto.com.br\/index.php\/2024\/01\/27\/veja-o-que-fazer-com-os-papeis-da-vale-vale3-apos-pressao-de-lula-e-multa-bilionaria\/","url_meta":{"origin":32598,"position":0},"title":"Veja o que fazer com os pap\u00e9is da Vale (VALE3) ap\u00f3s press\u00e3o de Lula e multa bilion\u00e1ria","author":"noticiasribeiraopreto.com.br","date":"27 de January de 2024","format":false,"excerpt":"A a\u00e7\u00e3o da Vale (VALE3) n\u00e3o vive um bom 2024 at\u00e9 o momento. A empresa, que j\u00e1 vinha pressionada por conta do mercado chin\u00eas, sofreu mais um baque ap\u00f3s os rumores de que Lula gostaria que Guido Mantega assumisse a presid\u00eancia ou algum cargo relevante no board da maior mineradora\u2026","rel":"","context":"In &quot;Dinheiro e Investimento&quot;","block_context":{"text":"Dinheiro e Investimento","link":"https:\/\/noticiasribeiraopreto.com.br\/index.php\/category\/dinheiro-e-investimento-como-fazer-como-ganhar\/"},"img":{"alt_text":"","src":"https:\/\/i0.wp.com\/noticiasribeiraopreto.com.br\/wp-content\/uploads\/2024\/01\/1706353610_vale-vale3-acao-varejo-CAPA-SD-715x402.jpg?fit=715%2C402&ssl=1&resize=350%2C200","width":350,"height":200,"srcset":"https:\/\/i0.wp.com\/noticiasribeiraopreto.com.br\/wp-content\/uploads\/2024\/01\/1706353610_vale-vale3-acao-varejo-CAPA-SD-715x402.jpg?fit=715%2C402&ssl=1&resize=350%2C200 1x, https:\/\/i0.wp.com\/noticiasribeiraopreto.com.br\/wp-content\/uploads\/2024\/01\/1706353610_vale-vale3-acao-varejo-CAPA-SD-715x402.jpg?fit=715%2C402&ssl=1&resize=525%2C300 1.5x, https:\/\/i0.wp.com\/noticiasribeiraopreto.com.br\/wp-content\/uploads\/2024\/01\/1706353610_vale-vale3-acao-varejo-CAPA-SD-715x402.jpg?fit=715%2C402&ssl=1&resize=700%2C400 2x"},"classes":[]},{"id":19115,"url":"https:\/\/noticiasribeiraopreto.com.br\/index.php\/2023\/12\/21\/ainda-vale-a-pena-ter-vale-vale3-na-carteira-o-safra-responde\/","url_meta":{"origin":32598,"position":1},"title":"Ainda vale a pena ter Vale (VALE3) na carteira? O Safra responde","author":"noticiasribeiraopreto.com.br","date":"21 de December de 2023","format":false,"excerpt":"Esse ano n\u00e3o foi f\u00e1cil para a Vale (VALE3): as a\u00e7\u00f5es da mineradora devem encerrar 2023 amargando perdas \u2014 at\u00e9 agora, a baixa acumulada passa de mais de 6%. E se voc\u00ea \u00e9 um dos investidores que se pergunta se ainda vale a pena ter o papel dessa gigante da\u2026","rel":"","context":"In &quot;Dinheiro e Investimento&quot;","block_context":{"text":"Dinheiro e Investimento","link":"https:\/\/noticiasribeiraopreto.com.br\/index.php\/category\/dinheiro-e-investimento-como-fazer-como-ganhar\/"},"img":{"alt_text":"","src":"https:\/\/i0.wp.com\/noticiasribeiraopreto.com.br\/wp-content\/uploads\/2023\/12\/vale-vale3-compra-ou-venda-628x353.jpg?fit=628%2C353&ssl=1&resize=350%2C200","width":350,"height":200,"srcset":"https:\/\/i0.wp.com\/noticiasribeiraopreto.com.br\/wp-content\/uploads\/2023\/12\/vale-vale3-compra-ou-venda-628x353.jpg?fit=628%2C353&ssl=1&resize=350%2C200 1x, https:\/\/i0.wp.com\/noticiasribeiraopreto.com.br\/wp-content\/uploads\/2023\/12\/vale-vale3-compra-ou-venda-628x353.jpg?fit=628%2C353&ssl=1&resize=525%2C300 1.5x"},"classes":[]},{"id":9142,"url":"https:\/\/noticiasribeiraopreto.com.br\/index.php\/2023\/12\/01\/dividendos-da-vale-por-que-analista-tirou-vale-vale3-de-carteira-apos-pagamento-de-r-10-bilhoes-aos-acionistas\/","url_meta":{"origin":32598,"position":2},"title":"Dividendos da Vale: por que analista tirou Vale (VALE3) de carteira ap\u00f3s pagamento de R$ 10 bilh\u00f5es aos acionistas?","author":"noticiasribeiraopreto.com.br","date":"1 de December de 2023","format":false,"excerpt":"O analista Ruy Hungria, especialista em dividendos da Empiricus, ousou e fez uma recomenda\u00e7\u00e3o de investimento que, a princ\u00edpio, parece controversa: retirou a a\u00e7\u00e3o da Vale de sua carteira mensal de dividendos para dezembro, exatamente no dia em que VALE3 paga dividendos estratosf\u00e9ricos de R$ 10 bilh\u00f5es aos acionistas. E\u2026","rel":"","context":"In &quot;Dinheiro e Investimento&quot;","block_context":{"text":"Dinheiro e Investimento","link":"https:\/\/noticiasribeiraopreto.com.br\/index.php\/category\/dinheiro-e-investimento-como-fazer-como-ganhar\/"},"img":{"alt_text":"","src":"https:\/\/i0.wp.com\/noticiasribeiraopreto.com.br\/wp-content\/uploads\/2023\/12\/vale-vale3-acao-varejo-CAPA-SD-715x402.jpg?fit=715%2C402&ssl=1&resize=350%2C200","width":350,"height":200,"srcset":"https:\/\/i0.wp.com\/noticiasribeiraopreto.com.br\/wp-content\/uploads\/2023\/12\/vale-vale3-acao-varejo-CAPA-SD-715x402.jpg?fit=715%2C402&ssl=1&resize=350%2C200 1x, https:\/\/i0.wp.com\/noticiasribeiraopreto.com.br\/wp-content\/uploads\/2023\/12\/vale-vale3-acao-varejo-CAPA-SD-715x402.jpg?fit=715%2C402&ssl=1&resize=525%2C300 1.5x, https:\/\/i0.wp.com\/noticiasribeiraopreto.com.br\/wp-content\/uploads\/2023\/12\/vale-vale3-acao-varejo-CAPA-SD-715x402.jpg?fit=715%2C402&ssl=1&resize=700%2C400 2x"},"classes":[]},{"id":26725,"url":"https:\/\/noticiasribeiraopreto.com.br\/index.php\/2024\/01\/10\/vale-vale3-em-dia-de-queda-das-acoes-itau-bba-revisa-projecoes-e-traz-uma-boa-e-uma-ma-noticia\/","url_meta":{"origin":32598,"position":3},"title":"Vale (VALE3): Em dia de queda das a\u00e7\u00f5es, Ita\u00fa BBA revisa proje\u00e7\u00f5es e traz uma boa e uma m\u00e1 not\u00edcia","author":"noticiasribeiraopreto.com.br","date":"10 de January de 2024","format":false,"excerpt":"Enquanto raios de sol iluminam a cidade de S\u00e3o Paulo nesta quarta-feira (10), os investidores vivenciam um dia para l\u00e1 de carregado no mercado financeiro brasileiro \u2014 e nem mesmo os acionistas da Vale (VALE3) foram capazes de escapar da sombra que paira sobre as a\u00e7\u00f5es no preg\u00e3o de hoje.\u2026","rel":"","context":"In &quot;Dinheiro e Investimento&quot;","block_context":{"text":"Dinheiro e Investimento","link":"https:\/\/noticiasribeiraopreto.com.br\/index.php\/category\/dinheiro-e-investimento-como-fazer-como-ganhar\/"},"img":{"alt_text":"","src":"https:\/\/i0.wp.com\/noticiasribeiraopreto.com.br\/wp-content\/uploads\/2024\/01\/vale-vale3-acao-varejo-CAPA-SD-715x402.jpg?fit=715%2C402&ssl=1&resize=350%2C200","width":350,"height":200,"srcset":"https:\/\/i0.wp.com\/noticiasribeiraopreto.com.br\/wp-content\/uploads\/2024\/01\/vale-vale3-acao-varejo-CAPA-SD-715x402.jpg?fit=715%2C402&ssl=1&resize=350%2C200 1x, https:\/\/i0.wp.com\/noticiasribeiraopreto.com.br\/wp-content\/uploads\/2024\/01\/vale-vale3-acao-varejo-CAPA-SD-715x402.jpg?fit=715%2C402&ssl=1&resize=525%2C300 1.5x, https:\/\/i0.wp.com\/noticiasribeiraopreto.com.br\/wp-content\/uploads\/2024\/01\/vale-vale3-acao-varejo-CAPA-SD-715x402.jpg?fit=715%2C402&ssl=1&resize=700%2C400 2x"},"classes":[]},{"id":37546,"url":"https:\/\/noticiasribeiraopreto.com.br\/index.php\/2024\/02\/16\/conselho-da-vale-esta-dividido-sobre-futuro-da-lideranca\/","url_meta":{"origin":32598,"position":4},"title":"Conselho da Vale est\u00e1 dividido sobre futuro da lideran\u00e7a","author":"noticiasribeiraopreto.com.br","date":"16 de February de 2024","format":false,"excerpt":"Linkedin\/Reprodu\u00e7\u00e3oEduardo Bartolomeo, o atual CEO da Vale Uma reuni\u00e3o do conselho da Vale nesta quinta-feira (15) terminou em um impasse, com os membros divididos sobre renovar ou n\u00e3o o mandato de CEO de Eduardo Bartolomeo, ap\u00f3s o governo ter demonstrado insatisfa\u00e7\u00e3o com os rumos da mineradora e ter dado sinais\u2026","rel":"","context":"In &quot;Blog&quot;","block_context":{"text":"Blog","link":"https:\/\/noticiasribeiraopreto.com.br\/index.php\/category\/blog\/"},"img":{"alt_text":"","src":"https:\/\/i0.wp.com\/noticiasribeiraopreto.com.br\/wp-content\/uploads\/2024\/02\/Carreira_Eduardo-Bartolomeo_Ceo-Vale-1024x683.jpg?fit=1024%2C683&ssl=1&resize=350%2C200","width":350,"height":200,"srcset":"https:\/\/i0.wp.com\/noticiasribeiraopreto.com.br\/wp-content\/uploads\/2024\/02\/Carreira_Eduardo-Bartolomeo_Ceo-Vale-1024x683.jpg?fit=1024%2C683&ssl=1&resize=350%2C200 1x, https:\/\/i0.wp.com\/noticiasribeiraopreto.com.br\/wp-content\/uploads\/2024\/02\/Carreira_Eduardo-Bartolomeo_Ceo-Vale-1024x683.jpg?fit=1024%2C683&ssl=1&resize=525%2C300 1.5x, https:\/\/i0.wp.com\/noticiasribeiraopreto.com.br\/wp-content\/uploads\/2024\/02\/Carreira_Eduardo-Bartolomeo_Ceo-Vale-1024x683.jpg?fit=1024%2C683&ssl=1&resize=700%2C400 2x"},"classes":[]},{"id":37555,"url":"https:\/\/noticiasribeiraopreto.com.br\/index.php\/2024\/02\/16\/conselho-da-vale-esta-dividido-sobre-futuro-da-lideranca-2\/","url_meta":{"origin":32598,"position":5},"title":"Conselho da Vale est\u00e1 dividido sobre futuro da lideran\u00e7a","author":"noticiasribeiraopreto.com.br","date":"16 de February de 2024","format":false,"excerpt":"Linkedin\/Reprodu\u00e7\u00e3oEduardo Bartolomeo, o atual CEO da Vale Uma reuni\u00e3o do conselho da Vale nesta quinta-feira (15) terminou em um impasse, com os membros divididos sobre renovar ou n\u00e3o o mandato de CEO de Eduardo Bartolomeo, ap\u00f3s o governo ter demonstrado insatisfa\u00e7\u00e3o com os rumos da mineradora e ter dado sinais\u2026","rel":"","context":"In &quot;Blog&quot;","block_context":{"text":"Blog","link":"https:\/\/noticiasribeiraopreto.com.br\/index.php\/category\/blog\/"},"img":{"alt_text":"","src":"https:\/\/i0.wp.com\/noticiasribeiraopreto.com.br\/wp-content\/uploads\/2024\/02\/1708120003_Carreira_Eduardo-Bartolomeo_Ceo-Vale-1024x683.jpg?fit=1024%2C683&ssl=1&resize=350%2C200","width":350,"height":200,"srcset":"https:\/\/i0.wp.com\/noticiasribeiraopreto.com.br\/wp-content\/uploads\/2024\/02\/1708120003_Carreira_Eduardo-Bartolomeo_Ceo-Vale-1024x683.jpg?fit=1024%2C683&ssl=1&resize=350%2C200 1x, https:\/\/i0.wp.com\/noticiasribeiraopreto.com.br\/wp-content\/uploads\/2024\/02\/1708120003_Carreira_Eduardo-Bartolomeo_Ceo-Vale-1024x683.jpg?fit=1024%2C683&ssl=1&resize=525%2C300 1.5x, https:\/\/i0.wp.com\/noticiasribeiraopreto.com.br\/wp-content\/uploads\/2024\/02\/1708120003_Carreira_Eduardo-Bartolomeo_Ceo-Vale-1024x683.jpg?fit=1024%2C683&ssl=1&resize=700%2C400 2x"},"classes":[]}],"jetpack_sharing_enabled":true,"jetpack_shortlink":"https:\/\/wp.me\/peQAOb-8tM","_links":{"self":[{"href":"https:\/\/noticiasribeiraopreto.com.br\/index.php\/wp-json\/wp\/v2\/posts\/32598","targetHints":{"allow":["GET"]}}],"collection":[{"href":"https:\/\/noticiasribeiraopreto.com.br\/index.php\/wp-json\/wp\/v2\/posts"}],"about":[{"href":"https:\/\/noticiasribeiraopreto.com.br\/index.php\/wp-json\/wp\/v2\/types\/post"}],"author":[{"embeddable":true,"href":"https:\/\/noticiasribeiraopreto.com.br\/index.php\/wp-json\/wp\/v2\/users\/1"}],"replies":[{"embeddable":true,"href":"https:\/\/noticiasribeiraopreto.com.br\/index.php\/wp-json\/wp\/v2\/comments?post=32598"}],"version-history":[{"count":0,"href":"https:\/\/noticiasribeiraopreto.com.br\/index.php\/wp-json\/wp\/v2\/posts\/32598\/revisions"}],"wp:featuredmedia":[{"embeddable":true,"href":"https:\/\/noticiasribeiraopreto.com.br\/index.php\/wp-json\/wp\/v2\/media\/32599"}],"wp:attachment":[{"href":"https:\/\/noticiasribeiraopreto.com.br\/index.php\/wp-json\/wp\/v2\/media?parent=32598"}],"wp:term":[{"taxonomy":"category","embeddable":true,"href":"https:\/\/noticiasribeiraopreto.com.br\/index.php\/wp-json\/wp\/v2\/categories?post=32598"},{"taxonomy":"post_tag","embeddable":true,"href":"https:\/\/noticiasribeiraopreto.com.br\/index.php\/wp-json\/wp\/v2\/tags?post=32598"}],"curies":[{"name":"wp","href":"https:\/\/api.w.org\/{rel}","templated":true}]}}