{"id":32637,"date":"2024-01-25T20:55:33","date_gmt":"2024-01-25T23:55:33","guid":{"rendered":"https:\/\/noticiasribeiraopreto.com.br\/index.php\/2024\/01\/25\/vaga-para-auxiliar-administrativo-em-ribeirao-preto-sp\/"},"modified":"2024-01-25T20:55:33","modified_gmt":"2024-01-25T23:55:33","slug":"vaga-para-auxiliar-administrativo-em-ribeirao-preto-sp","status":"publish","type":"post","link":"https:\/\/noticiasribeiraopreto.com.br\/index.php\/2024\/01\/25\/vaga-para-auxiliar-administrativo-em-ribeirao-preto-sp\/","title":{"rendered":"Vaga para Auxiliar Administrativo em Ribeir\u00e3o Preto &#8211; SP"},"content":{"rendered":"<div class=\"box\"><span class=\"marker\"><\/span><a href=\"https:\/\/eventosrh.selecty.com.br\/vaga\/1816\/vaga-para-auxiliar-administrativo-em-ribeirao-preto-sp\"><span>Vaga para <strong>Auxiliar Administrativo<\/strong> em Ribeir\u00e3o Preto &#8211; SP<\/span><\/a><\/div>\n<div class=\"box\"><span class=\"marker\"><\/span><a href=\"https:\/\/eventosrh.selecty.com.br\/vaga\/1812\/vaga-para-analista-tributario-em-ribeirao-preto\"><span>Vaga para <strong>Analista Tribut\u00e1rio<\/strong> em Ribeir\u00e3o Preto<\/span><\/a><\/div>\n<div class=\"box\"><span class=\"marker\"><\/span><a href=\"https:\/\/eventosrh.selecty.com.br\/vaga\/1815\/vaga-para-auxiliar-de-controlador-de-pragas-em-ribeirao-preto-sp\"><span>Vaga para <strong>Auxiliar de Controlador de Pragas<\/strong> em Ribeir\u00e3o Preto &#8211; SP<\/span><\/a><\/div>\n<div class=\"box\"><span class=\"marker\"><\/span><a href=\"https:\/\/eventosrh.selecty.com.br\/vaga\/1813\/vaga-para-vendedora-online-em-ribeirao-preto\"><span>Vaga para <strong>Vendedora Online<\/strong> em Ribeir\u00e3o Preto<\/span><\/a><\/div>\n<div class=\"box\"><span class=\"marker\"><\/span><a href=\"https:\/\/eventosrh.selecty.com.br\/vaga\/1814\/vaga-para-auxiliar-de-producao-em-ribeirao-preto-sp\"><span>Vaga para <strong>Auxiliar de Produ\u00e7\u00e3o<\/strong> em Ribeir\u00e3o Preto &#8211; SP<\/span><\/a><\/div>\n<div class=\"box\"><span class=\"marker\"><\/span><a href=\"https:\/\/eventosrh.selecty.com.br\/vaga\/1811\/vaga-para-estagiario-em-eletroeletronica-em-ribeirao-preto\"><span>Vaga para <strong>Estagi\u00e1rio em Eletroeletr\u00f4nica<\/strong> em Ribeir\u00e3o Preto<\/span><\/a><\/div>\n<div class=\"box\"><span class=\"marker\"><\/span><a href=\"https:\/\/eventosrh.selecty.com.br\/vaga\/1810\/vaga-para-operador-de-montagem-i-em-monte-alto-sp\"><span>Vaga para <strong>Operador de Montagem I<\/strong> em Monte Alto &#8211; SP<\/span><\/a><\/div>\n<!-- CONTENT END 1 -->\n","protected":false},"excerpt":{"rendered":"<p>Vaga para Auxiliar Administrativo em Ribeir\u00e3o Preto &#8211; SP Vaga para Analista Tribut\u00e1rio em Ribeir\u00e3o Preto Vaga para Auxiliar de Controlador de Pragas em Ribeir\u00e3o&#8230;<\/p>\n","protected":false},"author":1,"featured_media":32638,"comment_status":"open","ping_status":"open","sticky":false,"template":"","format":"standard","meta":{"advanced_seo_description":"","jetpack_seo_html_title":"","jetpack_seo_noindex":false,"jetpack_post_was_ever_published":false,"_jetpack_newsletter_access":"","_jetpack_dont_email_post_to_subs":false,"_jetpack_newsletter_tier_id":0,"_jetpack_memberships_contains_paywalled_content":false,"_jetpack_memberships_contains_paid_content":false,"footnotes":"","jetpack_publicize_message":"","jetpack_publicize_feature_enabled":true,"jetpack_social_post_already_shared":true,"jetpack_social_options":{"image_generator_settings":{"template":"highway","default_image_id":0,"font":"","enabled":false},"version":2}},"categories":[7],"tags":[],"class_list":["post-32637","post","type-post","status-publish","format-standard","has-post-thumbnail","hentry","category-vagas-de-empregos-em-ribeirao-preto-regiao-brasil"],"jetpack_publicize_connections":[],"jetpack_featured_media_url":"https:\/\/i0.wp.com\/noticiasribeiraopreto.com.br\/wp-content\/uploads\/2024\/01\/1706226939_8228989.jpg?fit=1200%2C675&ssl=1","jetpack-related-posts":[{"id":55775,"url":"https:\/\/noticiasribeiraopreto.com.br\/index.php\/2024\/08\/06\/vaga-para-auxiliar-de-producao-temporario-em-ribeirao-preto-sp\/","url_meta":{"origin":32637,"position":0},"title":"Vaga para Auxiliar de Produ\u00e7\u00e3o (tempor\u00e1rio) em Ribeir\u00e3o Preto &#8211; SP","author":"noticiasribeiraopreto.com.br","date":"6 de August de 2024","format":false,"excerpt":"Vaga para Assistente Administrativo - PCD em Ribeir\u00e3o Preto Vaga para Auxiliar de Produ\u00e7\u00e3o (tempor\u00e1rio) em Ribeir\u00e3o Preto - SP Vaga para Auxiliar de Limpeza em Ribeir\u00e3o Preto - SP 10 vagas para Auxiliar de Produ\u00e7\u00e3o em Monte Alto - SPh\u00e1 3 dias Vaga para Mec\u00e2nico de Manuten\u00e7\u00e3o em Ribeir\u00e3o\u2026","rel":"","context":"In &quot;Vagas de Emprego em Ribeir\u00e3o Preto-SP&quot;","block_context":{"text":"Vagas de Emprego em Ribeir\u00e3o Preto-SP","link":"https:\/\/noticiasribeiraopreto.com.br\/index.php\/category\/empregos-classificados-vagas-trabalho\/vagas-de-empregos-em-ribeirao-preto-regiao-brasil\/"},"img":{"alt_text":"","src":"","width":0,"height":0},"classes":[]},{"id":15933,"url":"https:\/\/noticiasribeiraopreto.com.br\/index.php\/2023\/12\/14\/vaga-para-auxiliar-administrativo-de-logistica-em-ribeirao-pretoha-2-dias\/","url_meta":{"origin":32637,"position":1},"title":"Vaga para Auxiliar Administrativo de Log\u00edstica em Ribeir\u00e3o Pretoh\u00e1 2 dias","author":"noticiasribeiraopreto.com.br","date":"14 de December de 2023","format":false,"excerpt":"Vaga para Auxiliar de Expedi\u00e7\u00e3o em Ribeir\u00e3o Preto 1 vaga para Pintor de Ve\u00edculos em Ribeir\u00e3o Preto - SPh\u00e1 1 dia Vaga para Auxiliar Administrativo de Log\u00edstica em Ribeir\u00e3o Pretoh\u00e1 2 dias Vaga para Analista de Garantia da Qualidade Jr. em Ribeir\u00e3o Preto - SP Vaga para T\u00e9cnico em Equipamento\u2026","rel":"","context":"In &quot;Vagas de Emprego em Ribeir\u00e3o Preto-SP&quot;","block_context":{"text":"Vagas de Emprego em Ribeir\u00e3o Preto-SP","link":"https:\/\/noticiasribeiraopreto.com.br\/index.php\/category\/empregos-classificados-vagas-trabalho\/vagas-de-empregos-em-ribeirao-preto-regiao-brasil\/"},"img":{"alt_text":"","src":"","width":0,"height":0},"classes":[]},{"id":17149,"url":"https:\/\/noticiasribeiraopreto.com.br\/index.php\/2023\/12\/17\/vaga-para-auxiliar-administrativo-de-logistica-em-ribeirao-pretoha-5-dias\/","url_meta":{"origin":32637,"position":2},"title":"Vaga para Auxiliar Administrativo de Log\u00edstica em Ribeir\u00e3o Pretoh\u00e1 5 dias","author":"noticiasribeiraopreto.com.br","date":"17 de December de 2023","format":false,"excerpt":"Vaga para Auxiliar de Expedi\u00e7\u00e3o em Ribeir\u00e3o Preto 1 vaga para Pintor de Ve\u00edculos em Ribeir\u00e3o Preto - SPh\u00e1 4 dias Vaga para Auxiliar Administrativo de Log\u00edstica em Ribeir\u00e3o Pretoh\u00e1 5 dias Vaga para Analista de Garantia da Qualidade Jr. em Ribeir\u00e3o Preto - SP Vaga para T\u00e9cnico em Equipamento\u2026","rel":"","context":"In &quot;Vagas de Emprego em Ribeir\u00e3o Preto-SP&quot;","block_context":{"text":"Vagas de Emprego em Ribeir\u00e3o Preto-SP","link":"https:\/\/noticiasribeiraopreto.com.br\/index.php\/category\/empregos-classificados-vagas-trabalho\/vagas-de-empregos-em-ribeirao-preto-regiao-brasil\/"},"img":{"alt_text":"","src":"","width":0,"height":0},"classes":[]},{"id":14850,"url":"https:\/\/noticiasribeiraopreto.com.br\/index.php\/2023\/12\/12\/vaga-para-auxiliar-administrativo-de-logistica-em-ribeirao-pretoha-22-minutos\/","url_meta":{"origin":32637,"position":3},"title":"Vaga para Auxiliar Administrativo de Log\u00edstica em Ribeir\u00e3o Pretoh\u00e1 22 minutos","author":"noticiasribeiraopreto.com.br","date":"12 de December de 2023","format":false,"excerpt":"Vaga para Auxiliar Administrativo de Log\u00edstica em Ribeir\u00e3o Pretoh\u00e1 22 minutos Vaga para Analista de Garantia da Qualidade Jr. em Ribeir\u00e3o Preto - SP Vaga para T\u00e9cnico em Equipamento Eletr\u00f4nico em Ribeir\u00e3o Preto 1 vaga para Auxiliar de Refrigera\u00e7\u00e3o em Andradina - SPh\u00e1 5 dias 1 vaga para T\u00e9cnico de\u2026","rel":"","context":"In &quot;Vagas de Emprego em Ribeir\u00e3o Preto-SP&quot;","block_context":{"text":"Vagas de Emprego em Ribeir\u00e3o Preto-SP","link":"https:\/\/noticiasribeiraopreto.com.br\/index.php\/category\/empregos-classificados-vagas-trabalho\/vagas-de-empregos-em-ribeirao-preto-regiao-brasil\/"},"img":{"alt_text":"","src":"https:\/\/i0.wp.com\/noticiasribeiraopreto.com.br\/wp-content\/uploads\/2023\/12\/1702407928_8228989.jpg?fit=1200%2C675&ssl=1&resize=350%2C200","width":350,"height":200,"srcset":"https:\/\/i0.wp.com\/noticiasribeiraopreto.com.br\/wp-content\/uploads\/2023\/12\/1702407928_8228989.jpg?fit=1200%2C675&ssl=1&resize=350%2C200 1x, https:\/\/i0.wp.com\/noticiasribeiraopreto.com.br\/wp-content\/uploads\/2023\/12\/1702407928_8228989.jpg?fit=1200%2C675&ssl=1&resize=525%2C300 1.5x, https:\/\/i0.wp.com\/noticiasribeiraopreto.com.br\/wp-content\/uploads\/2023\/12\/1702407928_8228989.jpg?fit=1200%2C675&ssl=1&resize=700%2C400 2x, https:\/\/i0.wp.com\/noticiasribeiraopreto.com.br\/wp-content\/uploads\/2023\/12\/1702407928_8228989.jpg?fit=1200%2C675&ssl=1&resize=1050%2C600 3x"},"classes":[]},{"id":32616,"url":"https:\/\/noticiasribeiraopreto.com.br\/index.php\/2024\/01\/25\/vaga-para-auxiliar-de-controlador-de-pragas-em-ribeirao-preto-sp\/","url_meta":{"origin":32637,"position":4},"title":"Vaga para Auxiliar de Controlador de Pragas em Ribeir\u00e3o Preto &#8211; SP","author":"noticiasribeiraopreto.com.br","date":"25 de January de 2024","format":false,"excerpt":"Vaga para Auxiliar Administrativo em Ribeir\u00e3o Preto - SP Vaga para Analista Tribut\u00e1rio em Ribeir\u00e3o Preto Vaga para Auxiliar de Controlador de Pragas em Ribeir\u00e3o Preto - SP Vaga para Vendedora Online em Ribeir\u00e3o Preto Vaga para Auxiliar de Produ\u00e7\u00e3o em Ribeir\u00e3o Preto - SP Vaga para Estagi\u00e1rio em Eletroeletr\u00f4nica\u2026","rel":"","context":"In &quot;Vagas de Emprego em Ribeir\u00e3o Preto-SP&quot;","block_context":{"text":"Vagas de Emprego em Ribeir\u00e3o Preto-SP","link":"https:\/\/noticiasribeiraopreto.com.br\/index.php\/category\/empregos-classificados-vagas-trabalho\/vagas-de-empregos-em-ribeirao-preto-regiao-brasil\/"},"img":{"alt_text":"","src":"","width":0,"height":0},"classes":[]},{"id":54759,"url":"https:\/\/noticiasribeiraopreto.com.br\/index.php\/2024\/07\/21\/vaga-para-auxiliar-de-expedicao-em-ribeirao-preto-sp\/","url_meta":{"origin":32637,"position":5},"title":"Vaga para Auxiliar de Expedi\u00e7\u00e3o em Ribeir\u00e3o Preto &#8211; SP","author":"noticiasribeiraopreto.com.br","date":"21 de July de 2024","format":false,"excerpt":"Vaga para Auxiliar de Expedi\u00e7\u00e3o em Ribeir\u00e3o Preto - SP Vaga para Auxiliar de Manuten\u00e7\u00e3o (Moto bomba e Motores) em Ribeir\u00e3o Pretoh\u00e1 2 dias Vaga para Coordenador de RH em Ribeir\u00e3o Preto - SPh\u00e1 2 dias Vaga para Assistente Administrativo em Ribeir\u00e3o Preto - SPh\u00e1 3 dias Vaga para Auxiliar\u2026","rel":"","context":"In &quot;Vagas de Emprego em Ribeir\u00e3o Preto-SP&quot;","block_context":{"text":"Vagas de Emprego em Ribeir\u00e3o Preto-SP","link":"https:\/\/noticiasribeiraopreto.com.br\/index.php\/category\/empregos-classificados-vagas-trabalho\/vagas-de-empregos-em-ribeirao-preto-regiao-brasil\/"},"img":{"alt_text":"","src":"","width":0,"height":0},"classes":[]}],"jetpack_sharing_enabled":true,"jetpack_shortlink":"https:\/\/wp.me\/peQAOb-8up","_links":{"self":[{"href":"https:\/\/noticiasribeiraopreto.com.br\/index.php\/wp-json\/wp\/v2\/posts\/32637","targetHints":{"allow":["GET"]}}],"collection":[{"href":"https:\/\/noticiasribeiraopreto.com.br\/index.php\/wp-json\/wp\/v2\/posts"}],"about":[{"href":"https:\/\/noticiasribeiraopreto.com.br\/index.php\/wp-json\/wp\/v2\/types\/post"}],"author":[{"embeddable":true,"href":"https:\/\/noticiasribeiraopreto.com.br\/index.php\/wp-json\/wp\/v2\/users\/1"}],"replies":[{"embeddable":true,"href":"https:\/\/noticiasribeiraopreto.com.br\/index.php\/wp-json\/wp\/v2\/comments?post=32637"}],"version-history":[{"count":0,"href":"https:\/\/noticiasribeiraopreto.com.br\/index.php\/wp-json\/wp\/v2\/posts\/32637\/revisions"}],"wp:featuredmedia":[{"embeddable":true,"href":"https:\/\/noticiasribeiraopreto.com.br\/index.php\/wp-json\/wp\/v2\/media\/32638"}],"wp:attachment":[{"href":"https:\/\/noticiasribeiraopreto.com.br\/index.php\/wp-json\/wp\/v2\/media?parent=32637"}],"wp:term":[{"taxonomy":"category","embeddable":true,"href":"https:\/\/noticiasribeiraopreto.com.br\/index.php\/wp-json\/wp\/v2\/categories?post=32637"},{"taxonomy":"post_tag","embeddable":true,"href":"https:\/\/noticiasribeiraopreto.com.br\/index.php\/wp-json\/wp\/v2\/tags?post=32637"}],"curies":[{"name":"wp","href":"https:\/\/api.w.org\/{rel}","templated":true}]}}