{"id":32737,"date":"2024-01-26T10:23:23","date_gmt":"2024-01-26T13:23:23","guid":{"rendered":"https:\/\/noticiasribeiraopreto.com.br\/index.php\/2024\/01\/26\/utm_sourcerssutm_mediumrssutm_campaignhomem-e-preso-apos-matar-sua-esposa-com-golpes-de-madeira-no-rosto-na-cidade-de-brodowski\/"},"modified":"2024-01-26T10:23:23","modified_gmt":"2024-01-26T13:23:23","slug":"utm_sourcerssutm_mediumrssutm_campaignhomem-e-preso-apos-matar-sua-esposa-com-golpes-de-madeira-no-rosto-na-cidade-de-brodowski","status":"publish","type":"post","link":"https:\/\/noticiasribeiraopreto.com.br\/index.php\/2024\/01\/26\/utm_sourcerssutm_mediumrssutm_campaignhomem-e-preso-apos-matar-sua-esposa-com-golpes-de-madeira-no-rosto-na-cidade-de-brodowski\/","title":{"rendered":"Homem \u00e9 preso ap\u00f3s matar sua esposa com golpes de madeira no rosto na cidade de Brodowski \u2013 X Tudo Ribeir\u00e3o"},"content":{"rendered":"<div class='code-block code-block-1' style='margin: 8px 0 8px auto; text-align: right; display: block; clear: both;'>\n<p><a href=\"https:\/\/wa.link\/vpicfd\"><img data-recalc-dims=\"1\" class=\"wp-image-4922\" style=\"aspect-ratio: 2.0253164556962027; width: 561px; height: auto;\" src=\"https:\/\/i0.wp.com\/ismaelcolosi.com.br\/wp-content\/uploads\/2023\/11\/grupo-de-empregos-whatsapp-e-facebook-ismael-colosi-vagas.jpg?ssl=1\" alt=\"\" \/><\/a><\/p>\n<!-- \/wp:image -->\n<\/div>\n<p> <br \/>\n<\/p>\n<div>\n<p>Um valent\u00e3o foi preso pela PM (Pol\u00edcia Militar) ap\u00f3s matar sua esposa com golpes de madeira na tarde desta quinta-feira (25\/1), no Loteamento Parque do S\u00e1bia, na cidade de Brodowski.\u00a0<\/p>\n<p>Segundo informa\u00e7\u00f5es da PM, populares acionaram os PMs atrav\u00e9s do telefone (190) versando sobre uma agress\u00e3o contra uma mulher que estaria ocorrendo na rua Ant\u00f4nio Francisco Pizzi, e que o autor foi detido por populares dentro do im\u00f3vel.\u00a0<\/p>\n<p>Rapidamente os Policiais de Brodowski foram at\u00e9 o local e depararam com a v\u00edtima com v\u00e1rios ferimentos pelo rosto desacordada na entrada da sala do im\u00f3vel e ao lado do corpo v\u00e1rios peda\u00e7os de madeira quebrados. O SAMU (Servi\u00e7o de Atendimento M\u00f3vel de Urg\u00eancia) foi acionado, e a v\u00edtima identificada como Kelle Marques Gon\u00e7alves Theodoro, de 23 anos, foi\u00a0socorrida at\u00e9 a Unidade Mista Hospitalar (UMH), onde n\u00e3o resistiu a gravidade dos ferimentos e veio a \u00f3bito.\u00a0<\/p>\n<p><strong>PRIS\u00c3O DO AUTOR<\/strong><\/p>\n<p>No momento da pris\u00e3o o autor confessou o crime, disse que teria agredido sua esposa por que foi supostamente agredido por ela.\u00a0<\/p>\n<p>O valent\u00e3o foi conduzido para Delegacia de Brodowski, onde foi preso em flagrante pelo crime de feminic\u00eddio.\u00a0<\/p>\n<figure class=\"is-layout-flex wp-block-gallery-1 wp-block-gallery has-nested-images columns-default is-cropped\">\n<figure class=\"wp-block-image size-large\"><\/figure>\n<figure class=\"wp-block-image size-large\"><img data-recalc-dims=\"1\" decoding=\"async\" loading=\"lazy\" width=\"1024\" height=\"664\" data-id=\"27734\" src=\"https:\/\/i0.wp.com\/xtudoribeirao.com.br\/wp-content\/uploads\/2024\/01\/WhatsApp-Image-2024-01-26-at-10.19.28-1-1024x664.jpeg?resize=1024%2C664&#038;ssl=1\" alt=\"\" class=\"wp-image-27734\" srcset=\"https:\/\/xtudoribeirao.com.br\/wp-content\/uploads\/2024\/01\/WhatsApp-Image-2024-01-26-at-10.19.28-1-1024x664.jpeg 1024w, https:\/\/xtudoribeirao.com.br\/wp-content\/uploads\/2024\/01\/WhatsApp-Image-2024-01-26-at-10.19.28-1-300x195.jpeg 300w, https:\/\/xtudoribeirao.com.br\/wp-content\/uploads\/2024\/01\/WhatsApp-Image-2024-01-26-at-10.19.28-1-768x498.jpeg 768w, https:\/\/xtudoribeirao.com.br\/wp-content\/uploads\/2024\/01\/WhatsApp-Image-2024-01-26-at-10.19.28-1-750x486.jpeg 750w, https:\/\/xtudoribeirao.com.br\/wp-content\/uploads\/2024\/01\/WhatsApp-Image-2024-01-26-at-10.19.28-1-1140x739.jpeg 1140w, https:\/\/xtudoribeirao.com.br\/wp-content\/uploads\/2024\/01\/WhatsApp-Image-2024-01-26-at-10.19.28-1.jpeg 1280w\" sizes=\"auto, (max-width: 1024px) 100vw, 1024px\"\/><\/figure>\n<figure class=\"wp-block-image size-large\"><img data-recalc-dims=\"1\" decoding=\"async\" loading=\"lazy\" width=\"1024\" height=\"613\" data-id=\"27735\" src=\"https:\/\/i0.wp.com\/xtudoribeirao.com.br\/wp-content\/uploads\/2024\/01\/WhatsApp-Image-2024-01-26-at-10.19.28-1024x613.jpeg?resize=1024%2C613&#038;ssl=1\" alt=\"\" class=\"wp-image-27735\" srcset=\"https:\/\/xtudoribeirao.com.br\/wp-content\/uploads\/2024\/01\/WhatsApp-Image-2024-01-26-at-10.19.28-1024x613.jpeg 1024w, https:\/\/xtudoribeirao.com.br\/wp-content\/uploads\/2024\/01\/WhatsApp-Image-2024-01-26-at-10.19.28-300x180.jpeg 300w, https:\/\/xtudoribeirao.com.br\/wp-content\/uploads\/2024\/01\/WhatsApp-Image-2024-01-26-at-10.19.28-768x460.jpeg 768w, https:\/\/xtudoribeirao.com.br\/wp-content\/uploads\/2024\/01\/WhatsApp-Image-2024-01-26-at-10.19.28-750x449.jpeg 750w, https:\/\/xtudoribeirao.com.br\/wp-content\/uploads\/2024\/01\/WhatsApp-Image-2024-01-26-at-10.19.28-1140x682.jpeg 1140w, https:\/\/xtudoribeirao.com.br\/wp-content\/uploads\/2024\/01\/WhatsApp-Image-2024-01-26-at-10.19.28.jpeg 1280w\" sizes=\"auto, (max-width: 1024px) 100vw, 1024px\"\/><\/figure>\n<figure class=\"wp-block-image size-large\"><img data-recalc-dims=\"1\" decoding=\"async\" loading=\"lazy\" width=\"740\" height=\"631\" data-id=\"27737\" src=\"https:\/\/i0.wp.com\/xtudoribeirao.com.br\/wp-content\/uploads\/2024\/01\/WhatsApp-Image-2024-01-26-at-10.17.16-2.jpeg?resize=740%2C631&#038;ssl=1\" alt=\"\" class=\"wp-image-27737\" srcset=\"https:\/\/xtudoribeirao.com.br\/wp-content\/uploads\/2024\/01\/WhatsApp-Image-2024-01-26-at-10.17.16-2.jpeg 740w, https:\/\/xtudoribeirao.com.br\/wp-content\/uploads\/2024\/01\/WhatsApp-Image-2024-01-26-at-10.17.16-2-300x256.jpeg 300w\" sizes=\"auto, (max-width: 740px) 100vw, 740px\"\/><\/figure>\n<\/figure><\/div>\n<p><br \/>\n<br \/><a href=\"https:\/\/xtudoribeirao.com.br\/2024\/01\/26\/homem-e-preso-apos-matar-sua-esposa-com-golpes-de-madeira-no-rosto-na-cidade-de-brodowski\/?utm_source=rss&#038;utm_medium=rss&#038;utm_campaign=homem-e-preso-apos-matar-sua-esposa-com-golpes-de-madeira-no-rosto-na-cidade-de-brodowski\">Source link <\/a><\/p>\n<!-- CONTENT END 1 -->\n","protected":false},"excerpt":{"rendered":"<p>Um valent\u00e3o foi preso pela PM (Pol\u00edcia Militar) ap\u00f3s matar sua esposa com golpes de madeira na tarde desta quinta-feira (25\/1), no Loteamento Parque do&#8230;<\/p>\n","protected":false},"author":1,"featured_media":32738,"comment_status":"open","ping_status":"open","sticky":false,"template":"","format":"standard","meta":{"advanced_seo_description":"","jetpack_seo_html_title":"","jetpack_seo_noindex":false,"jetpack_post_was_ever_published":false,"_jetpack_newsletter_access":"","_jetpack_dont_email_post_to_subs":false,"_jetpack_newsletter_tier_id":0,"_jetpack_memberships_contains_paywalled_content":false,"_jetpack_memberships_contains_paid_content":false,"footnotes":"","jetpack_publicize_message":"","jetpack_publicize_feature_enabled":true,"jetpack_social_post_already_shared":true,"jetpack_social_options":{"image_generator_settings":{"template":"highway","default_image_id":0,"font":"","enabled":false},"version":2}},"categories":[11],"tags":[37,1234,273,3535,2012,59,3887,112,36,26,3888,799,43],"class_list":["post-32737","post","type-post","status-publish","format-standard","has-post-thumbnail","hentry","category-noticias-de-ribeirao-preto-sp-e-regiao-ismael-colosi","tag-apos","tag-brodowski","tag-cidade","tag-esposa","tag-golpes","tag-homem","tag-madeira","tag-matar","tag-preso","tag-ribeirao","tag-rosto","tag-sua","tag-tudo"],"jetpack_publicize_connections":[],"jetpack_featured_media_url":"https:\/\/i0.wp.com\/noticiasribeiraopreto.com.br\/wp-content\/uploads\/2024\/01\/WhatsApp-Image-2024-01-26-at-10.17.16-3.jpeg?fit=740%2C547&ssl=1","jetpack-related-posts":[{"id":9178,"url":"https:\/\/noticiasribeiraopreto.com.br\/index.php\/2023\/12\/01\/utm_sourcerssutm_mediumrssutm_campaignvalentao-e-preso-apos-tentar-matar-a-ex-gravida-em-rp\/","url_meta":{"origin":32737,"position":0},"title":"Valent\u00e3o \u00e9 preso ap\u00f3s tentar matar a ex gr\u00e1vida em RP \u2013 X Tudo Ribeir\u00e3o","author":"noticiasribeiraopreto.com.br","date":"1 de December de 2023","format":false,"excerpt":"Um homem foi preso pela Pol\u00edcia Militar na tarde desta sexta-feira (1\/12), ap\u00f3s tentar matar sua ex-mulher gr\u00e1vida de 4 meses a paulada na Favela do SBT, na zona Oeste de Ribeir\u00e3o Preto. Segundo informa\u00e7\u00f5es preliminares da PM, populares acionaram os Policiais versando sobre um fato, onde uma mulher gr\u00e1vida\u2026","rel":"","context":"In &quot;Not\u00edcias de Ribeir\u00e3o Preto-SP e Regi\u00e3o&quot;","block_context":{"text":"Not\u00edcias de Ribeir\u00e3o Preto-SP e Regi\u00e3o","link":"https:\/\/noticiasribeiraopreto.com.br\/index.php\/category\/noticias-de-ribeirao-preto-sp-e-regiao-ismael-colosi\/"},"img":{"alt_text":"","src":"https:\/\/i0.wp.com\/noticiasribeiraopreto.com.br\/wp-content\/uploads\/2023\/12\/28d53e90-3eab-40b4-a308-082b2c2a22f3.jpeg?fit=1200%2C897&ssl=1&resize=350%2C200","width":350,"height":200,"srcset":"https:\/\/i0.wp.com\/noticiasribeiraopreto.com.br\/wp-content\/uploads\/2023\/12\/28d53e90-3eab-40b4-a308-082b2c2a22f3.jpeg?fit=1200%2C897&ssl=1&resize=350%2C200 1x, https:\/\/i0.wp.com\/noticiasribeiraopreto.com.br\/wp-content\/uploads\/2023\/12\/28d53e90-3eab-40b4-a308-082b2c2a22f3.jpeg?fit=1200%2C897&ssl=1&resize=525%2C300 1.5x, https:\/\/i0.wp.com\/noticiasribeiraopreto.com.br\/wp-content\/uploads\/2023\/12\/28d53e90-3eab-40b4-a308-082b2c2a22f3.jpeg?fit=1200%2C897&ssl=1&resize=700%2C400 2x, https:\/\/i0.wp.com\/noticiasribeiraopreto.com.br\/wp-content\/uploads\/2023\/12\/28d53e90-3eab-40b4-a308-082b2c2a22f3.jpeg?fit=1200%2C897&ssl=1&resize=1050%2C600 3x"},"classes":[]},{"id":37623,"url":"https:\/\/noticiasribeiraopreto.com.br\/index.php\/2024\/02\/17\/utm_sourcerssutm_mediumrssutm_campaigncovarde-e-preso-apos-agredir-caozinho-com-pedaco-de-madeira-no-heitor-rigon\/","url_meta":{"origin":32737,"position":1},"title":"Covarde \u00e9 preso ap\u00f3s agredir c\u00e3ozinho com peda\u00e7o de madeira no Heitor Rigon \u2013 X Tudo Ribeir\u00e3o","author":"noticiasribeiraopreto.com.br","date":"17 de February de 2024","format":false,"excerpt":"A PM (Pol\u00edcia Militar) acabou de prender na manh\u00e3 deste s\u00e1bado (17\/2), um covarde que agrediu um c\u00e3ozinho com um peda\u00e7o de madeira no bairro Heitor Rigon, na zona Norte de Ribeir\u00e3o Preto.\u00a0 Segundo informa\u00e7\u00f5es iniciais da PM, populares acionaram os Policiais com a informa\u00e7\u00e3o que um covarde estava agredindo\u2026","rel":"","context":"In &quot;Not\u00edcias de Ribeir\u00e3o Preto-SP e Regi\u00e3o&quot;","block_context":{"text":"Not\u00edcias de Ribeir\u00e3o Preto-SP e Regi\u00e3o","link":"https:\/\/noticiasribeiraopreto.com.br\/index.php\/category\/noticias-de-ribeirao-preto-sp-e-regiao-ismael-colosi\/"},"img":{"alt_text":"","src":"https:\/\/i0.wp.com\/noticiasribeiraopreto.com.br\/wp-content\/uploads\/2024\/02\/WhatsApp-Image-2024-02-17-at-10.39.04.jpeg?fit=554%2C554&ssl=1&resize=350%2C200","width":350,"height":200,"srcset":"https:\/\/i0.wp.com\/noticiasribeiraopreto.com.br\/wp-content\/uploads\/2024\/02\/WhatsApp-Image-2024-02-17-at-10.39.04.jpeg?fit=554%2C554&ssl=1&resize=350%2C200 1x, https:\/\/i0.wp.com\/noticiasribeiraopreto.com.br\/wp-content\/uploads\/2024\/02\/WhatsApp-Image-2024-02-17-at-10.39.04.jpeg?fit=554%2C554&ssl=1&resize=525%2C300 1.5x"},"classes":[]},{"id":61163,"url":"https:\/\/noticiasribeiraopreto.com.br\/index.php\/2024\/12\/05\/homem-e-preso-acusasado-de-matar-vitima-a-pauladas-em-ribeirao-preto\/","url_meta":{"origin":32737,"position":2},"title":"Homem \u00e9 preso acusasado de matar v\u00edtima a pauladas em Ribeir\u00e3o Preto","author":"noticiasribeiraopreto.com.br","date":"5 de December de 2024","format":false,"excerpt":"Um homem de 25 anos foi preso suspeito de matar a pauladas uma v\u00edtima, ainda sem identifica\u00e7\u00e3o, na noite desta quarta-feira (4), no bairro Lagoinha, zona Leste de Ribeir\u00e3o Preto. Segundo a PM (Pol\u00edcia Militar), o homem alegou que a v\u00edtima o teria acusado de tentativa de estupro em data\u2026","rel":"","context":"In &quot;Not\u00edcias de Ribeir\u00e3o Preto-SP e Regi\u00e3o&quot;","block_context":{"text":"Not\u00edcias de Ribeir\u00e3o Preto-SP e Regi\u00e3o","link":"https:\/\/noticiasribeiraopreto.com.br\/index.php\/category\/noticias-de-ribeirao-preto-sp-e-regiao-ismael-colosi\/"},"img":{"alt_text":"","src":"https:\/\/i0.wp.com\/noticiasribeiraopreto.com.br\/wp-content\/uploads\/2024\/12\/GOLPES-PAU_2024-12-05_10-05-00_jpg_2024-12-05_10-05-01.webp.webp?fit=1200%2C801&ssl=1&resize=350%2C200","width":350,"height":200,"srcset":"https:\/\/i0.wp.com\/noticiasribeiraopreto.com.br\/wp-content\/uploads\/2024\/12\/GOLPES-PAU_2024-12-05_10-05-00_jpg_2024-12-05_10-05-01.webp.webp?fit=1200%2C801&ssl=1&resize=350%2C200 1x, https:\/\/i0.wp.com\/noticiasribeiraopreto.com.br\/wp-content\/uploads\/2024\/12\/GOLPES-PAU_2024-12-05_10-05-00_jpg_2024-12-05_10-05-01.webp.webp?fit=1200%2C801&ssl=1&resize=525%2C300 1.5x, https:\/\/i0.wp.com\/noticiasribeiraopreto.com.br\/wp-content\/uploads\/2024\/12\/GOLPES-PAU_2024-12-05_10-05-00_jpg_2024-12-05_10-05-01.webp.webp?fit=1200%2C801&ssl=1&resize=700%2C400 2x, https:\/\/i0.wp.com\/noticiasribeiraopreto.com.br\/wp-content\/uploads\/2024\/12\/GOLPES-PAU_2024-12-05_10-05-00_jpg_2024-12-05_10-05-01.webp.webp?fit=1200%2C801&ssl=1&resize=1050%2C600 3x"},"classes":[]},{"id":61169,"url":"https:\/\/noticiasribeiraopreto.com.br\/index.php\/2024\/12\/05\/homem-e-preso-acusado-de-matar-vitima-a-pauladas-em-ribeirao-preto\/","url_meta":{"origin":32737,"position":3},"title":"Homem \u00e9 preso acusado de matar v\u00edtima a pauladas em Ribeir\u00e3o Preto","author":"noticiasribeiraopreto.com.br","date":"5 de December de 2024","format":false,"excerpt":"Um homem de 25 anos foi preso suspeito de matar a pauladas uma v\u00edtima, ainda sem identifica\u00e7\u00e3o, na noite desta quarta-feira (4), no bairro Lagoinha, zona Leste de Ribeir\u00e3o Preto. Segundo a PM (Pol\u00edcia Militar), o homem alegou que a v\u00edtima o teria acusado de tentativa de estupro em data\u2026","rel":"","context":"In &quot;Not\u00edcias de Ribeir\u00e3o Preto-SP e Regi\u00e3o&quot;","block_context":{"text":"Not\u00edcias de Ribeir\u00e3o Preto-SP e Regi\u00e3o","link":"https:\/\/noticiasribeiraopreto.com.br\/index.php\/category\/noticias-de-ribeirao-preto-sp-e-regiao-ismael-colosi\/"},"img":{"alt_text":"","src":"https:\/\/i0.wp.com\/noticiasribeiraopreto.com.br\/wp-content\/uploads\/2024\/12\/GOLPES-PAU_2024-12-05_10-05-00_jpg_2024-12-05_10-05-01.webp.webp?fit=1200%2C801&ssl=1&resize=350%2C200","width":350,"height":200,"srcset":"https:\/\/i0.wp.com\/noticiasribeiraopreto.com.br\/wp-content\/uploads\/2024\/12\/GOLPES-PAU_2024-12-05_10-05-00_jpg_2024-12-05_10-05-01.webp.webp?fit=1200%2C801&ssl=1&resize=350%2C200 1x, https:\/\/i0.wp.com\/noticiasribeiraopreto.com.br\/wp-content\/uploads\/2024\/12\/GOLPES-PAU_2024-12-05_10-05-00_jpg_2024-12-05_10-05-01.webp.webp?fit=1200%2C801&ssl=1&resize=525%2C300 1.5x, https:\/\/i0.wp.com\/noticiasribeiraopreto.com.br\/wp-content\/uploads\/2024\/12\/GOLPES-PAU_2024-12-05_10-05-00_jpg_2024-12-05_10-05-01.webp.webp?fit=1200%2C801&ssl=1&resize=700%2C400 2x, https:\/\/i0.wp.com\/noticiasribeiraopreto.com.br\/wp-content\/uploads\/2024\/12\/GOLPES-PAU_2024-12-05_10-05-00_jpg_2024-12-05_10-05-01.webp.webp?fit=1200%2C801&ssl=1&resize=1050%2C600 3x"},"classes":[]},{"id":79199,"url":"https:\/\/noticiasribeiraopreto.com.br\/index.php\/2025\/10\/27\/pai-e-suspeito-de-matar-filha-com-mais-de-30-golpes-na-cabeca\/","url_meta":{"origin":32737,"position":4},"title":"Pai \u00e9 suspeito de matar filha com mais de 30 golpes na cabe\u00e7a","author":"noticiasribeiraopreto.com.br","date":"27 de October de 2025","format":false,"excerpt":"Homem foi preso em flagrante ap\u00f3s o crime, mas permaneceu em sil\u00eancio e n\u00e3o falou sobre o caso 27 de outubro de 2025 11:0527 de outubro de 2025 11:065 Compartilhar0 Por: Adalberto Luque Um homem de 77 anos foi preso, na noite deste domingo, 26 de outubro, suspeito de matar\u2026","rel":"","context":"In &quot;Not\u00edcias de Ribeir\u00e3o Preto-SP e Regi\u00e3o&quot;","block_context":{"text":"Not\u00edcias de Ribeir\u00e3o Preto-SP e Regi\u00e3o","link":"https:\/\/noticiasribeiraopreto.com.br\/index.php\/category\/noticias-de-ribeirao-preto-sp-e-regiao-ismael-colosi\/"},"img":{"alt_text":"","src":"https:\/\/i0.wp.com\/noticiasribeiraopreto.com.br\/wp-content\/uploads\/2025\/10\/27-out-2025-paimatafilha2.jpg?fit=969%2C576&ssl=1&resize=350%2C200","width":350,"height":200,"srcset":"https:\/\/i0.wp.com\/noticiasribeiraopreto.com.br\/wp-content\/uploads\/2025\/10\/27-out-2025-paimatafilha2.jpg?fit=969%2C576&ssl=1&resize=350%2C200 1x, https:\/\/i0.wp.com\/noticiasribeiraopreto.com.br\/wp-content\/uploads\/2025\/10\/27-out-2025-paimatafilha2.jpg?fit=969%2C576&ssl=1&resize=525%2C300 1.5x, https:\/\/i0.wp.com\/noticiasribeiraopreto.com.br\/wp-content\/uploads\/2025\/10\/27-out-2025-paimatafilha2.jpg?fit=969%2C576&ssl=1&resize=700%2C400 2x"},"classes":[]},{"id":48340,"url":"https:\/\/noticiasribeiraopreto.com.br\/index.php\/2024\/05\/02\/homem-e-preso-acusado-de-matar-esposa-apos-ela-recusar-fazer-almoco-na-regiao-de-ribeirao\/","url_meta":{"origin":32737,"position":5},"title":"Homem \u00e9 preso acusado de matar esposa ap\u00f3s ela recusar fazer almo\u00e7o na regi\u00e3o de Ribeir\u00e3o","author":"noticiasribeiraopreto.com.br","date":"2 de May de 2024","format":false,"excerpt":"Um homem de 53 anos foi preso suspeito de matar a esposa com uma garrucha nesta quarta-feira (1\u00ba), em um s\u00edtio de Santo Ant\u00f4nio da Alegria, cidade a aproximadamente 90 quil\u00f4metros de Ribeir\u00e3o Preto. Segundo o boletim de ocorr\u00eancia (BO), a v\u00edtima, identificada como Clarice Marciano da Silva, de 50\u2026","rel":"","context":"In &quot;Not\u00edcias de Ribeir\u00e3o Preto-SP e Regi\u00e3o&quot;","block_context":{"text":"Not\u00edcias de Ribeir\u00e3o Preto-SP e Regi\u00e3o","link":"https:\/\/noticiasribeiraopreto.com.br\/index.php\/category\/noticias-de-ribeirao-preto-sp-e-regiao-ismael-colosi\/"},"img":{"alt_text":"","src":"https:\/\/i0.wp.com\/noticiasribeiraopreto.com.br\/wp-content\/uploads\/2024\/05\/WhatsApp-Image-2024-05-02-at-11.51.13_2024-05-02_15-02-15_jpeg_2024-05-02_15-02-15.webp.webp?fit=1200%2C675&ssl=1&resize=350%2C200","width":350,"height":200,"srcset":"https:\/\/i0.wp.com\/noticiasribeiraopreto.com.br\/wp-content\/uploads\/2024\/05\/WhatsApp-Image-2024-05-02-at-11.51.13_2024-05-02_15-02-15_jpeg_2024-05-02_15-02-15.webp.webp?fit=1200%2C675&ssl=1&resize=350%2C200 1x, https:\/\/i0.wp.com\/noticiasribeiraopreto.com.br\/wp-content\/uploads\/2024\/05\/WhatsApp-Image-2024-05-02-at-11.51.13_2024-05-02_15-02-15_jpeg_2024-05-02_15-02-15.webp.webp?fit=1200%2C675&ssl=1&resize=525%2C300 1.5x, https:\/\/i0.wp.com\/noticiasribeiraopreto.com.br\/wp-content\/uploads\/2024\/05\/WhatsApp-Image-2024-05-02-at-11.51.13_2024-05-02_15-02-15_jpeg_2024-05-02_15-02-15.webp.webp?fit=1200%2C675&ssl=1&resize=700%2C400 2x, https:\/\/i0.wp.com\/noticiasribeiraopreto.com.br\/wp-content\/uploads\/2024\/05\/WhatsApp-Image-2024-05-02-at-11.51.13_2024-05-02_15-02-15_jpeg_2024-05-02_15-02-15.webp.webp?fit=1200%2C675&ssl=1&resize=1050%2C600 3x"},"classes":[]}],"jetpack_sharing_enabled":true,"jetpack_shortlink":"https:\/\/wp.me\/peQAOb-8w1","_links":{"self":[{"href":"https:\/\/noticiasribeiraopreto.com.br\/index.php\/wp-json\/wp\/v2\/posts\/32737","targetHints":{"allow":["GET"]}}],"collection":[{"href":"https:\/\/noticiasribeiraopreto.com.br\/index.php\/wp-json\/wp\/v2\/posts"}],"about":[{"href":"https:\/\/noticiasribeiraopreto.com.br\/index.php\/wp-json\/wp\/v2\/types\/post"}],"author":[{"embeddable":true,"href":"https:\/\/noticiasribeiraopreto.com.br\/index.php\/wp-json\/wp\/v2\/users\/1"}],"replies":[{"embeddable":true,"href":"https:\/\/noticiasribeiraopreto.com.br\/index.php\/wp-json\/wp\/v2\/comments?post=32737"}],"version-history":[{"count":0,"href":"https:\/\/noticiasribeiraopreto.com.br\/index.php\/wp-json\/wp\/v2\/posts\/32737\/revisions"}],"wp:featuredmedia":[{"embeddable":true,"href":"https:\/\/noticiasribeiraopreto.com.br\/index.php\/wp-json\/wp\/v2\/media\/32738"}],"wp:attachment":[{"href":"https:\/\/noticiasribeiraopreto.com.br\/index.php\/wp-json\/wp\/v2\/media?parent=32737"}],"wp:term":[{"taxonomy":"category","embeddable":true,"href":"https:\/\/noticiasribeiraopreto.com.br\/index.php\/wp-json\/wp\/v2\/categories?post=32737"},{"taxonomy":"post_tag","embeddable":true,"href":"https:\/\/noticiasribeiraopreto.com.br\/index.php\/wp-json\/wp\/v2\/tags?post=32737"}],"curies":[{"name":"wp","href":"https:\/\/api.w.org\/{rel}","templated":true}]}}