{"id":32830,"date":"2024-01-26T16:32:07","date_gmt":"2024-01-26T19:32:07","guid":{"rendered":"https:\/\/noticiasribeiraopreto.com.br\/index.php\/2024\/01\/26\/ribeirao-preto-recebe-show-de-integrante-da-banda-de-amy-winehouse\/"},"modified":"2024-01-26T16:32:07","modified_gmt":"2024-01-26T19:32:07","slug":"ribeirao-preto-recebe-show-de-integrante-da-banda-de-amy-winehouse","status":"publish","type":"post","link":"https:\/\/noticiasribeiraopreto.com.br\/index.php\/2024\/01\/26\/ribeirao-preto-recebe-show-de-integrante-da-banda-de-amy-winehouse\/","title":{"rendered":"Ribeir\u00e3o Preto recebe show de integrante da banda de Amy Winehouse"},"content":{"rendered":"<div class='code-block code-block-1' style='margin: 8px 0 8px auto; text-align: right; display: block; clear: both;'>\n<p><a href=\"https:\/\/wa.link\/vpicfd\"><img data-recalc-dims=\"1\" class=\"wp-image-4922\" style=\"aspect-ratio: 2.0253164556962027; width: 561px; height: auto;\" src=\"https:\/\/i0.wp.com\/ismaelcolosi.com.br\/wp-content\/uploads\/2023\/11\/grupo-de-empregos-whatsapp-e-facebook-ismael-colosi-vagas.jpg?ssl=1\" alt=\"\" \/><\/a><\/p>\n<!-- \/wp:image -->\n<\/div>\n<p> <br \/>\n<\/p>\n<div data-td-block-uid=\"tdi_104\">\n<div class=\"tdb-block-inner td-fix-index\">\n<p>O<strong> <a href=\"https:\/\/www.sescsp.org.br\/programacao\/xantone-blacq\/\" target=\"_blank\" rel=\"noreferrer noopener nofollow\">Sesc Ribeir\u00e3o Preto<\/a><\/strong> vai receber show do pianista e tecladista <strong>Xanton\u00e9 Blacq<\/strong>, que foi integrante da banda da cantora<strong> Amy Winehouse<\/strong>, no dia 23 de fevereiro. O artista participou de uma das grava\u00e7\u00f5es mais famosas de Amy, como a da m\u00fasica \u201c<strong>Valerie<\/strong>\u201d, no <strong><em>Live At BBC Radio 1 Live Lounge<\/em><\/strong>, de 2007.<\/p>\n<p>Com 25 anos de carreira, Xanton\u00e9 Blacq tamb\u00e9m j\u00e1 trabalhou com artistas como Emeli Sand\u00e9, Mark Ronson, Earth Wind &amp; Fire, Paul Jackson (Head Hunters) e se apresentou em festivais, como Glastonbury, Montreux Jazz Festival, London Jazz Festival, Lollapalooza, North Sea Jazz Festival.<\/p>\n<p>O repert\u00f3rio do artista com can\u00e7\u00f5es que combinam g\u00eaneros como jazz, funk e soul.<\/p>\n<h4 class=\"wp-block-heading\"><strong>Ingressos<\/strong><\/h4>\n<p>Os ingressos para apresenta\u00e7\u00e3o de Xanton\u00e9 Blacq come\u00e7am a ser vendidos pela<a href=\"https:\/\/www.sescsp.org.br\/programacao\/xantone-blacq\/\" target=\"_blank\" rel=\"noreferrer noopener nofollow\"> internet<\/a> no dia 6 de fevereiro, a partir das 17h, e na bilheteria do Sesc, no dia 7. Os valores variam entre R$ 10 e R$ 30.<\/p>\n<figure class=\"wp-block-embed is-type-video is-provider-youtube wp-block-embed-youtube wp-embed-aspect-4-3 wp-has-aspect-ratio\">\n<div class=\"wp-block-embed__wrapper\">\n<p><iframe loading=\"lazy\" title=\"Valerie (Live At BBC Radio 1 Live Lounge, London \/ 2007)\" width=\"500\" height=\"375\" src=\"https:\/\/www.youtube.com\/embed\/Xv7vQPuH_nE?feature=oembed\" frameborder=\"0\" allow=\"accelerometer; autoplay; clipboard-write; encrypted-media; gyroscope; picture-in-picture; web-share\" referrerpolicy=\"strict-origin-when-cross-origin\" allowfullscreen><\/iframe><\/p>\n<\/div>\n<\/figure>\n<p>SAIBA MAIS<\/p>\n<p>Confira os eventos para curtir no fim de semana em Ribeir\u00e3o Preto<\/p>\n<h4 class=\"wp-block-heading\"><strong>FIQUE ON<\/strong><\/h4>\n<p>Fique ligado em tudo que acontece em Ribeir\u00e3o Preto e regi\u00e3o. Siga os perfis do<strong> acidade on<\/strong> no <a href=\"https:\/\/www.instagram.com\/acidadeonribeirao\" target=\"_blank\" rel=\"noreferrer noopener nofollow\">Instagram<\/a> e no <a href=\"https:\/\/www.facebook.com\/acidadeonribeirao\" target=\"_blank\" rel=\"noreferrer noopener nofollow\">Facebook.<\/a><\/p>\n<p>Receba not\u00edcias do <strong>acidade on<\/strong> no WhatsApp. <a href=\"https:\/\/chat.whatsapp.com\/Bnv2w66ZT4VDyZW3oiZ69n\" target=\"_blank\" rel=\"noreferrer noopener nofollow\">Para entrar no grupo, basta clicar aqui.<\/a><\/p>\n<p>Fa\u00e7a uma den\u00fancia ou sugira uma reportagem sobre Ribeir\u00e3o Preto e regi\u00e3o pelo WhatsApp: 16\u00a0 99117 7802.<\/p>\n<p>VEJA TAMB\u00c9M<\/p>\n<p>Quem est\u00e1 no Monstro do BBB 24? Fernanda coloca aliados no castigo<\/p>\n<p><!-- AI CONTENT END 1 -->\n<\/div>\n<\/div>\n<p><script async src=\"\/\/www.instagram.com\/embed.js\"><\/script><br \/>\n<br \/><br \/>\n<br \/><a href=\"https:\/\/www.acidadeon.com\/ribeiraopreto\/lazer-e-cultura\/ribeirao-preto-recebe-show-de-integrante-da-banda-de-amy-winehouse\/\">Source link <\/a><\/p>\n<!-- CONTENT END 1 -->\n","protected":false},"excerpt":{"rendered":"<p>O Sesc Ribeir\u00e3o Preto vai receber show do pianista e tecladista Xanton\u00e9 Blacq, que foi integrante da banda da cantora Amy Winehouse, no dia 23&#8230;<\/p>\n","protected":false},"author":1,"featured_media":32831,"comment_status":"open","ping_status":"open","sticky":false,"template":"","format":"standard","meta":{"advanced_seo_description":"","jetpack_seo_html_title":"","jetpack_seo_noindex":false,"jetpack_seo_schema_type":"","_jetpack_newsletter_access":"","_jetpack_dont_email_post_to_subs":false,"_jetpack_newsletter_tier_id":0,"_jetpack_memberships_contains_paywalled_content":false,"_jetpack_feature_clip_id":0,"_jetpack_memberships_contains_paid_content":false,"footnotes":"","jetpack_publicize_message":"","jetpack_publicize_feature_enabled":true,"jetpack_social_post_already_shared":true,"jetpack_social_options":{"image_generator_settings":{"template":"highway","default_image_id":0,"font":"","enabled":false},"version":2},"jetpack_post_was_ever_published":false},"categories":[11],"tags":[],"class_list":["post-32830","post","type-post","status-publish","format-standard","has-post-thumbnail","hentry","category-noticias-de-ribeirao-preto-sp-e-regiao-ismael-colosi"],"jetpack_publicize_connections":[],"jetpack-related-posts":[{"id":65652,"url":"https:\/\/noticiasribeiraopreto.com.br\/index.php\/2025\/03\/22\/tutu-fest-teatro-de-arena-de-ribeirao-preto-recebe-festival-de-djs\/","url_meta":{"origin":32830,"position":0},"title":"Tutu Fest: Teatro de Arena de Ribeir\u00e3o Preto recebe festival de DJs","author":"noticiasribeiraopreto.com.br","date":"22 de March de 2025","format":false,"excerpt":"O Teatro de Arena de Ribeir\u00e3o Preto ser\u00e1 palco da 2\u00aa edi\u00e7\u00e3o do Tutu Djs Fest, que acontece no dia 5 de abril, das 15h \u00e0s 22h. O evento re\u00fane DJs que exploram diferentes t\u00e9cnicas e formatos de reprodu\u00e7\u00e3o musical e variados g\u00eaneros musicais. Realizado pelo coletivo Tutu DJs, que\u2026","rel":"","context":"In &quot;Not\u00edcias de Ribeir\u00e3o Preto-SP e Regi\u00e3o&quot;","block_context":{"text":"Not\u00edcias de Ribeir\u00e3o Preto-SP e Regi\u00e3o","link":"https:\/\/noticiasribeiraopreto.com.br\/index.php\/category\/noticias-de-ribeirao-preto-sp-e-regiao-ismael-colosi\/"},"img":{"alt_text":"","src":"https:\/\/i0.wp.com\/noticiasribeiraopreto.com.br\/wp-content\/uploads\/2025\/03\/Copia-de-Copia-de-Copia-de-TAMANHO-EXATO-PARA-FOTOS-NO-SISTEMA-NOVO-31_2025-03-22_17-39-52_jpg_2025-03-22_17-39-52.webp.webp?fit=1200%2C675&ssl=1&resize=350%2C200","width":350,"height":200,"srcset":"https:\/\/i0.wp.com\/noticiasribeiraopreto.com.br\/wp-content\/uploads\/2025\/03\/Copia-de-Copia-de-Copia-de-TAMANHO-EXATO-PARA-FOTOS-NO-SISTEMA-NOVO-31_2025-03-22_17-39-52_jpg_2025-03-22_17-39-52.webp.webp?fit=1200%2C675&ssl=1&resize=350%2C200 1x, https:\/\/i0.wp.com\/noticiasribeiraopreto.com.br\/wp-content\/uploads\/2025\/03\/Copia-de-Copia-de-Copia-de-TAMANHO-EXATO-PARA-FOTOS-NO-SISTEMA-NOVO-31_2025-03-22_17-39-52_jpg_2025-03-22_17-39-52.webp.webp?fit=1200%2C675&ssl=1&resize=525%2C300 1.5x, https:\/\/i0.wp.com\/noticiasribeiraopreto.com.br\/wp-content\/uploads\/2025\/03\/Copia-de-Copia-de-Copia-de-TAMANHO-EXATO-PARA-FOTOS-NO-SISTEMA-NOVO-31_2025-03-22_17-39-52_jpg_2025-03-22_17-39-52.webp.webp?fit=1200%2C675&ssl=1&resize=700%2C400 2x, https:\/\/i0.wp.com\/noticiasribeiraopreto.com.br\/wp-content\/uploads\/2025\/03\/Copia-de-Copia-de-Copia-de-TAMANHO-EXATO-PARA-FOTOS-NO-SISTEMA-NOVO-31_2025-03-22_17-39-52_jpg_2025-03-22_17-39-52.webp.webp?fit=1200%2C675&ssl=1&resize=1050%2C600 3x"},"classes":[]},{"id":74136,"url":"https:\/\/noticiasribeiraopreto.com.br\/index.php\/2025\/07\/16\/ribeirao-preto-recebe-bate-papo-e-show-de-hercules-gomes-no-12o-festival-choro-da-casa\/","url_meta":{"origin":32830,"position":1},"title":"Ribeir\u00e3o Preto recebe bate-papo e show de Hercules Gomes no 12\u00ba Festival Choro da Casa","author":"noticiasribeiraopreto.com.br","date":"16 de July de 2025","format":false,"excerpt":"Ribeir\u00e3o Preto recebe neste final de semana o 12\u00aa Festival Choro da Casa no Teatro Minaz. Para abrir as atividades, na sexta-feira (18), o pianista Hercules Gomes realizar\u00e1 um bate-papo para compartilhar as principais experi\u00eancias de sua carreira como pianista e apresentar tecnicamente a abordagem de ritmos brasileiros no instrumento.\u2026","rel":"","context":"In &quot;Not\u00edcias de Ribeir\u00e3o Preto-SP e Regi\u00e3o&quot;","block_context":{"text":"Not\u00edcias de Ribeir\u00e3o Preto-SP e Regi\u00e3o","link":"https:\/\/noticiasribeiraopreto.com.br\/index.php\/category\/noticias-de-ribeirao-preto-sp-e-regiao-ismael-colosi\/"},"img":{"alt_text":"","src":"https:\/\/i0.wp.com\/noticiasribeiraopreto.com.br\/wp-content\/uploads\/2025\/07\/hercules-gomes_2025-07-16_15-53-27.webp.webp?fit=1160%2C835&ssl=1&resize=350%2C200","width":350,"height":200,"srcset":"https:\/\/i0.wp.com\/noticiasribeiraopreto.com.br\/wp-content\/uploads\/2025\/07\/hercules-gomes_2025-07-16_15-53-27.webp.webp?fit=1160%2C835&ssl=1&resize=350%2C200 1x, https:\/\/i0.wp.com\/noticiasribeiraopreto.com.br\/wp-content\/uploads\/2025\/07\/hercules-gomes_2025-07-16_15-53-27.webp.webp?fit=1160%2C835&ssl=1&resize=525%2C300 1.5x, https:\/\/i0.wp.com\/noticiasribeiraopreto.com.br\/wp-content\/uploads\/2025\/07\/hercules-gomes_2025-07-16_15-53-27.webp.webp?fit=1160%2C835&ssl=1&resize=700%2C400 2x, https:\/\/i0.wp.com\/noticiasribeiraopreto.com.br\/wp-content\/uploads\/2025\/07\/hercules-gomes_2025-07-16_15-53-27.webp.webp?fit=1160%2C835&ssl=1&resize=1050%2C600 3x"},"classes":[]},{"id":88408,"url":"https:\/\/noticiasribeiraopreto.com.br\/index.php\/2026\/07\/19\/trio-marys-apresenta-homenagem-as-grandes-divas-da-musica-no-theatro-pedro-ii\/","url_meta":{"origin":32830,"position":2},"title":"Trio Marys apresenta homenagem \u00e0s grandes divas da m\u00fasica no Theatro Pedro II","author":"noticiasribeiraopreto.com.br","date":"19 de July de 2026","format":false,"excerpt":"O Projeto Palco recebe nesta ter\u00e7a-feira (21), \u00e0s 20h, o Trio Marys no Theatro Pedro II, em Ribeir\u00e3o Preto, para uma apresenta\u00e7\u00e3o especial em homenagem \u00e0s grandes vozes do pop, rock e jazz nacional e internacional. Finalistas do programa \u201cCanta Comigo 5\u201d, Fl\u00e1via Gatt\u00e1s, Luana Liaw e Thaise Giunco se\u2026","rel":"","context":"In &quot;Not\u00edcias de Ribeir\u00e3o Preto-SP e Regi\u00e3o&quot;","block_context":{"text":"Not\u00edcias de Ribeir\u00e3o Preto-SP e Regi\u00e3o","link":"https:\/\/noticiasribeiraopreto.com.br\/index.php\/category\/noticias-de-ribeirao-preto-sp-e-regiao-ismael-colosi\/"},"img":{"alt_text":"","src":"https:\/\/i0.wp.com\/noticiasribeiraopreto.com.br\/wp-content\/uploads\/2026\/07\/trio-marys.jpg?fit=1200%2C675&ssl=1&resize=350%2C200","width":350,"height":200,"srcset":"https:\/\/i0.wp.com\/noticiasribeiraopreto.com.br\/wp-content\/uploads\/2026\/07\/trio-marys.jpg?fit=1200%2C675&ssl=1&resize=350%2C200 1x, https:\/\/i0.wp.com\/noticiasribeiraopreto.com.br\/wp-content\/uploads\/2026\/07\/trio-marys.jpg?fit=1200%2C675&ssl=1&resize=525%2C300 1.5x, https:\/\/i0.wp.com\/noticiasribeiraopreto.com.br\/wp-content\/uploads\/2026\/07\/trio-marys.jpg?fit=1200%2C675&ssl=1&resize=700%2C400 2x, https:\/\/i0.wp.com\/noticiasribeiraopreto.com.br\/wp-content\/uploads\/2026\/07\/trio-marys.jpg?fit=1200%2C675&ssl=1&resize=1050%2C600 3x"},"classes":[]},{"id":57700,"url":"https:\/\/noticiasribeiraopreto.com.br\/index.php\/2024\/09\/07\/sesi-ribeirao-preto-recebe-show-que-mistura-jazz-e-rock-com-a-musica-popular\/","url_meta":{"origin":32830,"position":3},"title":"Sesi Ribeir\u00e3o Preto recebe show que mistura jazz e rock com a m\u00fasica popular","author":"noticiasribeiraopreto.com.br","date":"7 de September de 2024","format":false,"excerpt":"A banda Cataia, que faz uma mistura de jazz e rock com a m\u00fasica popular, apresenta o \u201cProjeto Multicultural \u2013 Show Mesti\u00e7o\u201d neste domingo (8) no Sesi Ribeir\u00e3o Preto, a partir das 19h. A entrada \u00e9 gratuita, mas \u00e9 necess\u00e1rio reservar o ingresso pela internet (clique aqui). O projeto \u00e9\u2026","rel":"","context":"In &quot;Not\u00edcias de Ribeir\u00e3o Preto-SP e Regi\u00e3o&quot;","block_context":{"text":"Not\u00edcias de Ribeir\u00e3o Preto-SP e Regi\u00e3o","link":"https:\/\/noticiasribeiraopreto.com.br\/index.php\/category\/noticias-de-ribeirao-preto-sp-e-regiao-ismael-colosi\/"},"img":{"alt_text":"","src":"https:\/\/i0.wp.com\/noticiasribeiraopreto.com.br\/wp-content\/uploads\/2024\/09\/Banda-Cataia_2024-09-07_20-12-00_jpg_2024-09-07_20-12-00.webp.webp?fit=1200%2C800&ssl=1&resize=350%2C200","width":350,"height":200,"srcset":"https:\/\/i0.wp.com\/noticiasribeiraopreto.com.br\/wp-content\/uploads\/2024\/09\/Banda-Cataia_2024-09-07_20-12-00_jpg_2024-09-07_20-12-00.webp.webp?fit=1200%2C800&ssl=1&resize=350%2C200 1x, https:\/\/i0.wp.com\/noticiasribeiraopreto.com.br\/wp-content\/uploads\/2024\/09\/Banda-Cataia_2024-09-07_20-12-00_jpg_2024-09-07_20-12-00.webp.webp?fit=1200%2C800&ssl=1&resize=525%2C300 1.5x, https:\/\/i0.wp.com\/noticiasribeiraopreto.com.br\/wp-content\/uploads\/2024\/09\/Banda-Cataia_2024-09-07_20-12-00_jpg_2024-09-07_20-12-00.webp.webp?fit=1200%2C800&ssl=1&resize=700%2C400 2x, https:\/\/i0.wp.com\/noticiasribeiraopreto.com.br\/wp-content\/uploads\/2024\/09\/Banda-Cataia_2024-09-07_20-12-00_jpg_2024-09-07_20-12-00.webp.webp?fit=1200%2C800&ssl=1&resize=1050%2C600 3x"},"classes":[]},{"id":89321,"url":"https:\/\/noticiasribeiraopreto.com.br\/index.php\/2026\/08\/03\/minaz-jazz-recebe-andre-siqueira-e-toninho-ferragutti-em-agosto\/","url_meta":{"origin":32830,"position":4},"title":"Minaz Jazz recebe Andr\u00e9 Siqueira e Toninho Ferragutti em agosto","author":"noticiasribeiraopreto.com.br","date":"3 de August de 2026","format":false,"excerpt":"Andr\u00e9 Siqueira e Toninho Ferragutti chegam ao Teatro Minaz, em Ribeir\u00e3o Preto, no pr\u00f3ximo dia 14, \u00e0s 20h, em mais uma edi\u00e7\u00e3o do Minaz Jazz. Os artistas apresentam o show \u201cDa outra margem: Andr\u00e9 Siqueira visita Toninho Ferragutti\u201d e os ingressos custam R$ 40 (inteira) e R$ 20\u00a0 (meia e\u2026","rel":"","context":"In &quot;Not\u00edcias de Ribeir\u00e3o Preto-SP e Regi\u00e3o&quot;","block_context":{"text":"Not\u00edcias de Ribeir\u00e3o Preto-SP e Regi\u00e3o","link":"https:\/\/noticiasribeiraopreto.com.br\/index.php\/category\/noticias-de-ribeirao-preto-sp-e-regiao-ismael-colosi\/"},"img":{"alt_text":"","src":"https:\/\/i0.wp.com\/noticiasribeiraopreto.com.br\/wp-content\/uploads\/2026\/08\/minaz-jazz.jpeg?fit=1200%2C801&ssl=1&resize=350%2C200","width":350,"height":200,"srcset":"https:\/\/i0.wp.com\/noticiasribeiraopreto.com.br\/wp-content\/uploads\/2026\/08\/minaz-jazz.jpeg?fit=1200%2C801&ssl=1&resize=350%2C200 1x, https:\/\/i0.wp.com\/noticiasribeiraopreto.com.br\/wp-content\/uploads\/2026\/08\/minaz-jazz.jpeg?fit=1200%2C801&ssl=1&resize=525%2C300 1.5x, https:\/\/i0.wp.com\/noticiasribeiraopreto.com.br\/wp-content\/uploads\/2026\/08\/minaz-jazz.jpeg?fit=1200%2C801&ssl=1&resize=700%2C400 2x, https:\/\/i0.wp.com\/noticiasribeiraopreto.com.br\/wp-content\/uploads\/2026\/08\/minaz-jazz.jpeg?fit=1200%2C801&ssl=1&resize=1050%2C600 3x"},"classes":[]},{"id":84369,"url":"https:\/\/noticiasribeiraopreto.com.br\/index.php\/2026\/04\/08\/festival-de-blues-em-ribeirao-aposta-em-atracoes-internacionais-e-tres-palcos-veja-programacao\/","url_meta":{"origin":32830,"position":5},"title":"Festival de blues em Ribeir\u00e3o aposta em atra\u00e7\u00f5es internacionais e tr\u00eas palcos; Veja programa\u00e7\u00e3o","author":"noticiasribeiraopreto.com.br","date":"8 de April de 2026","format":false,"excerpt":"Ler o resumo da not\u00edcia Arena Blues Festival chega \u00e0 10\u00aa edi\u00e7\u00e3o em Ribeir\u00e3o Preto nos dias 8 e 9 de maio, das 16h \u00e0s 22h, no Teatro de Arena Jaime Zeiger. Principais atra\u00e7\u00f5es s\u00e3o a cantor norte-americana Tia Carroll e o organista austr\u00edaco Raphael Wressnig. Os artistas se apresentam\u2026","rel":"","context":"In &quot;Not\u00edcias de Ribeir\u00e3o Preto-SP e Regi\u00e3o&quot;","block_context":{"text":"Not\u00edcias de Ribeir\u00e3o Preto-SP e Regi\u00e3o","link":"https:\/\/noticiasribeiraopreto.com.br\/index.php\/category\/noticias-de-ribeirao-preto-sp-e-regiao-ismael-colosi\/"},"img":{"alt_text":"","src":"https:\/\/i0.wp.com\/noticiasribeiraopreto.com.br\/wp-content\/uploads\/2026\/04\/domingo-10_2026-04-08_14-20-27.webp.webp?fit=1200%2C675&ssl=1&resize=350%2C200","width":350,"height":200,"srcset":"https:\/\/i0.wp.com\/noticiasribeiraopreto.com.br\/wp-content\/uploads\/2026\/04\/domingo-10_2026-04-08_14-20-27.webp.webp?fit=1200%2C675&ssl=1&resize=350%2C200 1x, https:\/\/i0.wp.com\/noticiasribeiraopreto.com.br\/wp-content\/uploads\/2026\/04\/domingo-10_2026-04-08_14-20-27.webp.webp?fit=1200%2C675&ssl=1&resize=525%2C300 1.5x, https:\/\/i0.wp.com\/noticiasribeiraopreto.com.br\/wp-content\/uploads\/2026\/04\/domingo-10_2026-04-08_14-20-27.webp.webp?fit=1200%2C675&ssl=1&resize=700%2C400 2x, https:\/\/i0.wp.com\/noticiasribeiraopreto.com.br\/wp-content\/uploads\/2026\/04\/domingo-10_2026-04-08_14-20-27.webp.webp?fit=1200%2C675&ssl=1&resize=1050%2C600 3x"},"classes":[]}],"jetpack_sharing_enabled":true,"jetpack_shortlink":"https:\/\/wp.me\/peQAOb-8xw","jetpack_featured_media_url":"https:\/\/i0.wp.com\/noticiasribeiraopreto.com.br\/wp-content\/uploads\/2024\/01\/XANTONE.jpg?fit=934%2C621&ssl=1","_links":{"self":[{"href":"https:\/\/noticiasribeiraopreto.com.br\/index.php\/wp-json\/wp\/v2\/posts\/32830","targetHints":{"allow":["GET"]}}],"collection":[{"href":"https:\/\/noticiasribeiraopreto.com.br\/index.php\/wp-json\/wp\/v2\/posts"}],"about":[{"href":"https:\/\/noticiasribeiraopreto.com.br\/index.php\/wp-json\/wp\/v2\/types\/post"}],"author":[{"embeddable":true,"href":"https:\/\/noticiasribeiraopreto.com.br\/index.php\/wp-json\/wp\/v2\/users\/1"}],"replies":[{"embeddable":true,"href":"https:\/\/noticiasribeiraopreto.com.br\/index.php\/wp-json\/wp\/v2\/comments?post=32830"}],"version-history":[{"count":0,"href":"https:\/\/noticiasribeiraopreto.com.br\/index.php\/wp-json\/wp\/v2\/posts\/32830\/revisions"}],"wp:featuredmedia":[{"embeddable":true,"href":"https:\/\/noticiasribeiraopreto.com.br\/index.php\/wp-json\/wp\/v2\/media\/32831"}],"wp:attachment":[{"href":"https:\/\/noticiasribeiraopreto.com.br\/index.php\/wp-json\/wp\/v2\/media?parent=32830"}],"wp:term":[{"taxonomy":"category","embeddable":true,"href":"https:\/\/noticiasribeiraopreto.com.br\/index.php\/wp-json\/wp\/v2\/categories?post=32830"},{"taxonomy":"post_tag","embeddable":true,"href":"https:\/\/noticiasribeiraopreto.com.br\/index.php\/wp-json\/wp\/v2\/tags?post=32830"}],"curies":[{"name":"wp","href":"https:\/\/api.w.org\/{rel}","templated":true}]}}