{"id":32886,"date":"2024-01-26T18:51:00","date_gmt":"2024-01-26T21:51:00","guid":{"rendered":"https:\/\/noticiasribeiraopreto.com.br\/index.php\/2024\/01\/26\/ministro-de-lula-nega-interferencia-na-vale-vale3-para-emplacar-indicacao-de-guido-mantega\/"},"modified":"2024-01-26T18:51:00","modified_gmt":"2024-01-26T21:51:00","slug":"ministro-de-lula-nega-interferencia-na-vale-vale3-para-emplacar-indicacao-de-guido-mantega","status":"publish","type":"post","link":"https:\/\/noticiasribeiraopreto.com.br\/index.php\/2024\/01\/26\/ministro-de-lula-nega-interferencia-na-vale-vale3-para-emplacar-indicacao-de-guido-mantega\/","title":{"rendered":"Ministro de Lula nega interfer\u00eancia na Vale (VALE3) para emplacar indica\u00e7\u00e3o de Guido Mantega"},"content":{"rendered":"<div class='code-block code-block-1' style='margin: 8px 0 8px auto; text-align: right; display: block; clear: both;'>\n<p><a href=\"https:\/\/wa.link\/vpicfd\"><img data-recalc-dims=\"1\" class=\"wp-image-4922\" style=\"aspect-ratio: 2.0253164556962027; width: 561px; height: auto;\" src=\"https:\/\/i0.wp.com\/ismaelcolosi.com.br\/wp-content\/uploads\/2023\/11\/grupo-de-empregos-whatsapp-e-facebook-ismael-colosi-vagas.jpg?ssl=1\" alt=\"\" \/><\/a><\/p>\n<!-- \/wp:image -->\n<\/div>\n<p> <br \/>\n<\/p>\n<div id=\"js-first-letter\">\n<p>O ministro de Minas e Energia, Alexandre Silveira, negou nesta sexta-feira (26) que o presidente Luiz In\u00e1cio Lula da Silva tenha tratado sobre a indica\u00e7\u00e3o do ex-ministro da Fazenda Guido Mantega para o comando da <strong>Vale (VALE3)<\/strong>.<\/p>\n<p>Segundo o ministro, o chefe do Executivo nunca iria se dispor a fazer interfer\u00eancia direta em uma empresa de capital aberto.<\/p>\n<p>Na quarta-feira (24) o\u00a0Estad\u00e3o\u00a0confirmou com um conselheiro da Vale que Silveira havia telefonado para defender que o comit\u00ea de acionistas escolhesse o indicado de Lula para a presid\u00eancia da companhia. O grupo dever\u00e1 se reunir na pr\u00f3xima ter\u00e7a-feira, 30, para deliberar sobre a sucess\u00e3o na mineradora.<\/p>\n<p>Em movimento que sinaliza, agora, um recuo do governo, Mantega dever\u00e1 divulgar nesta sexta-feira, 26, uma carta para desistir da indica\u00e7\u00e3o. A not\u00edcia da desist\u00eancia provocou a valoriza\u00e7\u00e3o das a\u00e7\u00f5es da Vale, e consequentemente deu for\u00e7a ao Ibovespa, principal \u00edndice da Bolsa de Valores de S\u00e3o Paulo, a B3.<\/p>\n<p>&#8220;Em nenhum momento, o presidente tratou de qualquer quest\u00e3o em rela\u00e7\u00e3o \u00e0 sucess\u00e3o da Vale&#8221;, afirmou. &#8220;Todos conhecem muito bem o perfil do presidente. Lula nunca se disporia a fazer uma interfer\u00eancia direta numa empresa de capital aberto, listada em bolsa, uma corporation, que tem a sua governan\u00e7a e sua natureza jur\u00eddica que deve ser preservada.&#8221;<\/p>\n<h2 class=\"wp-block-heading\" id=\"h-ministro-esclarece-falas-em-entrevista-sobre-processo-de-sucessao-na-vale\">Ministro esclarece falas em entrevista sobre processo de sucess\u00e3o na Vale<\/h2>\n<p>Durante sua declara\u00e7\u00e3o, Silveira citou uma entrevista concedida em Davos, na Su\u00ed\u00e7a. Na ocasi\u00e3o, o ministro afirmou que a participa\u00e7\u00e3o do governo no processo de sucess\u00e3o na alta c\u00fapula da Vale \u00e9 leg\u00edtima e que o Executivo est\u00e1 envolvido na discuss\u00e3o.<\/p>\n<p>&#8220;Em Davos, registrei uma posi\u00e7\u00e3o do governo. A posi\u00e7\u00e3o do governo era a de que n\u00f3s compreend\u00edamos que em uma corporation de capital aberto, com natureza jur\u00eddica pr\u00f3pria, o governo n\u00e3o \u00e9 controlador, e que o presidente Lula, todas as vezes que tratava sobre o setor mineral nacional, a \u00fanica coisa que tratava era cobrando de forma vigorosa, em especial no caso da Vale, que seja empresa que cumpra seu compromisso social de forma mais c\u00e9lere e eficiente&#8221;, disse.<\/p>\n<p>Na quinta-feira, 25, Lula foi \u00e0s redes sociais para criticar a empresa, mas n\u00e3o mencionou Mantega. Ele citou os acidentes em Brumadinho e Mariana, em barragens de res\u00edduos provenientes de minera\u00e7\u00e3o da Vale.<\/p>\n<p>&#8220;Hoje (quinta) faz cinco anos do crime que deixou Brumadinho debaixo de lama, tirando vidas e destruindo o meio ambiente. Cinco anos e a Vale nada fez para reparar a destrui\u00e7\u00e3o causada&#8221;, escreveu o presidente.<\/p>\n<p>Tamb\u00e9m nas redes sociais na quinta, a presidente do PT, Gleisi Hoffmann, defendeu a indica\u00e7\u00e3o do ex-ministro para o comando da Vale. Ela afirmou que Mantega \u00e9 um dos &#8220;pouqu\u00edssimos brasileiros&#8221; qualificados para compor o conselho de administra\u00e7\u00e3o da empresa, grupo do qual fazem parte os representantes dos acionistas.<\/p>\n<p>Nesta sexta, Silveira citou ainda que teria dito em Davos que, como ministro, julgava no direito de estar sentado \u00e0 mesa para poder entender a pol\u00edtica a ser estabelecida pela nova diretoria da mineradora.<\/p>\n<p>Na avalia\u00e7\u00e3o do ministro, ele e o presidente Lula foram &#8220;injusti\u00e7ados&#8221; com as informa\u00e7\u00f5es divulgadas nas \u00faltimas 48 horas de que haveria uma press\u00e3o do governo para a indica\u00e7\u00e3o de Mantega. &#8220;Fiquei muito surpreso ontem \u00e0 noite daquilo que julgo que foi uma grande injusti\u00e7a que foi feita nas \u00faltimas 48 horas&#8221;, disse. &#8220;Infelizmente se tornou uma grande especula\u00e7\u00e3o.&#8221;<\/p>\n<p>O ministro tamb\u00e9m negou que tenha entrado em contato com conselheiros da Vale para &#8220;pressionar&#8221; e &#8220;amea\u00e7ar&#8221; por uma eventual indica\u00e7\u00e3o de Mantega para o comando da mineradora.<\/p>\n<p>&#8220;N\u00e3o podemos especular. \u00c9 muito s\u00e9rio quando diz que um ministro ligou para fazer imposi\u00e7\u00e3o ou at\u00e9 mesmo, alguns mais levianos, usaram o nome chantagem, sem dizer quem teria recebido esse telefone. Quero afirmar: eu n\u00e3o tive nenhuma conversa com conselheiro que tivesse citado uma indica\u00e7\u00e3o do ex-ministro Mantega para suceder atual presidente da Vale.&#8221;<\/p>\n<h3 class=\"wp-block-heading\" id=\"h-podcast-touros-e-ursos-o-ano-das-guerras-trump-rumo-a-casas-branca-e-china-mais-fraca-o-impacto-nos-mercados\"><a href=\"https:\/\/www.youtube.com\/watch?v=r-T0sfjC-2s\" target=\"_blank\" rel=\"noreferrer noopener\">PODCAST TOUROS E URSOS<\/a> &#8211; O ano das guerras, Trump rumo \u00e0 Casas Branca e China mais fraca: o impacto nos mercados<\/h3>\n<figure class=\"wp-block-embed is-type-video is-provider-youtube wp-block-embed-youtube wp-embed-aspect-16-9 wp-has-aspect-ratio\">\n<p>\n<iframe loading=\"lazy\" title=\"O ANO DAS GUERRAS, TRUMP RUMO \u00c0 CASA BRANCA E CHINA MAIS FRACA: O IMPACTO NOS MERCADOS\" width=\"500\" height=\"281\" src=\"https:\/\/www.youtube.com\/embed\/r-T0sfjC-2s?feature=oembed\" frameborder=\"0\" allow=\"accelerometer; autoplay; clipboard-write; encrypted-media; gyroscope; picture-in-picture; web-share\" referrerpolicy=\"strict-origin-when-cross-origin\" allowfullscreen><\/iframe>\n<\/p>\n<\/figure>\n<h2 class=\"wp-block-heading\" id=\"h-setor-mineral\"><strong>Setor mineral<\/strong><\/h2>\n<p>Silveira afirmou que o presidente j\u00e1 tratou com ele sobre o setor mineral, mas apenas sobre temas t\u00e9cnicos, principalmente no que se trata de temas como licenciamento e seguran\u00e7as nas barragens. Ainda, que h\u00e1 uma grande preocupa\u00e7\u00e3o com o uso adequado do subsolo brasileiro.<\/p>\n<p>&#8220;Presidente Lula tratou comigo sobre setor mineral bem mais de uma dezena de vezes e sempre registrando pontos muitos caros ao governo. Setor mineral deve ser tratado com vistas a ser um setor que ajude a desenvolver o Pa\u00eds, seja sustent\u00e1vel e seja seguro.&#8221;<\/p>\n<\/div>\n<p><br \/>\n<br \/><a href=\"https:\/\/www.seudinheiro.com\/2024\/empresas\/ministro-de-lula-nega-interferencia-na-vale-vale3-para-emplacar-indicacao-de-guido-mantega-lvit\/\">Source link <\/a><\/p>\n<!-- CONTENT END 1 -->\n","protected":false},"excerpt":{"rendered":"<p>O ministro de Minas e Energia, Alexandre Silveira, negou nesta sexta-feira (26) que o presidente Luiz In\u00e1cio Lula da Silva tenha tratado sobre a indica\u00e7\u00e3o&#8230;<\/p>\n","protected":false},"author":1,"featured_media":32887,"comment_status":"open","ping_status":"open","sticky":false,"template":"","format":"standard","meta":{"advanced_seo_description":"","jetpack_seo_html_title":"","jetpack_seo_noindex":false,"jetpack_post_was_ever_published":false,"_jetpack_newsletter_access":"","_jetpack_dont_email_post_to_subs":false,"_jetpack_newsletter_tier_id":0,"_jetpack_memberships_contains_paywalled_content":false,"_jetpack_memberships_contains_paid_content":false,"footnotes":"","jetpack_publicize_message":"","jetpack_publicize_feature_enabled":true,"jetpack_social_post_already_shared":true,"jetpack_social_options":{"image_generator_settings":{"template":"highway","default_image_id":0,"font":"","enabled":false},"version":2}},"categories":[1235],"tags":[],"class_list":["post-32886","post","type-post","status-publish","format-standard","has-post-thumbnail","hentry","category-dinheiro-e-investimento-como-fazer-como-ganhar"],"jetpack_publicize_connections":[],"jetpack_featured_media_url":"https:\/\/i0.wp.com\/noticiasribeiraopreto.com.br\/wp-content\/uploads\/2024\/01\/shutterstock_1526766683-628x353.jpg?fit=628%2C353&ssl=1","jetpack-related-posts":[{"id":33489,"url":"https:\/\/noticiasribeiraopreto.com.br\/index.php\/2024\/01\/29\/vale-vale3-na-panela-de-pressao-producao-de-minerio-supera-projecao-em-2023-mas-vendas-e-precos-recuam\/","url_meta":{"origin":32886,"position":0},"title":"Vale (VALE3) na panela de press\u00e3o: produ\u00e7\u00e3o de min\u00e9rio supera proje\u00e7\u00e3o em 2023, mas vendas e pre\u00e7os recuam","author":"noticiasribeiraopreto.com.br","date":"29 de January de 2024","format":false,"excerpt":"A Vale (VALE3) est\u00e1 em uma verdadeira panela de press\u00e3o. O governo colocou a mineradora em altas temperaturas com uma poss\u00edvel indica\u00e7\u00e3o do ex-ministro da Fazenda, Guido Mantega, para a companhia e agora resolveu cobrar uma quantia bilion\u00e1ria para a concess\u00e3o de ferrovias. E \u00e9 nesse caldeir\u00e3o que a empresa\u2026","rel":"","context":"In &quot;Dinheiro e Investimento&quot;","block_context":{"text":"Dinheiro e Investimento","link":"https:\/\/noticiasribeiraopreto.com.br\/index.php\/category\/dinheiro-e-investimento-como-fazer-como-ganhar\/"},"img":{"alt_text":"","src":"https:\/\/i0.wp.com\/noticiasribeiraopreto.com.br\/wp-content\/uploads\/2024\/01\/vale-vale3-dinheiro-628x353.jpg?fit=628%2C353&ssl=1&resize=350%2C200","width":350,"height":200,"srcset":"https:\/\/i0.wp.com\/noticiasribeiraopreto.com.br\/wp-content\/uploads\/2024\/01\/vale-vale3-dinheiro-628x353.jpg?fit=628%2C353&ssl=1&resize=350%2C200 1x, https:\/\/i0.wp.com\/noticiasribeiraopreto.com.br\/wp-content\/uploads\/2024\/01\/vale-vale3-dinheiro-628x353.jpg?fit=628%2C353&ssl=1&resize=525%2C300 1.5x"},"classes":[]},{"id":37546,"url":"https:\/\/noticiasribeiraopreto.com.br\/index.php\/2024\/02\/16\/conselho-da-vale-esta-dividido-sobre-futuro-da-lideranca\/","url_meta":{"origin":32886,"position":1},"title":"Conselho da Vale est\u00e1 dividido sobre futuro da lideran\u00e7a","author":"noticiasribeiraopreto.com.br","date":"16 de February de 2024","format":false,"excerpt":"Linkedin\/Reprodu\u00e7\u00e3oEduardo Bartolomeo, o atual CEO da Vale Uma reuni\u00e3o do conselho da Vale nesta quinta-feira (15) terminou em um impasse, com os membros divididos sobre renovar ou n\u00e3o o mandato de CEO de Eduardo Bartolomeo, ap\u00f3s o governo ter demonstrado insatisfa\u00e7\u00e3o com os rumos da mineradora e ter dado sinais\u2026","rel":"","context":"In &quot;Blog&quot;","block_context":{"text":"Blog","link":"https:\/\/noticiasribeiraopreto.com.br\/index.php\/category\/blog\/"},"img":{"alt_text":"","src":"https:\/\/i0.wp.com\/noticiasribeiraopreto.com.br\/wp-content\/uploads\/2024\/02\/Carreira_Eduardo-Bartolomeo_Ceo-Vale-1024x683.jpg?fit=1024%2C683&ssl=1&resize=350%2C200","width":350,"height":200,"srcset":"https:\/\/i0.wp.com\/noticiasribeiraopreto.com.br\/wp-content\/uploads\/2024\/02\/Carreira_Eduardo-Bartolomeo_Ceo-Vale-1024x683.jpg?fit=1024%2C683&ssl=1&resize=350%2C200 1x, https:\/\/i0.wp.com\/noticiasribeiraopreto.com.br\/wp-content\/uploads\/2024\/02\/Carreira_Eduardo-Bartolomeo_Ceo-Vale-1024x683.jpg?fit=1024%2C683&ssl=1&resize=525%2C300 1.5x, https:\/\/i0.wp.com\/noticiasribeiraopreto.com.br\/wp-content\/uploads\/2024\/02\/Carreira_Eduardo-Bartolomeo_Ceo-Vale-1024x683.jpg?fit=1024%2C683&ssl=1&resize=700%2C400 2x"},"classes":[]},{"id":37555,"url":"https:\/\/noticiasribeiraopreto.com.br\/index.php\/2024\/02\/16\/conselho-da-vale-esta-dividido-sobre-futuro-da-lideranca-2\/","url_meta":{"origin":32886,"position":2},"title":"Conselho da Vale est\u00e1 dividido sobre futuro da lideran\u00e7a","author":"noticiasribeiraopreto.com.br","date":"16 de February de 2024","format":false,"excerpt":"Linkedin\/Reprodu\u00e7\u00e3oEduardo Bartolomeo, o atual CEO da Vale Uma reuni\u00e3o do conselho da Vale nesta quinta-feira (15) terminou em um impasse, com os membros divididos sobre renovar ou n\u00e3o o mandato de CEO de Eduardo Bartolomeo, ap\u00f3s o governo ter demonstrado insatisfa\u00e7\u00e3o com os rumos da mineradora e ter dado sinais\u2026","rel":"","context":"In &quot;Blog&quot;","block_context":{"text":"Blog","link":"https:\/\/noticiasribeiraopreto.com.br\/index.php\/category\/blog\/"},"img":{"alt_text":"","src":"https:\/\/i0.wp.com\/noticiasribeiraopreto.com.br\/wp-content\/uploads\/2024\/02\/1708120003_Carreira_Eduardo-Bartolomeo_Ceo-Vale-1024x683.jpg?fit=1024%2C683&ssl=1&resize=350%2C200","width":350,"height":200,"srcset":"https:\/\/i0.wp.com\/noticiasribeiraopreto.com.br\/wp-content\/uploads\/2024\/02\/1708120003_Carreira_Eduardo-Bartolomeo_Ceo-Vale-1024x683.jpg?fit=1024%2C683&ssl=1&resize=350%2C200 1x, https:\/\/i0.wp.com\/noticiasribeiraopreto.com.br\/wp-content\/uploads\/2024\/02\/1708120003_Carreira_Eduardo-Bartolomeo_Ceo-Vale-1024x683.jpg?fit=1024%2C683&ssl=1&resize=525%2C300 1.5x, https:\/\/i0.wp.com\/noticiasribeiraopreto.com.br\/wp-content\/uploads\/2024\/02\/1708120003_Carreira_Eduardo-Bartolomeo_Ceo-Vale-1024x683.jpg?fit=1024%2C683&ssl=1&resize=700%2C400 2x"},"classes":[]},{"id":33709,"url":"https:\/\/noticiasribeiraopreto.com.br\/index.php\/2024\/01\/30\/bem-passada-acoes-da-vale-caem-e-arrastam-outras-gigantes-do-setor-saiba-se-e-a-hora-de-excluir-vale3-do-menu-de-investimentos\/","url_meta":{"origin":32886,"position":3},"title":"Bem passada? A\u00e7\u00f5es da Vale caem e arrastam outras gigantes do setor \u2014 saiba se \u00e9 a hora de excluir VALE3 do menu de investimentos","author":"noticiasribeiraopreto.com.br","date":"30 de January de 2024","format":false,"excerpt":"A Vale apresentou os resultados operacionais do quarto trimestre dentro de um caldeir\u00e3o e a expectativa de banc\u00f5es como o Goldman Sachs era de que as a\u00e7\u00f5es VALE3 tivessem uma rea\u00e7\u00e3o neutra \u00e0 performance da empresa. S\u00f3 que nesta nesta ter\u00e7a-feira (30), os pap\u00e9is operam em baixa na B3 \u2014\u2026","rel":"","context":"In &quot;Dinheiro e Investimento&quot;","block_context":{"text":"Dinheiro e Investimento","link":"https:\/\/noticiasribeiraopreto.com.br\/index.php\/category\/dinheiro-e-investimento-como-fazer-como-ganhar\/"},"img":{"alt_text":"","src":"https:\/\/i0.wp.com\/noticiasribeiraopreto.com.br\/wp-content\/uploads\/2024\/01\/1706637520_vale-vale3-compra-ou-venda-628x353.jpg?fit=628%2C353&ssl=1&resize=350%2C200","width":350,"height":200,"srcset":"https:\/\/i0.wp.com\/noticiasribeiraopreto.com.br\/wp-content\/uploads\/2024\/01\/1706637520_vale-vale3-compra-ou-venda-628x353.jpg?fit=628%2C353&ssl=1&resize=350%2C200 1x, https:\/\/i0.wp.com\/noticiasribeiraopreto.com.br\/wp-content\/uploads\/2024\/01\/1706637520_vale-vale3-compra-ou-venda-628x353.jpg?fit=628%2C353&ssl=1&resize=525%2C300 1.5x"},"classes":[]},{"id":32994,"url":"https:\/\/noticiasribeiraopreto.com.br\/index.php\/2024\/01\/27\/veja-o-que-fazer-com-os-papeis-da-vale-vale3-apos-pressao-de-lula-e-multa-bilionaria\/","url_meta":{"origin":32886,"position":4},"title":"Veja o que fazer com os pap\u00e9is da Vale (VALE3) ap\u00f3s press\u00e3o de Lula e multa bilion\u00e1ria","author":"noticiasribeiraopreto.com.br","date":"27 de January de 2024","format":false,"excerpt":"A a\u00e7\u00e3o da Vale (VALE3) n\u00e3o vive um bom 2024 at\u00e9 o momento. A empresa, que j\u00e1 vinha pressionada por conta do mercado chin\u00eas, sofreu mais um baque ap\u00f3s os rumores de que Lula gostaria que Guido Mantega assumisse a presid\u00eancia ou algum cargo relevante no board da maior mineradora\u2026","rel":"","context":"In &quot;Dinheiro e Investimento&quot;","block_context":{"text":"Dinheiro e Investimento","link":"https:\/\/noticiasribeiraopreto.com.br\/index.php\/category\/dinheiro-e-investimento-como-fazer-como-ganhar\/"},"img":{"alt_text":"","src":"https:\/\/i0.wp.com\/noticiasribeiraopreto.com.br\/wp-content\/uploads\/2024\/01\/1706353610_vale-vale3-acao-varejo-CAPA-SD-715x402.jpg?fit=715%2C402&ssl=1&resize=350%2C200","width":350,"height":200,"srcset":"https:\/\/i0.wp.com\/noticiasribeiraopreto.com.br\/wp-content\/uploads\/2024\/01\/1706353610_vale-vale3-acao-varejo-CAPA-SD-715x402.jpg?fit=715%2C402&ssl=1&resize=350%2C200 1x, https:\/\/i0.wp.com\/noticiasribeiraopreto.com.br\/wp-content\/uploads\/2024\/01\/1706353610_vale-vale3-acao-varejo-CAPA-SD-715x402.jpg?fit=715%2C402&ssl=1&resize=525%2C300 1.5x, https:\/\/i0.wp.com\/noticiasribeiraopreto.com.br\/wp-content\/uploads\/2024\/01\/1706353610_vale-vale3-acao-varejo-CAPA-SD-715x402.jpg?fit=715%2C402&ssl=1&resize=700%2C400 2x"},"classes":[]},{"id":32331,"url":"https:\/\/noticiasribeiraopreto.com.br\/index.php\/2024\/01\/24\/rodolfo-amstalden-velha-roupa-vermelha\/","url_meta":{"origin":32886,"position":5},"title":"Rodolfo Amstalden: Velha Roupa Vermelha","author":"noticiasribeiraopreto.com.br","date":"24 de January de 2024","format":false,"excerpt":"Entre o fim de 2022 e o in\u00edcio de 2023, o mercado passou a considerar com mais seriedade a hip\u00f3tese de um Lula rancoroso, avesso \u00e0 responsabilidade fiscal, e guinando definitivamente para a extrema esquerda. Mais tarde, e com o trabalho seguro feito por Haddad, vir\u00edamos a saber que aquelas\u2026","rel":"","context":"In &quot;Dinheiro e Investimento&quot;","block_context":{"text":"Dinheiro e Investimento","link":"https:\/\/noticiasribeiraopreto.com.br\/index.php\/category\/dinheiro-e-investimento-como-fazer-como-ganhar\/"},"img":{"alt_text":"","src":"https:\/\/i0.wp.com\/noticiasribeiraopreto.com.br\/wp-content\/uploads\/2024\/01\/Lula-Queda-Mercados-v4-628x353.jpg?fit=628%2C353&ssl=1&resize=350%2C200","width":350,"height":200,"srcset":"https:\/\/i0.wp.com\/noticiasribeiraopreto.com.br\/wp-content\/uploads\/2024\/01\/Lula-Queda-Mercados-v4-628x353.jpg?fit=628%2C353&ssl=1&resize=350%2C200 1x, https:\/\/i0.wp.com\/noticiasribeiraopreto.com.br\/wp-content\/uploads\/2024\/01\/Lula-Queda-Mercados-v4-628x353.jpg?fit=628%2C353&ssl=1&resize=525%2C300 1.5x"},"classes":[]}],"jetpack_sharing_enabled":true,"jetpack_shortlink":"https:\/\/wp.me\/peQAOb-8yq","_links":{"self":[{"href":"https:\/\/noticiasribeiraopreto.com.br\/index.php\/wp-json\/wp\/v2\/posts\/32886","targetHints":{"allow":["GET"]}}],"collection":[{"href":"https:\/\/noticiasribeiraopreto.com.br\/index.php\/wp-json\/wp\/v2\/posts"}],"about":[{"href":"https:\/\/noticiasribeiraopreto.com.br\/index.php\/wp-json\/wp\/v2\/types\/post"}],"author":[{"embeddable":true,"href":"https:\/\/noticiasribeiraopreto.com.br\/index.php\/wp-json\/wp\/v2\/users\/1"}],"replies":[{"embeddable":true,"href":"https:\/\/noticiasribeiraopreto.com.br\/index.php\/wp-json\/wp\/v2\/comments?post=32886"}],"version-history":[{"count":0,"href":"https:\/\/noticiasribeiraopreto.com.br\/index.php\/wp-json\/wp\/v2\/posts\/32886\/revisions"}],"wp:featuredmedia":[{"embeddable":true,"href":"https:\/\/noticiasribeiraopreto.com.br\/index.php\/wp-json\/wp\/v2\/media\/32887"}],"wp:attachment":[{"href":"https:\/\/noticiasribeiraopreto.com.br\/index.php\/wp-json\/wp\/v2\/media?parent=32886"}],"wp:term":[{"taxonomy":"category","embeddable":true,"href":"https:\/\/noticiasribeiraopreto.com.br\/index.php\/wp-json\/wp\/v2\/categories?post=32886"},{"taxonomy":"post_tag","embeddable":true,"href":"https:\/\/noticiasribeiraopreto.com.br\/index.php\/wp-json\/wp\/v2\/tags?post=32886"}],"curies":[{"name":"wp","href":"https:\/\/api.w.org\/{rel}","templated":true}]}}