{"id":32890,"date":"2024-01-26T19:17:19","date_gmt":"2024-01-26T22:17:19","guid":{"rendered":"https:\/\/noticiasribeiraopreto.com.br\/index.php\/2024\/01\/26\/mobi-realiza-ate-dia-31-vistoria-dos-veiculos-de-fretamento\/"},"modified":"2024-01-26T19:17:19","modified_gmt":"2024-01-26T22:17:19","slug":"mobi-realiza-ate-dia-31-vistoria-dos-veiculos-de-fretamento","status":"publish","type":"post","link":"https:\/\/noticiasribeiraopreto.com.br\/index.php\/2024\/01\/26\/mobi-realiza-ate-dia-31-vistoria-dos-veiculos-de-fretamento\/","title":{"rendered":"Mobi realiza at\u00e9 dia 31 vistoria dos ve\u00edculos de fretamento"},"content":{"rendered":"<div class='code-block code-block-1' style='margin: 8px 0 8px auto; text-align: right; display: block; clear: both;'>\n<p><a href=\"https:\/\/wa.link\/vpicfd\"><img data-recalc-dims=\"1\" class=\"wp-image-4922\" style=\"aspect-ratio: 2.0253164556962027; width: 561px; height: auto;\" src=\"https:\/\/i0.wp.com\/ismaelcolosi.com.br\/wp-content\/uploads\/2023\/11\/grupo-de-empregos-whatsapp-e-facebook-ismael-colosi-vagas.jpg?ssl=1\" alt=\"\" \/><\/a><\/p>\n<!-- \/wp:image -->\n<\/div>\n<p> <br \/>\n<\/p>\n<div id=\"post-371559\">\n<header class=\"entry-header penci-entry-header penci-title-center\">\n<p> <span class=\"entry-meta-item penci-posted-on\"><i class=\"fa fa-clock-o\"\/><time class=\"entry-date published\" datetime=\"2024-01-26T17:00:19-03:00\">26 de janeiro de 2024 | 17:00<\/time><time class=\"updated\" datetime=\"2024-01-26T11:03:01-03:00\">26 de janeiro de 2024 | 11:03<\/time><\/span><\/p>\n<p> <span class=\"penci-social-buttons penci-social-share-footer\"><a href=\"#\" class=\"penci-post-like penci_post-meta_item  single-like-button penci-social-item like\" data-post_id=\"371559\" title=\"Like\" data-like=\"Like\" data-unlike=\"Unlike\"><i class=\"fa fa-thumbs-o-up\"\/><span class=\"penci-share-number\">0<\/span><\/a><i class=\"fa fa-facebook\"\/><a class=\"penci-social-item twitter\" target=\"_blank\" rel=\"noopener\" title=\"\" href=\"https:\/\/twitter.com\/intent\/tweet?text=Mobi%20realiza%20at\u00e9%20dia%2031%20vistoria%20dos%20ve\u00edculos%20de%20fretamento%20-%20https:\/\/www.tribunaribeirao.com.br\/site\/mobi-realiza-ate-dia-31-vistoria-dos-veiculos-de-fretamento\/\"><i class=\"fa fa-twitter\"\/><\/a><i class=\"fa fa-whatsapp\"\/><\/span><\/header>\n<div class=\"penci-entry-content entry-content\">\n<p>A RP Mobi (Empresa de Mobilidade Urbana de Ribeir\u00e3o Preto) iniciou nesta semana, a vistoria dos ve\u00edculos do servi\u00e7o de fretamento (vans e \u00f4nibus). Os transportes considerados regulares ganham o selo de verifica\u00e7\u00e3o de 2024, v\u00e1lido por um ano. At\u00e9 a tarde desta quinta-feira, 25 de janeiro, 67 ve\u00edculos e motoristas haviam recebido a renova\u00e7\u00e3o da vistoria.<\/p>\n<p>Durante a inspe\u00e7\u00e3o, s\u00e3o vistoriados o sistema el\u00e9trico (farol, seta dianteira\/traseira, luz de r\u00e9, luz de freio e pisca alerta); equipamentos de seguran\u00e7a (cintos, extintor, macaco, tri\u00e2ngulo e chave de roda); rodagem (pneus e estepe) e o equipamento de aferi\u00e7\u00e3o (placa e tac\u00f3grafo).<\/p>\n<p>Al\u00e9m da avalia\u00e7\u00e3o do ve\u00edculo, os motoristas cadastrados na RP Mobi tamb\u00e9m devem apresentar documenta\u00e7\u00e3o exigida por lei: antecedentes criminais; comprova\u00e7\u00e3o de que fez curso para exercer atividade remunerada e transporte coletivo de passageiros; CNH categoria D e demais documentos pessoais.<\/p>\n<p>A diretoria de Transporte da RP Mobi destaca que o objetivo da vistoria \u00e9 garantir mais seguran\u00e7a para os usu\u00e1rios dos ve\u00edculos, pois a renova\u00e7\u00e3o evita eventuais transtornos ao longo do ano. A renova\u00e7\u00e3o da autoriza\u00e7\u00e3o do servi\u00e7o de fretamento ser\u00e1 realizada at\u00e9 a pr\u00f3xima quarta-feira, dia 31 de janeiro para ve\u00edculos j\u00e1 cadastrados e a vistoria dos ve\u00edculos \u00e9 feita gratuitamente.<\/p>\n<\/div>\n<footer class=\"penci-entry-footer\"\/><\/div>\n<p><script async src=\"\/\/platform.twitter.com\/widgets.js\" charset=\"utf-8\"><\/script><br \/>\n<br \/><br \/>\n<br \/><a href=\"https:\/\/www.tribunaribeirao.com.br\/site\/mobi-realiza-ate-dia-31-vistoria-dos-veiculos-de-fretamento\/\">Source link <\/a><\/p>\n<!-- CONTENT END 1 -->\n","protected":false},"excerpt":{"rendered":"<p>26 de janeiro de 2024 | 17:0026 de janeiro de 2024 | 11:03 0 A RP Mobi (Empresa de Mobilidade Urbana de Ribeir\u00e3o Preto) iniciou&#8230;<\/p>\n","protected":false},"author":1,"featured_media":32891,"comment_status":"open","ping_status":"open","sticky":false,"template":"","format":"standard","meta":{"advanced_seo_description":"","jetpack_seo_html_title":"","jetpack_seo_noindex":false,"jetpack_post_was_ever_published":false,"_jetpack_newsletter_access":"","_jetpack_dont_email_post_to_subs":false,"_jetpack_newsletter_tier_id":0,"_jetpack_memberships_contains_paywalled_content":false,"_jetpack_memberships_contains_paid_content":false,"footnotes":"","jetpack_publicize_message":"","jetpack_publicize_feature_enabled":true,"jetpack_social_post_already_shared":true,"jetpack_social_options":{"image_generator_settings":{"template":"highway","default_image_id":0,"font":"","enabled":false},"version":2}},"categories":[11],"tags":[103,142,470,3904,40,415,76,3903],"class_list":["post-32890","post","type-post","status-publish","format-standard","has-post-thumbnail","hentry","category-noticias-de-ribeirao-preto-sp-e-regiao-ismael-colosi","tag-ate","tag-dia","tag-dos","tag-fretamento","tag-mobi","tag-realiza","tag-veiculos","tag-vistoria"],"jetpack_publicize_connections":[],"jetpack_featured_media_url":"https:\/\/i0.wp.com\/noticiasribeiraopreto.com.br\/wp-content\/uploads\/2024\/01\/selo_fretamento2024_rpmobi_1-scaled.jpeg?fit=860%2C645&ssl=1","jetpack-related-posts":[{"id":83109,"url":"https:\/\/noticiasribeiraopreto.com.br\/index.php\/2026\/03\/09\/rp-mobi-aplica-selo-verificador-2026-nos-veiculos-escolares\/","url_meta":{"origin":32890,"position":0},"title":"RP Mobi aplica \u2018Selo Verificador 2026\u2019 nos ve\u00edculos escolares","author":"noticiasribeiraopreto.com.br","date":"9 de March de 2026","format":false,"excerpt":"A RP Mobi, empresa de mobilidade urbana de Ribeir\u00e3o Preto, come\u00e7ou nesta segunda-feira, 9 de mar\u00e7o, a aplica\u00e7\u00e3o do Selo Verificador de Seguran\u00e7a do 1\u00ba Semestre de 2026 nos ve\u00edculos escolares (vans, micro-\u00f4nibus e \u00f4nibus). Para receber este comprovante de regularidade os ve\u00edculos passam por vistoria realizada pela equipe do\u2026","rel":"","context":"In &quot;Not\u00edcias de Ribeir\u00e3o Preto-SP e Regi\u00e3o&quot;","block_context":{"text":"Not\u00edcias de Ribeir\u00e3o Preto-SP e Regi\u00e3o","link":"https:\/\/noticiasribeiraopreto.com.br\/index.php\/category\/noticias-de-ribeirao-preto-sp-e-regiao-ismael-colosi\/"},"img":{"alt_text":"","src":"https:\/\/i0.wp.com\/noticiasribeiraopreto.com.br\/wp-content\/uploads\/2026\/03\/selovan_01-scaled.jpg?fit=1171%2C780&ssl=1&resize=350%2C200","width":350,"height":200,"srcset":"https:\/\/i0.wp.com\/noticiasribeiraopreto.com.br\/wp-content\/uploads\/2026\/03\/selovan_01-scaled.jpg?fit=1171%2C780&ssl=1&resize=350%2C200 1x, https:\/\/i0.wp.com\/noticiasribeiraopreto.com.br\/wp-content\/uploads\/2026\/03\/selovan_01-scaled.jpg?fit=1171%2C780&ssl=1&resize=525%2C300 1.5x, https:\/\/i0.wp.com\/noticiasribeiraopreto.com.br\/wp-content\/uploads\/2026\/03\/selovan_01-scaled.jpg?fit=1171%2C780&ssl=1&resize=700%2C400 2x, https:\/\/i0.wp.com\/noticiasribeiraopreto.com.br\/wp-content\/uploads\/2026\/03\/selovan_01-scaled.jpg?fit=1171%2C780&ssl=1&resize=1050%2C600 3x"},"classes":[]},{"id":83124,"url":"https:\/\/noticiasribeiraopreto.com.br\/index.php\/2026\/03\/10\/veja-calendario-de-aplicacao-do-selo-de-seguranca-nos-veiculos-escolares-em-ribeirao-preto\/","url_meta":{"origin":32890,"position":1},"title":"Veja calend\u00e1rio de aplica\u00e7\u00e3o do selo de seguran\u00e7a nos ve\u00edculos escolares em Ribeir\u00e3o Preto","author":"noticiasribeiraopreto.com.br","date":"10 de March de 2026","format":false,"excerpt":"A aplica\u00e7\u00e3o do Selo Verificador de Seguran\u00e7a do 1\u00ba Semestre de 2026 nos ve\u00edculos escolares de Ribeir\u00e3o Preto come\u00e7ou a ser realizada pela RP Mobi nesta segunda-feira (9). O calend\u00e1rio vai at\u00e9 20 de mar\u00e7o. Segundo a Prefeitura de Ribeir\u00e3o Preto, para receber este comprovante de regularidade os ve\u00edculos passam\u2026","rel":"","context":"In &quot;Not\u00edcias de Ribeir\u00e3o Preto-SP e Regi\u00e3o&quot;","block_context":{"text":"Not\u00edcias de Ribeir\u00e3o Preto-SP e Regi\u00e3o","link":"https:\/\/noticiasribeiraopreto.com.br\/index.php\/category\/noticias-de-ribeirao-preto-sp-e-regiao-ismael-colosi\/"},"img":{"alt_text":"","src":"https:\/\/i0.wp.com\/noticiasribeiraopreto.com.br\/wp-content\/uploads\/2026\/03\/selovan_01_2026-03-10_11-05-47.webp.webp?fit=1200%2C799&ssl=1&resize=350%2C200","width":350,"height":200,"srcset":"https:\/\/i0.wp.com\/noticiasribeiraopreto.com.br\/wp-content\/uploads\/2026\/03\/selovan_01_2026-03-10_11-05-47.webp.webp?fit=1200%2C799&ssl=1&resize=350%2C200 1x, https:\/\/i0.wp.com\/noticiasribeiraopreto.com.br\/wp-content\/uploads\/2026\/03\/selovan_01_2026-03-10_11-05-47.webp.webp?fit=1200%2C799&ssl=1&resize=525%2C300 1.5x, https:\/\/i0.wp.com\/noticiasribeiraopreto.com.br\/wp-content\/uploads\/2026\/03\/selovan_01_2026-03-10_11-05-47.webp.webp?fit=1200%2C799&ssl=1&resize=700%2C400 2x, https:\/\/i0.wp.com\/noticiasribeiraopreto.com.br\/wp-content\/uploads\/2026\/03\/selovan_01_2026-03-10_11-05-47.webp.webp?fit=1200%2C799&ssl=1&resize=1050%2C600 3x"},"classes":[]},{"id":27703,"url":"https:\/\/noticiasribeiraopreto.com.br\/index.php\/2024\/01\/13\/video-fogo-em-veiculo-na-maurilio-biagi\/","url_meta":{"origin":32890,"position":2},"title":"V\u00cdDEO &#8211; Fogo em ve\u00edculo na Maur\u00edlio Biagi","author":"noticiasribeiraopreto.com.br","date":"13 de January de 2024","format":false,"excerpt":"N\u00e3o h\u00e1 registros de feridos, mas RP Mobi interditou pista para combate \u00e0s chamas 12 de janeiro de 2024 | 15:5312 de janeiro de 2024 | 15:56 2Por: Adalberto LuqueUm ve\u00edculo e um reboque atrelado foram completamente destru\u00eddos pelo fogo, no final da manh\u00e3 desta sexta-feira (12). O inc\u00eandio ocorreu\u2026","rel":"","context":"In &quot;Not\u00edcias de Ribeir\u00e3o Preto-SP e Regi\u00e3o&quot;","block_context":{"text":"Not\u00edcias de Ribeir\u00e3o Preto-SP e Regi\u00e3o","link":"https:\/\/noticiasribeiraopreto.com.br\/index.php\/category\/noticias-de-ribeirao-preto-sp-e-regiao-ismael-colosi\/"},"img":{"alt_text":"","src":"https:\/\/i0.wp.com\/noticiasribeiraopreto.com.br\/wp-content\/uploads\/2024\/01\/00-12-jan-2024-veiculo-incendiado-b-foto-rp-mobi.jpg?fit=812%2C645&ssl=1&resize=350%2C200","width":350,"height":200,"srcset":"https:\/\/i0.wp.com\/noticiasribeiraopreto.com.br\/wp-content\/uploads\/2024\/01\/00-12-jan-2024-veiculo-incendiado-b-foto-rp-mobi.jpg?fit=812%2C645&ssl=1&resize=350%2C200 1x, https:\/\/i0.wp.com\/noticiasribeiraopreto.com.br\/wp-content\/uploads\/2024\/01\/00-12-jan-2024-veiculo-incendiado-b-foto-rp-mobi.jpg?fit=812%2C645&ssl=1&resize=525%2C300 1.5x, https:\/\/i0.wp.com\/noticiasribeiraopreto.com.br\/wp-content\/uploads\/2024\/01\/00-12-jan-2024-veiculo-incendiado-b-foto-rp-mobi.jpg?fit=812%2C645&ssl=1&resize=700%2C400 2x"},"classes":[]},{"id":32594,"url":"https:\/\/noticiasribeiraopreto.com.br\/index.php\/2024\/01\/25\/rp-mobi-alerta-sobre-renovacao-de-cartao-de-estudantes\/","url_meta":{"origin":32890,"position":3},"title":"RP Mobi alerta sobre renova\u00e7\u00e3o de cart\u00e3o de estudantes","author":"noticiasribeiraopreto.com.br","date":"25 de January de 2024","format":false,"excerpt":"25 de janeiro de 2024 | 18:0025 de janeiro de 2024 | 11:20 0Para evitar transtornos no per\u00edodo de volta \u00e0s aulas em 2024, a RP Mobi alerta estudantes de Ribeir\u00e3o Preto sobre os procedimentos para renova\u00e7\u00e3o e obten\u00e7\u00e3o do cart\u00e3o do transporte coletivo, que podem ser realizados online. Na\u2026","rel":"","context":"In &quot;Not\u00edcias de Ribeir\u00e3o Preto-SP e Regi\u00e3o&quot;","block_context":{"text":"Not\u00edcias de Ribeir\u00e3o Preto-SP e Regi\u00e3o","link":"https:\/\/noticiasribeiraopreto.com.br\/index.php\/category\/noticias-de-ribeirao-preto-sp-e-regiao-ismael-colosi\/"},"img":{"alt_text":"","src":"https:\/\/i0.wp.com\/noticiasribeiraopreto.com.br\/wp-content\/uploads\/2024\/01\/estudantes-de-ribeirao-preto-ja-podem-renovar-o-cartao-de-onibus-para2023-071311.jpg?fit=620%2C351&ssl=1&resize=350%2C200","width":350,"height":200,"srcset":"https:\/\/i0.wp.com\/noticiasribeiraopreto.com.br\/wp-content\/uploads\/2024\/01\/estudantes-de-ribeirao-preto-ja-podem-renovar-o-cartao-de-onibus-para2023-071311.jpg?fit=620%2C351&ssl=1&resize=350%2C200 1x, https:\/\/i0.wp.com\/noticiasribeiraopreto.com.br\/wp-content\/uploads\/2024\/01\/estudantes-de-ribeirao-preto-ja-podem-renovar-o-cartao-de-onibus-para2023-071311.jpg?fit=620%2C351&ssl=1&resize=525%2C300 1.5x"},"classes":[]},{"id":15536,"url":"https:\/\/noticiasribeiraopreto.com.br\/index.php\/2023\/12\/13\/dof-fecha-acordo-de-fretamento-de-navio-de-apoio-em-conformidade-com-a-lei-jones-para-trabalho-no-golfo-do-mexico\/","url_meta":{"origin":32890,"position":4},"title":"DOF fecha acordo de fretamento de navio de apoio em conformidade com a Lei Jones para trabalho no Golfo do M\u00e9xico.","author":"noticiasribeiraopreto.com.br","date":"13 de December de 2023","format":false,"excerpt":"Acordo para fretamento de navio de trabalho no Golfo do M\u00e9xico \u2013 FOTO: \u00a92023 AtCoMedia. Inc Eric Haun, editor Eric Haun \u00e9 editor do Marine News. Ele cobriu o setor mar\u00edtimo comercial e \u2026 13 de dezembro de 2023 O Grupo DOF anunciou recentemente que fechou um contrato de fretamento\u2026","rel":"","context":"In &quot;Vagas de Emprego em Ribeir\u00e3o Preto-SP&quot;","block_context":{"text":"Vagas de Emprego em Ribeir\u00e3o Preto-SP","link":"https:\/\/noticiasribeiraopreto.com.br\/index.php\/category\/empregos-classificados-vagas-trabalho\/vagas-de-empregos-em-ribeirao-preto-regiao-brasil\/"},"img":{"alt_text":"","src":"https:\/\/i0.wp.com\/noticiasribeiraopreto.com.br\/wp-content\/uploads\/2023\/12\/dof-fecha-acordo-de-fretamento-de-navio-de-apoio-em-conformidade-com-a-lei-jones-para-trabalho-no-golfo-do-mexico.jpg?fit=800%2C419&ssl=1&resize=350%2C200","width":350,"height":200,"srcset":"https:\/\/i0.wp.com\/noticiasribeiraopreto.com.br\/wp-content\/uploads\/2023\/12\/dof-fecha-acordo-de-fretamento-de-navio-de-apoio-em-conformidade-com-a-lei-jones-para-trabalho-no-golfo-do-mexico.jpg?fit=800%2C419&ssl=1&resize=350%2C200 1x, https:\/\/i0.wp.com\/noticiasribeiraopreto.com.br\/wp-content\/uploads\/2023\/12\/dof-fecha-acordo-de-fretamento-de-navio-de-apoio-em-conformidade-com-a-lei-jones-para-trabalho-no-golfo-do-mexico.jpg?fit=800%2C419&ssl=1&resize=525%2C300 1.5x, https:\/\/i0.wp.com\/noticiasribeiraopreto.com.br\/wp-content\/uploads\/2023\/12\/dof-fecha-acordo-de-fretamento-de-navio-de-apoio-em-conformidade-com-a-lei-jones-para-trabalho-no-golfo-do-mexico.jpg?fit=800%2C419&ssl=1&resize=700%2C400 2x"},"classes":[]},{"id":74588,"url":"https:\/\/noticiasribeiraopreto.com.br\/index.php\/2025\/07\/25\/blitze-apreendem-10-veiculos-por-dia\/","url_meta":{"origin":32890,"position":5},"title":"Blitze apreendem 10 ve\u00edculos por dia","author":"noticiasribeiraopreto.com.br","date":"25 de July de 2025","format":false,"excerpt":"Entre 1\u00ba janeiro e 23 de julho deste ano, 2.063 ve\u00edculos j\u00e1 foram aprendidos nas blitze realizadas pela RP Mobi \u2013 Empresa de Mobilidade Urbana de Ribeir\u00e3o Preto S.A, a antiga Transerp, respons\u00e1vel pelo tr\u00e2nsito e transporte \u2013 ou pela Pol\u00edcia Militar porque os motoristas cometeram algum tipo de infra\u00e7\u00e3o.\u2026","rel":"","context":"In &quot;Not\u00edcias de Ribeir\u00e3o Preto-SP e Regi\u00e3o&quot;","block_context":{"text":"Not\u00edcias de Ribeir\u00e3o Preto-SP e Regi\u00e3o","link":"https:\/\/noticiasribeiraopreto.com.br\/index.php\/category\/noticias-de-ribeirao-preto-sp-e-regiao-ismael-colosi\/"},"img":{"alt_text":"","src":"https:\/\/i0.wp.com\/noticiasribeiraopreto.com.br\/wp-content\/uploads\/2025\/07\/PatioRP-Alfredo-Risk-scaled.jpg?fit=1200%2C800&ssl=1&resize=350%2C200","width":350,"height":200,"srcset":"https:\/\/i0.wp.com\/noticiasribeiraopreto.com.br\/wp-content\/uploads\/2025\/07\/PatioRP-Alfredo-Risk-scaled.jpg?fit=1200%2C800&ssl=1&resize=350%2C200 1x, https:\/\/i0.wp.com\/noticiasribeiraopreto.com.br\/wp-content\/uploads\/2025\/07\/PatioRP-Alfredo-Risk-scaled.jpg?fit=1200%2C800&ssl=1&resize=525%2C300 1.5x, https:\/\/i0.wp.com\/noticiasribeiraopreto.com.br\/wp-content\/uploads\/2025\/07\/PatioRP-Alfredo-Risk-scaled.jpg?fit=1200%2C800&ssl=1&resize=700%2C400 2x, https:\/\/i0.wp.com\/noticiasribeiraopreto.com.br\/wp-content\/uploads\/2025\/07\/PatioRP-Alfredo-Risk-scaled.jpg?fit=1200%2C800&ssl=1&resize=1050%2C600 3x"},"classes":[]}],"jetpack_sharing_enabled":true,"jetpack_shortlink":"https:\/\/wp.me\/peQAOb-8yu","_links":{"self":[{"href":"https:\/\/noticiasribeiraopreto.com.br\/index.php\/wp-json\/wp\/v2\/posts\/32890","targetHints":{"allow":["GET"]}}],"collection":[{"href":"https:\/\/noticiasribeiraopreto.com.br\/index.php\/wp-json\/wp\/v2\/posts"}],"about":[{"href":"https:\/\/noticiasribeiraopreto.com.br\/index.php\/wp-json\/wp\/v2\/types\/post"}],"author":[{"embeddable":true,"href":"https:\/\/noticiasribeiraopreto.com.br\/index.php\/wp-json\/wp\/v2\/users\/1"}],"replies":[{"embeddable":true,"href":"https:\/\/noticiasribeiraopreto.com.br\/index.php\/wp-json\/wp\/v2\/comments?post=32890"}],"version-history":[{"count":0,"href":"https:\/\/noticiasribeiraopreto.com.br\/index.php\/wp-json\/wp\/v2\/posts\/32890\/revisions"}],"wp:featuredmedia":[{"embeddable":true,"href":"https:\/\/noticiasribeiraopreto.com.br\/index.php\/wp-json\/wp\/v2\/media\/32891"}],"wp:attachment":[{"href":"https:\/\/noticiasribeiraopreto.com.br\/index.php\/wp-json\/wp\/v2\/media?parent=32890"}],"wp:term":[{"taxonomy":"category","embeddable":true,"href":"https:\/\/noticiasribeiraopreto.com.br\/index.php\/wp-json\/wp\/v2\/categories?post=32890"},{"taxonomy":"post_tag","embeddable":true,"href":"https:\/\/noticiasribeiraopreto.com.br\/index.php\/wp-json\/wp\/v2\/tags?post=32890"}],"curies":[{"name":"wp","href":"https:\/\/api.w.org\/{rel}","templated":true}]}}