{"id":32894,"date":"2024-01-26T19:20:37","date_gmt":"2024-01-26T22:20:37","guid":{"rendered":"https:\/\/noticiasribeiraopreto.com.br\/index.php\/2024\/01\/26\/repasses-da-prefeitura-de-ribeirao-para-o-prourbano-saltam-de-r-4-milhoes-para-r-86-milhoes\/"},"modified":"2024-01-26T19:20:37","modified_gmt":"2024-01-26T22:20:37","slug":"repasses-da-prefeitura-de-ribeirao-para-o-prourbano-saltam-de-r-4-milhoes-para-r-86-milhoes","status":"publish","type":"post","link":"https:\/\/noticiasribeiraopreto.com.br\/index.php\/2024\/01\/26\/repasses-da-prefeitura-de-ribeirao-para-o-prourbano-saltam-de-r-4-milhoes-para-r-86-milhoes\/","title":{"rendered":"Repasses da Prefeitura de Ribeir\u00e3o para o Pr\u00f3Urbano saltam de R$ 4 milh\u00f5es para R$ 86 milh\u00f5es"},"content":{"rendered":"<div class='code-block code-block-1' style='margin: 8px 0 8px auto; text-align: right; display: block; clear: both;'>\n<p><a href=\"https:\/\/wa.link\/vpicfd\"><img data-recalc-dims=\"1\" class=\"wp-image-4922\" style=\"aspect-ratio: 2.0253164556962027; width: 561px; height: auto;\" src=\"https:\/\/i0.wp.com\/ismaelcolosi.com.br\/wp-content\/uploads\/2023\/11\/grupo-de-empregos-whatsapp-e-facebook-ismael-colosi-vagas.jpg?ssl=1\" alt=\"\" \/><\/a><\/p>\n<!-- \/wp:image -->\n<\/div>\n<p> <br \/>\n<\/p>\n<div>\n<p>Desde 2020, a <strong><a href=\"https:\/\/www.ribeiraopreto.sp.gov.br\/portal\/\" target=\"_blank\" rel=\"noreferrer noopener nofollow\">Prefeitura de Ribeir\u00e3o Preto <\/a><\/strong>aumentou em 21 vezes o valor do repasse para o cons\u00f3rcio <strong>Pr\u00f3Urbano<\/strong>, respons\u00e1vel pelo transporte coletivo na cidade. <mark style=\"background-color:#fcb900\" class=\"has-inline-color has-black-color\">O montante saltou de R$ 4.231.954,70, em 2020, para R$ 86.114.328,59, em 2023.<\/mark><\/p>\n<p>Os n\u00fameros s\u00e3o do<strong> Portal da Transpar\u00eancia<\/strong>, que apontam que em 2024, a prefeitura j\u00e1 repassou R$ 6.823.716,26 ao cons\u00f3rcio. Confira:<\/p>\n<ul>\n<li>2024: R$ 6.823.716,26 (at\u00e9 o dia 26 de janeiro de 2024).<\/li>\n<\/ul>\n<p><strong>Fonte<\/strong>: <a href=\"https:\/\/www.ribeiraopreto.sp.gov.br\/transparencia\/orcamento-pagamento?unidade_gestora=2\" target=\"_blank\" rel=\"noreferrer noopener nofollow\">Portal da Transpar\u00eancia<\/a><\/p>\n<p>Os pagamentos s\u00e3o referentes \u00e0 gratuidade de estudantes e idosos com mais de 60 anos no transporte coletivo, vale-transporte para funcion\u00e1rios da prefeitura, subs\u00eddio pago pela Administra\u00e7\u00e3o Municipal ao Pr\u00f3Urbano, referentes ao pre\u00e7o da passagem, al\u00e9m do repasse de R$ 70 milh\u00f5es, aprovados pela <strong>C\u00e2mara Municipal<\/strong>, para revis\u00e3o do contrato do transporte coletivo.<\/p>\n<h4 class=\"wp-block-heading\"><strong>Quase quitado<\/strong><\/h4>\n<p>De acordo com a prefeitura, dos R$ 70 milh\u00f5es acordados na revis\u00e3o do contrato de concess\u00e3o, j\u00e1 foram pagos R$ 60 milh\u00f5es em tr\u00eas parcelas de R$ 20 milh\u00f5es (uma em 2022 e duas em 2023).<mark style=\"background-color:#fcb900\" class=\"has-inline-color has-black-color\"> A \u00faltima parcela, de R$ 10 milh\u00f5es, deve ser paga ainda em janeiro de 2024.<\/mark><\/p>\n<p>\u00c9 v\u00e1lido lembrar, que para celebrar o acordo de revis\u00e3o do contrato, a Prefeitura de Ribeir\u00e3o Preto e o Pr\u00f3Urbano tiveram que desistir de a\u00e7\u00f5es judiciais que questionavam os termos do contrato de concess\u00e3o, e dos processo administrativos, impostos pelo munic\u00edpio, referentes a san\u00e7\u00f5es aplicadas contra o cons\u00f3rcio por descumprimento do acordo.<\/p>\n<p>Al\u00e9m dos valores, o novo contrato estipula a validade de dois anos para os cr\u00e9ditos depositados nos cart\u00f5es do transporte coletivo pelos usu\u00e1rios. Ap\u00f3s esse per\u00edodo, o dinheiro n\u00e3o utilizado tamb\u00e9m ser\u00e1 repassado ao Pr\u00f3Urbano.<\/p>\n<h4 class=\"wp-block-heading\"><strong>Aumento previsto<\/strong><\/h4>\n<p>Com exce\u00e7\u00e3o do repasse de R$ 70 milh\u00f5es, que termina de ser pago em janeiro, o Pr\u00f3Urbano vai ter um aumento de 65% nos subs\u00eddios pagos pela prefeitura, referentes aos valores das passagens, a partir do dia 1\u00ba de fevereiro.<\/p>\n<p>Isso porque, <mark style=\"background-color:#fcb900\" class=\"has-inline-color has-black-color\">o valor real da tarifa de \u00f4nibus vai passar para R$ 8,45<\/mark>, conforme decreto publicado no dia 12 de janeiro. No entanto, os passageiros continuar\u00e3o a pagar R$ 5, enquanto a prefeitura vai arcar com os outros R$ 3,45. Atualmente, o munic\u00edpio paga R$ 2,09 de subs\u00eddio por passageiro.<\/p>\n<h4 class=\"wp-block-heading\"><strong>\u2018Investimentos\u2019<\/strong><\/h4>\n<p>Tanto a Prefeitura de Ribeir\u00e3o Preto, quanto o Pr\u00f3Urbano, afirmam que os repasses foram utilizados em investimentos no transporte coletivo da cidade.<\/p>\n<p>\u201cOs valores permitem que a Prefeitura de Ribeir\u00e3o Preto realize a renova\u00e7\u00e3o de toda a frota de \u00f4nibus com mais qualidade e conforto, ou seja, com ar-condicionado, wi-fi e conectividade\u201d, informa o Executivo em nota.<\/p>\n<p>A Administra\u00e7\u00e3o Municipal tamb\u00e9m afirma que os repasses permitem que o valor da passagem do transporte coletivo permane\u00e7a em R$ 5, para o usu\u00e1rio, pelo terceiro ano consecutivo.<\/p>\n<p>J\u00e1 o Pr\u00f3Urbano afirma que os repasses s\u00e3o utilizados em investimentos no transporte coletivo, como a troca da frota, manuten\u00e7\u00e3o dos pontos de \u00f4nibus e reformas dos terminais.<\/p>\n<p>SAIBA MAIS<br \/>HC Ribeir\u00e3o Preto tem terceiro caso de g\u00eameas siamesas unidas pela cabe\u00e7a<\/p>\n<h4 class=\"wp-block-heading\"><strong>FIQUE ON<\/strong><\/h4>\n<p>Fique ligado em tudo que acontece em Ribeir\u00e3o Preto e regi\u00e3o. Siga os perfis do <strong>acidade on<\/strong> no <a href=\"https:\/\/www.instagram.com\/acidadeonribeirao\" target=\"_blank\" rel=\"noreferrer noopener nofollow\">Instagram<\/a> e no<a href=\"https:\/\/www.facebook.com\/acidadeonribeirao\" target=\"_blank\" rel=\"noreferrer noopener nofollow\"> Facebook<\/a>.<\/p>\n<p>Receba not\u00edcias do <strong>acidade on <\/strong>no WhatsApp. <a href=\"https:\/\/chat.whatsapp.com\/Bnv2w66ZT4VDyZW3oiZ69n\" target=\"_blank\" rel=\"noreferrer noopener nofollow\">Para entrar no grupo, basta clicar aqui.<\/a><\/p>\n<p>Fa\u00e7a uma den\u00fancia ou sugira uma reportagem sobre Ribeir\u00e3o Preto e regi\u00e3o pelo WhatsApp: 16 99117 7802.<\/p>\n<p>VEJA TAMB\u00c9M<br \/>Quem era Jacutinga em \u201cRenascer\u201d? Personagem tem final solit\u00e1rio<\/p>\n<p><!-- AI CONTENT END 1 -->\n<\/div>\n<p><script async src=\"\/\/www.instagram.com\/embed.js\"><\/script><br \/>\n<br \/><br \/>\n<br \/><a href=\"https:\/\/www.acidadeon.com\/ribeiraopreto\/politica\/repasses-da-prefeitura-de-ribeirao-para-o-prourbano-saltam-de-r-4-milhoes-para-r-86-milhoes\/\">Source link <\/a><\/p>\n<!-- CONTENT END 1 -->\n","protected":false},"excerpt":{"rendered":"<p>Desde 2020, a Prefeitura de Ribeir\u00e3o Preto aumentou em 21 vezes o valor do repasse para o cons\u00f3rcio Pr\u00f3Urbano, respons\u00e1vel pelo transporte coletivo na cidade&#8230;.<\/p>\n","protected":false},"author":1,"featured_media":32895,"comment_status":"open","ping_status":"open","sticky":false,"template":"","format":"standard","meta":{"advanced_seo_description":"","jetpack_seo_html_title":"","jetpack_seo_noindex":false,"jetpack_post_was_ever_published":false,"_jetpack_newsletter_access":"","_jetpack_dont_email_post_to_subs":false,"_jetpack_newsletter_tier_id":0,"_jetpack_memberships_contains_paywalled_content":false,"_jetpack_memberships_contains_paid_content":false,"footnotes":"","jetpack_publicize_message":"","jetpack_publicize_feature_enabled":true,"jetpack_social_post_already_shared":true,"jetpack_social_options":{"image_generator_settings":{"template":"highway","default_image_id":0,"font":"","enabled":false},"version":2}},"categories":[11],"tags":[],"class_list":["post-32894","post","type-post","status-publish","format-standard","has-post-thumbnail","hentry","category-noticias-de-ribeirao-preto-sp-e-regiao-ismael-colosi"],"jetpack_publicize_connections":[],"jetpack_featured_media_url":"https:\/\/i0.wp.com\/noticiasribeiraopreto.com.br\/wp-content\/uploads\/2024\/01\/1706307643_onibus-ribeirao-preto.jpg?fit=1920%2C1080&ssl=1","jetpack-related-posts":[{"id":28000,"url":"https:\/\/noticiasribeiraopreto.com.br\/index.php\/2024\/01\/14\/passagem-do-onibus-custa-r-845-em-ribeirao-preto-entenda\/","url_meta":{"origin":32894,"position":0},"title":"Passagem do \u00f4nibus custa R$ 8,45 em Ribeir\u00e3o Preto? Entenda","author":"noticiasribeiraopreto.com.br","date":"14 de January de 2024","format":false,"excerpt":"A tarifa do transporte coletivo de Ribeir\u00e3o Preto vai passar para R$ 8,45 a partir de 1\u00ba de fevereiro. Contudo, o valor cobrado do usu\u00e1rio comum que embarcar nos \u00f4nibus da cidade continuar\u00e1 a ser de R$ 5, pelo terceiro ano consecutivo. Os outros R$ 3,45, por passageiro, ser\u00e3o pagos\u2026","rel":"","context":"In &quot;Not\u00edcias de Ribeir\u00e3o Preto-SP e Regi\u00e3o&quot;","block_context":{"text":"Not\u00edcias de Ribeir\u00e3o Preto-SP e Regi\u00e3o","link":"https:\/\/noticiasribeiraopreto.com.br\/index.php\/category\/noticias-de-ribeirao-preto-sp-e-regiao-ismael-colosi\/"},"img":{"alt_text":"","src":"https:\/\/i0.wp.com\/noticiasribeiraopreto.com.br\/wp-content\/uploads\/2024\/01\/novos-onibus-ribeirao-preto.jpg?fit=1200%2C800&ssl=1&resize=350%2C200","width":350,"height":200,"srcset":"https:\/\/i0.wp.com\/noticiasribeiraopreto.com.br\/wp-content\/uploads\/2024\/01\/novos-onibus-ribeirao-preto.jpg?fit=1200%2C800&ssl=1&resize=350%2C200 1x, https:\/\/i0.wp.com\/noticiasribeiraopreto.com.br\/wp-content\/uploads\/2024\/01\/novos-onibus-ribeirao-preto.jpg?fit=1200%2C800&ssl=1&resize=525%2C300 1.5x, https:\/\/i0.wp.com\/noticiasribeiraopreto.com.br\/wp-content\/uploads\/2024\/01\/novos-onibus-ribeirao-preto.jpg?fit=1200%2C800&ssl=1&resize=700%2C400 2x, https:\/\/i0.wp.com\/noticiasribeiraopreto.com.br\/wp-content\/uploads\/2024\/01\/novos-onibus-ribeirao-preto.jpg?fit=1200%2C800&ssl=1&resize=1050%2C600 3x"},"classes":[]},{"id":33420,"url":"https:\/\/noticiasribeiraopreto.com.br\/index.php\/2024\/01\/29\/liminar-suspende-reajuste-da-tarifa-do-vale-transporte\/","url_meta":{"origin":32894,"position":1},"title":"Liminar suspende reajuste da tarifa do vale transporte","author":"noticiasribeiraopreto.com.br","date":"29 de January de 2024","format":false,"excerpt":"A ju\u00edza Lucilene Aparecida Canella de Melo, da 2\u00aa Vara da Fazenda P\u00fablica de Ribeir\u00e3o Preto, concedeu uma liminar suspendendo o reajuste do vale-transporte em que passaria de R$ 5,00 para R$ 6,00 a partir de quinta-feira,1 de fevereiro. A decis\u00e3o foi dada no dia 26 de fevereiro e atendeu\u2026","rel":"","context":"In &quot;Not\u00edcias de Ribeir\u00e3o Preto-SP e Regi\u00e3o&quot;","block_context":{"text":"Not\u00edcias de Ribeir\u00e3o Preto-SP e Regi\u00e3o","link":"https:\/\/noticiasribeiraopreto.com.br\/index.php\/category\/noticias-de-ribeirao-preto-sp-e-regiao-ismael-colosi\/"},"img":{"alt_text":"","src":"https:\/\/i0.wp.com\/noticiasribeiraopreto.com.br\/wp-content\/uploads\/2024\/01\/1-44-scaled.jpg?fit=700%2C446&ssl=1&resize=350%2C200","width":350,"height":200,"srcset":"https:\/\/i0.wp.com\/noticiasribeiraopreto.com.br\/wp-content\/uploads\/2024\/01\/1-44-scaled.jpg?fit=700%2C446&ssl=1&resize=350%2C200 1x, https:\/\/i0.wp.com\/noticiasribeiraopreto.com.br\/wp-content\/uploads\/2024\/01\/1-44-scaled.jpg?fit=700%2C446&ssl=1&resize=525%2C300 1.5x, https:\/\/i0.wp.com\/noticiasribeiraopreto.com.br\/wp-content\/uploads\/2024\/01\/1-44-scaled.jpg?fit=700%2C446&ssl=1&resize=700%2C400 2x"},"classes":[]},{"id":29438,"url":"https:\/\/noticiasribeiraopreto.com.br\/index.php\/2024\/01\/18\/vereadora-aciona-a-justica-contra-aumento-da-tarifa-do-vale-transporte\/","url_meta":{"origin":32894,"position":2},"title":"Vereadora aciona a Justi\u00e7a contra aumento da tarifa do vale transporte","author":"noticiasribeiraopreto.com.br","date":"18 de January de 2024","format":false,"excerpt":"18 de janeiro de 2024 | 11:29 0A vereadora de Ribeir\u00e3o Preto, Judeti Zilli (PT) do Coletivo Popular, protocolou uma A\u00e7\u00e3o Popular, na Justi\u00e7a de Ribeir\u00e3o Preto, pedindo a revoga\u00e7\u00e3o de parte do Decreto 08\/ 2024 do prefeito Duarte Nogueira (PSDB) que fixou o valor da passagem do transporte coletivo\u2026","rel":"","context":"In &quot;Not\u00edcias de Ribeir\u00e3o Preto-SP e Regi\u00e3o&quot;","block_context":{"text":"Not\u00edcias de Ribeir\u00e3o Preto-SP e Regi\u00e3o","link":"https:\/\/noticiasribeiraopreto.com.br\/index.php\/category\/noticias-de-ribeirao-preto-sp-e-regiao-ismael-colosi\/"},"img":{"alt_text":"","src":"https:\/\/i0.wp.com\/noticiasribeiraopreto.com.br\/wp-content\/uploads\/2024\/01\/OnibusRP-Alfredo-Risk-1-scaled.jpg?fit=1000%2C629&ssl=1&resize=350%2C200","width":350,"height":200,"srcset":"https:\/\/i0.wp.com\/noticiasribeiraopreto.com.br\/wp-content\/uploads\/2024\/01\/OnibusRP-Alfredo-Risk-1-scaled.jpg?fit=1000%2C629&ssl=1&resize=350%2C200 1x, https:\/\/i0.wp.com\/noticiasribeiraopreto.com.br\/wp-content\/uploads\/2024\/01\/OnibusRP-Alfredo-Risk-1-scaled.jpg?fit=1000%2C629&ssl=1&resize=525%2C300 1.5x, https:\/\/i0.wp.com\/noticiasribeiraopreto.com.br\/wp-content\/uploads\/2024\/01\/OnibusRP-Alfredo-Risk-1-scaled.jpg?fit=1000%2C629&ssl=1&resize=700%2C400 2x"},"classes":[]},{"id":39764,"url":"https:\/\/noticiasribeiraopreto.com.br\/index.php\/2024\/02\/28\/tribunal-de-justica-mantem-vale-transporte-em-r-5-em-rp\/","url_meta":{"origin":32894,"position":3},"title":"Tribunal de Justi\u00e7a mant\u00e9m vale-transporte em R$ 5\u00a0em RP","author":"noticiasribeiraopreto.com.br","date":"28 de February de 2024","format":false,"excerpt":"28 de fevereiro de 2024 | 9:0027 de fevereiro de 2024 | 19:40 0O Tribunal de Justi\u00e7a de S\u00e3o Paulo (TJSP) manteve a liminar da ju\u00edza Lucilene Aparecida Canella de Melo, da 2\u00aa Vara da Fazenda P\u00fablica de Ribeir\u00e3o Preto, que suspendeu o reajuste de 20% no valor do vale-transporte\u2026","rel":"","context":"In &quot;Not\u00edcias de Ribeir\u00e3o Preto-SP e Regi\u00e3o&quot;","block_context":{"text":"Not\u00edcias de Ribeir\u00e3o Preto-SP e Regi\u00e3o","link":"https:\/\/noticiasribeiraopreto.com.br\/index.php\/category\/noticias-de-ribeirao-preto-sp-e-regiao-ismael-colosi\/"},"img":{"alt_text":"","src":"https:\/\/i0.wp.com\/noticiasribeiraopreto.com.br\/wp-content\/uploads\/2024\/02\/OnibusRP-Alfredo-Risk-2-scaled.jpg?fit=1000%2C538&ssl=1&resize=350%2C200","width":350,"height":200,"srcset":"https:\/\/i0.wp.com\/noticiasribeiraopreto.com.br\/wp-content\/uploads\/2024\/02\/OnibusRP-Alfredo-Risk-2-scaled.jpg?fit=1000%2C538&ssl=1&resize=350%2C200 1x, https:\/\/i0.wp.com\/noticiasribeiraopreto.com.br\/wp-content\/uploads\/2024\/02\/OnibusRP-Alfredo-Risk-2-scaled.jpg?fit=1000%2C538&ssl=1&resize=525%2C300 1.5x, https:\/\/i0.wp.com\/noticiasribeiraopreto.com.br\/wp-content\/uploads\/2024\/02\/OnibusRP-Alfredo-Risk-2-scaled.jpg?fit=1000%2C538&ssl=1&resize=700%2C400 2x"},"classes":[]},{"id":63260,"url":"https:\/\/noticiasribeiraopreto.com.br\/index.php\/2025\/02\/07\/acao-contra-acordo-do-onibus-em-ribeirao-preto-e-extinta-pela-justica-entenda\/","url_meta":{"origin":32894,"position":4},"title":"A\u00e7\u00e3o contra acordo do \u00f4nibus em Ribeir\u00e3o Preto \u00e9 extinta pela Justi\u00e7a; Entenda","author":"noticiasribeiraopreto.com.br","date":"7 de February de 2025","format":false,"excerpt":"A ju\u00edza Lu\u00edsa Helena Carvalho Pita, da 2\u00aa Vara da Fazenda P\u00fablica de Ribeir\u00e3o Preto, julgou extinta e sem resolu\u00e7\u00e3o do m\u00e9rito uma a\u00e7\u00e3o civil p\u00fablica movida em 2016 pelo MP-SP (Minist\u00e9rio P\u00fablico de S\u00e3o Paulo) contra o contrato do transporte coletivo de Ribeir\u00e3o Preto. A senten\u00e7a foi publicada no\u2026","rel":"","context":"In &quot;Not\u00edcias de Ribeir\u00e3o Preto-SP e Regi\u00e3o&quot;","block_context":{"text":"Not\u00edcias de Ribeir\u00e3o Preto-SP e Regi\u00e3o","link":"https:\/\/noticiasribeiraopreto.com.br\/index.php\/category\/noticias-de-ribeirao-preto-sp-e-regiao-ismael-colosi\/"},"img":{"alt_text":"","src":"https:\/\/i0.wp.com\/noticiasribeiraopreto.com.br\/wp-content\/uploads\/2024\/06\/Copia-de-Copia-de-TAMANHO-EXATO-PARA-FOTOS-NO-SISTEMA-NOVO-18_2024-06-07_21-08-27_jpg_2024-06-07_21-08-27.webp.webp?fit=1200%2C675&ssl=1&resize=350%2C200","width":350,"height":200,"srcset":"https:\/\/i0.wp.com\/noticiasribeiraopreto.com.br\/wp-content\/uploads\/2024\/06\/Copia-de-Copia-de-TAMANHO-EXATO-PARA-FOTOS-NO-SISTEMA-NOVO-18_2024-06-07_21-08-27_jpg_2024-06-07_21-08-27.webp.webp?fit=1200%2C675&ssl=1&resize=350%2C200 1x, https:\/\/i0.wp.com\/noticiasribeiraopreto.com.br\/wp-content\/uploads\/2024\/06\/Copia-de-Copia-de-TAMANHO-EXATO-PARA-FOTOS-NO-SISTEMA-NOVO-18_2024-06-07_21-08-27_jpg_2024-06-07_21-08-27.webp.webp?fit=1200%2C675&ssl=1&resize=525%2C300 1.5x, https:\/\/i0.wp.com\/noticiasribeiraopreto.com.br\/wp-content\/uploads\/2024\/06\/Copia-de-Copia-de-TAMANHO-EXATO-PARA-FOTOS-NO-SISTEMA-NOVO-18_2024-06-07_21-08-27_jpg_2024-06-07_21-08-27.webp.webp?fit=1200%2C675&ssl=1&resize=700%2C400 2x, https:\/\/i0.wp.com\/noticiasribeiraopreto.com.br\/wp-content\/uploads\/2024\/06\/Copia-de-Copia-de-TAMANHO-EXATO-PARA-FOTOS-NO-SISTEMA-NOVO-18_2024-06-07_21-08-27_jpg_2024-06-07_21-08-27.webp.webp?fit=1200%2C675&ssl=1&resize=1050%2C600 3x"},"classes":[]},{"id":67908,"url":"https:\/\/noticiasribeiraopreto.com.br\/index.php\/2025\/04\/20\/prefeitura-de-ribeirao-repassa-r-353-milhoes-ao-prourbano-entenda\/","url_meta":{"origin":32894,"position":5},"title":"Prefeitura de Ribeir\u00e3o repassa R$ 35,3 milh\u00f5es ao Pr\u00f3urbano; Entenda","author":"noticiasribeiraopreto.com.br","date":"20 de April de 2025","format":false,"excerpt":"A Prefeitura de Ribeir\u00e3o Preto repassou R$ 35.325.438,03 ao Pr\u00f3urbano neste ano. O valor faz parte do subs\u00eddio destinado \u00e0 opera\u00e7\u00e3o do transporte p\u00fablico na cidade, que est\u00e1 em vigor desde 2023. >>>FIQUE POR DENTRO: Lei obriga nivelamento de tamp\u00f5es nas ruas e avenidas de Ribeir\u00e3o Preto; Entenda Os dados\u2026","rel":"","context":"In &quot;Not\u00edcias de Ribeir\u00e3o Preto-SP e Regi\u00e3o&quot;","block_context":{"text":"Not\u00edcias de Ribeir\u00e3o Preto-SP e Regi\u00e3o","link":"https:\/\/noticiasribeiraopreto.com.br\/index.php\/category\/noticias-de-ribeirao-preto-sp-e-regiao-ismael-colosi\/"},"img":{"alt_text":"","src":"https:\/\/i0.wp.com\/noticiasribeiraopreto.com.br\/wp-content\/uploads\/2024\/10\/WhatsApp-Image-2024-10-17-at-15.21.41-2_2024-10-17_21-55-15_jpeg_2024-10-17_21-55-16-e1729202136692.webp.webp?fit=1200%2C792&ssl=1&resize=350%2C200","width":350,"height":200,"srcset":"https:\/\/i0.wp.com\/noticiasribeiraopreto.com.br\/wp-content\/uploads\/2024\/10\/WhatsApp-Image-2024-10-17-at-15.21.41-2_2024-10-17_21-55-15_jpeg_2024-10-17_21-55-16-e1729202136692.webp.webp?fit=1200%2C792&ssl=1&resize=350%2C200 1x, https:\/\/i0.wp.com\/noticiasribeiraopreto.com.br\/wp-content\/uploads\/2024\/10\/WhatsApp-Image-2024-10-17-at-15.21.41-2_2024-10-17_21-55-15_jpeg_2024-10-17_21-55-16-e1729202136692.webp.webp?fit=1200%2C792&ssl=1&resize=525%2C300 1.5x, https:\/\/i0.wp.com\/noticiasribeiraopreto.com.br\/wp-content\/uploads\/2024\/10\/WhatsApp-Image-2024-10-17-at-15.21.41-2_2024-10-17_21-55-15_jpeg_2024-10-17_21-55-16-e1729202136692.webp.webp?fit=1200%2C792&ssl=1&resize=700%2C400 2x, https:\/\/i0.wp.com\/noticiasribeiraopreto.com.br\/wp-content\/uploads\/2024\/10\/WhatsApp-Image-2024-10-17-at-15.21.41-2_2024-10-17_21-55-15_jpeg_2024-10-17_21-55-16-e1729202136692.webp.webp?fit=1200%2C792&ssl=1&resize=1050%2C600 3x"},"classes":[]}],"jetpack_sharing_enabled":true,"jetpack_shortlink":"https:\/\/wp.me\/peQAOb-8yy","_links":{"self":[{"href":"https:\/\/noticiasribeiraopreto.com.br\/index.php\/wp-json\/wp\/v2\/posts\/32894","targetHints":{"allow":["GET"]}}],"collection":[{"href":"https:\/\/noticiasribeiraopreto.com.br\/index.php\/wp-json\/wp\/v2\/posts"}],"about":[{"href":"https:\/\/noticiasribeiraopreto.com.br\/index.php\/wp-json\/wp\/v2\/types\/post"}],"author":[{"embeddable":true,"href":"https:\/\/noticiasribeiraopreto.com.br\/index.php\/wp-json\/wp\/v2\/users\/1"}],"replies":[{"embeddable":true,"href":"https:\/\/noticiasribeiraopreto.com.br\/index.php\/wp-json\/wp\/v2\/comments?post=32894"}],"version-history":[{"count":0,"href":"https:\/\/noticiasribeiraopreto.com.br\/index.php\/wp-json\/wp\/v2\/posts\/32894\/revisions"}],"wp:featuredmedia":[{"embeddable":true,"href":"https:\/\/noticiasribeiraopreto.com.br\/index.php\/wp-json\/wp\/v2\/media\/32895"}],"wp:attachment":[{"href":"https:\/\/noticiasribeiraopreto.com.br\/index.php\/wp-json\/wp\/v2\/media?parent=32894"}],"wp:term":[{"taxonomy":"category","embeddable":true,"href":"https:\/\/noticiasribeiraopreto.com.br\/index.php\/wp-json\/wp\/v2\/categories?post=32894"},{"taxonomy":"post_tag","embeddable":true,"href":"https:\/\/noticiasribeiraopreto.com.br\/index.php\/wp-json\/wp\/v2\/tags?post=32894"}],"curies":[{"name":"wp","href":"https:\/\/api.w.org\/{rel}","templated":true}]}}