{"id":32906,"date":"2024-01-26T20:34:49","date_gmt":"2024-01-26T23:34:49","guid":{"rendered":"https:\/\/noticiasribeiraopreto.com.br\/index.php\/2024\/01\/26\/a-china-esta-dominada-a-mensagem-mais-mansa-de-pequim-para-os-eua\/"},"modified":"2024-01-26T20:34:49","modified_gmt":"2024-01-26T23:34:49","slug":"a-china-esta-dominada-a-mensagem-mais-mansa-de-pequim-para-os-eua","status":"publish","type":"post","link":"https:\/\/noticiasribeiraopreto.com.br\/index.php\/2024\/01\/26\/a-china-esta-dominada-a-mensagem-mais-mansa-de-pequim-para-os-eua\/","title":{"rendered":"A China est\u00e1 dominada? A mensagem \u201cmais mansa\u201d de Pequim para os EUA"},"content":{"rendered":"<div class='code-block code-block-1' style='margin: 8px 0 8px auto; text-align: right; display: block; clear: both;'>\n<p><a href=\"https:\/\/wa.link\/vpicfd\"><img data-recalc-dims=\"1\" class=\"wp-image-4922\" style=\"aspect-ratio: 2.0253164556962027; width: 561px; height: auto;\" src=\"https:\/\/i0.wp.com\/ismaelcolosi.com.br\/wp-content\/uploads\/2023\/11\/grupo-de-empregos-whatsapp-e-facebook-ismael-colosi-vagas.jpg?ssl=1\" alt=\"\" \/><\/a><\/p>\n<!-- \/wp:image -->\n<\/div>\n<p> <br \/>\n<\/p>\n<div id=\"js-first-letter\">\n<p>Um dos principais pontos de tens\u00e3o no mundo n\u00e3o est\u00e1 no <strong>leste da Europa<\/strong> ou no<strong> Oriente M\u00e9dio<\/strong> e sim entre dois gigantes: <strong>China <\/strong>e <strong>EUA <\/strong>\u2014 e ao que parece, um deles resolveu, ainda que por agora, acalmar os \u00e2nimos e acenar para a paz nos neg\u00f3cios.\u00a0<\/p>\n<p>O ministro do Com\u00e9rcio chin\u00eas, Wang Wentao, disse nesta sexta-feira (26) que as duas maiores economias do mundo est\u00e3o trabalhando para criar um ambiente mais est\u00e1vel e previs\u00edvel para as empresas.\u00a0<\/p>\n<p>Desde a visita da secret\u00e1ria do Com\u00e9rcio dos EUA, Gina Raimondo, \u00e0 China no ano passado, os dois pa\u00edses concordaram em realizar reuni\u00f5es regulares em n\u00edvel ministerial. Wang e Raimondo conversaram por telefone no in\u00edcio deste m\u00eas.<\/p>\n<p>Essa comunica\u00e7\u00e3o \u201cse esfor\u00e7a para criar um bom ambiente para a coopera\u00e7\u00e3o econ\u00f4mica e comercial dos dois pa\u00edses, especialmente na estabiliza\u00e7\u00e3o das expectativas empresariais\u201d, disse Wang em mandarim numa confer\u00eancia de imprensa, traduzida pela CNBC.<\/p>\n<h2 class=\"wp-block-heading\" id=\"h-os-obstaculo-no-caminho\"><strong>Os obst\u00e1culo no caminho <\/strong><\/h2>\n<p>N\u00e3o s\u00e3o poucos os obst\u00e1culos para a conviv\u00eancia pac\u00edfica entre a China e os EUA. Um dos \u00faltimos foi a restri\u00e7\u00e3o tecnol\u00f3gica que Washington imp\u00f4s sobre Pequim.<\/p>\n<p>Nos \u00faltimos dois anos, o governo de Joe Biden emitiu controles de exporta\u00e7\u00e3o que limitam a capacidade das empresas chinesas de comprar tecnologia avan\u00e7ada, como semicondutores de alta qualidade, de empresas norte-americanas.\u00a0<\/p>\n<p>Segundo Washington, essa \u00e9 uma forma de impedir que os militares da China tenham acesso a tecnologia de ponta, ao mesmo tempo que mant\u00e9m \u00e1reas de coopera\u00e7\u00e3o.<\/p>\n<h3 class=\"wp-block-heading\" id=\"h-podcast-touros-e-ursos-o-ano-das-guerras-trump-rumo-a-casas-branca-e-china-mais-fraca-o-impacto-nos-mercados\"><a href=\"https:\/\/www.youtube.com\/watch?v=r-T0sfjC-2s\" target=\"_blank\" rel=\"noreferrer noopener\">PODCAST TOUROS E URSOS &#8211;<\/a> O ano das guerras, Trump rumo \u00e0 Casas Branca e China mais fraca: o impacto nos mercados<\/h3>\n<figure class=\"wp-block-embed is-type-video is-provider-youtube wp-block-embed-youtube wp-embed-aspect-16-9 wp-has-aspect-ratio\">\n<p>\n<iframe loading=\"lazy\" title=\"O ANO DAS GUERRAS, TRUMP RUMO \u00c0 CASA BRANCA E CHINA MAIS FRACA: O IMPACTO NOS MERCADOS\" width=\"500\" height=\"281\" src=\"https:\/\/www.youtube.com\/embed\/r-T0sfjC-2s?feature=oembed\" frameborder=\"0\" allow=\"accelerometer; autoplay; clipboard-write; encrypted-media; gyroscope; picture-in-picture; web-share\" referrerpolicy=\"strict-origin-when-cross-origin\" allowfullscreen><\/iframe>\n<\/p>\n<\/figure>\n<h2 class=\"wp-block-heading\" id=\"h-a-china-cedeu\"><strong>A China cedeu?<\/strong><\/h2>\n<p>No fim do ano passado, a Administra\u00e7\u00e3o do Ciberespa\u00e7o da China (CAC) emitiu um novo projeto de regras que afirmava que nenhuma supervis\u00e3o governamental \u00e9 necess\u00e1ria para as exporta\u00e7\u00f5es de dados se os reguladores n\u00e3o estipularem que isso se qualifica como \u201cimportante\u201d.\u00a0<\/p>\n<p>A medida foi amplamente vista como uma melhoria para as empresas estrangeiras, mas ainda n\u00e3o foi seguida nenhuma pol\u00edtica oficial.<\/p>\n<p>Quando questionado mais cedo sobre uma atualiza\u00e7\u00e3o sobre as regras de dados, Wang apenas disse que \u201co primeiro minist\u00e9rio est\u00e1 intensificando os esfor\u00e7os para divulg\u00e1-los\u201d.<\/p>\n<p>Segundo ele, a China agiu de acordo com um plano de 24 pontos lan\u00e7ado no ano passado para apoiar empresas estrangeiras no pa\u00eds \u2014 com implementa\u00e7\u00e3o ou progresso em \u201cmais de 60%\u201d das medidas.\u00a0<\/p>\n<p>Wang tamb\u00e9m disse que o minist\u00e9rio criou canais regulares para as empresas estrangeiras compartilharem feedbacks.<\/p>\n<\/div>\n<p><br \/>\n<br \/><a href=\"https:\/\/www.seudinheiro.com\/2024\/internacional\/a-china-esta-dominada-a-mensagem-mais-mansa-de-pequim-para-os-eua-ccgg\/\">Source link <\/a><\/p>\n<!-- CONTENT END 1 -->\n","protected":false},"excerpt":{"rendered":"<p>Um dos principais pontos de tens\u00e3o no mundo n\u00e3o est\u00e1 no leste da Europa ou no Oriente M\u00e9dio e sim entre dois gigantes: China e&#8230;<\/p>\n","protected":false},"author":1,"featured_media":32907,"comment_status":"open","ping_status":"open","sticky":false,"template":"","format":"standard","meta":{"advanced_seo_description":"","jetpack_seo_html_title":"","jetpack_seo_noindex":false,"jetpack_post_was_ever_published":false,"_jetpack_newsletter_access":"","_jetpack_dont_email_post_to_subs":false,"_jetpack_newsletter_tier_id":0,"_jetpack_memberships_contains_paywalled_content":false,"_jetpack_memberships_contains_paid_content":false,"footnotes":"","jetpack_publicize_message":"","jetpack_publicize_feature_enabled":true,"jetpack_social_post_already_shared":true,"jetpack_social_options":{"image_generator_settings":{"template":"highway","default_image_id":0,"font":"","enabled":false},"version":2}},"categories":[1235],"tags":[],"class_list":["post-32906","post","type-post","status-publish","format-standard","has-post-thumbnail","hentry","category-dinheiro-e-investimento-como-fazer-como-ganhar"],"jetpack_publicize_connections":[],"jetpack_featured_media_url":"https:\/\/i0.wp.com\/noticiasribeiraopreto.com.br\/wp-content\/uploads\/2024\/01\/shutterstock_1140815438-628x353.jpg?fit=628%2C353&ssl=1","jetpack-related-posts":[{"id":25078,"url":"https:\/\/noticiasribeiraopreto.com.br\/index.php\/2024\/01\/05\/azedou-de-vez-por-que-o-ministro-da-china-disse-que-a-relacao-com-os-eua-nao-e-uma-opcao\/","url_meta":{"origin":32906,"position":0},"title":"Azedou de vez? Por que o ministro da China disse que a rela\u00e7\u00e3o com os EUA \u201cn\u00e3o \u00e9 uma op\u00e7\u00e3o\u201d","author":"noticiasribeiraopreto.com.br","date":"5 de January de 2024","format":false,"excerpt":"Se h\u00e1 algo que ningu\u00e9m quer \u00e9 que as duas maiores economias do mundo entrem em choque. N\u00e3o seria positivo para o mundo globalizado, para as bolsas, para os investimentos e para as pessoas. E, ao que parece, a China resolveu iniciar 2024 levantando a bandeira da paz para os\u2026","rel":"","context":"In &quot;Dinheiro e Investimento&quot;","block_context":{"text":"Dinheiro e Investimento","link":"https:\/\/noticiasribeiraopreto.com.br\/index.php\/category\/dinheiro-e-investimento-como-fazer-como-ganhar\/"},"img":{"alt_text":"","src":"https:\/\/i0.wp.com\/noticiasribeiraopreto.com.br\/wp-content\/uploads\/2024\/01\/Presidente-dos-EUA_-Joe-Biden_-e-o-presidente-da-China_-Xi-Jinping-1-628x353.jpg?fit=628%2C353&ssl=1&resize=350%2C200","width":350,"height":200,"srcset":"https:\/\/i0.wp.com\/noticiasribeiraopreto.com.br\/wp-content\/uploads\/2024\/01\/Presidente-dos-EUA_-Joe-Biden_-e-o-presidente-da-China_-Xi-Jinping-1-628x353.jpg?fit=628%2C353&ssl=1&resize=350%2C200 1x, https:\/\/i0.wp.com\/noticiasribeiraopreto.com.br\/wp-content\/uploads\/2024\/01\/Presidente-dos-EUA_-Joe-Biden_-e-o-presidente-da-China_-Xi-Jinping-1-628x353.jpg?fit=628%2C353&ssl=1&resize=525%2C300 1.5x"},"classes":[]},{"id":35488,"url":"https:\/\/noticiasribeiraopreto.com.br\/index.php\/2024\/02\/06\/china-nao-e-ameaca-aos-eua-ao-menos-nao-no-campo-economico-diz-stuhlberger-da-verde-asset\/","url_meta":{"origin":32906,"position":1},"title":"China n\u00e3o \u00e9 amea\u00e7a aos EUA \u2014 ao menos n\u00e3o no campo econ\u00f4mico, diz Stuhlberger, da Verde Asset","author":"noticiasribeiraopreto.com.br","date":"6 de February de 2024","format":false,"excerpt":"O mundo p\u00f3s-pandemia de covid-19 sofreu uma reorganiza\u00e7\u00e3o na cadeia de distribui\u00e7\u00e3o global. Esse novo cen\u00e1rio levantou a possibilidade de a China superar os Estados Unidos como principal economia do planeta.\u00a0 Mas passados quase quatro anos desde o in\u00edcio da emerg\u00eancia sanit\u00e1ria, o panorama mudou bastante. \u201cEm termos de geopol\u00edtica,\u2026","rel":"","context":"In &quot;Dinheiro e Investimento&quot;","block_context":{"text":"Dinheiro e Investimento","link":"https:\/\/noticiasribeiraopreto.com.br\/index.php\/category\/dinheiro-e-investimento-como-fazer-como-ganhar\/"},"img":{"alt_text":"","src":"https:\/\/i0.wp.com\/noticiasribeiraopreto.com.br\/wp-content\/uploads\/2024\/02\/CREDITSUISSELM16-1-e1699277539251-715x402.jpg?fit=715%2C402&ssl=1&resize=350%2C200","width":350,"height":200,"srcset":"https:\/\/i0.wp.com\/noticiasribeiraopreto.com.br\/wp-content\/uploads\/2024\/02\/CREDITSUISSELM16-1-e1699277539251-715x402.jpg?fit=715%2C402&ssl=1&resize=350%2C200 1x, https:\/\/i0.wp.com\/noticiasribeiraopreto.com.br\/wp-content\/uploads\/2024\/02\/CREDITSUISSELM16-1-e1699277539251-715x402.jpg?fit=715%2C402&ssl=1&resize=525%2C300 1.5x, https:\/\/i0.wp.com\/noticiasribeiraopreto.com.br\/wp-content\/uploads\/2024\/02\/CREDITSUISSELM16-1-e1699277539251-715x402.jpg?fit=715%2C402&ssl=1&resize=700%2C400 2x"},"classes":[]},{"id":63491,"url":"https:\/\/noticiasribeiraopreto.com.br\/index.php\/2025\/02\/14\/brasil-e-eua-caminhos-para-uma-parceria-comercial-sustentavel\/","url_meta":{"origin":32906,"position":2},"title":"Brasil e EUA: Caminhos para uma Parceria Comercial Sustent\u00e1vel","author":"noticiasribeiraopreto.com.br","date":"14 de February de 2025","format":false,"excerpt":"O Brasil e os Estados Unidos continuam a fortalecer seus la\u00e7os comerciais, com um destaque para a balan\u00e7a comercial equilibrada entre os dois pa\u00edses. O vice-presidente Geraldo Alckmin afirmou que o Brasil n\u00e3o representa um \u201cproblema comercial\u201d para os Estados Unidos, ressaltando que, embora algumas tarifas ainda estejam em vigor,\u2026","rel":"","context":"In &quot;Not\u00edcias de Ribeir\u00e3o Preto-SP e Regi\u00e3o&quot;","block_context":{"text":"Not\u00edcias de Ribeir\u00e3o Preto-SP e Regi\u00e3o","link":"https:\/\/noticiasribeiraopreto.com.br\/index.php\/category\/noticias-de-ribeirao-preto-sp-e-regiao-ismael-colosi\/"},"img":{"alt_text":"","src":"https:\/\/i0.wp.com\/noticiasribeiraopreto.com.br\/wp-content\/uploads\/2025\/02\/pzzb5300.webp.webp?fit=1170%2C700&ssl=1&resize=350%2C200","width":350,"height":200,"srcset":"https:\/\/i0.wp.com\/noticiasribeiraopreto.com.br\/wp-content\/uploads\/2025\/02\/pzzb5300.webp.webp?fit=1170%2C700&ssl=1&resize=350%2C200 1x, https:\/\/i0.wp.com\/noticiasribeiraopreto.com.br\/wp-content\/uploads\/2025\/02\/pzzb5300.webp.webp?fit=1170%2C700&ssl=1&resize=525%2C300 1.5x, https:\/\/i0.wp.com\/noticiasribeiraopreto.com.br\/wp-content\/uploads\/2025\/02\/pzzb5300.webp.webp?fit=1170%2C700&ssl=1&resize=700%2C400 2x, https:\/\/i0.wp.com\/noticiasribeiraopreto.com.br\/wp-content\/uploads\/2025\/02\/pzzb5300.webp.webp?fit=1170%2C700&ssl=1&resize=1050%2C600 3x"},"classes":[]},{"id":63489,"url":"https:\/\/noticiasribeiraopreto.com.br\/index.php\/2025\/02\/14\/brasil-e-eua-avaliacao-cautelosa-e-oportunidades-no-comercio-bilateral\/","url_meta":{"origin":32906,"position":3},"title":"Brasil e EUA: Avalia\u00e7\u00e3o Cautelosa e Oportunidades no Com\u00e9rcio Bilateral","author":"noticiasribeiraopreto.com.br","date":"14 de February de 2025","format":false,"excerpt":"O Ministro da Fazenda, Fernando Haddad, tranquilizou o mercado ao afirmar que o Brasil n\u00e3o precisa temer as recentes amea\u00e7as tarif\u00e1rias feitas por Donald Trump. O presidente dos EUA anunciou a implementa\u00e7\u00e3o de tarifas de reciprocidade, mas Haddad destacou que a balan\u00e7a comercial entre os dois pa\u00edses favorece os Estados\u2026","rel":"","context":"In &quot;Not\u00edcias de Ribeir\u00e3o Preto-SP e Regi\u00e3o&quot;","block_context":{"text":"Not\u00edcias de Ribeir\u00e3o Preto-SP e Regi\u00e3o","link":"https:\/\/noticiasribeiraopreto.com.br\/index.php\/category\/noticias-de-ribeirao-preto-sp-e-regiao-ismael-colosi\/"},"img":{"alt_text":"","src":"https:\/\/i0.wp.com\/noticiasribeiraopreto.com.br\/wp-content\/uploads\/2025\/02\/0g0a4294.webp.webp?fit=1170%2C700&ssl=1&resize=350%2C200","width":350,"height":200,"srcset":"https:\/\/i0.wp.com\/noticiasribeiraopreto.com.br\/wp-content\/uploads\/2025\/02\/0g0a4294.webp.webp?fit=1170%2C700&ssl=1&resize=350%2C200 1x, https:\/\/i0.wp.com\/noticiasribeiraopreto.com.br\/wp-content\/uploads\/2025\/02\/0g0a4294.webp.webp?fit=1170%2C700&ssl=1&resize=525%2C300 1.5x, https:\/\/i0.wp.com\/noticiasribeiraopreto.com.br\/wp-content\/uploads\/2025\/02\/0g0a4294.webp.webp?fit=1170%2C700&ssl=1&resize=700%2C400 2x, https:\/\/i0.wp.com\/noticiasribeiraopreto.com.br\/wp-content\/uploads\/2025\/02\/0g0a4294.webp.webp?fit=1170%2C700&ssl=1&resize=1050%2C600 3x"},"classes":[]},{"id":66652,"url":"https:\/\/noticiasribeiraopreto.com.br\/index.php\/2025\/04\/03\/jornal-da-franca-china-produz-um-em-cada-dois-sapatos-feitos-no-mundo-a-concorrencia-e-desleal\/","url_meta":{"origin":32906,"position":4},"title":"Jornal da Franca &#8211; China produz um em cada dois sapatos feitos no mundo; a concorr\u00eancia \u00e9 desleal?","author":"noticiasribeiraopreto.com.br","date":"3 de April de 2025","format":false,"excerpt":"compartilhar no whatsapp compartilhar no telegram compartilhar no facebook compartilhar no linkedin Concorr\u00eancia da ind\u00fastria asi\u00e1tica \u00e9 tida como desleal por associa\u00e7\u00e3o A concorr\u00eancia chinesa, que vem aumentando seus embarques no mundo todo, \u00e9 um entrave para os embarques nacionais, inclusive os cal\u00e7adistas paulistas e francanos. Segundo a Abical\u00e7ados, concorrer\u2026","rel":"","context":"In &quot;Not\u00edcias de Franca-SP&quot;","block_context":{"text":"Not\u00edcias de Franca-SP","link":"https:\/\/noticiasribeiraopreto.com.br\/index.php\/category\/noticias-de-ribeirao-preto-sp-e-regiao-ismael-colosi\/noticias-franca-sp\/"},"img":{"alt_text":"","src":"https:\/\/i0.wp.com\/noticiasribeiraopreto.com.br\/wp-content\/uploads\/2025\/04\/Exportacoes-de-calcados-recuam.jpg?fit=1200%2C815&ssl=1&resize=350%2C200","width":350,"height":200,"srcset":"https:\/\/i0.wp.com\/noticiasribeiraopreto.com.br\/wp-content\/uploads\/2025\/04\/Exportacoes-de-calcados-recuam.jpg?fit=1200%2C815&ssl=1&resize=350%2C200 1x, https:\/\/i0.wp.com\/noticiasribeiraopreto.com.br\/wp-content\/uploads\/2025\/04\/Exportacoes-de-calcados-recuam.jpg?fit=1200%2C815&ssl=1&resize=525%2C300 1.5x, https:\/\/i0.wp.com\/noticiasribeiraopreto.com.br\/wp-content\/uploads\/2025\/04\/Exportacoes-de-calcados-recuam.jpg?fit=1200%2C815&ssl=1&resize=700%2C400 2x, https:\/\/i0.wp.com\/noticiasribeiraopreto.com.br\/wp-content\/uploads\/2025\/04\/Exportacoes-de-calcados-recuam.jpg?fit=1200%2C815&ssl=1&resize=1050%2C600 3x"},"classes":[]},{"id":25290,"url":"https:\/\/noticiasribeiraopreto.com.br\/index.php\/2024\/01\/06\/petroleo-com-os-dias-contados-2024-deve-ser-o-ano-da-energia-limpa-no-mundo\/","url_meta":{"origin":32906,"position":5},"title":"Petr\u00f3leo com os dias contados? 2024 deve ser o ano da energia limpa no mundo","author":"noticiasribeiraopreto.com.br","date":"6 de January de 2024","format":false,"excerpt":"Com a nova energia solar \u00e0 frente, as energias renov\u00e1veis se expandiram em velocidade vertiginosa em 2023, uma tend\u00eancia que, se ampliada, ajudar\u00e1 a afastar a Terra dos combust\u00edveis f\u00f3sseis e a evitar o aquecimento grave e seus efeitos. As energias limpas s\u00e3o atualmente algumas das menos dispendiosas, o que\u2026","rel":"","context":"In &quot;Dinheiro e Investimento&quot;","block_context":{"text":"Dinheiro e Investimento","link":"https:\/\/noticiasribeiraopreto.com.br\/index.php\/category\/dinheiro-e-investimento-como-fazer-como-ganhar\/"},"img":{"alt_text":"","src":"https:\/\/i0.wp.com\/noticiasribeiraopreto.com.br\/wp-content\/uploads\/2024\/01\/Taxacao-do-Sol-painel-solar-3-628x353.jpg?fit=628%2C353&ssl=1&resize=350%2C200","width":350,"height":200,"srcset":"https:\/\/i0.wp.com\/noticiasribeiraopreto.com.br\/wp-content\/uploads\/2024\/01\/Taxacao-do-Sol-painel-solar-3-628x353.jpg?fit=628%2C353&ssl=1&resize=350%2C200 1x, https:\/\/i0.wp.com\/noticiasribeiraopreto.com.br\/wp-content\/uploads\/2024\/01\/Taxacao-do-Sol-painel-solar-3-628x353.jpg?fit=628%2C353&ssl=1&resize=525%2C300 1.5x"},"classes":[]}],"jetpack_sharing_enabled":true,"jetpack_shortlink":"https:\/\/wp.me\/peQAOb-8yK","_links":{"self":[{"href":"https:\/\/noticiasribeiraopreto.com.br\/index.php\/wp-json\/wp\/v2\/posts\/32906","targetHints":{"allow":["GET"]}}],"collection":[{"href":"https:\/\/noticiasribeiraopreto.com.br\/index.php\/wp-json\/wp\/v2\/posts"}],"about":[{"href":"https:\/\/noticiasribeiraopreto.com.br\/index.php\/wp-json\/wp\/v2\/types\/post"}],"author":[{"embeddable":true,"href":"https:\/\/noticiasribeiraopreto.com.br\/index.php\/wp-json\/wp\/v2\/users\/1"}],"replies":[{"embeddable":true,"href":"https:\/\/noticiasribeiraopreto.com.br\/index.php\/wp-json\/wp\/v2\/comments?post=32906"}],"version-history":[{"count":0,"href":"https:\/\/noticiasribeiraopreto.com.br\/index.php\/wp-json\/wp\/v2\/posts\/32906\/revisions"}],"wp:featuredmedia":[{"embeddable":true,"href":"https:\/\/noticiasribeiraopreto.com.br\/index.php\/wp-json\/wp\/v2\/media\/32907"}],"wp:attachment":[{"href":"https:\/\/noticiasribeiraopreto.com.br\/index.php\/wp-json\/wp\/v2\/media?parent=32906"}],"wp:term":[{"taxonomy":"category","embeddable":true,"href":"https:\/\/noticiasribeiraopreto.com.br\/index.php\/wp-json\/wp\/v2\/categories?post=32906"},{"taxonomy":"post_tag","embeddable":true,"href":"https:\/\/noticiasribeiraopreto.com.br\/index.php\/wp-json\/wp\/v2\/tags?post=32906"}],"curies":[{"name":"wp","href":"https:\/\/api.w.org\/{rel}","templated":true}]}}