{"id":3291,"date":"2023-11-17T23:42:59","date_gmt":"2023-11-18T02:42:59","guid":{"rendered":"https:\/\/noticiasribeiraopreto.com.br\/index.php\/2023\/11\/17\/utm_sourcerssutm_mediumrssutm_campaignc4g4o-defeca-no-chao-de-banheiro-publico-e-e-trancado-apos-fazer-ameacas-em-matao\/"},"modified":"2023-11-17T23:42:59","modified_gmt":"2023-11-18T02:42:59","slug":"utm_sourcerssutm_mediumrssutm_campaignc4g4o-defeca-no-chao-de-banheiro-publico-e-e-trancado-apos-fazer-ameacas-em-matao","status":"publish","type":"post","link":"https:\/\/noticiasribeiraopreto.com.br\/index.php\/2023\/11\/17\/utm_sourcerssutm_mediumrssutm_campaignc4g4o-defeca-no-chao-de-banheiro-publico-e-e-trancado-apos-fazer-ameacas-em-matao\/","title":{"rendered":"C4G4O defeca no ch\u00e3o de banheiro p\u00fablico e \u00e9 trancado ap\u00f3s fazer amea\u00e7as em Mat\u00e3o \u2013 X Tudo Ribeir\u00e3o"},"content":{"rendered":"<div class='code-block code-block-1' style='margin: 8px 0 8px auto; text-align: right; display: block; clear: both;'>\n<p><a href=\"https:\/\/wa.link\/vpicfd\"><img data-recalc-dims=\"1\" class=\"wp-image-4922\" style=\"aspect-ratio: 2.0253164556962027; width: 561px; height: auto;\" src=\"https:\/\/i0.wp.com\/ismaelcolosi.com.br\/wp-content\/uploads\/2023\/11\/grupo-de-empregos-whatsapp-e-facebook-ismael-colosi-vagas.jpg?ssl=1\" alt=\"\" \/><\/a><\/p>\n<!-- \/wp:image -->\n<\/div>\n<p> <br \/>\n<\/p>\n<div>\n<p>Um c4g4o de 37 anos, foi trancado no banheiro de um Parque Ecol\u00f3gico da cidade de Mat\u00e3o, ap\u00f3s defecar no ch\u00e3o e amea\u00e7ar uma funcion\u00e1ria do local.\u00a0<\/p>\n<p>Segundo informa\u00e7\u00f5es da PM, uma funcion\u00e1ria do Parque Ecol\u00f3gico Dr. Laert Tarallo Mendes, acionou os Policiais com a informa\u00e7\u00e3o que teria sido amea\u00e7ada por um indiv\u00edduo durante o seu trabalho. Rapidamente os PMs foram at\u00e9 o local na rua It\u00e1polis, e depararam com o acusado alterado trancado dentro do banheiro.\u00a0\u00a0<\/p>\n<p><strong>O C4G4D0R<\/strong><\/p>\n<p>Em depoimento aos Policiais, a v\u00edtima contou que estava desempenhando seu trabalho normalmente, quando deparou com o acusado defecando no ch\u00e3o do banheiro espalhando as fezes por todo o local, e ao chamar sua aten\u00e7\u00e3o, foi amea\u00e7ada pelo rapaz e com receio que pudesse ser agredida, trancou o indiv\u00edduo dentro do banheiro e acionou os PMs.<\/p>\n<p>O rapaz foi algemado e conduzido para Delegacia, onde foi ouvido e o boletim de amea\u00e7a foi lavrado.<\/p>\n<\/p><\/div>\n<p><br \/>\n<br \/><a href=\"https:\/\/xtudoribeirao.com.br\/2023\/11\/17\/c4g4o-defeca-no-chao-de-banheiro-publico-e-e-trancado-apos-fazer-ameacas-em-matao\/?utm_source=rss&#038;utm_medium=rss&#038;utm_campaign=c4g4o-defeca-no-chao-de-banheiro-publico-e-e-trancado-apos-fazer-ameacas-em-matao\">Source link <\/a><\/p>\n<!-- CONTENT END 1 -->\n","protected":false},"excerpt":{"rendered":"<p>Um c4g4o de 37 anos, foi trancado no banheiro de um Parque Ecol\u00f3gico da cidade de Mat\u00e3o, ap\u00f3s defecar no ch\u00e3o e amea\u00e7ar uma funcion\u00e1ria&#8230;<\/p>\n","protected":false},"author":1,"featured_media":3292,"comment_status":"open","ping_status":"open","sticky":false,"template":"","format":"standard","meta":{"advanced_seo_description":"","jetpack_seo_html_title":"","jetpack_seo_noindex":false,"jetpack_post_was_ever_published":false,"_jetpack_newsletter_access":"","_jetpack_dont_email_post_to_subs":false,"_jetpack_newsletter_tier_id":0,"_jetpack_memberships_contains_paywalled_content":false,"_jetpack_memberships_contains_paid_content":false,"footnotes":"","jetpack_publicize_message":"","jetpack_publicize_feature_enabled":true,"jetpack_social_post_already_shared":true,"jetpack_social_options":{"image_generator_settings":{"template":"highway","default_image_id":0,"font":"","enabled":false},"version":2}},"categories":[11],"tags":[285,37,281,278,280,279,284,286,282,26,283,43],"class_list":["post-3291","post","type-post","status-publish","format-standard","has-post-thumbnail","hentry","category-noticias-de-ribeirao-preto-sp-e-regiao-ismael-colosi","tag-ameacas","tag-apos","tag-banheiro","tag-c4g4o","tag-chao","tag-defeca","tag-fazer","tag-matao","tag-publico","tag-ribeirao","tag-trancado","tag-tudo"],"jetpack_publicize_connections":[],"jetpack_featured_media_url":"https:\/\/i0.wp.com\/noticiasribeiraopreto.com.br\/wp-content\/uploads\/2023\/11\/WhatsApp-Image-2023-11-17-at-23.40.21.jpeg?fit=471%2C478&ssl=1","jetpack-related-posts":[{"id":33386,"url":"https:\/\/noticiasribeiraopreto.com.br\/index.php\/2024\/01\/29\/vigia-e-trancado-em-banheiro-durante-assalto-em-ribeirao-preto\/","url_meta":{"origin":3291,"position":0},"title":"Vigia \u00e9 trancado em banheiro durante assalto em Ribeir\u00e3o Preto","author":"noticiasribeiraopreto.com.br","date":"29 de January de 2024","format":false,"excerpt":"Um vigilante de 57 anos foi trancado em um banheiro durante assalto a um posto de combust\u00edveis na madrugada desta segunda-feira (29), na Vila Virg\u00ednia, zona Oeste de Ribeir\u00e3o Preto. Os criminosos levaram um aparelho celular e conseguiram invadir a sala onde fica o cofre da empresa. N\u00e3o foi o\u2026","rel":"","context":"In &quot;Not\u00edcias de Ribeir\u00e3o Preto-SP e Regi\u00e3o&quot;","block_context":{"text":"Not\u00edcias de Ribeir\u00e3o Preto-SP e Regi\u00e3o","link":"https:\/\/noticiasribeiraopreto.com.br\/index.php\/category\/noticias-de-ribeirao-preto-sp-e-regiao-ismael-colosi\/"},"img":{"alt_text":"","src":"https:\/\/i0.wp.com\/noticiasribeiraopreto.com.br\/wp-content\/uploads\/2024\/01\/policia_qru_1024x576_05012021161940.jpg?fit=1024%2C576&ssl=1&resize=350%2C200","width":350,"height":200,"srcset":"https:\/\/i0.wp.com\/noticiasribeiraopreto.com.br\/wp-content\/uploads\/2024\/01\/policia_qru_1024x576_05012021161940.jpg?fit=1024%2C576&ssl=1&resize=350%2C200 1x, https:\/\/i0.wp.com\/noticiasribeiraopreto.com.br\/wp-content\/uploads\/2024\/01\/policia_qru_1024x576_05012021161940.jpg?fit=1024%2C576&ssl=1&resize=525%2C300 1.5x, https:\/\/i0.wp.com\/noticiasribeiraopreto.com.br\/wp-content\/uploads\/2024\/01\/policia_qru_1024x576_05012021161940.jpg?fit=1024%2C576&ssl=1&resize=700%2C400 2x"},"classes":[]},{"id":44602,"url":"https:\/\/noticiasribeiraopreto.com.br\/index.php\/2024\/03\/28\/mulher-flagra-garcom-filmando-dentro-de-banheiro-feminino-em-restaurante-de-ribeirao-preto\/","url_meta":{"origin":3291,"position":1},"title":"Mulher flagra gar\u00e7om filmando dentro de banheiro feminino em restaurante de Ribeir\u00e3o Preto","author":"noticiasribeiraopreto.com.br","date":"28 de March de 2024","format":false,"excerpt":"Uma mulher, de 35 anos, procurou a pol\u00edcia para denunciar um gar\u00e7om, por importuna\u00e7\u00e3o sexual, na noite desta quarta-feira (27), ap\u00f3s ela flagrar que estava sendo filmada enquanto utilizava o banheiro de um restaurante na zona Sul de Ribeir\u00e3o Preto. A v\u00edtima relatou no boletim de ocorr\u00eancia (BO), que estava\u2026","rel":"","context":"In &quot;Not\u00edcias de Ribeir\u00e3o Preto-SP e Regi\u00e3o&quot;","block_context":{"text":"Not\u00edcias de Ribeir\u00e3o Preto-SP e Regi\u00e3o","link":"https:\/\/noticiasribeiraopreto.com.br\/index.php\/category\/noticias-de-ribeirao-preto-sp-e-regiao-ismael-colosi\/"},"img":{"alt_text":"","src":"https:\/\/i0.wp.com\/noticiasribeiraopreto.com.br\/wp-content\/uploads\/2024\/03\/1711660462_HomemmorreapscairdeandaimeenquantotrabalhavaemRibeiroPreto_Tamanho_2_image.jpg?fit=1200%2C900&ssl=1&resize=350%2C200","width":350,"height":200,"srcset":"https:\/\/i0.wp.com\/noticiasribeiraopreto.com.br\/wp-content\/uploads\/2024\/03\/1711660462_HomemmorreapscairdeandaimeenquantotrabalhavaemRibeiroPreto_Tamanho_2_image.jpg?fit=1200%2C900&ssl=1&resize=350%2C200 1x, https:\/\/i0.wp.com\/noticiasribeiraopreto.com.br\/wp-content\/uploads\/2024\/03\/1711660462_HomemmorreapscairdeandaimeenquantotrabalhavaemRibeiroPreto_Tamanho_2_image.jpg?fit=1200%2C900&ssl=1&resize=525%2C300 1.5x, https:\/\/i0.wp.com\/noticiasribeiraopreto.com.br\/wp-content\/uploads\/2024\/03\/1711660462_HomemmorreapscairdeandaimeenquantotrabalhavaemRibeiroPreto_Tamanho_2_image.jpg?fit=1200%2C900&ssl=1&resize=700%2C400 2x, https:\/\/i0.wp.com\/noticiasribeiraopreto.com.br\/wp-content\/uploads\/2024\/03\/1711660462_HomemmorreapscairdeandaimeenquantotrabalhavaemRibeiroPreto_Tamanho_2_image.jpg?fit=1200%2C900&ssl=1&resize=1050%2C600 3x"},"classes":[]},{"id":68506,"url":"https:\/\/noticiasribeiraopreto.com.br\/index.php\/2025\/04\/25\/justica-acata-pedido-contra-professor-da-usp-acusado-de-discriminacao-racial\/","url_meta":{"origin":3291,"position":2},"title":"Justi\u00e7a acata pedido contra professor da USP acusado de discrimina\u00e7\u00e3o racial","author":"noticiasribeiraopreto.com.br","date":"25 de April de 2025","format":false,"excerpt":"A Justi\u00e7a tornou r\u00e9u o professor da Faculdade de Medicina da USP (Universidade de S\u00e3o Paulo) de Ribeir\u00e3o Preto, acusado de discrimina\u00e7\u00e3o racial contra duas alunas travestis. O caso aconteceu em novembro de 2023. Na decis\u00e3o, publicada na \u00faltima quarta-feira (23), o juiz da 5\u00aa Vara Criminal, Lucas Ducatti Marquez\u2026","rel":"","context":"In &quot;Not\u00edcias de Ribeir\u00e3o Preto-SP e Regi\u00e3o&quot;","block_context":{"text":"Not\u00edcias de Ribeir\u00e3o Preto-SP e Regi\u00e3o","link":"https:\/\/noticiasribeiraopreto.com.br\/index.php\/category\/noticias-de-ribeirao-preto-sp-e-regiao-ismael-colosi\/"},"img":{"alt_text":"","src":"https:\/\/i0.wp.com\/noticiasribeiraopreto.com.br\/wp-content\/uploads\/2024\/10\/Copia-de-Copia-de-Copia-de-TAMANHO-EXATO-PARA-FOTOS-NO-SISTEMA-NOVO-47_2024-10-25_23-42-16_png_2024-10-25_23-42-17.webp.webp?fit=1200%2C675&ssl=1&resize=350%2C200","width":350,"height":200,"srcset":"https:\/\/i0.wp.com\/noticiasribeiraopreto.com.br\/wp-content\/uploads\/2024\/10\/Copia-de-Copia-de-Copia-de-TAMANHO-EXATO-PARA-FOTOS-NO-SISTEMA-NOVO-47_2024-10-25_23-42-16_png_2024-10-25_23-42-17.webp.webp?fit=1200%2C675&ssl=1&resize=350%2C200 1x, https:\/\/i0.wp.com\/noticiasribeiraopreto.com.br\/wp-content\/uploads\/2024\/10\/Copia-de-Copia-de-Copia-de-TAMANHO-EXATO-PARA-FOTOS-NO-SISTEMA-NOVO-47_2024-10-25_23-42-16_png_2024-10-25_23-42-17.webp.webp?fit=1200%2C675&ssl=1&resize=525%2C300 1.5x, https:\/\/i0.wp.com\/noticiasribeiraopreto.com.br\/wp-content\/uploads\/2024\/10\/Copia-de-Copia-de-Copia-de-TAMANHO-EXATO-PARA-FOTOS-NO-SISTEMA-NOVO-47_2024-10-25_23-42-16_png_2024-10-25_23-42-17.webp.webp?fit=1200%2C675&ssl=1&resize=700%2C400 2x, https:\/\/i0.wp.com\/noticiasribeiraopreto.com.br\/wp-content\/uploads\/2024\/10\/Copia-de-Copia-de-Copia-de-TAMANHO-EXATO-PARA-FOTOS-NO-SISTEMA-NOVO-47_2024-10-25_23-42-16_png_2024-10-25_23-42-17.webp.webp?fit=1200%2C675&ssl=1&resize=1050%2C600 3x"},"classes":[]},{"id":55920,"url":"https:\/\/noticiasribeiraopreto.com.br\/index.php\/2024\/08\/07\/professor-da-usp-e-afastado-do-hc-de-ribeirao-apos-denuncia-de-transfobia\/","url_meta":{"origin":3291,"position":3},"title":"Professor da USP \u00e9 afastado do HC de Ribeir\u00e3o ap\u00f3s den\u00fancia de transfobia","author":"noticiasribeiraopreto.com.br","date":"7 de August de 2024","format":false,"excerpt":"O Hospital das Cl\u00ednicas de Ribeir\u00e3o Preto (HC) afastou por 180 dias o professor Jyrson Guilherme Klamt, denunciado por transfobia depois de ofender duas alunas travestis em novembro de 2023. A decis\u00e3o do hospital foi publicada no Di\u00e1rio Oficial do Estado de S\u00e3o Paulo na segunda-feira (5). A medida foi\u2026","rel":"","context":"In &quot;Not\u00edcias de Ribeir\u00e3o Preto-SP e Regi\u00e3o&quot;","block_context":{"text":"Not\u00edcias de Ribeir\u00e3o Preto-SP e Regi\u00e3o","link":"https:\/\/noticiasribeiraopreto.com.br\/index.php\/category\/noticias-de-ribeirao-preto-sp-e-regiao-ismael-colosi\/"},"img":{"alt_text":"","src":"https:\/\/i0.wp.com\/noticiasribeiraopreto.com.br\/wp-content\/uploads\/2024\/08\/Copia-de-Copia-de-TAMANHO-EXATO-PARA-FOTOS-NO-SISTEMA-NOVO-2024-08-07T202446.247_2024-08-07_23-25-45_png_2024-08-07_23-25-45.webp.webp?fit=1200%2C675&ssl=1&resize=350%2C200","width":350,"height":200,"srcset":"https:\/\/i0.wp.com\/noticiasribeiraopreto.com.br\/wp-content\/uploads\/2024\/08\/Copia-de-Copia-de-TAMANHO-EXATO-PARA-FOTOS-NO-SISTEMA-NOVO-2024-08-07T202446.247_2024-08-07_23-25-45_png_2024-08-07_23-25-45.webp.webp?fit=1200%2C675&ssl=1&resize=350%2C200 1x, https:\/\/i0.wp.com\/noticiasribeiraopreto.com.br\/wp-content\/uploads\/2024\/08\/Copia-de-Copia-de-TAMANHO-EXATO-PARA-FOTOS-NO-SISTEMA-NOVO-2024-08-07T202446.247_2024-08-07_23-25-45_png_2024-08-07_23-25-45.webp.webp?fit=1200%2C675&ssl=1&resize=525%2C300 1.5x, https:\/\/i0.wp.com\/noticiasribeiraopreto.com.br\/wp-content\/uploads\/2024\/08\/Copia-de-Copia-de-TAMANHO-EXATO-PARA-FOTOS-NO-SISTEMA-NOVO-2024-08-07T202446.247_2024-08-07_23-25-45_png_2024-08-07_23-25-45.webp.webp?fit=1200%2C675&ssl=1&resize=700%2C400 2x, https:\/\/i0.wp.com\/noticiasribeiraopreto.com.br\/wp-content\/uploads\/2024\/08\/Copia-de-Copia-de-TAMANHO-EXATO-PARA-FOTOS-NO-SISTEMA-NOVO-2024-08-07T202446.247_2024-08-07_23-25-45_png_2024-08-07_23-25-45.webp.webp?fit=1200%2C675&ssl=1&resize=1050%2C600 3x"},"classes":[]},{"id":784,"url":"https:\/\/noticiasribeiraopreto.com.br\/index.php\/2023\/11\/09\/alunas-de-medicina-da-usp-ribeirao-denunciam-professor-por-transfobia\/","url_meta":{"origin":3291,"position":4},"title":"Alunas de medicina da USP Ribeir\u00e3o denunciam professor por transfobia","author":"noticiasribeiraopreto.com.br","date":"9 de November de 2023","format":false,"excerpt":"Duas estudantes da FMRP (Faculdade de Medicina de Ribeir\u00e3o Preto) da USP (Universidade de S\u00e3o Paulo) registraram um Boletim de Ocorr\u00eancia (BO) contra um professor por transfobia. As duas mulheres, que s\u00e3o as primeiras alunas transexuais do curso, disseram que foram amea\u00e7adas e ofendidas pelo homem, um dia ap\u00f3s a\u2026","rel":"","context":"In &quot;Not\u00edcias de Ribeir\u00e3o Preto-SP e Regi\u00e3o&quot;","block_context":{"text":"Not\u00edcias de Ribeir\u00e3o Preto-SP e Regi\u00e3o","link":"https:\/\/noticiasribeiraopreto.com.br\/index.php\/category\/noticias-de-ribeirao-preto-sp-e-regiao-ismael-colosi\/"},"img":{"alt_text":"","src":"https:\/\/i0.wp.com\/noticiasribeiraopreto.com.br\/wp-content\/uploads\/2023\/11\/faculdade-de-medicina-da-usp-ribeirao-preto.jpg?fit=1000%2C525&ssl=1&resize=350%2C200","width":350,"height":200,"srcset":"https:\/\/i0.wp.com\/noticiasribeiraopreto.com.br\/wp-content\/uploads\/2023\/11\/faculdade-de-medicina-da-usp-ribeirao-preto.jpg?fit=1000%2C525&ssl=1&resize=350%2C200 1x, https:\/\/i0.wp.com\/noticiasribeiraopreto.com.br\/wp-content\/uploads\/2023\/11\/faculdade-de-medicina-da-usp-ribeirao-preto.jpg?fit=1000%2C525&ssl=1&resize=525%2C300 1.5x, https:\/\/i0.wp.com\/noticiasribeiraopreto.com.br\/wp-content\/uploads\/2023\/11\/faculdade-de-medicina-da-usp-ribeirao-preto.jpg?fit=1000%2C525&ssl=1&resize=700%2C400 2x"},"classes":[]},{"id":25849,"url":"https:\/\/noticiasribeiraopreto.com.br\/index.php\/2024\/01\/08\/marido-chama-pm-para-tirar-amante-da-esposa-trancado-no-quarto-do-casal-e-final-da-historia-e-na-delegacia\/","url_meta":{"origin":3291,"position":5},"title":"Marido chama PM para tirar amante da esposa trancado no quarto do casal e final da hist\u00f3ria \u00e9 na delegacia","author":"noticiasribeiraopreto.com.br","date":"8 de January de 2024","format":false,"excerpt":"Uma situa\u00e7\u00e3o inusitada fez com que a pol\u00edcia precisasse ter acionada por um morador de Bataguassu, a 340 quil\u00f4metros de Campo Grande, no estado do Rio Grande do Sul.\u00c9 que o homem chegou em casa e se deparou com sua esposa com o amante no quarto do casal. O marido,\u2026","rel":"","context":"In &quot;Blog&quot;","block_context":{"text":"Blog","link":"https:\/\/noticiasribeiraopreto.com.br\/index.php\/category\/blog\/"},"img":{"alt_text":"","src":"https:\/\/i0.wp.com\/noticiasribeiraopreto.com.br\/wp-content\/uploads\/2024\/01\/postimg-659c3beef06c79276.jpg?fit=1200%2C628&ssl=1&resize=350%2C200","width":350,"height":200,"srcset":"https:\/\/i0.wp.com\/noticiasribeiraopreto.com.br\/wp-content\/uploads\/2024\/01\/postimg-659c3beef06c79276.jpg?fit=1200%2C628&ssl=1&resize=350%2C200 1x, https:\/\/i0.wp.com\/noticiasribeiraopreto.com.br\/wp-content\/uploads\/2024\/01\/postimg-659c3beef06c79276.jpg?fit=1200%2C628&ssl=1&resize=525%2C300 1.5x, https:\/\/i0.wp.com\/noticiasribeiraopreto.com.br\/wp-content\/uploads\/2024\/01\/postimg-659c3beef06c79276.jpg?fit=1200%2C628&ssl=1&resize=700%2C400 2x, https:\/\/i0.wp.com\/noticiasribeiraopreto.com.br\/wp-content\/uploads\/2024\/01\/postimg-659c3beef06c79276.jpg?fit=1200%2C628&ssl=1&resize=1050%2C600 3x"},"classes":[]}],"jetpack_sharing_enabled":true,"jetpack_shortlink":"https:\/\/wp.me\/peQAOb-R5","_links":{"self":[{"href":"https:\/\/noticiasribeiraopreto.com.br\/index.php\/wp-json\/wp\/v2\/posts\/3291","targetHints":{"allow":["GET"]}}],"collection":[{"href":"https:\/\/noticiasribeiraopreto.com.br\/index.php\/wp-json\/wp\/v2\/posts"}],"about":[{"href":"https:\/\/noticiasribeiraopreto.com.br\/index.php\/wp-json\/wp\/v2\/types\/post"}],"author":[{"embeddable":true,"href":"https:\/\/noticiasribeiraopreto.com.br\/index.php\/wp-json\/wp\/v2\/users\/1"}],"replies":[{"embeddable":true,"href":"https:\/\/noticiasribeiraopreto.com.br\/index.php\/wp-json\/wp\/v2\/comments?post=3291"}],"version-history":[{"count":0,"href":"https:\/\/noticiasribeiraopreto.com.br\/index.php\/wp-json\/wp\/v2\/posts\/3291\/revisions"}],"wp:featuredmedia":[{"embeddable":true,"href":"https:\/\/noticiasribeiraopreto.com.br\/index.php\/wp-json\/wp\/v2\/media\/3292"}],"wp:attachment":[{"href":"https:\/\/noticiasribeiraopreto.com.br\/index.php\/wp-json\/wp\/v2\/media?parent=3291"}],"wp:term":[{"taxonomy":"category","embeddable":true,"href":"https:\/\/noticiasribeiraopreto.com.br\/index.php\/wp-json\/wp\/v2\/categories?post=3291"},{"taxonomy":"post_tag","embeddable":true,"href":"https:\/\/noticiasribeiraopreto.com.br\/index.php\/wp-json\/wp\/v2\/tags?post=3291"}],"curies":[{"name":"wp","href":"https:\/\/api.w.org\/{rel}","templated":true}]}}