{"id":32964,"date":"2024-01-27T01:47:13","date_gmt":"2024-01-27T04:47:13","guid":{"rendered":"https:\/\/noticiasribeiraopreto.com.br\/index.php\/2024\/01\/27\/sesi-rp-tera-troca-de-livros\/"},"modified":"2024-01-27T01:47:13","modified_gmt":"2024-01-27T04:47:13","slug":"sesi-rp-tera-troca-de-livros","status":"publish","type":"post","link":"https:\/\/noticiasribeiraopreto.com.br\/index.php\/2024\/01\/27\/sesi-rp-tera-troca-de-livros\/","title":{"rendered":"Sesi-RP ter\u00e1 troca de livros\u00a0"},"content":{"rendered":"<div class='code-block code-block-1' style='margin: 8px 0 8px auto; text-align: right; display: block; clear: both;'>\n<p><a href=\"https:\/\/wa.link\/vpicfd\"><img data-recalc-dims=\"1\" class=\"wp-image-4922\" style=\"aspect-ratio: 2.0253164556962027; width: 561px; height: auto;\" src=\"https:\/\/i0.wp.com\/ismaelcolosi.com.br\/wp-content\/uploads\/2023\/11\/grupo-de-empregos-whatsapp-e-facebook-ismael-colosi-vagas.jpg?ssl=1\" alt=\"\" \/><\/a><\/p>\n<!-- \/wp:image -->\n<\/div>\n<p> <br \/>\n<\/p>\n<div id=\"\">\n<p> <span class=\"entry-meta-item penci-posted-on\"><i class=\"fa fa-clock-o\"\/><time class=\"entry-date published\" datetime=\"2024-01-26T15:00:36-03:00\">26 de janeiro de 2024 | 15:00<\/time><time class=\"updated\" datetime=\"2024-01-25T20:15:44-03:00\">25 de janeiro de 2024 | 20:15<\/time><\/span><\/p>\n<p> <span class=\"penci-social-buttons penci-social-share-footer\"><a href=\"#\" class=\"penci-post-like penci_post-meta_item  single-like-button penci-social-item like\" data-post_id=\"370529\" title=\"Like\" data-like=\"Like\" data-unlike=\"Unlike\"><i class=\"fa fa-thumbs-o-up\"\/><span class=\"penci-share-number\">0<\/span><\/a><i class=\"fa fa-facebook\"\/><a class=\"penci-social-item twitter\" target=\"_blank\" rel=\"noopener\" title=\"\" href=\"https:\/\/twitter.com\/intent\/tweet?text=Sesi-RP%20ter\u00e1%20troca%20de%20livros\u00a0%20-%20https:\/\/www.tribunaribeirao.com.br\/site\/sesi-rp-tera-troca-de-livros\/\"><i class=\"fa fa-twitter\"\/><\/a><i class=\"fa fa-whatsapp\"\/><\/span><\/div>\n<div>\n<p><span data-contrast=\"auto\">Em um convite \u00e0 celebra\u00e7\u00e3o da leitura e da cultura, o Sesi Ribeir\u00e3o Preto tem a honra de apresentar a 1\u00aa Feira de Troca de Livros. Este evento liter\u00e1rio inovador visa promover a troca de conhecimento e experi\u00eancias entre os amantes da literatura, proporcionando um ambiente \u00fanico onde as p\u00e1ginas ganham vida.<\/span><\/p>\n<p><span data-contrast=\"auto\">Ser\u00e1 em 27 de janeiro, \u00faltimo s\u00e1bado do m\u00eas, das nove \u00e0s 13 horas, no Teatro do Servi\u00e7o Social da Ind\u00fastria de Ribeir\u00e3o Preto. Fica na rua Jo\u00e3o Ignacchitti s\/n\u00ba, Jardim Castelo Branco, Zona Leste da cidade. A entrada \u00e9 gratuita a todas as pessoas. A secretaria do CAT Sesi Ribeir\u00e3o Preto fica na rua Dom Lu\u00eds do Amaral Mousinho n\u00ba 3.465. Mais informa\u00e7\u00f5es pelo telefone (16) 3603-7300. <\/span><\/p>\n<p><span data-contrast=\"auto\">Ao adentrar este universo liter\u00e1rio, os participantes ser\u00e3o envolvidos por um espa\u00e7o repletos de hist\u00f3rias que esperam encontrar novos leitores \u00e1vidos por descobrir mundos ainda desconhecidos. A proposta \u00e9 simples e encantadora: traga um livro, deixe-o seguir para novas m\u00e3os \u00e1vidas por sua narrativa, e escolha uma nova obra para preencher seu cora\u00e7\u00e3o e mente.<\/span><\/p>\n<p><span data-contrast=\"auto\">A diversidade liter\u00e1ria ser\u00e1 a estrela deste evento, abrangendo desde cl\u00e1ssicos intemporais at\u00e9 lan\u00e7amentos contempor\u00e2neos, com espa\u00e7o para todos os gostos e idades. Fa\u00e7a parte desta jornada liter\u00e1ria, onde cada livro conta uma hist\u00f3ria \u00fanica e cada leitor se torna um agente de dissemina\u00e7\u00e3o do prazer da leitura. <\/span><\/p>\n<p><span data-contrast=\"auto\">A 1\u00aa Feira de Troca de Livros do Sesi Ribeir\u00e3o Preto promete ser um marco cultural na cidade, unindo pessoas atrav\u00e9s das palavras e fortalecendo a comunidade leitora. Prepare-se para trocar, descobrir e se encantar nesta celebra\u00e7\u00e3o liter\u00e1ria que ficar\u00e1 marcada na mem\u00f3ria de todos os participantes.<\/span><\/p>\n<p><b><span data-contrast=\"none\">Servi\u00e7o<\/span><\/b><br \/><b><span data-contrast=\"none\">Evento<\/span><\/b><span data-contrast=\"auto\">: 1\u00aa Feira <\/span>\u00a0<span data-contrast=\"auto\">de Troca de Livros<\/span><br \/><b><span data-contrast=\"auto\">Quando: <\/span><\/b><span data-contrast=\"auto\">s\u00e1bado, <\/span>\u00a0<span data-contrast=\"auto\">27 de janeiro <\/span><br \/><b><span data-contrast=\"auto\">Hor\u00e1rio: <\/span><\/b><span data-contrast=\"auto\">das nove<\/span> <span data-contrast=\"auto\">\u00e0s 13 horas <\/span><br \/><b><span data-contrast=\"auto\">Onde:<\/span><\/b><span data-contrast=\"auto\"> Teatro do Sesi <\/span>\u00a0<span data-contrast=\"auto\">de Ribeir\u00e3o Preto<\/span><br \/><b><span data-contrast=\"auto\">Endere\u00e7o:<\/span><\/b><span data-contrast=\"auto\"> rua Jo\u00e3o <\/span><span data-contrast=\"auto\">Ignacchitti s\/n\u00ba,<\/span> <span data-contrast=\"auto\">Castelo Branco<\/span><br \/><b><span data-contrast=\"auto\">Informa\u00e7\u00f5es:<\/span><\/b><span data-contrast=\"auto\"> (16) 3603-7337<\/span><br \/><b><span data-contrast=\"auto\">Entrada:<\/span><\/b><span data-contrast=\"auto\"> gratuita<\/span><br \/><b><span data-contrast=\"auto\">Censura:<\/span><\/b><span data-contrast=\"auto\"> livre<\/span><span data-ccp-props=\"{&quot;201341983&quot;:0,&quot;335559739&quot;:200,&quot;335559740&quot;:276}\">\u00a0<\/span><\/p>\n<p><span data-ccp-props=\"{&quot;201341983&quot;:0,&quot;335559739&quot;:200,&quot;335559740&quot;:276}\">\u00a0<\/span><\/p>\n<p><span data-ccp-props=\"{&quot;201341983&quot;:0,&quot;335559739&quot;:200,&quot;335559740&quot;:276}\">\u00a0<\/span><\/p>\n<p><span data-contrast=\"auto\">\u00a0<\/span><span data-ccp-props=\"{&quot;201341983&quot;:0,&quot;335559739&quot;:200,&quot;335559740&quot;:276}\">\u00a0<\/span><\/p>\n<p><span data-ccp-props=\"{&quot;201341983&quot;:0,&quot;335559739&quot;:200,&quot;335559740&quot;:276}\">\u00a0<\/span><\/p>\n<\/div>\n<p><script async src=\"\/\/platform.twitter.com\/widgets.js\" charset=\"utf-8\"><\/script><br \/>\n<br \/><br \/>\n<br \/><a href=\"https:\/\/www.tribunaribeirao.com.br\/site\/sesi-rp-tera-troca-de-livros\/\">Source link <\/a><\/p>\n<!-- CONTENT END 1 -->\n","protected":false},"excerpt":{"rendered":"<p>26 de janeiro de 2024 | 15:0025 de janeiro de 2024 | 20:15 0 Em um convite \u00e0 celebra\u00e7\u00e3o da leitura e da cultura, o&#8230;<\/p>\n","protected":false},"author":1,"featured_media":32965,"comment_status":"open","ping_status":"open","sticky":false,"template":"","format":"standard","meta":{"advanced_seo_description":"","jetpack_seo_html_title":"","jetpack_seo_noindex":false,"jetpack_post_was_ever_published":false,"_jetpack_newsletter_access":"","_jetpack_dont_email_post_to_subs":false,"_jetpack_newsletter_tier_id":0,"_jetpack_memberships_contains_paywalled_content":false,"_jetpack_memberships_contains_paid_content":false,"footnotes":"","jetpack_publicize_message":"","jetpack_publicize_feature_enabled":true,"jetpack_social_post_already_shared":true,"jetpack_social_options":{"image_generator_settings":{"template":"highway","default_image_id":0,"font":"","enabled":false},"version":2}},"categories":[11],"tags":[2338,3911,679,297],"class_list":["post-32964","post","type-post","status-publish","format-standard","has-post-thumbnail","hentry","category-noticias-de-ribeirao-preto-sp-e-regiao-ismael-colosi","tag-livros","tag-sesirp","tag-tera","tag-troca"],"jetpack_publicize_connections":[],"jetpack_featured_media_url":"https:\/\/i0.wp.com\/noticiasribeiraopreto.com.br\/wp-content\/uploads\/2024\/01\/Livro-Rovena-Rosa-Ag.Br_.d-scaled.jpg?fit=1000%2C598&ssl=1","jetpack-related-posts":[{"id":44239,"url":"https:\/\/noticiasribeiraopreto.com.br\/index.php\/2024\/03\/26\/musica-teatro-e-troca-de-livros-confira-a-programacao-do-sesi-ribeirao-preto\/","url_meta":{"origin":32964,"position":0},"title":"M\u00fasica, teatro e troca de livros: Confira a programa\u00e7\u00e3o do Sesi Ribeir\u00e3o Preto","author":"noticiasribeiraopreto.com.br","date":"26 de March de 2024","format":false,"excerpt":"Neste fim de semana, o Sesi Ribeir\u00e3o Preto conta com uma programa\u00e7\u00e3o para toda fam\u00edlia. Entre as atra\u00e7\u00f5es est\u00e3o m\u00fasica, teatro \u201clambe-lambe\u201d, feira de troca de livros e at\u00e9 hora do lanche para o p\u00fablico. No s\u00e1bado (30), das 9h \u00e0s 16h acontece \u00e0 quarta edi\u00e7\u00e3o da \u201cLivro por Livro\u201d\u2026","rel":"","context":"In &quot;Not\u00edcias de Ribeir\u00e3o Preto-SP e Regi\u00e3o&quot;","block_context":{"text":"Not\u00edcias de Ribeir\u00e3o Preto-SP e Regi\u00e3o","link":"https:\/\/noticiasribeiraopreto.com.br\/index.php\/category\/noticias-de-ribeirao-preto-sp-e-regiao-ismael-colosi\/"},"img":{"alt_text":"","src":"https:\/\/i0.wp.com\/noticiasribeiraopreto.com.br\/wp-content\/uploads\/2024\/03\/Copia-de-Copia-de-TAMANHO-EXATO-PARA-FOTOS-NO-SISTEMA-NOVO-5-1.jpg?fit=1200%2C675&ssl=1&resize=350%2C200","width":350,"height":200,"srcset":"https:\/\/i0.wp.com\/noticiasribeiraopreto.com.br\/wp-content\/uploads\/2024\/03\/Copia-de-Copia-de-TAMANHO-EXATO-PARA-FOTOS-NO-SISTEMA-NOVO-5-1.jpg?fit=1200%2C675&ssl=1&resize=350%2C200 1x, https:\/\/i0.wp.com\/noticiasribeiraopreto.com.br\/wp-content\/uploads\/2024\/03\/Copia-de-Copia-de-TAMANHO-EXATO-PARA-FOTOS-NO-SISTEMA-NOVO-5-1.jpg?fit=1200%2C675&ssl=1&resize=525%2C300 1.5x, https:\/\/i0.wp.com\/noticiasribeiraopreto.com.br\/wp-content\/uploads\/2024\/03\/Copia-de-Copia-de-TAMANHO-EXATO-PARA-FOTOS-NO-SISTEMA-NOVO-5-1.jpg?fit=1200%2C675&ssl=1&resize=700%2C400 2x, https:\/\/i0.wp.com\/noticiasribeiraopreto.com.br\/wp-content\/uploads\/2024\/03\/Copia-de-Copia-de-TAMANHO-EXATO-PARA-FOTOS-NO-SISTEMA-NOVO-5-1.jpg?fit=1200%2C675&ssl=1&resize=1050%2C600 3x"},"classes":[]},{"id":32817,"url":"https:\/\/noticiasribeiraopreto.com.br\/index.php\/2024\/01\/26\/ribeirao-preto-tera-feira-de-troca-de-livros-neste-sabado-veja-como-participar\/","url_meta":{"origin":32964,"position":1},"title":"Ribeir\u00e3o Preto ter\u00e1 Feira de Troca de Livros neste s\u00e1bado; Veja como participar","author":"noticiasribeiraopreto.com.br","date":"26 de January de 2024","format":false,"excerpt":"A segunda edi\u00e7\u00e3o da Feira de Troca de Livros \u201cLivro por Livro\u201d acontece neste s\u00e1bado (27), em frente ao Teatro do Sesi, no bairro Jardim Castelo Branco em Ribeir\u00e3o Preto. O evento, que \u00e9 de gra\u00e7a e aberto ao p\u00fablico, acontece das 9h \u00e0s 13h. Os interessados em participar podem\u2026","rel":"","context":"In &quot;Not\u00edcias de Ribeir\u00e3o Preto-SP e Regi\u00e3o&quot;","block_context":{"text":"Not\u00edcias de Ribeir\u00e3o Preto-SP e Regi\u00e3o","link":"https:\/\/noticiasribeiraopreto.com.br\/index.php\/category\/noticias-de-ribeirao-preto-sp-e-regiao-ismael-colosi\/"},"img":{"alt_text":"","src":"https:\/\/i0.wp.com\/noticiasribeiraopreto.com.br\/wp-content\/uploads\/2024\/01\/estudantes-segurando-livros-parque-scaled.jpg?fit=1200%2C801&ssl=1&resize=350%2C200","width":350,"height":200,"srcset":"https:\/\/i0.wp.com\/noticiasribeiraopreto.com.br\/wp-content\/uploads\/2024\/01\/estudantes-segurando-livros-parque-scaled.jpg?fit=1200%2C801&ssl=1&resize=350%2C200 1x, https:\/\/i0.wp.com\/noticiasribeiraopreto.com.br\/wp-content\/uploads\/2024\/01\/estudantes-segurando-livros-parque-scaled.jpg?fit=1200%2C801&ssl=1&resize=525%2C300 1.5x, https:\/\/i0.wp.com\/noticiasribeiraopreto.com.br\/wp-content\/uploads\/2024\/01\/estudantes-segurando-livros-parque-scaled.jpg?fit=1200%2C801&ssl=1&resize=700%2C400 2x, https:\/\/i0.wp.com\/noticiasribeiraopreto.com.br\/wp-content\/uploads\/2024\/01\/estudantes-segurando-livros-parque-scaled.jpg?fit=1200%2C801&ssl=1&resize=1050%2C600 3x"},"classes":[]},{"id":47299,"url":"https:\/\/noticiasribeiraopreto.com.br\/index.php\/2024\/04\/25\/ribeirao-preto-tem-show-de-viola-caipira-gratuito-confira-a-programacao-do-sesi\/","url_meta":{"origin":32964,"position":2},"title":"Ribeir\u00e3o Preto tem show de viola caipira gratuito; Confira a programa\u00e7\u00e3o do Sesi","author":"noticiasribeiraopreto.com.br","date":"25 de April de 2024","format":false,"excerpt":"Nesta sexta-feira (24), o Sesi Ribeir\u00e3o Preto recebe o show de viola caipira gratuito com o m\u00fasico Cl\u00e1udio Lacerda. Al\u00e9m disso, a programa\u00e7\u00e3o do Sesi no final de semana conta com exposi\u00e7\u00e3o de fotografias e feira para troca de livros. Show Olhos d\u2019\u00e1gua Cl\u00e1udio Lacerda se apresenta \u00e0s 20h com\u2026","rel":"","context":"In &quot;Not\u00edcias de Ribeir\u00e3o Preto-SP e Regi\u00e3o&quot;","block_context":{"text":"Not\u00edcias de Ribeir\u00e3o Preto-SP e Regi\u00e3o","link":"https:\/\/noticiasribeiraopreto.com.br\/index.php\/category\/noticias-de-ribeirao-preto-sp-e-regiao-ismael-colosi\/"},"img":{"alt_text":"","src":"https:\/\/i0.wp.com\/noticiasribeiraopreto.com.br\/wp-content\/uploads\/2024\/04\/Cl-udio-Lacerda-por-Aline-Grego_2024-04-24_13-20-57_jpg-scaled.webp.webp?fit=1200%2C803&ssl=1&resize=350%2C200","width":350,"height":200,"srcset":"https:\/\/i0.wp.com\/noticiasribeiraopreto.com.br\/wp-content\/uploads\/2024\/04\/Cl-udio-Lacerda-por-Aline-Grego_2024-04-24_13-20-57_jpg-scaled.webp.webp?fit=1200%2C803&ssl=1&resize=350%2C200 1x, https:\/\/i0.wp.com\/noticiasribeiraopreto.com.br\/wp-content\/uploads\/2024\/04\/Cl-udio-Lacerda-por-Aline-Grego_2024-04-24_13-20-57_jpg-scaled.webp.webp?fit=1200%2C803&ssl=1&resize=525%2C300 1.5x, https:\/\/i0.wp.com\/noticiasribeiraopreto.com.br\/wp-content\/uploads\/2024\/04\/Cl-udio-Lacerda-por-Aline-Grego_2024-04-24_13-20-57_jpg-scaled.webp.webp?fit=1200%2C803&ssl=1&resize=700%2C400 2x, https:\/\/i0.wp.com\/noticiasribeiraopreto.com.br\/wp-content\/uploads\/2024\/04\/Cl-udio-Lacerda-por-Aline-Grego_2024-04-24_13-20-57_jpg-scaled.webp.webp?fit=1200%2C803&ssl=1&resize=1050%2C600 3x"},"classes":[]},{"id":57812,"url":"https:\/\/noticiasribeiraopreto.com.br\/index.php\/2024\/09\/11\/cinema-troca-de-livros-e-contacao-de-historias-sesi-ribeirao-tem-programacao-gratuita\/","url_meta":{"origin":32964,"position":3},"title":"Cinema, troca de livros e conta\u00e7\u00e3o de hist\u00f3rias: Sesi Ribeir\u00e3o tem programa\u00e7\u00e3o gratuita","author":"noticiasribeiraopreto.com.br","date":"11 de September de 2024","format":false,"excerpt":"O Sesi Ribeir\u00e3o Preto oferece uma programa\u00e7\u00e3o cultural com cinema, feira para troca de livros e conta\u00e7\u00e3o de hist\u00f3rias. As atividades t\u00eam inicio nesta quarta-feira (11), a partir das 19h30. Embora as atividades sejam\u00a0gratuitas, ainda \u00e9 necess\u00e1rio\u00a0reservar os ingressos\u00a0on-line atrav\u00e9s do sistema\u00a0Meu Sesi. Confira a programa\u00e7\u00e3o cultural completa: Mostra Cine\u2026","rel":"","context":"In &quot;Not\u00edcias de Ribeir\u00e3o Preto-SP e Regi\u00e3o&quot;","block_context":{"text":"Not\u00edcias de Ribeir\u00e3o Preto-SP e Regi\u00e3o","link":"https:\/\/noticiasribeiraopreto.com.br\/index.php\/category\/noticias-de-ribeirao-preto-sp-e-regiao-ismael-colosi\/"},"img":{"alt_text":"","src":"https:\/\/i0.wp.com\/noticiasribeiraopreto.com.br\/wp-content\/uploads\/2024\/09\/b1485220-e35f-41ef-ba0a-ac1a202d66f9_2024-09-11_12-14-48_png_2024-09-11_12-14-48.webp.webp?fit=1066%2C600&ssl=1&resize=350%2C200","width":350,"height":200,"srcset":"https:\/\/i0.wp.com\/noticiasribeiraopreto.com.br\/wp-content\/uploads\/2024\/09\/b1485220-e35f-41ef-ba0a-ac1a202d66f9_2024-09-11_12-14-48_png_2024-09-11_12-14-48.webp.webp?fit=1066%2C600&ssl=1&resize=350%2C200 1x, https:\/\/i0.wp.com\/noticiasribeiraopreto.com.br\/wp-content\/uploads\/2024\/09\/b1485220-e35f-41ef-ba0a-ac1a202d66f9_2024-09-11_12-14-48_png_2024-09-11_12-14-48.webp.webp?fit=1066%2C600&ssl=1&resize=525%2C300 1.5x, https:\/\/i0.wp.com\/noticiasribeiraopreto.com.br\/wp-content\/uploads\/2024\/09\/b1485220-e35f-41ef-ba0a-ac1a202d66f9_2024-09-11_12-14-48_png_2024-09-11_12-14-48.webp.webp?fit=1066%2C600&ssl=1&resize=700%2C400 2x, https:\/\/i0.wp.com\/noticiasribeiraopreto.com.br\/wp-content\/uploads\/2024\/09\/b1485220-e35f-41ef-ba0a-ac1a202d66f9_2024-09-11_12-14-48_png_2024-09-11_12-14-48.webp.webp?fit=1066%2C600&ssl=1&resize=1050%2C600 3x"},"classes":[]},{"id":76327,"url":"https:\/\/noticiasribeiraopreto.com.br\/index.php\/2025\/08\/26\/sesi-ribeirao-preto-promove-feira-de-troca-de-livros-e-contacao-de-historias\/","url_meta":{"origin":32964,"position":4},"title":"Sesi Ribeir\u00e3o Preto promove feira de troca de livros e conta\u00e7\u00e3o de hist\u00f3rias","author":"noticiasribeiraopreto.com.br","date":"26 de August de 2025","format":false,"excerpt":"O Sesi Ribeir\u00e3o Preto recebe no pr\u00f3ximo dia 7 de setembro uma programa\u00e7\u00e3o cultural gratuita voltada para toda a fam\u00edlia. Das 14h \u00e0s 18h, o p\u00fablico poder\u00e1 participar da Feira de Troca de Livros, e, \u00e0s 16h, prestigiar a apresenta\u00e7\u00e3o da Tricotando Palavras, que traz ao palco contos populares do\u2026","rel":"","context":"In &quot;Not\u00edcias de Ribeir\u00e3o Preto-SP e Regi\u00e3o&quot;","block_context":{"text":"Not\u00edcias de Ribeir\u00e3o Preto-SP e Regi\u00e3o","link":"https:\/\/noticiasribeiraopreto.com.br\/index.php\/category\/noticias-de-ribeirao-preto-sp-e-regiao-ismael-colosi\/"},"img":{"alt_text":"","src":"https:\/\/i0.wp.com\/noticiasribeiraopreto.com.br\/wp-content\/uploads\/2025\/08\/6ca73552-6c46-46c7-bdae-e67d405f6388_2025-08-25_14-21-39.webp.webp?fit=1066%2C600&ssl=1&resize=350%2C200","width":350,"height":200,"srcset":"https:\/\/i0.wp.com\/noticiasribeiraopreto.com.br\/wp-content\/uploads\/2025\/08\/6ca73552-6c46-46c7-bdae-e67d405f6388_2025-08-25_14-21-39.webp.webp?fit=1066%2C600&ssl=1&resize=350%2C200 1x, https:\/\/i0.wp.com\/noticiasribeiraopreto.com.br\/wp-content\/uploads\/2025\/08\/6ca73552-6c46-46c7-bdae-e67d405f6388_2025-08-25_14-21-39.webp.webp?fit=1066%2C600&ssl=1&resize=525%2C300 1.5x, https:\/\/i0.wp.com\/noticiasribeiraopreto.com.br\/wp-content\/uploads\/2025\/08\/6ca73552-6c46-46c7-bdae-e67d405f6388_2025-08-25_14-21-39.webp.webp?fit=1066%2C600&ssl=1&resize=700%2C400 2x, https:\/\/i0.wp.com\/noticiasribeiraopreto.com.br\/wp-content\/uploads\/2025\/08\/6ca73552-6c46-46c7-bdae-e67d405f6388_2025-08-25_14-21-39.webp.webp?fit=1066%2C600&ssl=1&resize=1050%2C600 3x"},"classes":[]},{"id":55160,"url":"https:\/\/noticiasribeiraopreto.com.br\/index.php\/2024\/07\/30\/feira-internacional-do-livro-de-ribeirao-preto-tera-espaco-inedito-para-troca-de-livros\/","url_meta":{"origin":32964,"position":5},"title":"Feira Internacional do Livro de Ribeir\u00e3o Preto ter\u00e1 espa\u00e7o in\u00e9dito para troca de livros","author":"noticiasribeiraopreto.com.br","date":"30 de July de 2024","format":false,"excerpt":"A 23\u00aa edi\u00e7\u00e3o da Feira Internacional do Livro de Ribeir\u00e3o Preto come\u00e7a nesta quinta-feira (1\u00ba de agosto) e segue at\u00e9 o dia 11 de agosto e traz uma novidade, um espa\u00e7o in\u00e9dito para leitura, troca e doa\u00e7\u00f5es de livros, chamado \u201cBibliocasa\u201d, que ficar\u00e1 localizado na Pra\u00e7a XV de Novembro. O\u2026","rel":"","context":"In &quot;Not\u00edcias de Ribeir\u00e3o Preto-SP e Regi\u00e3o&quot;","block_context":{"text":"Not\u00edcias de Ribeir\u00e3o Preto-SP e Regi\u00e3o","link":"https:\/\/noticiasribeiraopreto.com.br\/index.php\/category\/noticias-de-ribeirao-preto-sp-e-regiao-ismael-colosi\/"},"img":{"alt_text":"","src":"https:\/\/i0.wp.com\/noticiasribeiraopreto.com.br\/wp-content\/uploads\/2024\/07\/Copia-de-Copia-de-TAMANHO-EXATO-PARA-FOTOS-NO-SISTEMA-NOVO-19_2024-07-30_12-25-50_jpg_2024-07-30_12-25-50.webp.webp?fit=1200%2C675&ssl=1&resize=350%2C200","width":350,"height":200,"srcset":"https:\/\/i0.wp.com\/noticiasribeiraopreto.com.br\/wp-content\/uploads\/2024\/07\/Copia-de-Copia-de-TAMANHO-EXATO-PARA-FOTOS-NO-SISTEMA-NOVO-19_2024-07-30_12-25-50_jpg_2024-07-30_12-25-50.webp.webp?fit=1200%2C675&ssl=1&resize=350%2C200 1x, https:\/\/i0.wp.com\/noticiasribeiraopreto.com.br\/wp-content\/uploads\/2024\/07\/Copia-de-Copia-de-TAMANHO-EXATO-PARA-FOTOS-NO-SISTEMA-NOVO-19_2024-07-30_12-25-50_jpg_2024-07-30_12-25-50.webp.webp?fit=1200%2C675&ssl=1&resize=525%2C300 1.5x, https:\/\/i0.wp.com\/noticiasribeiraopreto.com.br\/wp-content\/uploads\/2024\/07\/Copia-de-Copia-de-TAMANHO-EXATO-PARA-FOTOS-NO-SISTEMA-NOVO-19_2024-07-30_12-25-50_jpg_2024-07-30_12-25-50.webp.webp?fit=1200%2C675&ssl=1&resize=700%2C400 2x, https:\/\/i0.wp.com\/noticiasribeiraopreto.com.br\/wp-content\/uploads\/2024\/07\/Copia-de-Copia-de-TAMANHO-EXATO-PARA-FOTOS-NO-SISTEMA-NOVO-19_2024-07-30_12-25-50_jpg_2024-07-30_12-25-50.webp.webp?fit=1200%2C675&ssl=1&resize=1050%2C600 3x"},"classes":[]}],"jetpack_sharing_enabled":true,"jetpack_shortlink":"https:\/\/wp.me\/peQAOb-8zG","_links":{"self":[{"href":"https:\/\/noticiasribeiraopreto.com.br\/index.php\/wp-json\/wp\/v2\/posts\/32964","targetHints":{"allow":["GET"]}}],"collection":[{"href":"https:\/\/noticiasribeiraopreto.com.br\/index.php\/wp-json\/wp\/v2\/posts"}],"about":[{"href":"https:\/\/noticiasribeiraopreto.com.br\/index.php\/wp-json\/wp\/v2\/types\/post"}],"author":[{"embeddable":true,"href":"https:\/\/noticiasribeiraopreto.com.br\/index.php\/wp-json\/wp\/v2\/users\/1"}],"replies":[{"embeddable":true,"href":"https:\/\/noticiasribeiraopreto.com.br\/index.php\/wp-json\/wp\/v2\/comments?post=32964"}],"version-history":[{"count":0,"href":"https:\/\/noticiasribeiraopreto.com.br\/index.php\/wp-json\/wp\/v2\/posts\/32964\/revisions"}],"wp:featuredmedia":[{"embeddable":true,"href":"https:\/\/noticiasribeiraopreto.com.br\/index.php\/wp-json\/wp\/v2\/media\/32965"}],"wp:attachment":[{"href":"https:\/\/noticiasribeiraopreto.com.br\/index.php\/wp-json\/wp\/v2\/media?parent=32964"}],"wp:term":[{"taxonomy":"category","embeddable":true,"href":"https:\/\/noticiasribeiraopreto.com.br\/index.php\/wp-json\/wp\/v2\/categories?post=32964"},{"taxonomy":"post_tag","embeddable":true,"href":"https:\/\/noticiasribeiraopreto.com.br\/index.php\/wp-json\/wp\/v2\/tags?post=32964"}],"curies":[{"name":"wp","href":"https:\/\/api.w.org\/{rel}","templated":true}]}}