{"id":33124,"date":"2024-01-27T21:27:14","date_gmt":"2024-01-28T00:27:14","guid":{"rendered":"https:\/\/noticiasribeiraopreto.com.br\/index.php\/2024\/01\/27\/descredibilizacao-da-imprensa-recua-91\/"},"modified":"2024-01-27T21:27:14","modified_gmt":"2024-01-28T00:27:14","slug":"descredibilizacao-da-imprensa-recua-91","status":"publish","type":"post","link":"https:\/\/noticiasribeiraopreto.com.br\/index.php\/2024\/01\/27\/descredibilizacao-da-imprensa-recua-91\/","title":{"rendered":"Descredibiliza\u00e7\u00e3o da imprensa recua 91%\u00a0"},"content":{"rendered":"<div class='code-block code-block-1' style='margin: 8px 0 8px auto; text-align: right; display: block; clear: both;'>\n<p><a href=\"https:\/\/wa.link\/vpicfd\"><img data-recalc-dims=\"1\" class=\"wp-image-4922\" style=\"aspect-ratio: 2.0253164556962027; width: 561px; height: auto;\" src=\"https:\/\/i0.wp.com\/ismaelcolosi.com.br\/wp-content\/uploads\/2023\/11\/grupo-de-empregos-whatsapp-e-facebook-ismael-colosi-vagas.jpg?ssl=1\" alt=\"\" \/><\/a><\/p>\n<!-- \/wp:image -->\n<\/div>\n<p> <br \/>\n<\/p>\n<div id=\"\">\n<p> <span class=\"entry-meta-item penci-posted-on\"><i class=\"fa fa-clock-o\"\/><time class=\"entry-date published\" datetime=\"2024-01-27T13:00:42-03:00\">27 de janeiro de 2024 | 13:00<\/time><time class=\"updated\" datetime=\"2024-01-27T11:28:53-03:00\">27 de janeiro de 2024 | 11:28<\/time><\/span><\/p>\n<p> <span class=\"penci-social-buttons penci-social-share-footer\"><a href=\"#\" class=\"penci-post-like penci_post-meta_item  single-like-button penci-social-item like\" data-post_id=\"371742\" title=\"Like\" data-like=\"Like\" data-unlike=\"Unlike\"><i class=\"fa fa-thumbs-o-up\"\/><span class=\"penci-share-number\">0<\/span><\/a><i class=\"fa fa-facebook\"\/><a class=\"penci-social-item twitter\" target=\"_blank\" rel=\"noopener\" title=\"\" href=\"https:\/\/twitter.com\/intent\/tweet?text=Descredibiliza\u00e7\u00e3o%20da%20imprensa%20recua%2091\u00a0%20-%20https:\/\/www.tribunaribeirao.com.br\/site\/descredibilizacao-da-imprensa-recua-91\/\"><i class=\"fa fa-twitter\"\/><\/a><i class=\"fa fa-whatsapp\"\/><\/span><\/div>\n<div>\n<p><span class=\"TextRun SCXW205680060 BCX0\" lang=\"PT-BR\" xml:lang=\"PT-BR\" data-contrast=\"auto\"><span class=\"NormalTextRun SCXW205680060 BCX0\">A Federa\u00e7\u00e3o Nacional dos Jornalistas (<\/span><span class=\"NormalTextRun SCXW205680060 BCX0\">Fenaj<\/span><span class=\"NormalTextRun SCXW205680060 BCX0\">) <\/span><span class=\"NormalTextRun SpellingErrorV2Themed SCXW205680060 BCX0\">publicou <\/span><span class=\"NormalTextRun SCXW205680060 BCX0\">no final da tarde de <\/span><span class=\"NormalTextRun SCXW205680060 BCX0\">quinta-feira<\/span><span class=\"NormalTextRun SCXW205680060 BCX0\">, 25 de janeiro<\/span><span class=\"NormalTextRun SCXW205680060 BCX0\">, na \u00edntegra, o Relat\u00f3rio da Viol\u00eancia contra Jornalistas e Liberdade de Imprensa. O n\u00famero total j\u00e1 havia sido divulgado h\u00e1 alguns dias, indicando que <\/span><span class=\"NormalTextRun SCXW205680060 BCX0\">foram<\/span><span class=\"NormalTextRun SCXW205680060 BCX0\"> 181 casos em 2023, uma redu\u00e7\u00e3o de 51,86% em rela\u00e7\u00e3o a 2022. <\/span><\/span><span class=\"LineBreakBlob BlobObject DragDrop SCXW205680060 BCX0\"><span class=\"SCXW205680060 BCX0\">\u00a0<\/span><br class=\"SCXW205680060 BCX0\"\/><\/span><span class=\"LineBreakBlob BlobObject DragDrop SCXW205680060 BCX0\"><span class=\"SCXW205680060 BCX0\">\u00a0<\/span><br class=\"SCXW205680060 BCX0\"\/><\/span><span class=\"TextRun SCXW205680060 BCX0\" lang=\"PT-BR\" xml:lang=\"PT-BR\" data-contrast=\"auto\"><span class=\"NormalTextRun SCXW205680060 BCX0\">Dessa vez, foram apresentados outros detalhes, como os tipos de agress\u00e3o, as diferen\u00e7as por g\u00eanero e estado, assim como os principais agressores.<\/span> <span class=\"NormalTextRun SCXW205680060 BCX0\">A presidenta da <\/span><span class=\"NormalTextRun SCXW205680060 BCX0\">Fenaj<\/span><span class=\"NormalTextRun SCXW205680060 BCX0\">, <\/span><span class=\"NormalTextRun SCXW205680060 BCX0\">Samira<\/span><span class=\"NormalTextRun SCXW205680060 BCX0\"> de Castro, explica que mudan\u00e7as em dois tipos de agress\u00e3o foram decisivas para o resultado. E envolveram o ex-presidente da Rep\u00fablica Jair <\/span><span class=\"NormalTextRun SCXW205680060 BCX0\">Bolsonaro<\/span><span class=\"NormalTextRun SCXW205680060 BCX0\"> e a Empresa Brasil de Comunica\u00e7\u00e3o (EBC).<\/span><\/span><span class=\"LineBreakBlob BlobObject DragDrop SCXW205680060 BCX0\"><span class=\"SCXW205680060 BCX0\">\u00a0<\/span><br class=\"SCXW205680060 BCX0\"\/><\/span><span class=\"LineBreakBlob BlobObject DragDrop SCXW205680060 BCX0\"><span class=\"SCXW205680060 BCX0\">\u00a0<\/span><br class=\"SCXW205680060 BCX0\"\/><\/span><span class=\"TextRun SCXW205680060 BCX0\" lang=\"PT-BR\" xml:lang=\"PT-BR\" data-contrast=\"auto\"><span class=\"NormalTextRun SCXW205680060 BCX0\">\u201c<\/span><span class=\"NormalTextRun SCXW205680060 BCX0\">N\u00fameros ca\u00edram principalmente em fun\u00e7\u00e3o da queda da categoria \u2018<\/span><span class=\"NormalTextRun SpellingErrorV2Themed SCXW205680060 BCX0\">descredibiliza\u00e7\u00e3o<\/span><span class=\"NormalTextRun SCXW205680060 BCX0\"> da imprensa\u2019, uma estrat\u00e9gia adotada pelo <\/span><span class=\"NormalTextRun SCXW205680060 BCX0\">Bolsonaro<\/span><span class=\"NormalTextRun SCXW205680060 BCX0\"> durante o seu governo, que acabou em 2022. S\u00f3 para comparar, foi uma queda de 91,95% dessa categoria de um ano para o outro<\/span><span class=\"NormalTextRun SCXW205680060 BCX0\">\u201d, cita<\/span><span class=\"NormalTextRun SCXW205680060 BCX0\">. <\/span><\/span><span class=\"LineBreakBlob BlobObject DragDrop SCXW205680060 BCX0\"><span class=\"SCXW205680060 BCX0\">\u00a0<\/span><br class=\"SCXW205680060 BCX0\"\/><\/span><span class=\"LineBreakBlob BlobObject DragDrop SCXW205680060 BCX0\"><span class=\"SCXW205680060 BCX0\">\u00a0<\/span><br class=\"SCXW205680060 BCX0\"\/><\/span><span class=\"TextRun SCXW205680060 BCX0\" lang=\"PT-BR\" xml:lang=\"PT-BR\" data-contrast=\"auto\"><span class=\"NormalTextRun SCXW205680060 BCX0\">\u201c<\/span><span class=\"NormalTextRun SCXW205680060 BCX0\">E tamb\u00e9m houve uma queda da censura de 91,53%, sobretudo em fun\u00e7\u00e3o da mudan\u00e7a de comando na Empresa Brasil de Comunica\u00e7\u00e3o, que era um foco de censura contra o trabalho dos jornalistas, promovida por gestores p\u00fablicos e que representaram um caso grav\u00edssimo contra a liberdade de imprensa no pa\u00eds\u201d, disse <\/span><span class=\"NormalTextRun SCXW205680060 BCX0\">Samira<\/span><span class=\"NormalTextRun SCXW205680060 BCX0\">.<\/span><\/span><span class=\"LineBreakBlob BlobObject DragDrop SCXW205680060 BCX0\"><span class=\"SCXW205680060 BCX0\">\u00a0<\/span><br class=\"SCXW205680060 BCX0\"\/><\/span><span class=\"LineBreakBlob BlobObject DragDrop SCXW205680060 BCX0\"><span class=\"SCXW205680060 BCX0\">\u00a0<\/span><br class=\"SCXW205680060 BCX0\"\/><\/span><span class=\"TextRun SCXW205680060 BCX0\" lang=\"PT-BR\" xml:lang=\"PT-BR\" data-contrast=\"auto\"><span class=\"NormalTextRun SCXW205680060 BCX0\">O relat\u00f3rio aponta que, de 2019 a 2022, o ex-presidente foi respons\u00e1vel por 570 ataques contra ve\u00edculos de comunica\u00e7\u00e3o e jornalistas. Uma m\u00e9dia de 142,5 agress\u00f5es por ano e uma agress\u00e3o a cada dois dias e meio. O que, para a <\/span><span class=\"NormalTextRun SCXW205680060 BCX0\">Fenaj<\/span><span class=\"NormalTextRun SCXW205680060 BCX0\">, significa uma \u201cviol\u00eancia verdadeiramente institucionalizada\u201d. Chama a aten\u00e7\u00e3o, por\u00e9m, que foram registrados mais casos em 2023 (181) do que os contabilizados em 2018 (135), antes do governo <\/span><span class=\"NormalTextRun SCXW205680060 BCX0\">Bolsonaro<\/span><span class=\"NormalTextRun SCXW205680060 BCX0\">.<\/span><\/span><span class=\"LineBreakBlob BlobObject DragDrop SCXW205680060 BCX0\"><span class=\"SCXW205680060 BCX0\">\u00a0<\/span><br class=\"SCXW205680060 BCX0\"\/><\/span><span class=\"LineBreakBlob BlobObject DragDrop SCXW205680060 BCX0\"><span class=\"SCXW205680060 BCX0\">\u00a0<\/span><br class=\"SCXW205680060 BCX0\"\/><\/span><span class=\"TextRun SCXW205680060 BCX0\" lang=\"PT-BR\" xml:lang=\"PT-BR\" data-contrast=\"auto\"><span class=\"NormalTextRun SCXW205680060 BCX0\">Em 2023, <\/span><span class=\"NormalTextRun SpellingErrorV2Themed SCXW205680060 BCX0\">descredibiliza\u00e7\u00e3o<\/span><span class=\"NormalTextRun SCXW205680060 BCX0\"> da imprensa e <\/span><span class=\"NormalTextRun SCXW205680060 BCX0\">censura deixaram<\/span><span class=\"NormalTextRun SCXW205680060 BCX0\"> de figurar entre os cinco primeiros tipos de agress\u00e3o. A lista agora \u00e9 liderada por amea\u00e7as, <\/span><span class=\"NormalTextRun SCXW205680060 BCX0\">hostiliza\u00e7\u00f5es<\/span><span class=\"NormalTextRun SCXW205680060 BCX0\"> e intimida\u00e7\u00f5es (42 casos); agress\u00f5es f\u00edsicas (40); agress\u00f5es verbais, ataques virtuais (27); cerceamento \u00e0 liberdade de imprensa por a\u00e7\u00f5es judiciais (25); impedimentos ao exerc\u00edcio profissional (13).<\/span><\/span><span class=\"LineBreakBlob BlobObject DragDrop SCXW205680060 BCX0\"><span class=\"SCXW205680060 BCX0\">\u00a0<\/span><br class=\"SCXW205680060 BCX0\"\/><\/span><span class=\"LineBreakBlob BlobObject DragDrop SCXW205680060 BCX0\"><span class=\"SCXW205680060 BCX0\">\u00a0<\/span><br class=\"SCXW205680060 BCX0\"\/><\/span><span class=\"TextRun SCXW205680060 BCX0\" lang=\"PT-BR\" xml:lang=\"PT-BR\" data-contrast=\"auto\"><span class=\"NormalTextRun SCXW205680060 BCX0\">A <\/span><span class=\"NormalTextRun SCXW205680060 BCX0\">Fenaj<\/span><span class=\"NormalTextRun SCXW205680060 BCX0\"> destaca que, apesar da queda geral, o n\u00famero de casos de viol\u00eancia contra jornalistas ainda \u00e9 alto no pa\u00eds. E que alguns tipos se mostram mais <\/span><span class=\"NormalTextRun SCXW205680060 BCX0\">preocupantes, como o crescimento de 92,31% das a\u00e7\u00f5es judiciais que tem como objetivo cercear \u00e0 liberdade de imprensa. E o ataque contra sindicatos e sindicalistas, que aumentaram 266,67% de um ano para o outro.<\/span><\/span><span class=\"LineBreakBlob BlobObject DragDrop SCXW205680060 BCX0\"><span class=\"SCXW205680060 BCX0\">\u00a0<\/span><br class=\"SCXW205680060 BCX0\"\/><\/span><span class=\"LineBreakBlob BlobObject DragDrop SCXW205680060 BCX0\"><span class=\"SCXW205680060 BCX0\">\u00a0<\/span><br class=\"SCXW205680060 BCX0\"\/><\/span><span class=\"TextRun SCXW205680060 BCX0\" lang=\"PT-BR\" xml:lang=\"PT-BR\" data-contrast=\"auto\"><strong><span class=\"NormalTextRun SCXW205680060 BCX0\">Segmentos<\/span><\/strong><span class=\"NormalTextRun SCXW205680060 BCX0\"> \u2013 <\/span><\/span><span class=\"TextRun SCXW205680060 BCX0\" lang=\"PT-BR\" xml:lang=\"PT-BR\" data-contrast=\"auto\"><span class=\"NormalTextRun SCXW205680060 BCX0\">Quando se consideram os principais agressores, lideram a lista: pol\u00edticos, assessores, parentes (44 casos); manifestantes de extrema-direita (29); populares (17); policiais civis e militares (14); dirigentes, jogadores e torcedores de futebol (11). J\u00e1 os principais tipos de m\u00eddias e ve\u00edculos em que foram registradas as agress\u00f5es s\u00e3o: televis\u00e3o (81 casos), m\u00eddia digital (79), jornal (42), r\u00e1dio (17) e assessoria de imprensa (6).<\/span><\/span><span class=\"LineBreakBlob BlobObject DragDrop SCXW205680060 BCX0\"><span class=\"SCXW205680060 BCX0\">\u00a0<\/span><br class=\"SCXW205680060 BCX0\"\/><\/span><span class=\"LineBreakBlob BlobObject DragDrop SCXW205680060 BCX0\"><span class=\"SCXW205680060 BCX0\">\u00a0<\/span><br class=\"SCXW205680060 BCX0\"\/><\/span><span class=\"TextRun SCXW205680060 BCX0\" lang=\"PT-BR\" xml:lang=\"PT-BR\" data-contrast=\"auto\"><span class=\"NormalTextRun SCXW205680060 BCX0\">Na divis\u00e3o de v\u00edtimas por g\u00eaneros, homens foram 179 dos casos, mulheres por 66 e outros 17 n\u00e3o se identificaram com as duas op\u00e7\u00f5es. O resultado chama a aten\u00e7\u00e3o pela diferen\u00e7a alta entre os g\u00eaneros, uma vez que as mulheres est\u00e3o presentes em grande n\u00famero na imprensa.<\/span><\/span><span class=\"LineBreakBlob BlobObject DragDrop SCXW205680060 BCX0\"><span class=\"SCXW205680060 BCX0\">\u00a0<\/span><br class=\"SCXW205680060 BCX0\"\/><\/span><span class=\"LineBreakBlob BlobObject DragDrop SCXW205680060 BCX0\"><span class=\"SCXW205680060 BCX0\">\u00a0<\/span><br class=\"SCXW205680060 BCX0\"\/><\/span><span class=\"TextRun SCXW205680060 BCX0\" lang=\"PT-BR\" xml:lang=\"PT-BR\" data-contrast=\"auto\"><span class=\"NormalTextRun SCXW205680060 BCX0\">\u201c<\/span><span class=\"NormalTextRun SCXW205680060 BCX0\">O relat\u00f3rio n\u00e3o leva em conta a quest\u00e3o do ass\u00e9dio sexual e moral. S\u00e3o viol\u00eancias cotidianas para mulheres no exerc\u00edcio do jornalismo, mas que n\u00e3o t\u00eam obrigatoriamente o objetivo de impedir a circula\u00e7\u00e3o livre da informa\u00e7\u00e3o jornal\u00edstica<\/span><span class=\"NormalTextRun SCXW205680060 BCX0\">\u201d, explica <\/span><span class=\"NormalTextRun SCXW205680060 BCX0\">Samira<\/span><span class=\"NormalTextRun SCXW205680060 BCX0\"> de Castro<\/span><span class=\"NormalTextRun SCXW205680060 BCX0\">. <\/span><\/span><span class=\"LineBreakBlob BlobObject DragDrop SCXW205680060 BCX0\"><span class=\"SCXW205680060 BCX0\">\u00a0<\/span><br class=\"SCXW205680060 BCX0\"\/><\/span><span class=\"LineBreakBlob BlobObject DragDrop SCXW205680060 BCX0\"><span class=\"SCXW205680060 BCX0\">\u00a0<\/span><br class=\"SCXW205680060 BCX0\"\/><\/span><span class=\"TextRun SCXW205680060 BCX0\" lang=\"PT-BR\" xml:lang=\"PT-BR\" data-contrast=\"auto\"><span class=\"NormalTextRun SCXW205680060 BCX0\">\u201c<\/span><span class=\"NormalTextRun SCXW205680060 BCX0\">S\u00e3o casos que os sindicatos tratam no \u00e2mbito da justi\u00e7a do trabalho. H\u00e1 ass\u00e9dios que fazem com que a jornalista n\u00e3o divulgue alguma informa\u00e7\u00e3o. Esses casos est\u00e3o no relat\u00f3rio. E \u00e9 preciso considerar tamb\u00e9m a <\/span><span class=\"NormalTextRun SCXW205680060 BCX0\">subnotifica\u00e7\u00e3o<\/span><span class=\"NormalTextRun SCXW205680060 BCX0\">. Muitas mulheres jornalistas, \u00e0s vezes, sequer percebem que foram v\u00edtimas de viol\u00eancia quando s\u00e3o, por exemplo, desqualificadas no exerc\u00edcio do trabalho\u201d, <\/span><span class=\"NormalTextRun SCXW205680060 BCX0\">emenda<\/span><span class=\"NormalTextRun SCXW205680060 BCX0\">.<\/span><\/span><span class=\"LineBreakBlob BlobObject DragDrop SCXW205680060 BCX0\"><span class=\"SCXW205680060 BCX0\">\u00a0<\/span><br class=\"SCXW205680060 BCX0\"\/><\/span><span class=\"LineBreakBlob BlobObject DragDrop SCXW205680060 BCX0\"><span class=\"SCXW205680060 BCX0\">\u00a0<\/span><br class=\"SCXW205680060 BCX0\"\/><\/span><span class=\"TextRun SCXW205680060 BCX0\" lang=\"PT-BR\" xml:lang=\"PT-BR\" data-contrast=\"auto\"><span class=\"NormalTextRun SCXW205680060 BCX0\">A viol\u00eancia tamb\u00e9m afeta os jornalistas de forma diferente pelo pa\u00eds. Os maiores n\u00fameros foram identificados na regi\u00e3o Sudeste (47), seguida de Nordeste (45), Centro-Oeste (40), Sul (30) e Norte (19). Na an\u00e1lise por estados e unidades da federa\u00e7\u00e3o, os que t\u00eam mais casos <\/span><span class=\"NormalTextRun SCXW205680060 BCX0\">s\u00e3o<\/span><span class=\"NormalTextRun SCXW205680060 BCX0\"> Distrito Federal (21) e S\u00e3o Paulo (21), Mato Grosso do Sul (19) e Rio de Janeiro (19), e Rio Grande do Sul (12).<\/span><\/span><span class=\"LineBreakBlob BlobObject DragDrop SCXW205680060 BCX0\"><span class=\"SCXW205680060 BCX0\">\u00a0<\/span><br class=\"SCXW205680060 BCX0\"\/><\/span><span class=\"LineBreakBlob BlobObject DragDrop SCXW205680060 BCX0\"><span class=\"SCXW205680060 BCX0\">\u00a0<\/span><br class=\"SCXW205680060 BCX0\"\/><\/span><span class=\"TextRun SCXW205680060 BCX0\" lang=\"PT-BR\" xml:lang=\"PT-BR\" data-contrast=\"auto\"><span class=\"NormalTextRun SCXW205680060 BCX0\">\u201cA sociedade brasileira precisa entender que a viol\u00eancia contra os jornalistas \u00e9 um ataque \u00e0 democracia. No 8 de janeiro, quando dezenas de colegas foram agredidos em Bras\u00edlia, na Pra\u00e7a dos Tr\u00eas Poderes, a extrema-direita usou t\u00e1ticas e adotou <\/span><span class=\"NormalTextRun SCXW205680060 BCX0\">modus<\/span> <span class=\"NormalTextRun SCXW205680060 BCX0\">operandi<\/span><span class=\"NormalTextRun SCXW205680060 BCX0\"> para tentar calar a imprensa e os profissionais que atuam no jornalismo\u201d, ressalta a presidenta da <\/span><span class=\"NormalTextRun SCXW205680060 BCX0\">Fenaj<\/span><span class=\"NormalTextRun SCXW205680060 BCX0\">.<\/span><\/span><span class=\"LineBreakBlob BlobObject DragDrop SCXW205680060 BCX0\"><span class=\"SCXW205680060 BCX0\">\u00a0<\/span><br class=\"SCXW205680060 BCX0\"\/><\/span><span class=\"LineBreakBlob BlobObject DragDrop SCXW205680060 BCX0\"><span class=\"SCXW205680060 BCX0\">\u00a0<\/span><br class=\"SCXW205680060 BCX0\"\/><\/span><\/p>\n<\/div>\n<p><script async src=\"\/\/platform.twitter.com\/widgets.js\" charset=\"utf-8\"><\/script><br \/>\n<br \/><br \/>\n<br \/><a href=\"https:\/\/www.tribunaribeirao.com.br\/site\/descredibilizacao-da-imprensa-recua-91\/\">Source link <\/a><\/p>\n<!-- CONTENT END 1 -->\n","protected":false},"excerpt":{"rendered":"<p>27 de janeiro de 2024 | 13:0027 de janeiro de 2024 | 11:28 0 A Federa\u00e7\u00e3o Nacional dos Jornalistas (Fenaj) publicou no final da tarde&#8230;<\/p>\n","protected":false},"author":1,"featured_media":33125,"comment_status":"open","ping_status":"open","sticky":false,"template":"","format":"standard","meta":{"advanced_seo_description":"","jetpack_seo_html_title":"","jetpack_seo_noindex":false,"jetpack_post_was_ever_published":false,"_jetpack_newsletter_access":"","_jetpack_dont_email_post_to_subs":false,"_jetpack_newsletter_tier_id":0,"_jetpack_memberships_contains_paywalled_content":false,"_jetpack_memberships_contains_paid_content":false,"footnotes":"","jetpack_publicize_message":"","jetpack_publicize_feature_enabled":true,"jetpack_social_post_already_shared":true,"jetpack_social_options":{"image_generator_settings":{"template":"highway","default_image_id":0,"font":"","enabled":false},"version":2}},"categories":[11],"tags":[3927,3928,1849],"class_list":["post-33124","post","type-post","status-publish","format-standard","has-post-thumbnail","hentry","category-noticias-de-ribeirao-preto-sp-e-regiao-ismael-colosi","tag-descredibilizacao","tag-imprensa","tag-recua"],"jetpack_publicize_connections":[],"jetpack_featured_media_url":"https:\/\/i0.wp.com\/noticiasribeiraopreto.com.br\/wp-content\/uploads\/2024\/01\/Jornal-Antonio-Cruz-Ag.Br_-scaled.jpg?fit=1000%2C598&ssl=1","jetpack-related-posts":[{"id":45368,"url":"https:\/\/noticiasribeiraopreto.com.br\/index.php\/2024\/04\/03\/juro-do-rotativo-recua-a-4125\/","url_meta":{"origin":33124,"position":0},"title":"Juro do rotativo recua a 412,5%\u00a0","author":"noticiasribeiraopreto.com.br","date":"3 de April de 2024","format":false,"excerpt":"O juro m\u00e9dio total cobrado pelos bancos no rotativo do cart\u00e3o de cr\u00e9dito caiu 6,8 pontos percentuais (p.p.) de janeiro para fevereiro, informou nesta ter\u00e7a-feira, 2 de abril o Banco Central (BC). A taxa caiu de 419,3% para 412,5% ao ano. No caso do parcelado, passou de 187,8% para 184,5%\u2026","rel":"","context":"In &quot;Not\u00edcias de Ribeir\u00e3o Preto-SP e Regi\u00e3o&quot;","block_context":{"text":"Not\u00edcias de Ribeir\u00e3o Preto-SP e Regi\u00e3o","link":"https:\/\/noticiasribeiraopreto.com.br\/index.php\/category\/noticias-de-ribeirao-preto-sp-e-regiao-ismael-colosi\/"},"img":{"alt_text":"","src":"https:\/\/i0.wp.com\/noticiasribeiraopreto.com.br\/wp-content\/uploads\/2024\/04\/Juros-Marcello-Casal-Jr.-Ag.Br_.jpg?fit=800%2C479&ssl=1&resize=350%2C200","width":350,"height":200,"srcset":"https:\/\/i0.wp.com\/noticiasribeiraopreto.com.br\/wp-content\/uploads\/2024\/04\/Juros-Marcello-Casal-Jr.-Ag.Br_.jpg?fit=800%2C479&ssl=1&resize=350%2C200 1x, https:\/\/i0.wp.com\/noticiasribeiraopreto.com.br\/wp-content\/uploads\/2024\/04\/Juros-Marcello-Casal-Jr.-Ag.Br_.jpg?fit=800%2C479&ssl=1&resize=525%2C300 1.5x, https:\/\/i0.wp.com\/noticiasribeiraopreto.com.br\/wp-content\/uploads\/2024\/04\/Juros-Marcello-Casal-Jr.-Ag.Br_.jpg?fit=800%2C479&ssl=1&resize=700%2C400 2x"},"classes":[]},{"id":41613,"url":"https:\/\/noticiasribeiraopreto.com.br\/index.php\/2024\/03\/09\/juro-do-rotativo-recua-a-4153\/","url_meta":{"origin":33124,"position":1},"title":"Juro do rotativo recua a 415,3%\u00a0","author":"noticiasribeiraopreto.com.br","date":"9 de March de 2024","format":false,"excerpt":"O juro m\u00e9dio total cobrado pelos bancos no rotativo do cart\u00e3o de cr\u00e9dito caiu 26,8 pontos percentuais de dezembro para janeiro. A taxa passou de 442,1% para 415,3% ao ano. No caso do parcelado, recuou de 196,9% para 187,8% ao ano entre dezembro e janeiro. \u00a0\u00a0Considerando o juro total do\u2026","rel":"","context":"In &quot;Not\u00edcias de Ribeir\u00e3o Preto-SP e Regi\u00e3o&quot;","block_context":{"text":"Not\u00edcias de Ribeir\u00e3o Preto-SP e Regi\u00e3o","link":"https:\/\/noticiasribeiraopreto.com.br\/index.php\/category\/noticias-de-ribeirao-preto-sp-e-regiao-ismael-colosi\/"},"img":{"alt_text":"","src":"https:\/\/i0.wp.com\/noticiasribeiraopreto.com.br\/wp-content\/uploads\/2024\/03\/Juros-TV-Brasil.png?fit=1000%2C598&ssl=1&resize=350%2C200","width":350,"height":200,"srcset":"https:\/\/i0.wp.com\/noticiasribeiraopreto.com.br\/wp-content\/uploads\/2024\/03\/Juros-TV-Brasil.png?fit=1000%2C598&ssl=1&resize=350%2C200 1x, https:\/\/i0.wp.com\/noticiasribeiraopreto.com.br\/wp-content\/uploads\/2024\/03\/Juros-TV-Brasil.png?fit=1000%2C598&ssl=1&resize=525%2C300 1.5x, https:\/\/i0.wp.com\/noticiasribeiraopreto.com.br\/wp-content\/uploads\/2024\/03\/Juros-TV-Brasil.png?fit=1000%2C598&ssl=1&resize=700%2C400 2x"},"classes":[]},{"id":15438,"url":"https:\/\/noticiasribeiraopreto.com.br\/index.php\/2023\/12\/13\/volume-de-servicos-recua-06-em-outubro-revela-ibge\/","url_meta":{"origin":33124,"position":2},"title":"Volume de servi\u00e7os recua 0,6% em outubro, revela IBGE \u2013 Folha de Ribeir\u00e3o","author":"noticiasribeiraopreto.com.br","date":"13 de December de 2023","format":false,"excerpt":"O volume de servi\u00e7os no pa\u00eds caiu 0,6% em outubro deste ano, na compara\u00e7\u00e3o com setembro. Essa foi a terceira queda consecutiva do indicador, que acumula perdas de 2,3% em tr\u00eas meses. Os dados s\u00e3o da Pesquisa Mensal de Servi\u00e7os (PMS), divulgada nesta quarta-feira (13), no Rio de Janeiro, pelo\u2026","rel":"","context":"In &quot;Not\u00edcias de Ribeir\u00e3o Preto-SP e Regi\u00e3o&quot;","block_context":{"text":"Not\u00edcias de Ribeir\u00e3o Preto-SP e Regi\u00e3o","link":"https:\/\/noticiasribeiraopreto.com.br\/index.php\/category\/noticias-de-ribeirao-preto-sp-e-regiao-ismael-colosi\/"},"img":{"alt_text":"","src":"","width":0,"height":0},"classes":[]},{"id":37478,"url":"https:\/\/noticiasribeiraopreto.com.br\/index.php\/2024\/02\/16\/emprego-recua-35-no-comercio-paulista\/","url_meta":{"origin":33124,"position":3},"title":"Emprego recua 35% no com\u00e9rcio paulista \u00a0","author":"noticiasribeiraopreto.com.br","date":"16 de February de 2024","format":false,"excerpt":"O ritmo de crescimento do mercado de trabalho no com\u00e9rcio paulista desacelerou ao longo de 2023, aponta a Pesquisa do Emprego no Estado de S\u00e3o Paulo (PESP) da Federa\u00e7\u00e3o do Com\u00e9rcio de Bens, Servi\u00e7os e Turismo do Estado de S\u00e3o Paulo (FecomercioSP). O total de empregos gerados sofreu uma queda\u2026","rel":"","context":"In &quot;Not\u00edcias de Ribeir\u00e3o Preto-SP e Regi\u00e3o&quot;","block_context":{"text":"Not\u00edcias de Ribeir\u00e3o Preto-SP e Regi\u00e3o","link":"https:\/\/noticiasribeiraopreto.com.br\/index.php\/category\/noticias-de-ribeirao-preto-sp-e-regiao-ismael-colosi\/"},"img":{"alt_text":"","src":"https:\/\/i0.wp.com\/noticiasribeiraopreto.com.br\/wp-content\/uploads\/2024\/02\/Fecomercio-Alfredo-Risk-scaled.jpg?fit=1000%2C622&ssl=1&resize=350%2C200","width":350,"height":200,"srcset":"https:\/\/i0.wp.com\/noticiasribeiraopreto.com.br\/wp-content\/uploads\/2024\/02\/Fecomercio-Alfredo-Risk-scaled.jpg?fit=1000%2C622&ssl=1&resize=350%2C200 1x, https:\/\/i0.wp.com\/noticiasribeiraopreto.com.br\/wp-content\/uploads\/2024\/02\/Fecomercio-Alfredo-Risk-scaled.jpg?fit=1000%2C622&ssl=1&resize=525%2C300 1.5x, https:\/\/i0.wp.com\/noticiasribeiraopreto.com.br\/wp-content\/uploads\/2024\/02\/Fecomercio-Alfredo-Risk-scaled.jpg?fit=1000%2C622&ssl=1&resize=700%2C400 2x"},"classes":[]},{"id":22333,"url":"https:\/\/noticiasribeiraopreto.com.br\/index.php\/2023\/12\/29\/argentina-recua-da-adesao-ao-brics-em-decisao-do-presidente-milei\/","url_meta":{"origin":33124,"position":4},"title":"Argentina recua da ades\u00e3o ao Brics em decis\u00e3o do presidente Milei","author":"noticiasribeiraopreto.com.br","date":"29 de December de 2023","format":false,"excerpt":"O governo argentino, sob a lideran\u00e7a do presidente Javier Milei, anunciou nesta sexta-feira (29) sua decis\u00e3o de n\u00e3o participar do grupo de na\u00e7\u00f5es emergentes Brics, composto por Brasil, R\u00fassia, \u00cdndia, China e \u00c1frica do Sul. A carta formalizando a retirada foi enviada aos l\u00edderes dos pa\u00edses membros do Brics, incluindo\u2026","rel":"","context":"In &quot;Vagas de Emprego em Ribeir\u00e3o Preto-SP&quot;","block_context":{"text":"Vagas de Emprego em Ribeir\u00e3o Preto-SP","link":"https:\/\/noticiasribeiraopreto.com.br\/index.php\/category\/empregos-classificados-vagas-trabalho\/vagas-de-empregos-em-ribeirao-preto-regiao-brasil\/"},"img":{"alt_text":"","src":"https:\/\/i0.wp.com\/noticiasribeiraopreto.com.br\/wp-content\/uploads\/2023\/12\/brics-carta.png?fit=844%2C1200&ssl=1&resize=350%2C200","width":350,"height":200,"srcset":"https:\/\/i0.wp.com\/noticiasribeiraopreto.com.br\/wp-content\/uploads\/2023\/12\/brics-carta.png?fit=844%2C1200&ssl=1&resize=350%2C200 1x, https:\/\/i0.wp.com\/noticiasribeiraopreto.com.br\/wp-content\/uploads\/2023\/12\/brics-carta.png?fit=844%2C1200&ssl=1&resize=525%2C300 1.5x, https:\/\/i0.wp.com\/noticiasribeiraopreto.com.br\/wp-content\/uploads\/2023\/12\/brics-carta.png?fit=844%2C1200&ssl=1&resize=700%2C400 2x"},"classes":[]},{"id":74095,"url":"https:\/\/noticiasribeiraopreto.com.br\/index.php\/2025\/07\/16\/tarcisio-recua-e-cancela-pedagio-entre-serrana-e-ribeirao-preto\/","url_meta":{"origin":33124,"position":5},"title":"Tarc\u00edsio recua e cancela ped\u00e1gio entre Serrana e Ribeir\u00e3o Preto","author":"noticiasribeiraopreto.com.br","date":"16 de July de 2025","format":false,"excerpt":"Estimativas das prefeituras indicam que mais de 20 mil pessoas utilizam diariamente a rodovia 16 de julho de 2025 07:0416 de julho de 2025 07:050 Compartilhar0 Por: Adalberto Luque O prefeito de Serrana, Leo Capitelli (MDB), informou que foi oficialmente cancelada a instala\u00e7\u00e3o de p\u00f3rticos de ped\u00e1gio no modelo free\u2026","rel":"","context":"In &quot;Not\u00edcias de Ribeir\u00e3o Preto-SP e Regi\u00e3o&quot;","block_context":{"text":"Not\u00edcias de Ribeir\u00e3o Preto-SP e Regi\u00e3o","link":"https:\/\/noticiasribeiraopreto.com.br\/index.php\/category\/noticias-de-ribeirao-preto-sp-e-regiao-ismael-colosi\/"},"img":{"alt_text":"","src":"https:\/\/i0.wp.com\/noticiasribeiraopreto.com.br\/wp-content\/uploads\/2025\/07\/16-jul-2025-pedagioserrana-scaled.jpg?fit=1200%2C675&ssl=1&resize=350%2C200","width":350,"height":200,"srcset":"https:\/\/i0.wp.com\/noticiasribeiraopreto.com.br\/wp-content\/uploads\/2025\/07\/16-jul-2025-pedagioserrana-scaled.jpg?fit=1200%2C675&ssl=1&resize=350%2C200 1x, https:\/\/i0.wp.com\/noticiasribeiraopreto.com.br\/wp-content\/uploads\/2025\/07\/16-jul-2025-pedagioserrana-scaled.jpg?fit=1200%2C675&ssl=1&resize=525%2C300 1.5x, https:\/\/i0.wp.com\/noticiasribeiraopreto.com.br\/wp-content\/uploads\/2025\/07\/16-jul-2025-pedagioserrana-scaled.jpg?fit=1200%2C675&ssl=1&resize=700%2C400 2x, https:\/\/i0.wp.com\/noticiasribeiraopreto.com.br\/wp-content\/uploads\/2025\/07\/16-jul-2025-pedagioserrana-scaled.jpg?fit=1200%2C675&ssl=1&resize=1050%2C600 3x"},"classes":[]}],"jetpack_sharing_enabled":true,"jetpack_shortlink":"https:\/\/wp.me\/peQAOb-8Cg","_links":{"self":[{"href":"https:\/\/noticiasribeiraopreto.com.br\/index.php\/wp-json\/wp\/v2\/posts\/33124","targetHints":{"allow":["GET"]}}],"collection":[{"href":"https:\/\/noticiasribeiraopreto.com.br\/index.php\/wp-json\/wp\/v2\/posts"}],"about":[{"href":"https:\/\/noticiasribeiraopreto.com.br\/index.php\/wp-json\/wp\/v2\/types\/post"}],"author":[{"embeddable":true,"href":"https:\/\/noticiasribeiraopreto.com.br\/index.php\/wp-json\/wp\/v2\/users\/1"}],"replies":[{"embeddable":true,"href":"https:\/\/noticiasribeiraopreto.com.br\/index.php\/wp-json\/wp\/v2\/comments?post=33124"}],"version-history":[{"count":0,"href":"https:\/\/noticiasribeiraopreto.com.br\/index.php\/wp-json\/wp\/v2\/posts\/33124\/revisions"}],"wp:featuredmedia":[{"embeddable":true,"href":"https:\/\/noticiasribeiraopreto.com.br\/index.php\/wp-json\/wp\/v2\/media\/33125"}],"wp:attachment":[{"href":"https:\/\/noticiasribeiraopreto.com.br\/index.php\/wp-json\/wp\/v2\/media?parent=33124"}],"wp:term":[{"taxonomy":"category","embeddable":true,"href":"https:\/\/noticiasribeiraopreto.com.br\/index.php\/wp-json\/wp\/v2\/categories?post=33124"},{"taxonomy":"post_tag","embeddable":true,"href":"https:\/\/noticiasribeiraopreto.com.br\/index.php\/wp-json\/wp\/v2\/tags?post=33124"}],"curies":[{"name":"wp","href":"https:\/\/api.w.org\/{rel}","templated":true}]}}