{"id":33151,"date":"2024-01-28T10:03:13","date_gmt":"2024-01-28T13:03:13","guid":{"rendered":"https:\/\/noticiasribeiraopreto.com.br\/index.php\/2024\/01\/28\/projeto-leva-discussao-climatica-para-periferia\/"},"modified":"2024-01-28T10:03:13","modified_gmt":"2024-01-28T13:03:13","slug":"projeto-leva-discussao-climatica-para-periferia","status":"publish","type":"post","link":"https:\/\/noticiasribeiraopreto.com.br\/index.php\/2024\/01\/28\/projeto-leva-discussao-climatica-para-periferia\/","title":{"rendered":"Projeto leva discuss\u00e3o clim\u00e1tica para periferia"},"content":{"rendered":"<div class='code-block code-block-1' style='margin: 8px 0 8px auto; text-align: right; display: block; clear: both;'>\n<p><a href=\"https:\/\/wa.link\/vpicfd\"><img data-recalc-dims=\"1\" class=\"wp-image-4922\" style=\"aspect-ratio: 2.0253164556962027; width: 561px; height: auto;\" src=\"https:\/\/i0.wp.com\/ismaelcolosi.com.br\/wp-content\/uploads\/2023\/11\/grupo-de-empregos-whatsapp-e-facebook-ismael-colosi-vagas.jpg?ssl=1\" alt=\"\" \/><\/a><\/p>\n<!-- \/wp:image -->\n<\/div>\n<p> <br \/>\n<\/p>\n<div>\n<p><span data-contrast=\"auto\">Um projeto realizado pelo Teatro da Comunidade est\u00e1 colocando a discuss\u00e3o das quest\u00f5es clim\u00e1ticas e como elas afetam o cotidiano das pessoas na pauta da popula\u00e7\u00e3o perif\u00e9rica de Ribeir\u00e3o Preto.\u00a0 Para isso, realiza oficinas teatrais com essa tem\u00e1tica oferecidas de forma gratuita para jovens e pessoas da terceira idade. O projeto consiste em unir atividades art\u00edstico-culturais com a participa\u00e7\u00e3o popular na elabora\u00e7\u00e3o de iniciativas do poder p\u00fablico municipal relacionadas aos impactos danosos das mudan\u00e7as clim\u00e1ticas.<\/span><span data-ccp-props=\"{&quot;201341983&quot;:0,&quot;335559739&quot;:0,&quot;335559740&quot;:240}\">\u00a0<\/span><\/p>\n<p><span data-contrast=\"auto\">\u00a0<\/span><span data-contrast=\"auto\">Realizadas no Centro Social Urbano (CSU) localizado, na rua Franco da Rocha, 1110, na Vila Virg\u00ednia, zona Oeste da cidade, as oficinas teatrais s\u00e3o realizadas aos s\u00e1bados \u00e0 tarde, com a orienta\u00e7\u00e3o do ator e diretor teatral Gilson Filho.\u00a0<\/span><span data-ccp-props=\"{&quot;201341983&quot;:0,&quot;335559739&quot;:0,&quot;335559740&quot;:240}\">\u00a0<\/span><\/p>\n<p><span data-contrast=\"auto\">No projeto \u00e9 utilizado o m\u00e9todo teatral do consagrado dramaturgo brasileiro, Augusto Boal, que tem como premissa o teatro participativo. Nele, os atores envolvidos s\u00e3o pessoas da comunidade que compartilham suas experi\u00eancias e viv\u00eancias do cotidiano. A primeira oficina deste ano foi realizada no dia 06 de janeiro. Boal faleceu em 2009.<\/span><span data-ccp-props=\"{&quot;201341983&quot;:0,&quot;335559739&quot;:0,&quot;335559740&quot;:240}\">\u00a0<\/span><\/p>\n<p><span data-contrast=\"auto\">Os objetivos da iniciativa s\u00e3o democratizar o acesso \u00e0 cultura para pessoas moradoras de bairros da periferia e possibilitar que estes participantes sejam ouvidos na elabora\u00e7\u00e3o do plano municipal de mudan\u00e7as clim\u00e1ticas, com a utiliza\u00e7\u00e3o da linguagem teatral.\u00a0\u00a0<\/span><span data-ccp-props=\"{&quot;201341983&quot;:0,&quot;335559739&quot;:0,&quot;335559740&quot;:240}\">\u00a0<\/span><\/p>\n<p><span data-contrast=\"auto\">O projeto \u00e9 financiado pelo <\/span><span data-contrast=\"auto\">Programa de A\u00e7\u00e3o Cultural (Proac)<\/span><span data-contrast=\"auto\"> da Secretaria Estadual da Cultura do Governo de S\u00e3o Paulo e conta tamb\u00e9m com o apoio do Centro de Refer\u00eancia Popular (Cerpo). A Organiza\u00e7\u00e3o da Sociedade Civil Centro de Refer\u00eancia Popular no Programa Climate Democracy Action, da institui\u00e7\u00e3o norte-americana People Powered, forneceu mentoria para orientar sobre como concretizar projetos de interven\u00e7\u00e3o na crise clim\u00e1tica.<\/span><span data-ccp-props=\"{&quot;201341983&quot;:0,&quot;335559739&quot;:0,&quot;335559740&quot;:240}\">\u00a0<\/span><\/p>\n<p><span data-contrast=\"auto\">Durante as pr\u00f3ximas oficinas do projeto ser\u00e3o convidados representantes da Secretaria do Meio Ambiente e vereadores para conhecerem as propostas surgidas nas aulas teatrais que podem contribuir na elabora\u00e7\u00e3o do plano de mudan\u00e7as clim\u00e1ticas da cidade. No final das oficinas est\u00e1 programada uma pe\u00e7a gratuita aberta para toda a popula\u00e7\u00e3o que ser\u00e1 realizada em parceria com a secretaria municipal da Cultura de Ribeir\u00e3o Preto.\u00a0<\/span><span data-ccp-props=\"{&quot;201341983&quot;:0,&quot;335559739&quot;:0,&quot;335559740&quot;:240}\">\u00a0<\/span><\/p>\n<p><span data-contrast=\"auto\">\u201cEntendemos que as maiores v\u00edtimas das mudan\u00e7as clim\u00e1ticas nas cidades s\u00e3o as pessoas em situa\u00e7\u00e3o de maior vulnerabilidade social e econ\u00f4mica, pois majoritariamente s\u00e3o as que vivem em locais de maior risco de acidentes clim\u00e1ticos, como enchentes e deslizamentos. Normalmente essas popula\u00e7\u00f5es n\u00e3o s\u00e3o ouvidas na elabora\u00e7\u00e3o do planejamento urbano. Por isso coletivamente constru\u00edmos o projeto para dar voz para pessoas da periferia atrav\u00e9s de um canal democr\u00e1tico que \u00e9 o da arte teatral\u201d, explica Edgar Reinaldo Prandini, coordenador do projeto. Atualmente 20 pessoas participam da iniciativa que dever\u00e1 ser conclu\u00edda no segundo semestre deste ano.<\/span><span data-ccp-props=\"{&quot;201341983&quot;:0,&quot;335559739&quot;:0,&quot;335559740&quot;:240}\">\u00a0<\/span><\/p>\n<p><span data-contrast=\"none\">Levantamento da Central \u00danica das Favelas (CUFA) revela que Ribeir\u00e3o Preto possui mais de 100 favelas registradas. A estimativa \u00e9 que cerca de 45 mil pessoas vivam nas favelas em Ribeir\u00e3o Preto.<\/span><span data-ccp-props=\"{&quot;201341983&quot;:0,&quot;335559739&quot;:0,&quot;335559740&quot;:240}\">\u00a0<\/span><\/p>\n<p><b><span data-contrast=\"auto\">Boal criou o Teatro do Oprimido<\/span><\/b><span data-ccp-props=\"{&quot;201341983&quot;:0,&quot;335559739&quot;:0,&quot;335559740&quot;:240}\">\u00a0<\/span><\/p>\n<figure id=\"attachment_371787\" aria-describedby=\"caption-attachment-371787\" style=\"width: 300px\" class=\"wp-caption alignleft\"><noscript><img data-recalc-dims=\"1\" loading=\"lazy\" decoding=\"async\" class=\"wp-image-371787 size-medium\" src=\"https:\/\/i0.wp.com\/www.tribunaribeirao.com.br\/site\/wp-content\/uploads\/2024\/01\/box-boal-300x203.jpg?resize=300%2C203&#038;ssl=1\" alt=\"\" width=\"300\" height=\"203\" srcset=\"https:\/\/www.tribunaribeirao.com.br\/site\/wp-content\/uploads\/2024\/01\/box-boal-300x203.jpg 300w, https:\/\/www.tribunaribeirao.com.br\/site\/wp-content\/uploads\/2024\/01\/box-boal-591x400.jpg 591w, https:\/\/www.tribunaribeirao.com.br\/site\/wp-content\/uploads\/2024\/01\/box-boal-585x396.jpg 585w, https:\/\/www.tribunaribeirao.com.br\/site\/wp-content\/uploads\/2024\/01\/box-boal.jpg 600w\" sizes=\"auto, (max-width: 300px) 100vw, 300px\"\/><\/noscript><figcaption id=\"caption-attachment-371787\" class=\"wp-caption-text\">Augusto Boal acreditava que as artes c\u00eanicas funcionam como meio de transforma\u00e7\u00e3o subjetiva do ser humano e transforma\u00e7\u00e3o objetiva da sociedade\u00a0(Reprodu\u00e7\u00e3o)<\/figcaption><\/figure>\n<p><span data-contrast=\"auto\">Augusto Boal foi um dos dramaturgos brasileiros que mais contribuiu para a cria\u00e7\u00e3o de um teatro genuinamente brasileiro e latino-americano. Nos anos 1970 criou o Teatro do Oprimido, um m\u00e9todo teatral que re\u00fane exerc\u00edcios, jogos e t\u00e9cnicas teatrais. Os seus principais objetivos \u00e9 a democratiza\u00e7\u00e3o dos meios de produ\u00e7\u00e3o teatral e a transforma\u00e7\u00e3o da realidade atrav\u00e9s do di\u00e1logo e do teatro.\u00a0<\/span><span data-ccp-props=\"{&quot;201341983&quot;:0,&quot;335559739&quot;:0,&quot;335559740&quot;:240}\">\u00a0<\/span><\/p>\n<p><span data-contrast=\"auto\">Augusto acreditava que as artes c\u00eanicas funcionam como meio de transforma\u00e7\u00e3o subjetiva do ser humano e transforma\u00e7\u00e3o objetiva da sociedade, ponto de partida para o Teatro do Oprimido, onde o espectador adquire voz, movimento, som e cor, e pode exprimir desejos e ideias.\u00a0<\/span><span data-ccp-props=\"{&quot;201341983&quot;:0,&quot;335559739&quot;:0,&quot;335559740&quot;:240}\">\u00a0<\/span><\/p>\n<p><span data-contrast=\"auto\">Com 22 livros publicados e traduzidos em mais de vinte pa\u00edses, suas concep\u00e7\u00f5es s\u00e3o estudadas nas principais escolas de teatro do mundo. O livro Jogos Para Atores e N\u00e3o Atores trata de um sistema de exerc\u00edcios \u2013 mon\u00f3logos corporais e t\u00e9cnicas teatrais al\u00e9m de t\u00e9cnicas do teatro-imagem, que, segundo o autor, podem ser utilizadas n\u00e3o s\u00f3 por atores, mas por todas as pessoas. Augusto Boal faleceu em 2009.<\/span><span data-ccp-props=\"{&quot;201341983&quot;:0,&quot;335559739&quot;:0,&quot;335559740&quot;:240}\">\u00a0<\/span><\/p>\n<p><span data-ccp-props=\"{&quot;201341983&quot;:0,&quot;335559739&quot;:0,&quot;335559740&quot;:240}\">\u00a0<\/span><\/p>\n<p>\u00a0<\/p>\n<\/div>\n<p><br \/>\n<br \/><a href=\"https:\/\/www.tribunaribeirao.com.br\/site\/projeto-leva-discussao-climatica-para-periferia\/\">Source link <\/a><\/p>\n<!-- CONTENT END 1 -->\n","protected":false},"excerpt":{"rendered":"<p>Um projeto realizado pelo Teatro da Comunidade est\u00e1 colocando a discuss\u00e3o das quest\u00f5es clim\u00e1ticas e como elas afetam o cotidiano das pessoas na pauta da&#8230;<\/p>\n","protected":false},"author":1,"featured_media":33152,"comment_status":"open","ping_status":"open","sticky":false,"template":"","format":"standard","meta":{"advanced_seo_description":"","jetpack_seo_html_title":"","jetpack_seo_noindex":false,"jetpack_post_was_ever_published":false,"_jetpack_newsletter_access":"","_jetpack_dont_email_post_to_subs":false,"_jetpack_newsletter_tier_id":0,"_jetpack_memberships_contains_paywalled_content":false,"_jetpack_memberships_contains_paid_content":false,"footnotes":"","jetpack_publicize_message":"","jetpack_publicize_feature_enabled":true,"jetpack_social_post_already_shared":true,"jetpack_social_options":{"image_generator_settings":{"template":"highway","default_image_id":0,"font":"","enabled":false},"version":2}},"categories":[11],"tags":[3934,1902,505,71,3935,685],"class_list":["post-33151","post","type-post","status-publish","format-standard","has-post-thumbnail","hentry","category-noticias-de-ribeirao-preto-sp-e-regiao-ismael-colosi","tag-climatica","tag-discussao","tag-leva","tag-para","tag-periferia","tag-projeto"],"jetpack_publicize_connections":[],"jetpack_featured_media_url":"https:\/\/i0.wp.com\/noticiasribeiraopreto.com.br\/wp-content\/uploads\/2024\/01\/box-boal-300x203.jpg?fit=300%2C203&ssl=1","jetpack-related-posts":[{"id":10642,"url":"https:\/\/noticiasribeiraopreto.com.br\/index.php\/2023\/12\/04\/prefeito-duarte-nogueira-destaca-acoes-de-ribeirao-preto-na-cop-28-para-enfrentamento-das-mudancas-climaticas\/","url_meta":{"origin":33151,"position":0},"title":"Nogueira destaca a\u00e7\u00f5es de RP na COP 28 para Enfrentamento das Mudan\u00e7as Clim\u00e1ticas","author":"noticiasribeiraopreto.com.br","date":"4 de December de 2023","format":false,"excerpt":"4 de dezembro de 2023 | 17:364 de dezembro de 2023 | 17:36 0No \u00e2mbito da COP 28, realizada entre 30 de novembro e 12 de dezembro, a cidade de Ribeir\u00e3o Preto marcar\u00e1 presen\u00e7a de forma ativa, tendo o prefeito, Duarte Nogueira, como um dos principais palestrantes em dois pain\u00e9is\u2026","rel":"","context":"In &quot;Not\u00edcias de Ribeir\u00e3o Preto-SP e Regi\u00e3o&quot;","block_context":{"text":"Not\u00edcias de Ribeir\u00e3o Preto-SP e Regi\u00e3o","link":"https:\/\/noticiasribeiraopreto.com.br\/index.php\/category\/noticias-de-ribeirao-preto-sp-e-regiao-ismael-colosi\/"},"img":{"alt_text":"","src":"https:\/\/i0.wp.com\/noticiasribeiraopreto.com.br\/wp-content\/uploads\/2023\/12\/prefeito-scaled.jpeg?fit=860%2C645&ssl=1&resize=350%2C200","width":350,"height":200,"srcset":"https:\/\/i0.wp.com\/noticiasribeiraopreto.com.br\/wp-content\/uploads\/2023\/12\/prefeito-scaled.jpeg?fit=860%2C645&ssl=1&resize=350%2C200 1x, https:\/\/i0.wp.com\/noticiasribeiraopreto.com.br\/wp-content\/uploads\/2023\/12\/prefeito-scaled.jpeg?fit=860%2C645&ssl=1&resize=525%2C300 1.5x, https:\/\/i0.wp.com\/noticiasribeiraopreto.com.br\/wp-content\/uploads\/2023\/12\/prefeito-scaled.jpeg?fit=860%2C645&ssl=1&resize=700%2C400 2x"},"classes":[]},{"id":59255,"url":"https:\/\/noticiasribeiraopreto.com.br\/index.php\/2024\/10\/18\/ribeirao-preto-recebe-projeto-com-palestras-workshops-e-oficinas-gratuitas\/","url_meta":{"origin":33151,"position":1},"title":"Ribeir\u00e3o Preto recebe projeto com palestras, workshops e oficinas gratuitas","author":"noticiasribeiraopreto.com.br","date":"18 de October de 2024","format":false,"excerpt":"O Senac de Ribeir\u00e3o Preto oferece diversas atividades gratuitas para a popula\u00e7\u00e3o, neste s\u00e1bado (19), das 10h \u00e0s 16h. O projeto \u201cCasa Aberta\u201d, tamb\u00e9m acontece em Barretos, Bebedouro, Franca, Jaboticabal \u2013 veja a programa\u00e7\u00e3o abaixo. De acordo com a institui\u00e7\u00e3o, os participantes poder\u00e3o acompanhar palestras, workshops, apresenta\u00e7\u00f5es art\u00edsticas e oficinas\u2026","rel":"","context":"In &quot;Not\u00edcias de Ribeir\u00e3o Preto-SP e Regi\u00e3o&quot;","block_context":{"text":"Not\u00edcias de Ribeir\u00e3o Preto-SP e Regi\u00e3o","link":"https:\/\/noticiasribeiraopreto.com.br\/index.php\/category\/noticias-de-ribeirao-preto-sp-e-regiao-ismael-colosi\/"},"img":{"alt_text":"","src":"https:\/\/i0.wp.com\/noticiasribeiraopreto.com.br\/wp-content\/uploads\/2024\/10\/WhatsApp-Image-2024-10-16-at-11.12.41_2024-10-18_16-25-59_jpeg_2024-10-18_16-26-00.webp.webp?fit=1200%2C799&ssl=1&resize=350%2C200","width":350,"height":200,"srcset":"https:\/\/i0.wp.com\/noticiasribeiraopreto.com.br\/wp-content\/uploads\/2024\/10\/WhatsApp-Image-2024-10-16-at-11.12.41_2024-10-18_16-25-59_jpeg_2024-10-18_16-26-00.webp.webp?fit=1200%2C799&ssl=1&resize=350%2C200 1x, https:\/\/i0.wp.com\/noticiasribeiraopreto.com.br\/wp-content\/uploads\/2024\/10\/WhatsApp-Image-2024-10-16-at-11.12.41_2024-10-18_16-25-59_jpeg_2024-10-18_16-26-00.webp.webp?fit=1200%2C799&ssl=1&resize=525%2C300 1.5x, https:\/\/i0.wp.com\/noticiasribeiraopreto.com.br\/wp-content\/uploads\/2024\/10\/WhatsApp-Image-2024-10-16-at-11.12.41_2024-10-18_16-25-59_jpeg_2024-10-18_16-26-00.webp.webp?fit=1200%2C799&ssl=1&resize=700%2C400 2x, https:\/\/i0.wp.com\/noticiasribeiraopreto.com.br\/wp-content\/uploads\/2024\/10\/WhatsApp-Image-2024-10-16-at-11.12.41_2024-10-18_16-25-59_jpeg_2024-10-18_16-26-00.webp.webp?fit=1200%2C799&ssl=1&resize=1050%2C600 3x"},"classes":[]},{"id":57207,"url":"https:\/\/noticiasribeiraopreto.com.br\/index.php\/2024\/08\/26\/confira-a-agenda-dos-candidatos-a-prefeitura-de-ribeirao-preto-nesta-segunda-feira-26\/","url_meta":{"origin":33151,"position":2},"title":"Confira a agenda dos candidatos \u00e0 Prefeitura de Ribeir\u00e3o Preto nesta segunda-feira (26)","author":"noticiasribeiraopreto.com.br","date":"26 de August de 2024","format":false,"excerpt":"Os candidatos \u00e0 Prefeitura de Ribeir\u00e3o Preto divulgaram suas agendas de campanha para esta segunda-feira (26).O per\u00edodo de propaganda eleitoral come\u00e7ou no dia 16 de agosto, portanto, candidatos podem apresentar \u00e0s eleitoras e aos eleitores suas ideias e propostas. A publicidade das candidaturas pode ser feita na internet, na rua,\u2026","rel":"","context":"In &quot;Not\u00edcias de Ribeir\u00e3o Preto-SP e Regi\u00e3o&quot;","block_context":{"text":"Not\u00edcias de Ribeir\u00e3o Preto-SP e Regi\u00e3o","link":"https:\/\/noticiasribeiraopreto.com.br\/index.php\/category\/noticias-de-ribeirao-preto-sp-e-regiao-ismael-colosi\/"},"img":{"alt_text":"","src":"https:\/\/i0.wp.com\/noticiasribeiraopreto.com.br\/wp-content\/uploads\/2024\/08\/WhatsApp-Image-2023-09-16-at-09.48.53.jpeg?fit=1200%2C675&ssl=1&resize=350%2C200","width":350,"height":200,"srcset":"https:\/\/i0.wp.com\/noticiasribeiraopreto.com.br\/wp-content\/uploads\/2024\/08\/WhatsApp-Image-2023-09-16-at-09.48.53.jpeg?fit=1200%2C675&ssl=1&resize=350%2C200 1x, https:\/\/i0.wp.com\/noticiasribeiraopreto.com.br\/wp-content\/uploads\/2024\/08\/WhatsApp-Image-2023-09-16-at-09.48.53.jpeg?fit=1200%2C675&ssl=1&resize=525%2C300 1.5x, https:\/\/i0.wp.com\/noticiasribeiraopreto.com.br\/wp-content\/uploads\/2024\/08\/WhatsApp-Image-2023-09-16-at-09.48.53.jpeg?fit=1200%2C675&ssl=1&resize=700%2C400 2x, https:\/\/i0.wp.com\/noticiasribeiraopreto.com.br\/wp-content\/uploads\/2024\/08\/WhatsApp-Image-2023-09-16-at-09.48.53.jpeg?fit=1200%2C675&ssl=1&resize=1050%2C600 3x"},"classes":[]},{"id":83331,"url":"https:\/\/noticiasribeiraopreto.com.br\/index.php\/2026\/03\/16\/futuro-corredor-leste-oeste-incorpora-conceito-de-cidade-esponja-e-propoe-nova-logica-de-mobilidade-em-ribeirao\/","url_meta":{"origin":33151,"position":3},"title":"Futuro Corredor Leste-Oeste incorpora conceito de Cidade Esponja e prop\u00f5e nova l\u00f3gica de mobilidade em Ribeir\u00e3o","author":"noticiasribeiraopreto.com.br","date":"16 de March de 2026","format":false,"excerpt":"Macroprojeto de infraestrutura integra mobilidade, recupera\u00e7\u00e3o ambiental e solu\u00e7\u00f5es urbanas para reduzir enchentes; projeto de lei que viabiliza a estrutura\u00e7\u00e3o financeira da obra ser\u00e1 votado hoje em primeira discuss\u00e3o na C\u00e2mara Municipal O Futuro Corredor Leste-Oeste dever\u00e1 se tornar um dos principais projetos de transforma\u00e7\u00e3o urbana de Ribeir\u00e3o Preto nas\u2026","rel":"","context":"In &quot;Not\u00edcias de Ribeir\u00e3o Preto-SP e Regi\u00e3o&quot;","block_context":{"text":"Not\u00edcias de Ribeir\u00e3o Preto-SP e Regi\u00e3o","link":"https:\/\/noticiasribeiraopreto.com.br\/index.php\/category\/noticias-de-ribeirao-preto-sp-e-regiao-ismael-colosi\/"},"img":{"alt_text":"","src":"https:\/\/i0.wp.com\/noticiasribeiraopreto.com.br\/wp-content\/uploads\/2026\/03\/via-leste-oeste.webp.webp?fit=1068%2C600&ssl=1&resize=350%2C200","width":350,"height":200,"srcset":"https:\/\/i0.wp.com\/noticiasribeiraopreto.com.br\/wp-content\/uploads\/2026\/03\/via-leste-oeste.webp.webp?fit=1068%2C600&ssl=1&resize=350%2C200 1x, https:\/\/i0.wp.com\/noticiasribeiraopreto.com.br\/wp-content\/uploads\/2026\/03\/via-leste-oeste.webp.webp?fit=1068%2C600&ssl=1&resize=525%2C300 1.5x, https:\/\/i0.wp.com\/noticiasribeiraopreto.com.br\/wp-content\/uploads\/2026\/03\/via-leste-oeste.webp.webp?fit=1068%2C600&ssl=1&resize=700%2C400 2x, https:\/\/i0.wp.com\/noticiasribeiraopreto.com.br\/wp-content\/uploads\/2026\/03\/via-leste-oeste.webp.webp?fit=1068%2C600&ssl=1&resize=1050%2C600 3x"},"classes":[]},{"id":78970,"url":"https:\/\/noticiasribeiraopreto.com.br\/index.php\/2025\/10\/22\/ribeirao-e-finalista-em-projeto-ambiental\/","url_meta":{"origin":33151,"position":4},"title":"Ribeir\u00e3o \u00e9 finalista em projeto ambiental","author":"noticiasribeiraopreto.com.br","date":"22 de October de 2025","format":false,"excerpt":"22 de outubro de 2025 08:162 Compartilhar0 Munic\u00edpio est\u00e1 entre os 28 selecionados de mais de 200 cidades que concorreram em todo o mundo \u2028\u2028Ribeir\u00e3o Preto foi selecionada como uma das finalistas no concurso Incubadora de Projetos Solu\u00e7\u00e3o Natureza, promovido pela Funda\u00e7\u00e3o Grupo Botic\u00e1rio em parceria com a C40 Cities.\u2026","rel":"","context":"In &quot;Not\u00edcias de Ribeir\u00e3o Preto-SP e Regi\u00e3o&quot;","block_context":{"text":"Not\u00edcias de Ribeir\u00e3o Preto-SP e Regi\u00e3o","link":"https:\/\/noticiasribeiraopreto.com.br\/index.php\/category\/noticias-de-ribeirao-preto-sp-e-regiao-ismael-colosi\/"},"img":{"alt_text":"","src":"https:\/\/i0.wp.com\/noticiasribeiraopreto.com.br\/wp-content\/uploads\/2025\/10\/Ambiente-Guilherme-Sircili-scaled.jpg?fit=1170%2C780&ssl=1&resize=350%2C200","width":350,"height":200,"srcset":"https:\/\/i0.wp.com\/noticiasribeiraopreto.com.br\/wp-content\/uploads\/2025\/10\/Ambiente-Guilherme-Sircili-scaled.jpg?fit=1170%2C780&ssl=1&resize=350%2C200 1x, https:\/\/i0.wp.com\/noticiasribeiraopreto.com.br\/wp-content\/uploads\/2025\/10\/Ambiente-Guilherme-Sircili-scaled.jpg?fit=1170%2C780&ssl=1&resize=525%2C300 1.5x, https:\/\/i0.wp.com\/noticiasribeiraopreto.com.br\/wp-content\/uploads\/2025\/10\/Ambiente-Guilherme-Sircili-scaled.jpg?fit=1170%2C780&ssl=1&resize=700%2C400 2x, https:\/\/i0.wp.com\/noticiasribeiraopreto.com.br\/wp-content\/uploads\/2025\/10\/Ambiente-Guilherme-Sircili-scaled.jpg?fit=1170%2C780&ssl=1&resize=1050%2C600 3x"},"classes":[]},{"id":75435,"url":"https:\/\/noticiasribeiraopreto.com.br\/index.php\/2025\/08\/08\/ribeirao-preto-elabora-plano-de-adaptacao-e-resiliencia-climatica-entenda-como-funciona\/","url_meta":{"origin":33151,"position":5},"title":"Ribeir\u00e3o Preto elabora Plano de Adapta\u00e7\u00e3o e Resili\u00eancia Clim\u00e1tica; entenda como funciona","author":"noticiasribeiraopreto.com.br","date":"8 de August de 2025","format":false,"excerpt":"A Secretaria de Meio Ambiente de Ribeir\u00e3o Preto est\u00e1 elaborando o primeiro Plano Municipal de Adapta\u00e7\u00e3o e Resili\u00eancia Clim\u00e1tica. Segundo a pasta, o plano vai funcionar como um instrumento estrat\u00e9gico que visa fortalecer a capacidade da cidade de enfrentar os efeitos das mudan\u00e7as clim\u00e1ticas e promover o desenvolvimento sustent\u00e1vel. O\u2026","rel":"","context":"In &quot;Not\u00edcias de Ribeir\u00e3o Preto-SP e Regi\u00e3o&quot;","block_context":{"text":"Not\u00edcias de Ribeir\u00e3o Preto-SP e Regi\u00e3o","link":"https:\/\/noticiasribeiraopreto.com.br\/index.php\/category\/noticias-de-ribeirao-preto-sp-e-regiao-ismael-colosi\/"},"img":{"alt_text":"","src":"https:\/\/i0.wp.com\/noticiasribeiraopreto.com.br\/wp-content\/uploads\/2025\/08\/licenciamento_ambiental_-_foto_guilherme_sircili_150texto_2025-05-07_15-31-40.webp.webp?fit=1200%2C800&ssl=1&resize=350%2C200","width":350,"height":200,"srcset":"https:\/\/i0.wp.com\/noticiasribeiraopreto.com.br\/wp-content\/uploads\/2025\/08\/licenciamento_ambiental_-_foto_guilherme_sircili_150texto_2025-05-07_15-31-40.webp.webp?fit=1200%2C800&ssl=1&resize=350%2C200 1x, https:\/\/i0.wp.com\/noticiasribeiraopreto.com.br\/wp-content\/uploads\/2025\/08\/licenciamento_ambiental_-_foto_guilherme_sircili_150texto_2025-05-07_15-31-40.webp.webp?fit=1200%2C800&ssl=1&resize=525%2C300 1.5x, https:\/\/i0.wp.com\/noticiasribeiraopreto.com.br\/wp-content\/uploads\/2025\/08\/licenciamento_ambiental_-_foto_guilherme_sircili_150texto_2025-05-07_15-31-40.webp.webp?fit=1200%2C800&ssl=1&resize=700%2C400 2x, https:\/\/i0.wp.com\/noticiasribeiraopreto.com.br\/wp-content\/uploads\/2025\/08\/licenciamento_ambiental_-_foto_guilherme_sircili_150texto_2025-05-07_15-31-40.webp.webp?fit=1200%2C800&ssl=1&resize=1050%2C600 3x"},"classes":[]}],"jetpack_sharing_enabled":true,"jetpack_shortlink":"https:\/\/wp.me\/peQAOb-8CH","_links":{"self":[{"href":"https:\/\/noticiasribeiraopreto.com.br\/index.php\/wp-json\/wp\/v2\/posts\/33151","targetHints":{"allow":["GET"]}}],"collection":[{"href":"https:\/\/noticiasribeiraopreto.com.br\/index.php\/wp-json\/wp\/v2\/posts"}],"about":[{"href":"https:\/\/noticiasribeiraopreto.com.br\/index.php\/wp-json\/wp\/v2\/types\/post"}],"author":[{"embeddable":true,"href":"https:\/\/noticiasribeiraopreto.com.br\/index.php\/wp-json\/wp\/v2\/users\/1"}],"replies":[{"embeddable":true,"href":"https:\/\/noticiasribeiraopreto.com.br\/index.php\/wp-json\/wp\/v2\/comments?post=33151"}],"version-history":[{"count":0,"href":"https:\/\/noticiasribeiraopreto.com.br\/index.php\/wp-json\/wp\/v2\/posts\/33151\/revisions"}],"wp:featuredmedia":[{"embeddable":true,"href":"https:\/\/noticiasribeiraopreto.com.br\/index.php\/wp-json\/wp\/v2\/media\/33152"}],"wp:attachment":[{"href":"https:\/\/noticiasribeiraopreto.com.br\/index.php\/wp-json\/wp\/v2\/media?parent=33151"}],"wp:term":[{"taxonomy":"category","embeddable":true,"href":"https:\/\/noticiasribeiraopreto.com.br\/index.php\/wp-json\/wp\/v2\/categories?post=33151"},{"taxonomy":"post_tag","embeddable":true,"href":"https:\/\/noticiasribeiraopreto.com.br\/index.php\/wp-json\/wp\/v2\/tags?post=33151"}],"curies":[{"name":"wp","href":"https:\/\/api.w.org\/{rel}","templated":true}]}}