{"id":33194,"date":"2024-01-28T13:46:39","date_gmt":"2024-01-28T16:46:39","guid":{"rendered":"https:\/\/noticiasribeiraopreto.com.br\/index.php\/2024\/01\/28\/programa-distribui-absorventes-para-mulheres-em-vulnerabilidade\/"},"modified":"2024-01-28T13:46:39","modified_gmt":"2024-01-28T16:46:39","slug":"programa-distribui-absorventes-para-mulheres-em-vulnerabilidade","status":"publish","type":"post","link":"https:\/\/noticiasribeiraopreto.com.br\/index.php\/2024\/01\/28\/programa-distribui-absorventes-para-mulheres-em-vulnerabilidade\/","title":{"rendered":"Programa distribui absorventes para mulheres em vulnerabilidade"},"content":{"rendered":"<div class='code-block code-block-1' style='margin: 8px 0 8px auto; text-align: right; display: block; clear: both;'>\n<p><a href=\"https:\/\/wa.link\/vpicfd\"><img data-recalc-dims=\"1\" class=\"wp-image-4922\" style=\"aspect-ratio: 2.0253164556962027; width: 561px; height: auto;\" src=\"https:\/\/i0.wp.com\/ismaelcolosi.com.br\/wp-content\/uploads\/2023\/11\/grupo-de-empregos-whatsapp-e-facebook-ismael-colosi-vagas.jpg?ssl=1\" alt=\"\" \/><\/a><\/p>\n<!-- \/wp:image -->\n<\/div>\n<p> <br \/>\n<\/p>\n<div id=\"\">\n<p> <span class=\"entry-meta-item penci-posted-on\"><i class=\"fa fa-clock-o\"\/><time class=\"entry-date published\" datetime=\"2024-01-28T13:00:14-03:00\">28 de janeiro de 2024 | 13:00<\/time><time class=\"updated\" datetime=\"2024-01-27T19:30:22-03:00\">27 de janeiro de 2024 | 19:30<\/time><\/span><\/p>\n<p> <span class=\"penci-social-buttons penci-social-share-footer\"><a href=\"#\" class=\"penci-post-like penci_post-meta_item  single-like-button penci-social-item like\" data-post_id=\"371792\" title=\"Like\" data-like=\"Like\" data-unlike=\"Unlike\"><i class=\"fa fa-thumbs-o-up\"\/><span class=\"penci-share-number\">0<\/span><\/a><i class=\"fa fa-facebook\"\/><a class=\"penci-social-item twitter\" target=\"_blank\" rel=\"noopener\" title=\"\" href=\"https:\/\/twitter.com\/intent\/tweet?text=Programa%20distribui%20absorventes%20para%20mulheres%20em%20vulnerabilidade%20-%20https:\/\/www.tribunaribeirao.com.br\/site\/programa-distribui-absorventes-para-mulheres-em-vulnerabilidade\/\"><i class=\"fa fa-twitter\"\/><\/a><i class=\"fa fa-whatsapp\"\/><\/span><\/div>\n<div>\n<p><span data-contrast=\"auto\">O programa Farm\u00e1cia Popular, do Governo Federal, disponibiliza absorventes gratuitamente para popula\u00e7\u00e3o em situa\u00e7\u00e3o de vulnerabilidade social em mais de 31 mil unidades credenciadas em todo pa\u00eds. No Estado de S\u00e3o Paulo, 6.445 farm\u00e1cias est\u00e3o credenciadas para distribui\u00e7\u00e3o em 618 munic\u00edpios. Em Ribeir\u00e3o Preto 83 participam da iniciativa.<\/span><span data-ccp-props=\"{&quot;201341983&quot;:0,&quot;335559739&quot;:0,&quot;335559740&quot;:240}\">\u00a0<\/span><\/p>\n<p><span data-contrast=\"auto\">A iniciativa \u00e9 resultado das a\u00e7\u00f5es do Programa de Prote\u00e7\u00e3o e Promo\u00e7\u00e3o da Sa\u00fade e Dignidade Menstrual e tem como meta combater as desigualdades causadas pela pobreza menstrual. A distribui\u00e7\u00e3o \u00e9 garantida pela Lei Federal 14.214 de 2021 e uma iniciativa conjunta dos minist\u00e9rios da Sa\u00fade, Direitos Humanos e Cidadania, Justi\u00e7a e Seguran\u00e7a P\u00fablica, Desenvolvimento e Assist\u00eancia Social, Fam\u00edlia e Combate \u00e0 Fome, Mulheres e Educa\u00e7\u00e3o.<\/span><span data-ccp-props=\"{&quot;201341983&quot;:0,&quot;335559739&quot;:0,&quot;335559740&quot;:240}\">\u00a0<\/span><\/p>\n<p><span data-contrast=\"auto\">A oferta \u00e9 direcionada aos grupos que vivem abaixo da linha da pobreza com idade entre 10 e 49 anos. Atende desde as adolescentes e mulheres que est\u00e3o matriculados em escolas p\u00fablicas, at\u00e9 as em situa\u00e7\u00e3o de rua ou em vulnerabilidade extrema. A popula\u00e7\u00e3o recolhida em unidades do sistema prisional tamb\u00e9m \u00e9 contemplada. O p\u00fablico-alvo do programa abrange 24 milh\u00f5es de pessoas.\u00a0<\/span><span data-ccp-props=\"{&quot;201341983&quot;:0,&quot;335559739&quot;:0,&quot;335559740&quot;:240}\">\u00a0<\/span><\/p>\n<p><span data-contrast=\"auto\">A menstrua\u00e7\u00e3o \u00e9 um processo natural, que ocorre em todo o mundo com, pelo menos, metade da popula\u00e7\u00e3o. Ainda assim, dados da Organiza\u00e7\u00e3o das Na\u00e7\u00f5es Unidas (ONU) apontam que a pobreza menstrual, associada aos tabus que ainda cercam essa condi\u00e7\u00e3o, podem ocasionar evas\u00e3o escolar e desemprego.\u00a0<\/span><span data-ccp-props=\"{&quot;201341983&quot;:0,&quot;335559739&quot;:0,&quot;335559740&quot;:240}\">\u00a0<\/span><\/p>\n<p><span data-contrast=\"auto\">No Brasil, uma a cada quatro meninas falta \u00e0 escola durante o seu per\u00edodo menstrual e cerca de 4 milh\u00f5es sofrem com priva\u00e7\u00e3o de higiene no ambiente escolar (acesso a absorventes, banheiros e sabonetes).<\/span><span data-ccp-props=\"{&quot;201341983&quot;:0,&quot;335559739&quot;:0,&quot;335559740&quot;:240}\">\u00a0<\/span><\/p>\n<p><b><span data-contrast=\"auto\">Como aderir ao benef\u00edcio<\/span><\/b><span data-ccp-props=\"{&quot;201341983&quot;:0,&quot;335559739&quot;:0,&quot;335559740&quot;:240}\">\u00a0<\/span><\/p>\n<p><span data-contrast=\"auto\">Podem receber o item de higiene \u00edntima as mulheres brasileiras ou estrangeiras que vivem no Brasil inscritas no Cadastro \u00danico (Cad\u00danico) e que tenham renda familiar mensal de at\u00e9 R$ 218 por pessoa. Estudantes das institui\u00e7\u00f5es p\u00fablicas de ensino tamb\u00e9m devem estar no Cad\u00danico, mas a renda familiar mensal por pessoa vai at\u00e9 meio sal\u00e1rio m\u00ednimo (R$ 706). Para pessoas em situa\u00e7\u00e3o de rua, n\u00e3o h\u00e1 limite de renda. Ribeir\u00e3o Preto tem atualmente 23.160 fam\u00edlias cadastradas no Cad\u00danico.<\/span><span data-ccp-props=\"{&quot;201341983&quot;:0,&quot;335559739&quot;:0,&quot;335559740&quot;:240}\">\u00a0<\/span><\/p>\n<p><span data-contrast=\"auto\">Para receber o benef\u00edcio, elas precisam apresentar um documento de identifica\u00e7\u00e3o pessoal e uma autoriza\u00e7\u00e3o na farm\u00e1cia credenciada. Essa autoriza\u00e7\u00e3o ser\u00e1 emitida pelo aplicativo \u2018Meu SUS Digital\u2019\u2013 a nova vers\u00e3o do Conecte SUS j\u00e1 dispon\u00edvel para download. O portal do Minist\u00e9rio da Sa\u00fade disponibiliza a op\u00e7\u00e3o para fazer o download do aplicativo \u2018Meu SUS Digital\u2019. As orienta\u00e7\u00f5es tamb\u00e9m est\u00e3o dispon\u00edveis no Disque Sa\u00fade 136.<\/span><span data-ccp-props=\"{&quot;201341983&quot;:0,&quot;335559739&quot;:0,&quot;335559740&quot;:240}\">\u00a0<\/span><\/p>\n<p><span data-contrast=\"auto\">Para retirar o absorvente, basta se dirigir a uma unidade credenciada do Farm\u00e1cia Popular, apresentar um documento de identifica\u00e7\u00e3o oficial com n\u00famero do CPF e a \u2018Autoriza\u00e7\u00e3o do Programa Dignidade Menstrual\u2019, em formato digital ou impresso, que deve ser gerado via aplicativo ou site do \u2018Meu SUS Digital\u2019 (nova vers\u00e3o do aplicativo Conecte SUS), com validade de 180 dias. A aquisi\u00e7\u00e3o para menores de 16 anos deve ser feita por respons\u00e1vel legal.<\/span><span data-ccp-props=\"{&quot;201341983&quot;:0,&quot;335559739&quot;:0,&quot;335559740&quot;:240}\">\u00a0<\/span><\/p>\n<p><span data-contrast=\"auto\">Em caso de dificuldade para acessar o \u2018Meu SUS Digital\u2019 ou emitir a autoriza\u00e7\u00e3o, basta se dirigir a uma Unidade B\u00e1sica de Sa\u00fade (UBS), onde agentes de sa\u00fade e profissionais podem auxiliar na emiss\u00e3o da autoriza\u00e7\u00e3o. Pessoas em situa\u00e7\u00e3o de rua tamb\u00e9m podem ir at\u00e9 os Centros de Refer\u00eancia da Assist\u00eancia Social (Cras) e centros de acolhimento dos munic\u00edpios ondem vivem.<\/span><span data-ccp-props=\"{&quot;201341983&quot;:0,&quot;335559739&quot;:0,&quot;335559740&quot;:240}\">\u00a0<\/span><\/p>\n<p><span data-contrast=\"auto\">Para as pessoas que est\u00e3o recolhidas a unidades do sistema penal, a entrega \u00e9 coordenada e executada pelo Minist\u00e9rio da Justi\u00e7a e Seguran\u00e7a P\u00fablica, com a distribui\u00e7\u00e3o realizada diretamente nas institui\u00e7\u00f5es prisionais.<\/span><span data-ccp-props=\"{&quot;201341983&quot;:0,&quot;335559739&quot;:0,&quot;335559740&quot;:240}\">\u00a0<\/span><\/p>\n<p>\u00a0<\/p>\n<\/div>\n<p><script async src=\"\/\/platform.twitter.com\/widgets.js\" charset=\"utf-8\"><\/script><br \/>\n<br \/><br \/>\n<br \/><a href=\"https:\/\/www.tribunaribeirao.com.br\/site\/programa-distribui-absorventes-para-mulheres-em-vulnerabilidade\/\">Source link <\/a><\/p>\n<!-- CONTENT END 1 -->\n","protected":false},"excerpt":{"rendered":"<p>28 de janeiro de 2024 | 13:0027 de janeiro de 2024 | 19:30 0 O programa Farm\u00e1cia Popular, do Governo Federal, disponibiliza absorventes gratuitamente para&#8230;<\/p>\n","protected":false},"author":1,"featured_media":33195,"comment_status":"open","ping_status":"open","sticky":false,"template":"","format":"standard","meta":{"advanced_seo_description":"","jetpack_seo_html_title":"","jetpack_seo_noindex":false,"jetpack_post_was_ever_published":false,"_jetpack_newsletter_access":"","_jetpack_dont_email_post_to_subs":false,"_jetpack_newsletter_tier_id":0,"_jetpack_memberships_contains_paywalled_content":false,"_jetpack_memberships_contains_paid_content":false,"footnotes":"","jetpack_publicize_message":"","jetpack_publicize_feature_enabled":true,"jetpack_social_post_already_shared":true,"jetpack_social_options":{"image_generator_settings":{"template":"highway","default_image_id":0,"font":"","enabled":false},"version":2}},"categories":[11],"tags":[3644,3352,980,71,1071,3938],"class_list":["post-33194","post","type-post","status-publish","format-standard","has-post-thumbnail","hentry","category-noticias-de-ribeirao-preto-sp-e-regiao-ismael-colosi","tag-absorventes","tag-distribui","tag-mulheres","tag-para","tag-programa","tag-vulnerabilidade"],"jetpack_publicize_connections":[],"jetpack_featured_media_url":"https:\/\/i0.wp.com\/noticiasribeiraopreto.com.br\/wp-content\/uploads\/2024\/01\/fotoabsorventes.png?fit=768%2C354&ssl=1","jetpack-related-posts":[{"id":29188,"url":"https:\/\/noticiasribeiraopreto.com.br\/index.php\/2024\/01\/17\/farmacia-popular-comeca-a-distribuir-absorventes-gratuitos\/","url_meta":{"origin":33194,"position":0},"title":"Farm\u00e1cia Popular come\u00e7a a distribuir absorventes gratuitos \u2013 Folha de Ribeir\u00e3o","author":"noticiasribeiraopreto.com.br","date":"17 de January de 2024","format":false,"excerpt":"Mais de 31 mil unidades credenciadas no programa Farm\u00e1cia Popular come\u00e7aram a distribuir absorventes para a popula\u00e7\u00e3o em situa\u00e7\u00e3o de vulnerabilidade social. Segundo o Minist\u00e9rio da Sa\u00fade, a oferta \u00e9 direcionada a grupos que vivem abaixo da linha da pobreza e est\u00e3o matriculados em escolas p\u00fablicas, em situa\u00e7\u00e3o de rua\u2026","rel":"","context":"In &quot;Not\u00edcias de Ribeir\u00e3o Preto-SP e Regi\u00e3o&quot;","block_context":{"text":"Not\u00edcias de Ribeir\u00e3o Preto-SP e Regi\u00e3o","link":"https:\/\/noticiasribeiraopreto.com.br\/index.php\/category\/noticias-de-ribeirao-preto-sp-e-regiao-ismael-colosi\/"},"img":{"alt_text":"","src":"","width":0,"height":0},"classes":[]},{"id":33289,"url":"https:\/\/noticiasribeiraopreto.com.br\/index.php\/2024\/01\/29\/em-rp-absorventes-tem-pouca-adesao-nas-escolas-municipais\/","url_meta":{"origin":33194,"position":1},"title":"Em RP absorventes tem pouca ades\u00e3o nas escolas municipais\u00a0","author":"noticiasribeiraopreto.com.br","date":"29 de January de 2024","format":false,"excerpt":"28 de janeiro de 2024 | 14:0027 de janeiro de 2024 | 19:30 0Os 3.250 absorventes \u00edntimos adquiridos pela Secretaria Municipal de Educa\u00e7\u00e3o de Ribeir\u00e3o Preto para serem distribu\u00eddos para alunas em situa\u00e7\u00e3o de vulnerabilidade social encalharam nas escolas do munic\u00edpio. Comprados em agosto de 2021 por meio de preg\u00e3o\u2026","rel":"","context":"In &quot;Not\u00edcias de Ribeir\u00e3o Preto-SP e Regi\u00e3o&quot;","block_context":{"text":"Not\u00edcias de Ribeir\u00e3o Preto-SP e Regi\u00e3o","link":"https:\/\/noticiasribeiraopreto.com.br\/index.php\/category\/noticias-de-ribeirao-preto-sp-e-regiao-ismael-colosi\/"},"img":{"alt_text":"","src":"https:\/\/i0.wp.com\/noticiasribeiraopreto.com.br\/wp-content\/uploads\/2024\/01\/recessoescolar__foto_guilherme_sircili_-scaled.jpeg?fit=967%2C645&ssl=1&resize=350%2C200","width":350,"height":200,"srcset":"https:\/\/i0.wp.com\/noticiasribeiraopreto.com.br\/wp-content\/uploads\/2024\/01\/recessoescolar__foto_guilherme_sircili_-scaled.jpeg?fit=967%2C645&ssl=1&resize=350%2C200 1x, https:\/\/i0.wp.com\/noticiasribeiraopreto.com.br\/wp-content\/uploads\/2024\/01\/recessoescolar__foto_guilherme_sircili_-scaled.jpeg?fit=967%2C645&ssl=1&resize=525%2C300 1.5x, https:\/\/i0.wp.com\/noticiasribeiraopreto.com.br\/wp-content\/uploads\/2024\/01\/recessoescolar__foto_guilherme_sircili_-scaled.jpeg?fit=967%2C645&ssl=1&resize=700%2C400 2x"},"classes":[]},{"id":31863,"url":"https:\/\/noticiasribeiraopreto.com.br\/index.php\/2024\/01\/23\/saiba-quem-pode-e-onde-retirar-absorventes-gratis-em-ribeirao-preto\/","url_meta":{"origin":33194,"position":2},"title":"Saiba quem pode e onde retirar absorventes gr\u00e1tis em Ribeir\u00e3o Preto","author":"noticiasribeiraopreto.com.br","date":"23 de January de 2024","format":false,"excerpt":"A distribui\u00e7\u00e3o de absorventes gratuitos para popula\u00e7\u00e3o de Ribeir\u00e3o Preto acontece em 83 farm\u00e1cias cadastradas (veja abaixo) no programa Farm\u00e1cia Popular, do Governo Federal. A a\u00e7\u00e3o do Minist\u00e9rio da Sa\u00fade teve in\u00edcio no \u00faltimo dia 17 em todo pa\u00eds. T\u00eam direito ao benef\u00edcio do Programa de Prote\u00e7\u00e3o e Promo\u00e7\u00e3o da\u2026","rel":"","context":"In &quot;Not\u00edcias de Ribeir\u00e3o Preto-SP e Regi\u00e3o&quot;","block_context":{"text":"Not\u00edcias de Ribeir\u00e3o Preto-SP e Regi\u00e3o","link":"https:\/\/noticiasribeiraopreto.com.br\/index.php\/category\/noticias-de-ribeirao-preto-sp-e-regiao-ismael-colosi\/"},"img":{"alt_text":"","src":"https:\/\/i0.wp.com\/noticiasribeiraopreto.com.br\/wp-content\/uploads\/2024\/01\/Copia-de-Copia-de-TAMANHO-EXATO-PARA-FOTOS-NO-SISTEMA-NOVO-2-3.jpg?fit=1200%2C675&ssl=1&resize=350%2C200","width":350,"height":200,"srcset":"https:\/\/i0.wp.com\/noticiasribeiraopreto.com.br\/wp-content\/uploads\/2024\/01\/Copia-de-Copia-de-TAMANHO-EXATO-PARA-FOTOS-NO-SISTEMA-NOVO-2-3.jpg?fit=1200%2C675&ssl=1&resize=350%2C200 1x, https:\/\/i0.wp.com\/noticiasribeiraopreto.com.br\/wp-content\/uploads\/2024\/01\/Copia-de-Copia-de-TAMANHO-EXATO-PARA-FOTOS-NO-SISTEMA-NOVO-2-3.jpg?fit=1200%2C675&ssl=1&resize=525%2C300 1.5x, https:\/\/i0.wp.com\/noticiasribeiraopreto.com.br\/wp-content\/uploads\/2024\/01\/Copia-de-Copia-de-TAMANHO-EXATO-PARA-FOTOS-NO-SISTEMA-NOVO-2-3.jpg?fit=1200%2C675&ssl=1&resize=700%2C400 2x, https:\/\/i0.wp.com\/noticiasribeiraopreto.com.br\/wp-content\/uploads\/2024\/01\/Copia-de-Copia-de-TAMANHO-EXATO-PARA-FOTOS-NO-SISTEMA-NOVO-2-3.jpg?fit=1200%2C675&ssl=1&resize=1050%2C600 3x"},"classes":[]},{"id":35996,"url":"https:\/\/noticiasribeiraopreto.com.br\/index.php\/2024\/02\/08\/atencao-pessoas-cadastradas-no-cadunico-tem-direito-a-novo-beneficio-veja-se-voce-pode-receber\/","url_meta":{"origin":33194,"position":3},"title":"Aten\u00e7\u00e3o! Pessoas cadastradas no Cad\u00danico t\u00eam direito a novo benef\u00edcio; Veja se voc\u00ea pode receber","author":"noticiasribeiraopreto.com.br","date":"8 de February de 2024","format":false,"excerpt":"Desde o dia 22 de janeiro, o Programa de Promo\u00e7\u00e3o e Prote\u00e7\u00e3o \u00e0 Dignidade da Menstrua\u00e7\u00e3o garante o direito de acesso a absorventes higi\u00eanicos a quem menstrua e est\u00e1 cadastrado no Cadastro \u00danico de Programas Sociais do Governo Federal (Cad \u00danico). Por isso, o p\u00fablico-alvo do programa s\u00e3o pessoas de\u2026","rel":"","context":"In &quot;Dinheiro e Investimento&quot;","block_context":{"text":"Dinheiro e Investimento","link":"https:\/\/noticiasribeiraopreto.com.br\/index.php\/category\/dinheiro-e-investimento-como-fazer-como-ganhar\/"},"img":{"alt_text":"","src":"https:\/\/i0.wp.com\/noticiasribeiraopreto.com.br\/wp-content\/uploads\/2024\/02\/Design-sem-nome-54.png?fit=1200%2C630&ssl=1&resize=350%2C200","width":350,"height":200,"srcset":"https:\/\/i0.wp.com\/noticiasribeiraopreto.com.br\/wp-content\/uploads\/2024\/02\/Design-sem-nome-54.png?fit=1200%2C630&ssl=1&resize=350%2C200 1x, https:\/\/i0.wp.com\/noticiasribeiraopreto.com.br\/wp-content\/uploads\/2024\/02\/Design-sem-nome-54.png?fit=1200%2C630&ssl=1&resize=525%2C300 1.5x, https:\/\/i0.wp.com\/noticiasribeiraopreto.com.br\/wp-content\/uploads\/2024\/02\/Design-sem-nome-54.png?fit=1200%2C630&ssl=1&resize=700%2C400 2x, https:\/\/i0.wp.com\/noticiasribeiraopreto.com.br\/wp-content\/uploads\/2024\/02\/Design-sem-nome-54.png?fit=1200%2C630&ssl=1&resize=1050%2C600 3x"},"classes":[]},{"id":76659,"url":"https:\/\/noticiasribeiraopreto.com.br\/index.php\/2025\/09\/02\/programa-distribui-leite-gratis-em-ribeirao-preto-veja-quem-pode-participar\/","url_meta":{"origin":33194,"position":4},"title":"Programa distribui leite gr\u00e1tis em Ribeir\u00e3o Preto; veja quem pode participar","author":"noticiasribeiraopreto.com.br","date":"2 de September de 2025","format":false,"excerpt":"O Projeto Vivaleite, do Governo de S\u00e3o Paulo, distribui leite pasteurizado fortificado com ferro e vitaminas A e D para crian\u00e7as e idosos de fam\u00edlias de baixa renda. A partir de 1\u00ba de setembro, o programa ampliou o atendimento na regi\u00e3o de Ribeir\u00e3o Preto, incluindo 953 novas crian\u00e7as. Quem pode\u2026","rel":"","context":"In &quot;Not\u00edcias de Ribeir\u00e3o Preto-SP e Regi\u00e3o&quot;","block_context":{"text":"Not\u00edcias de Ribeir\u00e3o Preto-SP e Regi\u00e3o","link":"https:\/\/noticiasribeiraopreto.com.br\/index.php\/category\/noticias-de-ribeirao-preto-sp-e-regiao-ismael-colosi\/"},"img":{"alt_text":"","src":"https:\/\/i0.wp.com\/noticiasribeiraopreto.com.br\/wp-content\/uploads\/2025\/09\/Copia-de-Copia-de-Copia-de-TAMANHO-EXATO-PARA-FOTOS-NO-SISTEMA-NOVO-2025-09-02T173400.313_2025-09-02_20-34-28.webp.webp?fit=1200%2C675&ssl=1&resize=350%2C200","width":350,"height":200,"srcset":"https:\/\/i0.wp.com\/noticiasribeiraopreto.com.br\/wp-content\/uploads\/2025\/09\/Copia-de-Copia-de-Copia-de-TAMANHO-EXATO-PARA-FOTOS-NO-SISTEMA-NOVO-2025-09-02T173400.313_2025-09-02_20-34-28.webp.webp?fit=1200%2C675&ssl=1&resize=350%2C200 1x, https:\/\/i0.wp.com\/noticiasribeiraopreto.com.br\/wp-content\/uploads\/2025\/09\/Copia-de-Copia-de-Copia-de-TAMANHO-EXATO-PARA-FOTOS-NO-SISTEMA-NOVO-2025-09-02T173400.313_2025-09-02_20-34-28.webp.webp?fit=1200%2C675&ssl=1&resize=525%2C300 1.5x, https:\/\/i0.wp.com\/noticiasribeiraopreto.com.br\/wp-content\/uploads\/2025\/09\/Copia-de-Copia-de-Copia-de-TAMANHO-EXATO-PARA-FOTOS-NO-SISTEMA-NOVO-2025-09-02T173400.313_2025-09-02_20-34-28.webp.webp?fit=1200%2C675&ssl=1&resize=700%2C400 2x, https:\/\/i0.wp.com\/noticiasribeiraopreto.com.br\/wp-content\/uploads\/2025\/09\/Copia-de-Copia-de-Copia-de-TAMANHO-EXATO-PARA-FOTOS-NO-SISTEMA-NOVO-2025-09-02T173400.313_2025-09-02_20-34-28.webp.webp?fit=1200%2C675&ssl=1&resize=1050%2C600 3x"},"classes":[]},{"id":63525,"url":"https:\/\/noticiasribeiraopreto.com.br\/index.php\/2025\/02\/14\/farmacia-popular-confira-quais-remedios-e-itens-podem-ser-retirados-gratuitamente\/","url_meta":{"origin":33194,"position":5},"title":"Farm\u00e1cia Popular: Confira quais rem\u00e9dios e itens podem ser retirados gratuitamente","author":"noticiasribeiraopreto.com.br","date":"14 de February de 2025","format":false,"excerpt":"O Minist\u00e9rio da Sa\u00fade anunciou, nesta quinta-feira (13), que todos os medicamentos e insumos disponibilizados pelo Programa Farm\u00e1cia Popular do Brasil ser\u00e3o, a partir de agora, gratuitos. Anteriormente, a maioria j\u00e1 era fornecida sem custo, mas alguns eram oferecidos com descontos de at\u00e9 90%. Agora, o 41 insumos ser\u00e3o oferecidos\u2026","rel":"","context":"In &quot;Not\u00edcias de Ribeir\u00e3o Preto-SP e Regi\u00e3o&quot;","block_context":{"text":"Not\u00edcias de Ribeir\u00e3o Preto-SP e Regi\u00e3o","link":"https:\/\/noticiasribeiraopreto.com.br\/index.php\/category\/noticias-de-ribeirao-preto-sp-e-regiao-ismael-colosi\/"},"img":{"alt_text":"","src":"https:\/\/i0.wp.com\/noticiasribeiraopreto.com.br\/wp-content\/uploads\/2025\/02\/senior-man-consulting-female-pharmacist-medication_2025-02-14_21-24-51_jpg_2025-02-14_21-24-54-scaled.webp.webp?fit=1200%2C800&ssl=1&resize=350%2C200","width":350,"height":200,"srcset":"https:\/\/i0.wp.com\/noticiasribeiraopreto.com.br\/wp-content\/uploads\/2025\/02\/senior-man-consulting-female-pharmacist-medication_2025-02-14_21-24-51_jpg_2025-02-14_21-24-54-scaled.webp.webp?fit=1200%2C800&ssl=1&resize=350%2C200 1x, https:\/\/i0.wp.com\/noticiasribeiraopreto.com.br\/wp-content\/uploads\/2025\/02\/senior-man-consulting-female-pharmacist-medication_2025-02-14_21-24-51_jpg_2025-02-14_21-24-54-scaled.webp.webp?fit=1200%2C800&ssl=1&resize=525%2C300 1.5x, https:\/\/i0.wp.com\/noticiasribeiraopreto.com.br\/wp-content\/uploads\/2025\/02\/senior-man-consulting-female-pharmacist-medication_2025-02-14_21-24-51_jpg_2025-02-14_21-24-54-scaled.webp.webp?fit=1200%2C800&ssl=1&resize=700%2C400 2x, https:\/\/i0.wp.com\/noticiasribeiraopreto.com.br\/wp-content\/uploads\/2025\/02\/senior-man-consulting-female-pharmacist-medication_2025-02-14_21-24-51_jpg_2025-02-14_21-24-54-scaled.webp.webp?fit=1200%2C800&ssl=1&resize=1050%2C600 3x"},"classes":[]}],"jetpack_sharing_enabled":true,"jetpack_shortlink":"https:\/\/wp.me\/peQAOb-8Do","_links":{"self":[{"href":"https:\/\/noticiasribeiraopreto.com.br\/index.php\/wp-json\/wp\/v2\/posts\/33194","targetHints":{"allow":["GET"]}}],"collection":[{"href":"https:\/\/noticiasribeiraopreto.com.br\/index.php\/wp-json\/wp\/v2\/posts"}],"about":[{"href":"https:\/\/noticiasribeiraopreto.com.br\/index.php\/wp-json\/wp\/v2\/types\/post"}],"author":[{"embeddable":true,"href":"https:\/\/noticiasribeiraopreto.com.br\/index.php\/wp-json\/wp\/v2\/users\/1"}],"replies":[{"embeddable":true,"href":"https:\/\/noticiasribeiraopreto.com.br\/index.php\/wp-json\/wp\/v2\/comments?post=33194"}],"version-history":[{"count":0,"href":"https:\/\/noticiasribeiraopreto.com.br\/index.php\/wp-json\/wp\/v2\/posts\/33194\/revisions"}],"wp:featuredmedia":[{"embeddable":true,"href":"https:\/\/noticiasribeiraopreto.com.br\/index.php\/wp-json\/wp\/v2\/media\/33195"}],"wp:attachment":[{"href":"https:\/\/noticiasribeiraopreto.com.br\/index.php\/wp-json\/wp\/v2\/media?parent=33194"}],"wp:term":[{"taxonomy":"category","embeddable":true,"href":"https:\/\/noticiasribeiraopreto.com.br\/index.php\/wp-json\/wp\/v2\/categories?post=33194"},{"taxonomy":"post_tag","embeddable":true,"href":"https:\/\/noticiasribeiraopreto.com.br\/index.php\/wp-json\/wp\/v2\/tags?post=33194"}],"curies":[{"name":"wp","href":"https:\/\/api.w.org\/{rel}","templated":true}]}}