{"id":33224,"date":"2024-01-28T16:43:16","date_gmt":"2024-01-28T19:43:16","guid":{"rendered":"https:\/\/noticiasribeiraopreto.com.br\/index.php\/2024\/01\/28\/moagem-de-cana-avanca-1889\/"},"modified":"2024-01-28T16:43:16","modified_gmt":"2024-01-28T19:43:16","slug":"moagem-de-cana-avanca-1889","status":"publish","type":"post","link":"https:\/\/noticiasribeiraopreto.com.br\/index.php\/2024\/01\/28\/moagem-de-cana-avanca-1889\/","title":{"rendered":"Moagem de cana avan\u00e7a 18,89%"},"content":{"rendered":"<div class='code-block code-block-1' style='margin: 8px 0 8px auto; text-align: right; display: block; clear: both;'>\n<p><a href=\"https:\/\/wa.link\/vpicfd\"><img data-recalc-dims=\"1\" class=\"wp-image-4922\" style=\"aspect-ratio: 2.0253164556962027; width: 561px; height: auto;\" src=\"https:\/\/i0.wp.com\/ismaelcolosi.com.br\/wp-content\/uploads\/2023\/11\/grupo-de-empregos-whatsapp-e-facebook-ismael-colosi-vagas.jpg?ssl=1\" alt=\"\" \/><\/a><\/p>\n<!-- \/wp:image -->\n<\/div>\n<p> <br \/>\n<\/p>\n<div>\n<p><span class=\"TextRun SCXW102796998 BCX0\" lang=\"PT-BR\" xml:lang=\"PT-BR\" data-contrast=\"auto\"><span class=\"NormalTextRun SCXW102796998 BCX0\">A moagem de cana-de-a\u00e7\u00facar na primeira quinzena de janeiro na regi\u00e3o Centro-Sul totalizou 1,11 milh\u00e3o de toneladas. Nesse mesmo per\u00edodo, no ano anterior, a quantidade processada foi de 439,83 mil toneladas. No acumulado da safra 2023\/2024, a moagem atingiu 645,38 milh\u00f5es de toneladas, ante 542,83 milh\u00f5es de toneladas registradas no mesmo per\u00edodo no ciclo 2022\/2023 \u2013 um avan\u00e7o de 18,89%.<\/span><\/span><span class=\"LineBreakBlob BlobObject DragDrop SCXW102796998 BCX0\"><span class=\"SCXW102796998 BCX0\">\u00a0<\/span><br class=\"SCXW102796998 BCX0\"\/><\/span><span class=\"LineBreakBlob BlobObject DragDrop SCXW102796998 BCX0\"><span class=\"SCXW102796998 BCX0\">\u00a0<\/span><br class=\"SCXW102796998 BCX0\"\/><\/span><span class=\"TextRun SCXW102796998 BCX0\" lang=\"PT-BR\" xml:lang=\"PT-BR\" data-contrast=\"auto\"><span class=\"NormalTextRun SCXW102796998 BCX0\">Dados do Centro de Tecnologia Canavieira registraram, para o m\u00eas de dezembro, um rendimento agr\u00edcola de 81 toneladas de cana por hectare, o que representa um aumento de 16% em rela\u00e7\u00e3o ao mesmo per\u00edodo no ciclo de colheita passado. No acumulado da safra 2023\/2024, o indicador atinge a marca de 87,6 <\/span><span class=\"NormalTextRun SpellingErrorV2Themed SCXW102796998 BCX0\">ton<\/span><span class=\"NormalTextRun SCXW102796998 BCX0\">\/ha, frente a 77,2 <\/span><span class=\"NormalTextRun SpellingErrorV2Themed SCXW102796998 BCX0\">ton<\/span><span class=\"NormalTextRun SCXW102796998 BCX0\">\/ha do ciclo 2022\/2023.<\/span><\/span><span class=\"LineBreakBlob BlobObject DragDrop SCXW102796998 BCX0\"><span class=\"SCXW102796998 BCX0\">\u00a0<\/span><br class=\"SCXW102796998 BCX0\"\/><\/span><span class=\"LineBreakBlob BlobObject DragDrop SCXW102796998 BCX0\"><span class=\"SCXW102796998 BCX0\">\u00a0<\/span><br class=\"SCXW102796998 BCX0\"\/><\/span><span class=\"TextRun SCXW102796998 BCX0\" lang=\"PT-BR\" xml:lang=\"PT-BR\" data-contrast=\"auto\"><span class=\"NormalTextRun SCXW102796998 BCX0\">As informa\u00e7\u00f5es foram divulgadas pela Ind\u00fastria da <\/span><span class=\"NormalTextRun SCXW102796998 BCX0\">Cana-de-A\u00e7\u00facar<\/span><span class=\"NormalTextRun SCXW102796998 BCX0\"> e <\/span><span class=\"NormalTextRun SCXW102796998 BCX0\">Bioenergia<\/span><span class=\"NormalTextRun SCXW102796998 BCX0\"> (<\/span><span class=\"NormalTextRun SCXW102796998 BCX0\">Unica<\/span><span class=\"NormalTextRun SCXW102796998 BCX0\">). <\/span><span class=\"NormalTextRun SCXW102796998 BCX0\">Operaram na primeira quinzena de janeiro 25 unidades produtoras na regi\u00e3o Centro-Sul, sendo dez unidades com processamento de cana, sete empresas que fabricam etanol a partir do milho e oito usinas flex. <\/span><\/span><span class=\"LineBreakBlob BlobObject DragDrop SCXW102796998 BCX0\"><span class=\"SCXW102796998 BCX0\">\u00a0<\/span><br class=\"SCXW102796998 BCX0\"\/><\/span><span class=\"LineBreakBlob BlobObject DragDrop SCXW102796998 BCX0\"><span class=\"SCXW102796998 BCX0\">\u00a0<\/span><br class=\"SCXW102796998 BCX0\"\/><\/span><span class=\"TextRun SCXW102796998 BCX0\" lang=\"PT-BR\" xml:lang=\"PT-BR\" data-contrast=\"auto\"><span class=\"NormalTextRun SCXW102796998 BCX0\">No mesmo per\u00edodo, na safra 22\/23, operaram 16 unidades produtoras. Ao final da quinzena, duas unidades encerram a moagem, enquanto no acumulado j\u00e1 se contabilizam 245 unidades. No ciclo anterior, at\u00e9 16 de janeiro, 247 usinas haviam terminado com seu per\u00edodo de processamento. Para a pr\u00f3xima quinzena, est\u00e1 previsto que mais quatro unidades produtoras encerar\u00e3o a safra.<\/span><\/span><span class=\"LineBreakBlob BlobObject DragDrop SCXW102796998 BCX0\"><span class=\"SCXW102796998 BCX0\">\u00a0<\/span><br class=\"SCXW102796998 BCX0\"\/><\/span><span class=\"LineBreakBlob BlobObject DragDrop SCXW102796998 BCX0\"><span class=\"SCXW102796998 BCX0\">\u00a0<\/span><br class=\"SCXW102796998 BCX0\"\/><\/span><span class=\"TextRun SCXW102796998 BCX0\" lang=\"PT-BR\" xml:lang=\"PT-BR\" data-contrast=\"auto\"><span class=\"NormalTextRun SCXW102796998 BCX0\">A qualidade da mat\u00e9ria-prima colhida acumulada desde o in\u00edcio da safra at\u00e9 a primeira metade de janeiro, mensurada em kg de ATR por tonelada de cana-de-a\u00e7\u00facar processada, apresentou redu\u00e7\u00e3o de 1,13% na compara\u00e7\u00e3o com o mesmo per\u00edodo do \u00faltimo ciclo agr\u00edcola, atingindo 139,55 kg de ATR por tonelada nesta safra.<\/span><\/span><span class=\"LineBreakBlob BlobObject DragDrop SCXW102796998 BCX0\"><span class=\"SCXW102796998 BCX0\">\u00a0<\/span><br class=\"SCXW102796998 BCX0\"\/><\/span><span class=\"LineBreakBlob BlobObject DragDrop SCXW102796998 BCX0\"><span class=\"SCXW102796998 BCX0\">\u00a0<\/span><br class=\"SCXW102796998 BCX0\"\/><\/span><span class=\"TextRun SCXW102796998 BCX0\" lang=\"PT-BR\" xml:lang=\"PT-BR\" data-contrast=\"auto\"><strong><span class=\"NormalTextRun SCXW102796998 BCX0\">Produ\u00e7\u00e3o de a\u00e7\u00facar e etanol<\/span><\/strong><span class=\"NormalTextRun SCXW102796998 BCX0\"> \u2013 <\/span><\/span><span class=\"TextRun SCXW102796998 BCX0\" lang=\"PT-BR\" xml:lang=\"PT-BR\" data-contrast=\"auto\"><span class=\"NormalTextRun SCXW102796998 BCX0\">A produ\u00e7\u00e3o de a\u00e7\u00facar na primeira metade de janeiro atingiu 48,26 mil toneladas. No acumulado desde 1\u00ba de abril, a fabrica\u00e7\u00e3o do ado\u00e7ante totaliza 42,1 milh\u00f5es de toneladas, contra 33,55 milh\u00f5es de toneladas do ciclo anterior (+25,49%).<\/span> <span class=\"NormalTextRun SCXW102796998 BCX0\">Na primeira quinzena de <\/span><span class=\"NormalTextRun SCXW102796998 BCX0\">janeiro, 338,22 milh\u00f5es de litros (+62,41%) de etanol foram fabricados pelas unidades do Centro-Sul. <\/span><\/span><span class=\"LineBreakBlob BlobObject DragDrop SCXW102796998 BCX0\"><span class=\"SCXW102796998 BCX0\">\u00a0<\/span><br class=\"SCXW102796998 BCX0\"\/><\/span><span class=\"LineBreakBlob BlobObject DragDrop SCXW102796998 BCX0\"><span class=\"SCXW102796998 BCX0\">\u00a0<\/span><br class=\"SCXW102796998 BCX0\"\/><\/span><span class=\"TextRun SCXW102796998 BCX0\" lang=\"PT-BR\" xml:lang=\"PT-BR\" data-contrast=\"auto\"><span class=\"NormalTextRun SCXW102796998 BCX0\">Do volume total produzido, o etanol hidratado alcan\u00e7ou 214,23 milh\u00f5es de litros (+121,62%), enquanto a produ\u00e7\u00e3o de etanol anidro totalizou 123,99 milh\u00f5es de litros (+11,12%). No acumulado desde o in\u00edcio do atual ciclo agr\u00edcola at\u00e9 16 de janeiro, a fabrica\u00e7\u00e3o do <\/span><span class=\"NormalTextRun SCXW102796998 BCX0\">biocombust\u00edvel<\/span><span class=\"NormalTextRun SCXW102796998 BCX0\"> totaliza 31,79 bilh\u00f5es de litros (+14,79%), sendo 19,01 bilh\u00f5es de etanol hidratado (+19,41%) e 12,78 bilh\u00f5es de anidro (+8,54%).<\/span><\/span><span class=\"LineBreakBlob BlobObject DragDrop SCXW102796998 BCX0\"><span class=\"SCXW102796998 BCX0\">\u00a0<\/span><br class=\"SCXW102796998 BCX0\"\/><\/span><span class=\"LineBreakBlob BlobObject DragDrop SCXW102796998 BCX0\"><span class=\"SCXW102796998 BCX0\">\u00a0<\/span><br class=\"SCXW102796998 BCX0\"\/><\/span><span class=\"TextRun SCXW102796998 BCX0\" lang=\"PT-BR\" xml:lang=\"PT-BR\" data-contrast=\"auto\"><span class=\"NormalTextRun SCXW102796998 BCX0\">Vendas de etanol<\/span><span class=\"NormalTextRun SCXW102796998 BCX0\"> \u2013 <\/span><\/span><span class=\"TextRun SCXW102796998 BCX0\" lang=\"PT-BR\" xml:lang=\"PT-BR\" data-contrast=\"auto\"><span class=\"NormalTextRun SCXW102796998 BCX0\">Nos primeiros quinze dias de 2024, as vendas de etanol totalizaram <\/span><span class=\"NormalTextRun SCXW102796998 BCX0\">1,36 bilh\u00e3o<\/span><span class=\"NormalTextRun SCXW102796998 BCX0\"> de litros, o que representa aumento de 49,33% em rela\u00e7\u00e3o ao mesmo per\u00edodo da safra 22\/23. O volume comercializado de etanol anidro no per\u00edodo foi de 510,94 milh\u00f5es de litros \u2013 aumento de 8,47% \u2013 enquanto o etanol hidratado registrou venda de 851,68 milh\u00f5es de litros \u2013 crescimento de 92,91%.<\/span><\/span><span class=\"LineBreakBlob BlobObject DragDrop SCXW102796998 BCX0\"><span class=\"SCXW102796998 BCX0\">\u00a0<\/span><br class=\"SCXW102796998 BCX0\"\/><\/span><span class=\"LineBreakBlob BlobObject DragDrop SCXW102796998 BCX0\"><span class=\"SCXW102796998 BCX0\">\u00a0<\/span><br class=\"SCXW102796998 BCX0\"\/><\/span><span class=\"TextRun SCXW102796998 BCX0\" lang=\"PT-BR\" xml:lang=\"PT-BR\" data-contrast=\"auto\"><span class=\"NormalTextRun SCXW102796998 BCX0\">No mercado dom\u00e9stico, as vendas de etanol hidratado na primeira quinzena de janeiro totalizaram 796,17 milh\u00f5es de litros \u2013 varia\u00e7\u00e3o de 83,<\/span><span class=\"NormalTextRun SCXW102796998 BCX0\">46% em rela\u00e7\u00e3o ao ano passado. <\/span><span class=\"NormalTextRun SCXW102796998 BCX0\">Apesar deste crescimento, as sa\u00eddas em rela\u00e7\u00e3o <\/span><span class=\"NormalTextRun SCXW102796998 BCX0\">\u00e0<\/span><span class=\"NormalTextRun SCXW102796998 BCX0\"> segunda metade de dezembro indicaram queda de 9,5%. <\/span><\/span><span class=\"LineBreakBlob BlobObject DragDrop SCXW102796998 BCX0\"><span class=\"SCXW102796998 BCX0\">\u00a0<\/span><br class=\"SCXW102796998 BCX0\"\/><\/span><span class=\"LineBreakBlob BlobObject DragDrop SCXW102796998 BCX0\"><span class=\"SCXW102796998 BCX0\">\u00a0<\/span><br class=\"SCXW102796998 BCX0\"\/><\/span><span class=\"TextRun SCXW102796998 BCX0\" lang=\"PT-BR\" xml:lang=\"PT-BR\" data-contrast=\"auto\"><span class=\"NormalTextRun SCXW102796998 BCX0\">A retirada de etanol anidro, por sua vez, foi de 478,53 milh\u00f5es de litros \u2013 aumento de 5,49%.<\/span> <span class=\"NormalTextRun SCXW102796998 BCX0\">Dados da Ag\u00eancia Nacional de Petr\u00f3leo, G\u00e1s Natural e <\/span><span class=\"NormalTextRun SCXW102796998 BCX0\">Biocombust\u00edveis<\/span><span class=\"NormalTextRun SCXW102796998 BCX0\"> (ANP) mostram que a <\/span><span class=\"NormalTextRun SCXW102796998 BCX0\">paridade <\/span><span class=\"NormalTextRun SCXW102796998 BCX0\">de pre\u00e7os entre o hidratado e a gasolina, na \u00faltima semana, <\/span><span class=\"NormalTextRun SCXW102796998 BCX0\">em Ribeir\u00e3o Preto, <\/span><span class=\"NormalTextRun SCXW102796998 BCX0\">est\u00e1 em <\/span><span class=\"NormalTextRun SCXW102796998 BCX0\">6<\/span><span class=\"NormalTextRun SCXW102796998 BCX0\">3<\/span><span class=\"NormalTextRun SCXW102796998 BCX0\">,<\/span><span class=\"NormalTextRun SCXW102796998 BCX0\">6<\/span><span class=\"NormalTextRun SCXW102796998 BCX0\">%<\/span><span class=\"NormalTextRun SCXW102796998 BCX0\">. <\/span><span class=\"NormalTextRun SCXW102796998 BCX0\">O etanol custa R$ 3,60 e o derivado de petr\u00f3leo sai por R$ 5,66, varia\u00e7\u00e3o de R$ 2,06. <\/span><\/span><span class=\"LineBreakBlob BlobObject DragDrop SCXW102796998 BCX0\"><span class=\"SCXW102796998 BCX0\">\u00a0<\/span><br class=\"SCXW102796998 BCX0\"\/><\/span><span class=\"LineBreakBlob BlobObject DragDrop SCXW102796998 BCX0\"><span class=\"SCXW102796998 BCX0\">\u00a0<\/span><br class=\"SCXW102796998 BCX0\"\/><\/span><span class=\"TextRun SCXW102796998 BCX0\" lang=\"PT-BR\" xml:lang=\"PT-BR\" data-contrast=\"auto\"><span class=\"NormalTextRun SCXW102796998 BCX0\">O \u00e1lcool \u00e9 mais vantajos<\/span><span class=\"NormalTextRun SCXW102796998 BCX0\">o<\/span><span class=\"NormalTextRun SCXW102796998 BCX0\"> quando essa diferen\u00e7a fica abaixo de 70\u00a8%. <\/span><span class=\"NormalTextRun SCXW102796998 BCX0\">O volume consumido de etanol hidratado totalizou <\/span><span class=\"NormalTextRun SCXW102796998 BCX0\">1,88 bilh\u00e3o<\/span><span class=\"NormalTextRun SCXW102796998 BCX0\"> de litros no <\/span><span class=\"NormalTextRun SCXW102796998 BCX0\">p<\/span><span class=\"NormalTextRun SCXW102796998 BCX0\">a\u00eds, e resultou em uma participa\u00e7\u00e3o do hidratado de 24,2% no total consumido de combust\u00edveis pela frota de <\/span><span class=\"NormalTextRun SCXW102796998 BCX0\">autove\u00edculos<\/span><span class=\"NormalTextRun SCXW102796998 BCX0\"> leves \u2013 maior \u00edndice nos \u00faltimos 21 meses.<\/span> <\/span><span class=\"LineBreakBlob BlobObject DragDrop SCXW102796998 BCX0\"><span class=\"SCXW102796998 BCX0\">\u00a0<\/span><br class=\"SCXW102796998 BCX0\"\/><\/span><span class=\"LineBreakBlob BlobObject DragDrop SCXW102796998 BCX0\"><span class=\"SCXW102796998 BCX0\">\u00a0<\/span><br class=\"SCXW102796998 BCX0\"\/><\/span><span class=\"TextRun SCXW102796998 BCX0\" lang=\"PT-BR\" xml:lang=\"PT-BR\" data-contrast=\"auto\"><span class=\"NormalTextRun SCXW102796998 BCX0\">No acumulado da safra 23\/24, a comercializa\u00e7\u00e3o de etanol soma 25,31 bilh\u00f5es de litros, representando um aumento de 8,25%. O hidratado compreende uma venda no volume de 15,22 bilh\u00f5es de litros (+13,41%), enquanto o anidro de 10,09 bilh\u00f5es (+1,31%).<\/span><\/span><span class=\"LineBreakBlob BlobObject DragDrop SCXW102796998 BCX0\"><span class=\"SCXW102796998 BCX0\">\u00a0<\/span><br class=\"SCXW102796998 BCX0\"\/><\/span><span class=\"LineBreakBlob BlobObject DragDrop SCXW102796998 BCX0\"><span class=\"SCXW102796998 BCX0\">\u00a0<\/span><br class=\"SCXW102796998 BCX0\"\/><\/span><\/p>\n<\/div>\n<p><br \/>\n<br \/><a href=\"https:\/\/www.tribunaribeirao.com.br\/site\/moagem-de-cana-avanca-1889\/\">Source link <\/a><\/p>\n<!-- CONTENT END 1 -->\n","protected":false},"excerpt":{"rendered":"<p>A moagem de cana-de-a\u00e7\u00facar na primeira quinzena de janeiro na regi\u00e3o Centro-Sul totalizou 1,11 milh\u00e3o de toneladas. Nesse mesmo per\u00edodo, no ano anterior, a quantidade&#8230;<\/p>\n","protected":false},"author":1,"featured_media":33225,"comment_status":"open","ping_status":"open","sticky":false,"template":"","format":"standard","meta":{"advanced_seo_description":"","jetpack_seo_html_title":"","jetpack_seo_noindex":false,"jetpack_post_was_ever_published":false,"_jetpack_newsletter_access":"","_jetpack_dont_email_post_to_subs":false,"_jetpack_newsletter_tier_id":0,"_jetpack_memberships_contains_paywalled_content":false,"_jetpack_memberships_contains_paid_content":false,"footnotes":"","jetpack_publicize_message":"","jetpack_publicize_feature_enabled":true,"jetpack_social_post_already_shared":true,"jetpack_social_options":{"image_generator_settings":{"template":"highway","default_image_id":0,"font":"","enabled":false},"version":2}},"categories":[11],"tags":[1316,1313,3605],"class_list":["post-33224","post","type-post","status-publish","format-standard","has-post-thumbnail","hentry","category-noticias-de-ribeirao-preto-sp-e-regiao-ismael-colosi","tag-avanca","tag-cana","tag-moagem"],"jetpack_publicize_connections":[],"jetpack_featured_media_url":"https:\/\/i0.wp.com\/noticiasribeiraopreto.com.br\/wp-content\/uploads\/2024\/01\/CANA3.jpg?fit=640%2C423&ssl=1","jetpack-related-posts":[{"id":28830,"url":"https:\/\/noticiasribeiraopreto.com.br\/index.php\/2024\/01\/16\/moagem-de-cana-cresce-1876\/","url_meta":{"origin":33224,"position":0},"title":"Moagem de cana cresce 18,76% \u00a0","author":"noticiasribeiraopreto.com.br","date":"16 de January de 2024","format":false,"excerpt":"Na safra 2023\/24, a moagem atingiu 644,14 milh\u00f5es, ante 542,39 milh\u00f5es de toneladas registradas no mesmo per\u00edodo no ciclo 2022\/23 \u2013 avan\u00e7o de 18,76%\u00a0 16 de janeiro de 2024 | 18:0016 de janeiro de 2024 | 9:39 0A moagem de cana-de-a\u00e7\u00facar na segunda quinzena de dezembro registrou crescimento de 79,87%,\u2026","rel":"","context":"In &quot;Not\u00edcias de Ribeir\u00e3o Preto-SP e Regi\u00e3o&quot;","block_context":{"text":"Not\u00edcias de Ribeir\u00e3o Preto-SP e Regi\u00e3o","link":"https:\/\/noticiasribeiraopreto.com.br\/index.php\/category\/noticias-de-ribeirao-preto-sp-e-regiao-ismael-colosi\/"},"img":{"alt_text":"","src":"https:\/\/i0.wp.com\/noticiasribeiraopreto.com.br\/wp-content\/uploads\/2024\/01\/Cana-Divulgacao-scaled.jpg?fit=967%2C645&ssl=1&resize=350%2C200","width":350,"height":200,"srcset":"https:\/\/i0.wp.com\/noticiasribeiraopreto.com.br\/wp-content\/uploads\/2024\/01\/Cana-Divulgacao-scaled.jpg?fit=967%2C645&ssl=1&resize=350%2C200 1x, https:\/\/i0.wp.com\/noticiasribeiraopreto.com.br\/wp-content\/uploads\/2024\/01\/Cana-Divulgacao-scaled.jpg?fit=967%2C645&ssl=1&resize=525%2C300 1.5x, https:\/\/i0.wp.com\/noticiasribeiraopreto.com.br\/wp-content\/uploads\/2024\/01\/Cana-Divulgacao-scaled.jpg?fit=967%2C645&ssl=1&resize=700%2C400 2x"},"classes":[]},{"id":37518,"url":"https:\/\/noticiasribeiraopreto.com.br\/index.php\/2024\/02\/16\/venda-de-etanol-sobe-3822\/","url_meta":{"origin":33224,"position":1},"title":"Venda de etanol\u00a0sobe 38,22% \u00a0","author":"noticiasribeiraopreto.com.br","date":"16 de February de 2024","format":false,"excerpt":"A moagem de cana-de-a\u00e7\u00facar na segunda quinzena de janeiro na regi\u00e3o Centro-Sul totalizou 714,01 mil toneladas. Nesse mesmo per\u00edodo, no ano anterior, a quantidade processada foi de 307,30 mil toneladas. No acumulado da safra 2023\/2024, a moagem atingiu 646,05 milh\u00f5es de toneladas, ante 543,14 milh\u00f5es de toneladas registradas no mesmo\u2026","rel":"","context":"In &quot;Not\u00edcias de Ribeir\u00e3o Preto-SP e Regi\u00e3o&quot;","block_context":{"text":"Not\u00edcias de Ribeir\u00e3o Preto-SP e Regi\u00e3o","link":"https:\/\/noticiasribeiraopreto.com.br\/index.php\/category\/noticias-de-ribeirao-preto-sp-e-regiao-ismael-colosi\/"},"img":{"alt_text":"","src":"https:\/\/i0.wp.com\/noticiasribeiraopreto.com.br\/wp-content\/uploads\/2024\/02\/Cana-Divulgacao.png?fit=1000%2C563&ssl=1&resize=350%2C200","width":350,"height":200,"srcset":"https:\/\/i0.wp.com\/noticiasribeiraopreto.com.br\/wp-content\/uploads\/2024\/02\/Cana-Divulgacao.png?fit=1000%2C563&ssl=1&resize=350%2C200 1x, https:\/\/i0.wp.com\/noticiasribeiraopreto.com.br\/wp-content\/uploads\/2024\/02\/Cana-Divulgacao.png?fit=1000%2C563&ssl=1&resize=525%2C300 1.5x, https:\/\/i0.wp.com\/noticiasribeiraopreto.com.br\/wp-content\/uploads\/2024\/02\/Cana-Divulgacao.png?fit=1000%2C563&ssl=1&resize=700%2C400 2x"},"classes":[]},{"id":32242,"url":"https:\/\/noticiasribeiraopreto.com.br\/index.php\/2024\/01\/24\/safra-da-cana-pode-chegar-a-650-mi-de-t\/","url_meta":{"origin":33224,"position":2},"title":"Safra da cana pode chegar a 650 mi de t\u00a0","author":"noticiasribeiraopreto.com.br","date":"24 de January de 2024","format":false,"excerpt":"24 de janeiro de 2024 | 14:0023 de janeiro de 2024 | 19:27 0A Organiza\u00e7\u00e3o das Associa\u00e7\u00f5es de Produtores de Cana do Brasil (Orplana) anunciou que a moagem da cana-de-a\u00e7\u00facar da safra 2023\/2024, no Centro Sul do Brasil, deve chegar a 650 milh\u00f5es de toneladas. A estimativa tem por base\u2026","rel":"","context":"In &quot;Not\u00edcias de Ribeir\u00e3o Preto-SP e Regi\u00e3o&quot;","block_context":{"text":"Not\u00edcias de Ribeir\u00e3o Preto-SP e Regi\u00e3o","link":"https:\/\/noticiasribeiraopreto.com.br\/index.php\/category\/noticias-de-ribeirao-preto-sp-e-regiao-ismael-colosi\/"},"img":{"alt_text":"","src":"https:\/\/i0.wp.com\/noticiasribeiraopreto.com.br\/wp-content\/uploads\/2024\/01\/Cana-Elza-Fiuza-Ag.Br_-scaled.jpeg?fit=1000%2C598&ssl=1&resize=350%2C200","width":350,"height":200,"srcset":"https:\/\/i0.wp.com\/noticiasribeiraopreto.com.br\/wp-content\/uploads\/2024\/01\/Cana-Elza-Fiuza-Ag.Br_-scaled.jpeg?fit=1000%2C598&ssl=1&resize=350%2C200 1x, https:\/\/i0.wp.com\/noticiasribeiraopreto.com.br\/wp-content\/uploads\/2024\/01\/Cana-Elza-Fiuza-Ag.Br_-scaled.jpeg?fit=1000%2C598&ssl=1&resize=525%2C300 1.5x, https:\/\/i0.wp.com\/noticiasribeiraopreto.com.br\/wp-content\/uploads\/2024\/01\/Cana-Elza-Fiuza-Ag.Br_-scaled.jpeg?fit=1000%2C598&ssl=1&resize=700%2C400 2x"},"classes":[]},{"id":9676,"url":"https:\/\/noticiasribeiraopreto.com.br\/index.php\/2023\/12\/02\/producao-de-cana-pode-crescer-109\/","url_meta":{"origin":33224,"position":3},"title":"Produ\u00e7\u00e3o de cana pode crescer 10,9%\u00a0","author":"noticiasribeiraopreto.com.br","date":"2 de December de 2023","format":false,"excerpt":"As condi\u00e7\u00f5es clim\u00e1ticas e os investimentos do setor sucroalcooleiro refletiram em um aumento na produ\u00e7\u00e3o de cana-de-a\u00e7\u00facar no pa\u00eds. A produ\u00e7\u00e3o deve crescer 10,9% em compara\u00e7\u00e3o ao ciclo anterior e chegar a 677,6 milh\u00f5es de toneladas, estabelecendo um novo recorde na s\u00e9rie hist\u00f3rica da estatal.Os dados s\u00e3o do 3\u00ba Levantamento\u2026","rel":"","context":"In &quot;Not\u00edcias de Ribeir\u00e3o Preto-SP e Regi\u00e3o&quot;","block_context":{"text":"Not\u00edcias de Ribeir\u00e3o Preto-SP e Regi\u00e3o","link":"https:\/\/noticiasribeiraopreto.com.br\/index.php\/category\/noticias-de-ribeirao-preto-sp-e-regiao-ismael-colosi\/"},"img":{"alt_text":"","src":"https:\/\/i0.wp.com\/noticiasribeiraopreto.com.br\/wp-content\/uploads\/2023\/12\/Cana-scaled.jpeg?fit=1000%2C598&ssl=1&resize=350%2C200","width":350,"height":200,"srcset":"https:\/\/i0.wp.com\/noticiasribeiraopreto.com.br\/wp-content\/uploads\/2023\/12\/Cana-scaled.jpeg?fit=1000%2C598&ssl=1&resize=350%2C200 1x, https:\/\/i0.wp.com\/noticiasribeiraopreto.com.br\/wp-content\/uploads\/2023\/12\/Cana-scaled.jpeg?fit=1000%2C598&ssl=1&resize=525%2C300 1.5x, https:\/\/i0.wp.com\/noticiasribeiraopreto.com.br\/wp-content\/uploads\/2023\/12\/Cana-scaled.jpeg?fit=1000%2C598&ssl=1&resize=700%2C400 2x"},"classes":[]},{"id":76696,"url":"https:\/\/noticiasribeiraopreto.com.br\/index.php\/2025\/09\/03\/preco-do-etanol-sobe-e-deve-pesar-no-bolso-do-consumidor-alerta-anprp\/","url_meta":{"origin":33224,"position":4},"title":"Pre\u00e7o do etanol sobe e deve pesar no bolso do consumidor, alerta ANPRP","author":"noticiasribeiraopreto.com.br","date":"3 de September de 2025","format":false,"excerpt":"Com alta demanda e produ\u00e7\u00e3o reduzida, o pre\u00e7o do litro do etanol tende a subir das distribuidoras para os postos. Esse aumento deve refletir no consumidor, que poder\u00e1 pagar mais caro pelo combust\u00edvel nas bombas. De acordo com a ANPRP (Associa\u00e7\u00e3o N\u00facleo de Postos Ribeir\u00e3o Preto), o \u00cdndice Esalq\/USP \u00e9\u2026","rel":"","context":"In &quot;Not\u00edcias de Ribeir\u00e3o Preto-SP e Regi\u00e3o&quot;","block_context":{"text":"Not\u00edcias de Ribeir\u00e3o Preto-SP e Regi\u00e3o","link":"https:\/\/noticiasribeiraopreto.com.br\/index.php\/category\/noticias-de-ribeirao-preto-sp-e-regiao-ismael-colosi\/"},"img":{"alt_text":"","src":"https:\/\/i0.wp.com\/noticiasribeiraopreto.com.br\/wp-content\/uploads\/2025\/09\/posto_de_1024x576_09092021164726-1_2025-09-03_14-55-50.webp.webp?fit=1024%2C576&ssl=1&resize=350%2C200","width":350,"height":200,"srcset":"https:\/\/i0.wp.com\/noticiasribeiraopreto.com.br\/wp-content\/uploads\/2025\/09\/posto_de_1024x576_09092021164726-1_2025-09-03_14-55-50.webp.webp?fit=1024%2C576&ssl=1&resize=350%2C200 1x, https:\/\/i0.wp.com\/noticiasribeiraopreto.com.br\/wp-content\/uploads\/2025\/09\/posto_de_1024x576_09092021164726-1_2025-09-03_14-55-50.webp.webp?fit=1024%2C576&ssl=1&resize=525%2C300 1.5x, https:\/\/i0.wp.com\/noticiasribeiraopreto.com.br\/wp-content\/uploads\/2025\/09\/posto_de_1024x576_09092021164726-1_2025-09-03_14-55-50.webp.webp?fit=1024%2C576&ssl=1&resize=700%2C400 2x"},"classes":[]},{"id":74041,"url":"https:\/\/noticiasribeiraopreto.com.br\/index.php\/2025\/07\/15\/fim-de-uma-era-raizen-anuncia-fechamento-da-usina-santa-elisa-em-sertaozinho\/","url_meta":{"origin":33224,"position":5},"title":"Fim de uma era: Ra\u00edzen anuncia fechamento da Usina Santa Elisa, em Sert\u00e3ozinho","author":"noticiasribeiraopreto.com.br","date":"15 de July de 2025","format":false,"excerpt":"15 de julho de 2025 07:3215 de julho de 2025 01:508 Compartilhar0 Empresa \u2018fatia\u2019 canaviais do tradicional bioparque de Sert\u00e3ozinho entre usinas da regi\u00e3o A Ra\u00edzen \u2013 empresa controlada pelo Grupo Cosan \u2013 deve anunciar ainda na manh\u00e3 desta ter\u00e7a-feira (15), o encerramento das atividades da tradicional Usina Santa Elisa,\u2026","rel":"","context":"In &quot;Not\u00edcias de Ribeir\u00e3o Preto-SP e Regi\u00e3o&quot;","block_context":{"text":"Not\u00edcias de Ribeir\u00e3o Preto-SP e Regi\u00e3o","link":"https:\/\/noticiasribeiraopreto.com.br\/index.php\/category\/noticias-de-ribeirao-preto-sp-e-regiao-ismael-colosi\/"},"img":{"alt_text":"","src":"https:\/\/i0.wp.com\/noticiasribeiraopreto.com.br\/wp-content\/uploads\/2025\/07\/santelisa.jpeg?fit=296%2C210&ssl=1&resize=350%2C200","width":350,"height":200},"classes":[]}],"jetpack_sharing_enabled":true,"jetpack_shortlink":"https:\/\/wp.me\/peQAOb-8DS","_links":{"self":[{"href":"https:\/\/noticiasribeiraopreto.com.br\/index.php\/wp-json\/wp\/v2\/posts\/33224","targetHints":{"allow":["GET"]}}],"collection":[{"href":"https:\/\/noticiasribeiraopreto.com.br\/index.php\/wp-json\/wp\/v2\/posts"}],"about":[{"href":"https:\/\/noticiasribeiraopreto.com.br\/index.php\/wp-json\/wp\/v2\/types\/post"}],"author":[{"embeddable":true,"href":"https:\/\/noticiasribeiraopreto.com.br\/index.php\/wp-json\/wp\/v2\/users\/1"}],"replies":[{"embeddable":true,"href":"https:\/\/noticiasribeiraopreto.com.br\/index.php\/wp-json\/wp\/v2\/comments?post=33224"}],"version-history":[{"count":0,"href":"https:\/\/noticiasribeiraopreto.com.br\/index.php\/wp-json\/wp\/v2\/posts\/33224\/revisions"}],"wp:featuredmedia":[{"embeddable":true,"href":"https:\/\/noticiasribeiraopreto.com.br\/index.php\/wp-json\/wp\/v2\/media\/33225"}],"wp:attachment":[{"href":"https:\/\/noticiasribeiraopreto.com.br\/index.php\/wp-json\/wp\/v2\/media?parent=33224"}],"wp:term":[{"taxonomy":"category","embeddable":true,"href":"https:\/\/noticiasribeiraopreto.com.br\/index.php\/wp-json\/wp\/v2\/categories?post=33224"},{"taxonomy":"post_tag","embeddable":true,"href":"https:\/\/noticiasribeiraopreto.com.br\/index.php\/wp-json\/wp\/v2\/tags?post=33224"}],"curies":[{"name":"wp","href":"https:\/\/api.w.org\/{rel}","templated":true}]}}