{"id":33252,"date":"2024-01-28T19:32:16","date_gmt":"2024-01-28T22:32:16","guid":{"rendered":"https:\/\/noticiasribeiraopreto.com.br\/index.php\/2024\/01\/28\/comercial-fica-no-empate-em-casa\/"},"modified":"2024-01-28T19:32:16","modified_gmt":"2024-01-28T22:32:16","slug":"comercial-fica-no-empate-em-casa","status":"publish","type":"post","link":"https:\/\/noticiasribeiraopreto.com.br\/index.php\/2024\/01\/28\/comercial-fica-no-empate-em-casa\/","title":{"rendered":"Comercial fica no empate em casa"},"content":{"rendered":"<div class='code-block code-block-1' style='margin: 8px 0 8px auto; text-align: right; display: block; clear: both;'>\n<p><a href=\"https:\/\/wa.link\/vpicfd\"><img data-recalc-dims=\"1\" class=\"wp-image-4922\" style=\"aspect-ratio: 2.0253164556962027; width: 561px; height: auto;\" src=\"https:\/\/i0.wp.com\/ismaelcolosi.com.br\/wp-content\/uploads\/2023\/11\/grupo-de-empregos-whatsapp-e-facebook-ismael-colosi-vagas.jpg?ssl=1\" alt=\"\" \/><\/a><\/p>\n<!-- \/wp:image -->\n<\/div>\n<p> <br \/>\n<\/p>\n<div id=\"post-371844\">\n<header class=\"entry-header penci-entry-header penci-title-center\">\n<p> <span class=\"entry-meta-item penci-posted-on\"><i class=\"fa fa-clock-o\"\/><time class=\"entry-date published updated\" datetime=\"2024-01-28T18:40:40-03:00\">28 de janeiro de 2024 | 18:40<\/time><\/span><\/p>\n<p> <span class=\"penci-social-buttons penci-social-share-footer\"><a href=\"#\" class=\"penci-post-like penci_post-meta_item  single-like-button penci-social-item like\" data-post_id=\"371844\" title=\"Like\" data-like=\"Like\" data-unlike=\"Unlike\"><i class=\"fa fa-thumbs-o-up\"\/><span class=\"penci-share-number\">0<\/span><\/a><i class=\"fa fa-facebook\"\/><a class=\"penci-social-item twitter\" target=\"_blank\" rel=\"noopener\" title=\"\" href=\"https:\/\/twitter.com\/intent\/tweet?text=Comercial%20fica%20no%20empate%20em%20casa%20-%20https:\/\/www.tribunaribeirao.com.br\/site\/comercial-fica-no-empate-em-casa\/\"><i class=\"fa fa-twitter\"\/><\/a><i class=\"fa fa-whatsapp\"\/><\/span><\/header>\n<div class=\"penci-entry-content entry-content\">\n<p>N\u00e3o foi dessa vez que a torcida comercialina pode comemorar a primeira vit\u00f3ria no Campeonato Paulista da S\u00e9rie A2. Jogando em casa, no est\u00e1dio Palma Travassos, o Le\u00e3o do Norte recebeu a Ferrovi\u00e1ria e ficou no empate por 1 a 1. Essa foi a quarta partida do Comercial na A2. At\u00e9 agora s\u00e3o dois empates em casa e duas derrotas como visitante. Com isso a equipe ocupa a vice lanterna na competi\u00e7\u00e3o.<\/p>\n<p>Os dois gols da partida sa\u00edram na etapa inicial. Paulinho Santos abriu para os visitantes e Claudemir marcou para o Comercial. O Le\u00e3o do Norte jogou praticamente toda a segunda etapa com um jogador a mais, mas n\u00e3o soube aproveitar a vantagem num\u00e9rica.<\/p>\n<p>Na quarta-feira, dia 31, o Comercial visita o Noroeste em Bauru.<\/p>\n<p>(Foto: B\u00e1rbara Pires\/Comecial FC)<\/p>\n<\/div>\n<footer class=\"penci-entry-footer\"\/><\/div>\n<p><script async src=\"\/\/platform.twitter.com\/widgets.js\" charset=\"utf-8\"><\/script><br \/>\n<br \/><br \/>\n<br \/><a href=\"https:\/\/www.tribunaribeirao.com.br\/site\/comercial-fica-no-empate-em-casa\/\">Source link <\/a><\/p>\n<!-- CONTENT END 1 -->\n","protected":false},"excerpt":{"rendered":"<p>28 de janeiro de 2024 | 18:40 0 N\u00e3o foi dessa vez que a torcida comercialina pode comemorar a primeira vit\u00f3ria no Campeonato Paulista da&#8230;<\/p>\n","protected":false},"author":1,"featured_media":33253,"comment_status":"open","ping_status":"open","sticky":false,"template":"","format":"standard","meta":{"advanced_seo_description":"","jetpack_seo_html_title":"","jetpack_seo_noindex":false,"jetpack_post_was_ever_published":false,"_jetpack_newsletter_access":"","_jetpack_dont_email_post_to_subs":false,"_jetpack_newsletter_tier_id":0,"_jetpack_memberships_contains_paywalled_content":false,"_jetpack_memberships_contains_paid_content":false,"footnotes":"","jetpack_publicize_message":"","jetpack_publicize_feature_enabled":true,"jetpack_social_post_already_shared":true,"jetpack_social_options":{"image_generator_settings":{"template":"highway","default_image_id":0,"font":"","enabled":false},"version":2}},"categories":[11],"tags":[289,705,3768,398],"class_list":["post-33252","post","type-post","status-publish","format-standard","has-post-thumbnail","hentry","category-noticias-de-ribeirao-preto-sp-e-regiao-ismael-colosi","tag-casa","tag-comercial","tag-empate","tag-fica"],"jetpack_publicize_connections":[],"jetpack_featured_media_url":"https:\/\/i0.wp.com\/noticiasribeiraopreto.com.br\/wp-content\/uploads\/2024\/01\/comercial-1-scaled.jpeg?fit=967%2C645&ssl=1","jetpack-related-posts":[{"id":83275,"url":"https:\/\/noticiasribeiraopreto.com.br\/index.php\/2026\/03\/14\/comercial-fica-no-empate-em-aracatuba\/","url_meta":{"origin":33252,"position":0},"title":"Comercial fica no empate em Ara\u00e7atuba","author":"noticiasribeiraopreto.com.br","date":"14 de March de 2026","format":false,"excerpt":"\r \r \r 14 de mar\u00e7o de 2026 19:31 \r Compartilhar0 Deu empate sem gols no jogo entre Ara\u00e7atuba e Comercial, realizado na tarde deste s\u00e1bado no est\u00e1dio Doutor Adhemar de Barros, em Ara\u00e7atuba, pela d\u00e9cima rodada da S\u00e9rie A4 do Campeonato Paulista. No jogo de hoje o Le\u00e3o foi\u2026","rel":"","context":"In &quot;Not\u00edcias de Ribeir\u00e3o Preto-SP e Regi\u00e3o&quot;","block_context":{"text":"Not\u00edcias de Ribeir\u00e3o Preto-SP e Regi\u00e3o","link":"https:\/\/noticiasribeiraopreto.com.br\/index.php\/category\/noticias-de-ribeirao-preto-sp-e-regiao-ismael-colosi\/"},"img":{"alt_text":"","src":"https:\/\/i0.wp.com\/noticiasribeiraopreto.com.br\/wp-content\/uploads\/2026\/03\/AEA-0-x-0-CFC-scaled.jpg?fit=975%2C780&ssl=1&resize=350%2C200","width":350,"height":200,"srcset":"https:\/\/i0.wp.com\/noticiasribeiraopreto.com.br\/wp-content\/uploads\/2026\/03\/AEA-0-x-0-CFC-scaled.jpg?fit=975%2C780&ssl=1&resize=350%2C200 1x, https:\/\/i0.wp.com\/noticiasribeiraopreto.com.br\/wp-content\/uploads\/2026\/03\/AEA-0-x-0-CFC-scaled.jpg?fit=975%2C780&ssl=1&resize=525%2C300 1.5x, https:\/\/i0.wp.com\/noticiasribeiraopreto.com.br\/wp-content\/uploads\/2026\/03\/AEA-0-x-0-CFC-scaled.jpg?fit=975%2C780&ssl=1&resize=700%2C400 2x"},"classes":[]},{"id":57284,"url":"https:\/\/noticiasribeiraopreto.com.br\/index.php\/2024\/08\/27\/comercial-sai-na-frente-mas-fica-no-empate-contra-o-primavera-em-ribeirao-preto\/","url_meta":{"origin":33252,"position":1},"title":"Comercial sai na frente, mas fica no empate contra o Primavera em Ribeir\u00e3o Preto","author":"noticiasribeiraopreto.com.br","date":"27 de August de 2024","format":false,"excerpt":"O Comercial empatou em 1 a 1 com o Primavera na noite desta ter\u00e7a-feira (27), no est\u00e1dio Palma Travassos, em Ribeir\u00e3o Preto. O confronto foi v\u00e1lido pela ida das oitavas de final da Copa Paulista. Gols O Comercial abriu o placar logo aos 6 minutos do primeiro tempo, com o\u2026","rel":"","context":"In &quot;Not\u00edcias de Ribeir\u00e3o Preto-SP e Regi\u00e3o&quot;","block_context":{"text":"Not\u00edcias de Ribeir\u00e3o Preto-SP e Regi\u00e3o","link":"https:\/\/noticiasribeiraopreto.com.br\/index.php\/category\/noticias-de-ribeirao-preto-sp-e-regiao-ismael-colosi\/"},"img":{"alt_text":"","src":"https:\/\/i0.wp.com\/noticiasribeiraopreto.com.br\/wp-content\/uploads\/2024\/08\/comercial-primavera_2024-08-28_00-46-50_jpg_2024-08-28_00-46-51.webp.webp?fit=1200%2C800&ssl=1&resize=350%2C200","width":350,"height":200,"srcset":"https:\/\/i0.wp.com\/noticiasribeiraopreto.com.br\/wp-content\/uploads\/2024\/08\/comercial-primavera_2024-08-28_00-46-50_jpg_2024-08-28_00-46-51.webp.webp?fit=1200%2C800&ssl=1&resize=350%2C200 1x, https:\/\/i0.wp.com\/noticiasribeiraopreto.com.br\/wp-content\/uploads\/2024\/08\/comercial-primavera_2024-08-28_00-46-50_jpg_2024-08-28_00-46-51.webp.webp?fit=1200%2C800&ssl=1&resize=525%2C300 1.5x, https:\/\/i0.wp.com\/noticiasribeiraopreto.com.br\/wp-content\/uploads\/2024\/08\/comercial-primavera_2024-08-28_00-46-50_jpg_2024-08-28_00-46-51.webp.webp?fit=1200%2C800&ssl=1&resize=700%2C400 2x, https:\/\/i0.wp.com\/noticiasribeiraopreto.com.br\/wp-content\/uploads\/2024\/08\/comercial-primavera_2024-08-28_00-46-50_jpg_2024-08-28_00-46-51.webp.webp?fit=1200%2C800&ssl=1&resize=1050%2C600 3x"},"classes":[]},{"id":74976,"url":"https:\/\/noticiasribeiraopreto.com.br\/index.php\/2025\/07\/31\/sem-entrar-em-campo-comercial-avanca-na-copa-paulista\/","url_meta":{"origin":33252,"position":2},"title":"Sem entrar em campo, Comercial avan\u00e7a na Copa Paulista","author":"noticiasribeiraopreto.com.br","date":"31 de July de 2025","format":false,"excerpt":"O Comercial est\u00e1 garantido nas oitavas de final da Copa Paulista sem precisar entrar em campo. A classifica\u00e7\u00e3o antecipada veio ap\u00f3s o empate entre Uni\u00e3o S\u00e3o Jo\u00e3o e Botafogo, na noite de quarta-feira (30). Com isso, o Le\u00e3o do Norte assegurou vaga na pr\u00f3xima fase com tr\u00eas rodadas de anteced\u00eancia.\u2026","rel":"","context":"In &quot;Not\u00edcias de Ribeir\u00e3o Preto-SP e Regi\u00e3o&quot;","block_context":{"text":"Not\u00edcias de Ribeir\u00e3o Preto-SP e Regi\u00e3o","link":"https:\/\/noticiasribeiraopreto.com.br\/index.php\/category\/noticias-de-ribeirao-preto-sp-e-regiao-ismael-colosi\/"},"img":{"alt_text":"","src":"https:\/\/i0.wp.com\/noticiasribeiraopreto.com.br\/wp-content\/uploads\/2025\/07\/comerfogo31_2025-07-03_00-04-13.webp.webp?fit=1200%2C828&ssl=1&resize=350%2C200","width":350,"height":200,"srcset":"https:\/\/i0.wp.com\/noticiasribeiraopreto.com.br\/wp-content\/uploads\/2025\/07\/comerfogo31_2025-07-03_00-04-13.webp.webp?fit=1200%2C828&ssl=1&resize=350%2C200 1x, https:\/\/i0.wp.com\/noticiasribeiraopreto.com.br\/wp-content\/uploads\/2025\/07\/comerfogo31_2025-07-03_00-04-13.webp.webp?fit=1200%2C828&ssl=1&resize=525%2C300 1.5x, https:\/\/i0.wp.com\/noticiasribeiraopreto.com.br\/wp-content\/uploads\/2025\/07\/comerfogo31_2025-07-03_00-04-13.webp.webp?fit=1200%2C828&ssl=1&resize=700%2C400 2x, https:\/\/i0.wp.com\/noticiasribeiraopreto.com.br\/wp-content\/uploads\/2025\/07\/comerfogo31_2025-07-03_00-04-13.webp.webp?fit=1200%2C828&ssl=1&resize=1050%2C600 3x"},"classes":[]},{"id":41399,"url":"https:\/\/noticiasribeiraopreto.com.br\/index.php\/2024\/03\/07\/comercial-perde-para-o-juventus-no-santa-cruz-e-esta-rebaixado-para-serie-a3\/","url_meta":{"origin":33252,"position":3},"title":"Comercial perde para o Juventus no Santa Cruz e est\u00e1 rebaixado para S\u00e9rie A3","author":"noticiasribeiraopreto.com.br","date":"7 de March de 2024","format":false,"excerpt":"O Comercial est\u00e1 rebaixado para a S\u00e9rie A3 do Campeonato Paulista. O Le\u00e3o do Norte foi derrotado pelo Juventus com o placar de 2 a 1 na noite desta quinta-feira. Os gols da partida foram marcados por L\u00e9o Castro, duas vezes, para o Moleque Travesso, e Valdeir, para o Le\u00e3o\u2026","rel":"","context":"In &quot;Not\u00edcias de Ribeir\u00e3o Preto-SP e Regi\u00e3o&quot;","block_context":{"text":"Not\u00edcias de Ribeir\u00e3o Preto-SP e Regi\u00e3o","link":"https:\/\/noticiasribeiraopreto.com.br\/index.php\/category\/noticias-de-ribeirao-preto-sp-e-regiao-ismael-colosi\/"},"img":{"alt_text":"","src":"https:\/\/i0.wp.com\/noticiasribeiraopreto.com.br\/wp-content\/uploads\/2024\/03\/Comercial-scaled.jpeg?fit=968%2C645&ssl=1&resize=350%2C200","width":350,"height":200,"srcset":"https:\/\/i0.wp.com\/noticiasribeiraopreto.com.br\/wp-content\/uploads\/2024\/03\/Comercial-scaled.jpeg?fit=968%2C645&ssl=1&resize=350%2C200 1x, https:\/\/i0.wp.com\/noticiasribeiraopreto.com.br\/wp-content\/uploads\/2024\/03\/Comercial-scaled.jpeg?fit=968%2C645&ssl=1&resize=525%2C300 1.5x, https:\/\/i0.wp.com\/noticiasribeiraopreto.com.br\/wp-content\/uploads\/2024\/03\/Comercial-scaled.jpeg?fit=968%2C645&ssl=1&resize=700%2C400 2x"},"classes":[]},{"id":81970,"url":"https:\/\/noticiasribeiraopreto.com.br\/index.php\/2026\/01\/31\/comercial-estreia-com-empate-na-serie-a4\/","url_meta":{"origin":33252,"position":4},"title":"Comercial estreia com empate na S\u00e9rie A4","author":"noticiasribeiraopreto.com.br","date":"31 de January de 2026","format":false,"excerpt":"\r Bafo sai atr\u00e1s, fica com um a mais em campo e busca igualdade\r \r 31 de janeiro de 2026 17:2831 de janeiro de 2026 17:30 \r Compartilhar1 Por Hugo Luque O Comercial iniciou a temporada 2026 com um empate em 1 a 1 com o Ecus, neste s\u00e1bado (31),\u2026","rel":"","context":"In &quot;Not\u00edcias de Ribeir\u00e3o Preto-SP e Regi\u00e3o&quot;","block_context":{"text":"Not\u00edcias de Ribeir\u00e3o Preto-SP e Regi\u00e3o","link":"https:\/\/noticiasribeiraopreto.com.br\/index.php\/category\/noticias-de-ribeirao-preto-sp-e-regiao-ismael-colosi\/"},"img":{"alt_text":"","src":"https:\/\/i0.wp.com\/noticiasribeiraopreto.com.br\/wp-content\/uploads\/2026\/01\/Ecus-x-Comercial-Barbara-Pires_Comercial-FC-scaled.jpeg?fit=1169%2C780&ssl=1&resize=350%2C200","width":350,"height":200,"srcset":"https:\/\/i0.wp.com\/noticiasribeiraopreto.com.br\/wp-content\/uploads\/2026\/01\/Ecus-x-Comercial-Barbara-Pires_Comercial-FC-scaled.jpeg?fit=1169%2C780&ssl=1&resize=350%2C200 1x, https:\/\/i0.wp.com\/noticiasribeiraopreto.com.br\/wp-content\/uploads\/2026\/01\/Ecus-x-Comercial-Barbara-Pires_Comercial-FC-scaled.jpeg?fit=1169%2C780&ssl=1&resize=525%2C300 1.5x, https:\/\/i0.wp.com\/noticiasribeiraopreto.com.br\/wp-content\/uploads\/2026\/01\/Ecus-x-Comercial-Barbara-Pires_Comercial-FC-scaled.jpeg?fit=1169%2C780&ssl=1&resize=700%2C400 2x, https:\/\/i0.wp.com\/noticiasribeiraopreto.com.br\/wp-content\/uploads\/2026\/01\/Ecus-x-Comercial-Barbara-Pires_Comercial-FC-scaled.jpeg?fit=1169%2C780&ssl=1&resize=1050%2C600 3x"},"classes":[]},{"id":83287,"url":"https:\/\/noticiasribeiraopreto.com.br\/index.php\/2026\/03\/15\/comercial-empata-sem-gols-com-o-aracatuba-fora-de-casa-na-a4\/","url_meta":{"origin":33252,"position":5},"title":"Comercial empata sem gols com o Ara\u00e7atuba fora de casa na A4","author":"noticiasribeiraopreto.com.br","date":"15 de March de 2026","format":false,"excerpt":"O Comercial empatou em 0 a 0 com o Ara\u00e7atuba neste s\u00e1bado (14), fora de casa, pela d\u00e9cima rodada da S\u00e9rie A4 do Campeonato Paulista. Ap\u00f3s a sa\u00edda de Pinho, Osny comandou o Le\u00e3o no est\u00e1dio Doutor Adhemar de Barros, em Ara\u00e7atuba. As melhores chances de gols do Comercial foram\u2026","rel":"","context":"In &quot;Not\u00edcias de Ribeir\u00e3o Preto-SP e Regi\u00e3o&quot;","block_context":{"text":"Not\u00edcias de Ribeir\u00e3o Preto-SP e Regi\u00e3o","link":"https:\/\/noticiasribeiraopreto.com.br\/index.php\/category\/noticias-de-ribeirao-preto-sp-e-regiao-ismael-colosi\/"},"img":{"alt_text":"","src":"https:\/\/i0.wp.com\/noticiasribeiraopreto.com.br\/wp-content\/uploads\/2026\/03\/DSC_5836.jpg_2026-03-14_20-29-58.webp.webp?fit=1200%2C960&ssl=1&resize=350%2C200","width":350,"height":200,"srcset":"https:\/\/i0.wp.com\/noticiasribeiraopreto.com.br\/wp-content\/uploads\/2026\/03\/DSC_5836.jpg_2026-03-14_20-29-58.webp.webp?fit=1200%2C960&ssl=1&resize=350%2C200 1x, https:\/\/i0.wp.com\/noticiasribeiraopreto.com.br\/wp-content\/uploads\/2026\/03\/DSC_5836.jpg_2026-03-14_20-29-58.webp.webp?fit=1200%2C960&ssl=1&resize=525%2C300 1.5x, https:\/\/i0.wp.com\/noticiasribeiraopreto.com.br\/wp-content\/uploads\/2026\/03\/DSC_5836.jpg_2026-03-14_20-29-58.webp.webp?fit=1200%2C960&ssl=1&resize=700%2C400 2x, https:\/\/i0.wp.com\/noticiasribeiraopreto.com.br\/wp-content\/uploads\/2026\/03\/DSC_5836.jpg_2026-03-14_20-29-58.webp.webp?fit=1200%2C960&ssl=1&resize=1050%2C600 3x"},"classes":[]}],"jetpack_sharing_enabled":true,"jetpack_shortlink":"https:\/\/wp.me\/peQAOb-8Ek","_links":{"self":[{"href":"https:\/\/noticiasribeiraopreto.com.br\/index.php\/wp-json\/wp\/v2\/posts\/33252","targetHints":{"allow":["GET"]}}],"collection":[{"href":"https:\/\/noticiasribeiraopreto.com.br\/index.php\/wp-json\/wp\/v2\/posts"}],"about":[{"href":"https:\/\/noticiasribeiraopreto.com.br\/index.php\/wp-json\/wp\/v2\/types\/post"}],"author":[{"embeddable":true,"href":"https:\/\/noticiasribeiraopreto.com.br\/index.php\/wp-json\/wp\/v2\/users\/1"}],"replies":[{"embeddable":true,"href":"https:\/\/noticiasribeiraopreto.com.br\/index.php\/wp-json\/wp\/v2\/comments?post=33252"}],"version-history":[{"count":0,"href":"https:\/\/noticiasribeiraopreto.com.br\/index.php\/wp-json\/wp\/v2\/posts\/33252\/revisions"}],"wp:featuredmedia":[{"embeddable":true,"href":"https:\/\/noticiasribeiraopreto.com.br\/index.php\/wp-json\/wp\/v2\/media\/33253"}],"wp:attachment":[{"href":"https:\/\/noticiasribeiraopreto.com.br\/index.php\/wp-json\/wp\/v2\/media?parent=33252"}],"wp:term":[{"taxonomy":"category","embeddable":true,"href":"https:\/\/noticiasribeiraopreto.com.br\/index.php\/wp-json\/wp\/v2\/categories?post=33252"},{"taxonomy":"post_tag","embeddable":true,"href":"https:\/\/noticiasribeiraopreto.com.br\/index.php\/wp-json\/wp\/v2\/tags?post=33252"}],"curies":[{"name":"wp","href":"https:\/\/api.w.org\/{rel}","templated":true}]}}