{"id":33289,"date":"2024-01-29T00:15:02","date_gmt":"2024-01-29T03:15:02","guid":{"rendered":"https:\/\/noticiasribeiraopreto.com.br\/index.php\/2024\/01\/29\/em-rp-absorventes-tem-pouca-adesao-nas-escolas-municipais\/"},"modified":"2024-01-29T00:15:02","modified_gmt":"2024-01-29T03:15:02","slug":"em-rp-absorventes-tem-pouca-adesao-nas-escolas-municipais","status":"publish","type":"post","link":"https:\/\/noticiasribeiraopreto.com.br\/index.php\/2024\/01\/29\/em-rp-absorventes-tem-pouca-adesao-nas-escolas-municipais\/","title":{"rendered":"Em RP absorventes tem pouca ades\u00e3o nas escolas municipais\u00a0"},"content":{"rendered":"<div class='code-block code-block-1' style='margin: 8px 0 8px auto; text-align: right; display: block; clear: both;'>\n<p><a href=\"https:\/\/wa.link\/vpicfd\"><img data-recalc-dims=\"1\" class=\"wp-image-4922\" style=\"aspect-ratio: 2.0253164556962027; width: 561px; height: auto;\" src=\"https:\/\/i0.wp.com\/ismaelcolosi.com.br\/wp-content\/uploads\/2023\/11\/grupo-de-empregos-whatsapp-e-facebook-ismael-colosi-vagas.jpg?ssl=1\" alt=\"\" \/><\/a><\/p>\n<!-- \/wp:image -->\n<\/div>\n<p> <br \/>\n<\/p>\n<div id=\"\">\n<p> <span class=\"entry-meta-item penci-posted-on\"><i class=\"fa fa-clock-o\"\/><time class=\"entry-date published\" datetime=\"2024-01-28T14:00:02-03:00\">28 de janeiro de 2024 | 14:00<\/time><time class=\"updated\" datetime=\"2024-01-27T19:30:36-03:00\">27 de janeiro de 2024 | 19:30<\/time><\/span><\/p>\n<p> <span class=\"penci-social-buttons penci-social-share-footer\"><a href=\"#\" class=\"penci-post-like penci_post-meta_item  single-like-button penci-social-item like\" data-post_id=\"371795\" title=\"Like\" data-like=\"Like\" data-unlike=\"Unlike\"><i class=\"fa fa-thumbs-o-up\"\/><span class=\"penci-share-number\">0<\/span><\/a><i class=\"fa fa-facebook\"\/><a class=\"penci-social-item twitter\" target=\"_blank\" rel=\"noopener\" title=\"\" href=\"https:\/\/twitter.com\/intent\/tweet?text=Em%20RP%20absorventes%20tem%20pouca%20ades\u00e3o%20nas%20escolas%20municipais\u00a0%20-%20https:\/\/www.tribunaribeirao.com.br\/site\/em-rp-absorventes-tem-pouca-adesao-nas-escolas-municipais\/\"><i class=\"fa fa-twitter\"\/><\/a><i class=\"fa fa-whatsapp\"\/><\/span><\/div>\n<div>\n<p><span data-contrast=\"auto\">Os 3.250 absorventes \u00edntimos adquiridos pela Secretaria Municipal de Educa\u00e7\u00e3o de Ribeir\u00e3o Preto para serem distribu\u00eddos para alunas em situa\u00e7\u00e3o de vulnerabilidade social encalharam nas escolas do munic\u00edpio. Comprados em agosto de 2021 por meio de preg\u00e3o eletr\u00f4nico, eles est\u00e3o sendo disponibilizados nas 31 escolas de ensino Fundamental de Ribeir\u00e3o Preto, mas n\u00e3o provocou interesse nas estudantes.<\/span><span data-ccp-props=\"{&quot;201341983&quot;:0,&quot;335559739&quot;:0,&quot;335559740&quot;:240}\">\u00a0<\/span><\/p>\n<p><span data-contrast=\"auto\">A entrega come\u00e7ou a ser feita no in\u00edcio do ano letivo de 2022, mas segundo apura\u00e7\u00e3o feita pelo <\/span><b><span data-contrast=\"auto\">Tribuna Ribeir\u00e3o<\/span><\/b><span data-contrast=\"auto\">, no m\u00e1ximo, duas estudantes em cada escola se interessaram em receber os absorventes. Em fun\u00e7\u00e3o da baixa procura, n\u00e3o existe previs\u00e3o para uma nova aquisi\u00e7\u00e3o. Com a compra dos 3.250 absorventes o munic\u00edpio investiu R$13.487,50 num certame que teve como vencedora a empresa Jenifer Jessica Azevedo.\u00a0\u00a0<\/span><span data-ccp-props=\"{&quot;201341983&quot;:0,&quot;335559739&quot;:0,&quot;335559740&quot;:240}\">\u00a0<\/span><\/p>\n<p><span data-contrast=\"auto\">Ribeir\u00e3o Preto tamb\u00e9m aprovou uma lei para obrigar a distribui\u00e7\u00e3o de absorventes para as estudantes das escolas municipais. Aprovado em 2021, o projeto de autoria da ent\u00e3o vereadora Glaucia Berenice (Republicanos) foi vetado pelo prefeito Duarte Nogueira (PSDB) sobre justificativa de v\u00edcio de iniciativa. Entretanto, o veto foi derrubado pelos vereadores e a lei foi promulgada pelo ent\u00e3o presidente da C\u00e2mara, na \u00e9poca, Alessandro Maraca (MDB).<\/span><span data-contrast=\"auto\">\u00a0 Glaucia se licenciou do mandato para ser secret\u00e1ria municipal de Assist\u00eancia Social (Semas).<\/span><span data-ccp-props=\"{&quot;201341983&quot;:0,&quot;335559739&quot;:0,&quot;335559740&quot;:240}\">\u00a0<\/span><\/p>\n<p><span data-contrast=\"auto\">Em setembro de 2021, Nogueira publicou no Di\u00e1rio Oficial do Munic\u00edpio (DOM) o Decreto N\u00ba 207, que determinou o n\u00e3o cumprimento da lei, por inconstitucionalidade.\u00a0<\/span><span data-contrast=\"auto\"> A constitucionalidade da lei tamb\u00e9m foi questionada pela prefeitura no Tribunal de Justi\u00e7a do Estado de S\u00e3o Paulo (TJ\/SP). Desde o dia 5 de dezembro do ano passado, o assunto est\u00e1 em an\u00e1lise no Supremo Tribunal Federal (STF) ap\u00f3s recurso \u2013 agravo \u2013 impetrado pela administra\u00e7\u00e3o municipal.<\/span><span data-ccp-props=\"{&quot;201341983&quot;:0,&quot;335559739&quot;:0,&quot;335559740&quot;:240}\">\u00a0<\/span><\/p>\n<p><span data-contrast=\"auto\">Desde 2021 o Governo do Estado de S\u00e3o Paulo tamb\u00e9m realiza a distribui\u00e7\u00e3o de absorventes para estudantes por meio do Programa Dignidade \u00cdntima. A rede estadual conta com 1,3 milh\u00e3o de alunas em idade menstrual, entre dez e 18 anos. Desse total, mais de 500 mil possuem cadastro no Cad\u00danico e s\u00e3o consideradas vulner\u00e1veis, enquanto 330 mil est\u00e3o em situa\u00e7\u00e3o de extrema pobreza.\u00a0<\/span><span data-ccp-props=\"{&quot;201341983&quot;:0,&quot;335559739&quot;:0,&quot;335559740&quot;:240}\">\u00a0<\/span><\/p>\n<p><span data-ccp-props=\"{&quot;201341983&quot;:0,&quot;335559739&quot;:0,&quot;335559740&quot;:240}\">\u00a0<\/span><\/p>\n<\/div>\n<p><script async src=\"\/\/platform.twitter.com\/widgets.js\" charset=\"utf-8\"><\/script><br \/>\n<br \/><br \/>\n<br \/><a href=\"https:\/\/www.tribunaribeirao.com.br\/site\/em-rp-absorventes-tem-pouca-adesao-nas-escolas-municipais\/\">Source link <\/a><\/p>\n<!-- CONTENT END 1 -->\n","protected":false},"excerpt":{"rendered":"<p>28 de janeiro de 2024 | 14:0027 de janeiro de 2024 | 19:30 0 Os 3.250 absorventes \u00edntimos adquiridos pela Secretaria Municipal de Educa\u00e7\u00e3o de&#8230;<\/p>\n","protected":false},"author":1,"featured_media":33290,"comment_status":"open","ping_status":"open","sticky":false,"template":"","format":"standard","meta":{"advanced_seo_description":"","jetpack_seo_html_title":"","jetpack_seo_noindex":false,"jetpack_post_was_ever_published":false,"_jetpack_newsletter_access":"","_jetpack_dont_email_post_to_subs":false,"_jetpack_newsletter_tier_id":0,"_jetpack_memberships_contains_paywalled_content":false,"_jetpack_memberships_contains_paid_content":false,"footnotes":"","jetpack_publicize_message":"","jetpack_publicize_feature_enabled":true,"jetpack_social_post_already_shared":true,"jetpack_social_options":{"image_generator_settings":{"template":"highway","default_image_id":0,"font":"","enabled":false},"version":2}},"categories":[11],"tags":[3644,2519,590,2453,104,3945,162],"class_list":["post-33289","post","type-post","status-publish","format-standard","has-post-thumbnail","hentry","category-noticias-de-ribeirao-preto-sp-e-regiao-ismael-colosi","tag-absorventes","tag-adesao","tag-escolas","tag-municipais","tag-nas","tag-pouca","tag-tem"],"jetpack_publicize_connections":[],"jetpack_featured_media_url":"https:\/\/i0.wp.com\/noticiasribeiraopreto.com.br\/wp-content\/uploads\/2024\/01\/recessoescolar__foto_guilherme_sircili_-scaled.jpeg?fit=967%2C645&ssl=1","jetpack-related-posts":[{"id":35996,"url":"https:\/\/noticiasribeiraopreto.com.br\/index.php\/2024\/02\/08\/atencao-pessoas-cadastradas-no-cadunico-tem-direito-a-novo-beneficio-veja-se-voce-pode-receber\/","url_meta":{"origin":33289,"position":0},"title":"Aten\u00e7\u00e3o! Pessoas cadastradas no Cad\u00danico t\u00eam direito a novo benef\u00edcio; Veja se voc\u00ea pode receber","author":"noticiasribeiraopreto.com.br","date":"8 de February de 2024","format":false,"excerpt":"Desde o dia 22 de janeiro, o Programa de Promo\u00e7\u00e3o e Prote\u00e7\u00e3o \u00e0 Dignidade da Menstrua\u00e7\u00e3o garante o direito de acesso a absorventes higi\u00eanicos a quem menstrua e est\u00e1 cadastrado no Cadastro \u00danico de Programas Sociais do Governo Federal (Cad \u00danico). Por isso, o p\u00fablico-alvo do programa s\u00e3o pessoas de\u2026","rel":"","context":"In &quot;Dinheiro e Investimento&quot;","block_context":{"text":"Dinheiro e Investimento","link":"https:\/\/noticiasribeiraopreto.com.br\/index.php\/category\/dinheiro-e-investimento-como-fazer-como-ganhar\/"},"img":{"alt_text":"","src":"https:\/\/i0.wp.com\/noticiasribeiraopreto.com.br\/wp-content\/uploads\/2024\/02\/Design-sem-nome-54.png?fit=1200%2C630&ssl=1&resize=350%2C200","width":350,"height":200,"srcset":"https:\/\/i0.wp.com\/noticiasribeiraopreto.com.br\/wp-content\/uploads\/2024\/02\/Design-sem-nome-54.png?fit=1200%2C630&ssl=1&resize=350%2C200 1x, https:\/\/i0.wp.com\/noticiasribeiraopreto.com.br\/wp-content\/uploads\/2024\/02\/Design-sem-nome-54.png?fit=1200%2C630&ssl=1&resize=525%2C300 1.5x, https:\/\/i0.wp.com\/noticiasribeiraopreto.com.br\/wp-content\/uploads\/2024\/02\/Design-sem-nome-54.png?fit=1200%2C630&ssl=1&resize=700%2C400 2x, https:\/\/i0.wp.com\/noticiasribeiraopreto.com.br\/wp-content\/uploads\/2024\/02\/Design-sem-nome-54.png?fit=1200%2C630&ssl=1&resize=1050%2C600 3x"},"classes":[]},{"id":33194,"url":"https:\/\/noticiasribeiraopreto.com.br\/index.php\/2024\/01\/28\/programa-distribui-absorventes-para-mulheres-em-vulnerabilidade\/","url_meta":{"origin":33289,"position":1},"title":"Programa distribui absorventes para mulheres em vulnerabilidade","author":"noticiasribeiraopreto.com.br","date":"28 de January de 2024","format":false,"excerpt":"28 de janeiro de 2024 | 13:0027 de janeiro de 2024 | 19:30 0O programa Farm\u00e1cia Popular, do Governo Federal, disponibiliza absorventes gratuitamente para popula\u00e7\u00e3o em situa\u00e7\u00e3o de vulnerabilidade social em mais de 31 mil unidades credenciadas em todo pa\u00eds. No Estado de S\u00e3o Paulo, 6.445 farm\u00e1cias est\u00e3o credenciadas para\u2026","rel":"","context":"In &quot;Not\u00edcias de Ribeir\u00e3o Preto-SP e Regi\u00e3o&quot;","block_context":{"text":"Not\u00edcias de Ribeir\u00e3o Preto-SP e Regi\u00e3o","link":"https:\/\/noticiasribeiraopreto.com.br\/index.php\/category\/noticias-de-ribeirao-preto-sp-e-regiao-ismael-colosi\/"},"img":{"alt_text":"","src":"https:\/\/i0.wp.com\/noticiasribeiraopreto.com.br\/wp-content\/uploads\/2024\/01\/fotoabsorventes.png?fit=768%2C354&ssl=1&resize=350%2C200","width":350,"height":200,"srcset":"https:\/\/i0.wp.com\/noticiasribeiraopreto.com.br\/wp-content\/uploads\/2024\/01\/fotoabsorventes.png?fit=768%2C354&ssl=1&resize=350%2C200 1x, https:\/\/i0.wp.com\/noticiasribeiraopreto.com.br\/wp-content\/uploads\/2024\/01\/fotoabsorventes.png?fit=768%2C354&ssl=1&resize=525%2C300 1.5x, https:\/\/i0.wp.com\/noticiasribeiraopreto.com.br\/wp-content\/uploads\/2024\/01\/fotoabsorventes.png?fit=768%2C354&ssl=1&resize=700%2C400 2x"},"classes":[]},{"id":29188,"url":"https:\/\/noticiasribeiraopreto.com.br\/index.php\/2024\/01\/17\/farmacia-popular-comeca-a-distribuir-absorventes-gratuitos\/","url_meta":{"origin":33289,"position":2},"title":"Farm\u00e1cia Popular come\u00e7a a distribuir absorventes gratuitos \u2013 Folha de Ribeir\u00e3o","author":"noticiasribeiraopreto.com.br","date":"17 de January de 2024","format":false,"excerpt":"Mais de 31 mil unidades credenciadas no programa Farm\u00e1cia Popular come\u00e7aram a distribuir absorventes para a popula\u00e7\u00e3o em situa\u00e7\u00e3o de vulnerabilidade social. Segundo o Minist\u00e9rio da Sa\u00fade, a oferta \u00e9 direcionada a grupos que vivem abaixo da linha da pobreza e est\u00e3o matriculados em escolas p\u00fablicas, em situa\u00e7\u00e3o de rua\u2026","rel":"","context":"In &quot;Not\u00edcias de Ribeir\u00e3o Preto-SP e Regi\u00e3o&quot;","block_context":{"text":"Not\u00edcias de Ribeir\u00e3o Preto-SP e Regi\u00e3o","link":"https:\/\/noticiasribeiraopreto.com.br\/index.php\/category\/noticias-de-ribeirao-preto-sp-e-regiao-ismael-colosi\/"},"img":{"alt_text":"","src":"","width":0,"height":0},"classes":[]},{"id":31863,"url":"https:\/\/noticiasribeiraopreto.com.br\/index.php\/2024\/01\/23\/saiba-quem-pode-e-onde-retirar-absorventes-gratis-em-ribeirao-preto\/","url_meta":{"origin":33289,"position":3},"title":"Saiba quem pode e onde retirar absorventes gr\u00e1tis em Ribeir\u00e3o Preto","author":"noticiasribeiraopreto.com.br","date":"23 de January de 2024","format":false,"excerpt":"A distribui\u00e7\u00e3o de absorventes gratuitos para popula\u00e7\u00e3o de Ribeir\u00e3o Preto acontece em 83 farm\u00e1cias cadastradas (veja abaixo) no programa Farm\u00e1cia Popular, do Governo Federal. A a\u00e7\u00e3o do Minist\u00e9rio da Sa\u00fade teve in\u00edcio no \u00faltimo dia 17 em todo pa\u00eds. T\u00eam direito ao benef\u00edcio do Programa de Prote\u00e7\u00e3o e Promo\u00e7\u00e3o da\u2026","rel":"","context":"In &quot;Not\u00edcias de Ribeir\u00e3o Preto-SP e Regi\u00e3o&quot;","block_context":{"text":"Not\u00edcias de Ribeir\u00e3o Preto-SP e Regi\u00e3o","link":"https:\/\/noticiasribeiraopreto.com.br\/index.php\/category\/noticias-de-ribeirao-preto-sp-e-regiao-ismael-colosi\/"},"img":{"alt_text":"","src":"https:\/\/i0.wp.com\/noticiasribeiraopreto.com.br\/wp-content\/uploads\/2024\/01\/Copia-de-Copia-de-TAMANHO-EXATO-PARA-FOTOS-NO-SISTEMA-NOVO-2-3.jpg?fit=1200%2C675&ssl=1&resize=350%2C200","width":350,"height":200,"srcset":"https:\/\/i0.wp.com\/noticiasribeiraopreto.com.br\/wp-content\/uploads\/2024\/01\/Copia-de-Copia-de-TAMANHO-EXATO-PARA-FOTOS-NO-SISTEMA-NOVO-2-3.jpg?fit=1200%2C675&ssl=1&resize=350%2C200 1x, https:\/\/i0.wp.com\/noticiasribeiraopreto.com.br\/wp-content\/uploads\/2024\/01\/Copia-de-Copia-de-TAMANHO-EXATO-PARA-FOTOS-NO-SISTEMA-NOVO-2-3.jpg?fit=1200%2C675&ssl=1&resize=525%2C300 1.5x, https:\/\/i0.wp.com\/noticiasribeiraopreto.com.br\/wp-content\/uploads\/2024\/01\/Copia-de-Copia-de-TAMANHO-EXATO-PARA-FOTOS-NO-SISTEMA-NOVO-2-3.jpg?fit=1200%2C675&ssl=1&resize=700%2C400 2x, https:\/\/i0.wp.com\/noticiasribeiraopreto.com.br\/wp-content\/uploads\/2024\/01\/Copia-de-Copia-de-TAMANHO-EXATO-PARA-FOTOS-NO-SISTEMA-NOVO-2-3.jpg?fit=1200%2C675&ssl=1&resize=1050%2C600 3x"},"classes":[]},{"id":83154,"url":"https:\/\/noticiasribeiraopreto.com.br\/index.php\/2026\/03\/11\/encontro-em-ribeirao-preto-aborda-o-papel-do-parceiro-na-gestacao-veja-como-participar\/","url_meta":{"origin":33289,"position":4},"title":"Encontro em Ribeir\u00e3o Preto aborda o papel do parceiro na gesta\u00e7\u00e3o; Veja como participar","author":"noticiasribeiraopreto.com.br","date":"11 de March de 2026","format":false,"excerpt":"Ribeir\u00e3o Preto recebe um encontro que vai debater a participa\u00e7\u00e3o do pai no per\u00edodo de gesta\u00e7\u00e3o e p\u00f3s-parto de um filho. Com o tema \u201cEle tamb\u00e9m gesta: o papel do parceiro no nascimento\u201d, o evento ser\u00e1 realizado no pr\u00f3ximo s\u00e1bado (14), das 9h \u00e0s 12h, em uma cl\u00ednica de sa\u00fade\u2026","rel":"","context":"In &quot;Not\u00edcias de Ribeir\u00e3o Preto-SP e Regi\u00e3o&quot;","block_context":{"text":"Not\u00edcias de Ribeir\u00e3o Preto-SP e Regi\u00e3o","link":"https:\/\/noticiasribeiraopreto.com.br\/index.php\/category\/noticias-de-ribeirao-preto-sp-e-regiao-ismael-colosi\/"},"img":{"alt_text":"","src":"https:\/\/i0.wp.com\/noticiasribeiraopreto.com.br\/wp-content\/uploads\/2026\/03\/commanderclive-pregnant-971982_1280_2026-03-11_12-46-25.webp.webp?fit=1200%2C800&ssl=1&resize=350%2C200","width":350,"height":200,"srcset":"https:\/\/i0.wp.com\/noticiasribeiraopreto.com.br\/wp-content\/uploads\/2026\/03\/commanderclive-pregnant-971982_1280_2026-03-11_12-46-25.webp.webp?fit=1200%2C800&ssl=1&resize=350%2C200 1x, https:\/\/i0.wp.com\/noticiasribeiraopreto.com.br\/wp-content\/uploads\/2026\/03\/commanderclive-pregnant-971982_1280_2026-03-11_12-46-25.webp.webp?fit=1200%2C800&ssl=1&resize=525%2C300 1.5x, https:\/\/i0.wp.com\/noticiasribeiraopreto.com.br\/wp-content\/uploads\/2026\/03\/commanderclive-pregnant-971982_1280_2026-03-11_12-46-25.webp.webp?fit=1200%2C800&ssl=1&resize=700%2C400 2x, https:\/\/i0.wp.com\/noticiasribeiraopreto.com.br\/wp-content\/uploads\/2026\/03\/commanderclive-pregnant-971982_1280_2026-03-11_12-46-25.webp.webp?fit=1200%2C800&ssl=1&resize=1050%2C600 3x"},"classes":[]},{"id":67924,"url":"https:\/\/noticiasribeiraopreto.com.br\/index.php\/2025\/04\/20\/jornal-da-franca-conheca-esta-dica-de-limpeza-caseira-o-resultado-vai-te-deixar-de-queixo-caido\/","url_meta":{"origin":33289,"position":5},"title":"Jornal da Franca &#8211; Conhe\u00e7a esta dica de limpeza caseira: o resultado vai te deixar de queixo ca\u00eddo","author":"noticiasribeiraopreto.com.br","date":"20 de April de 2025","format":false,"excerpt":"compartilhar no whatsapp compartilhar no telegram compartilhar no facebook compartilhar no linkedin Conhe\u00e7a uma dica caseira de limpeza que \u00e9 infal\u00edvel, potente e seu banheiro e sua casa ficar\u00e3o perfumados por v\u00e1rios dias Aprenda a dica caseira de limpeza mais f\u00e1cil e econ\u00f4mica que voc\u00ea j\u00e1 viu. \u00c9 uma receitinha\u2026","rel":"","context":"In &quot;Not\u00edcias de Franca-SP&quot;","block_context":{"text":"Not\u00edcias de Franca-SP","link":"https:\/\/noticiasribeiraopreto.com.br\/index.php\/category\/noticias-de-ribeirao-preto-sp-e-regiao-ismael-colosi\/noticias-franca-sp\/"},"img":{"alt_text":"","src":"https:\/\/i0.wp.com\/noticiasribeiraopreto.com.br\/wp-content\/uploads\/2025\/04\/24739a09-9e43-4b3e-ad3d-b67af18b2b90.jpg?fit=1024%2C683&ssl=1&resize=350%2C200","width":350,"height":200,"srcset":"https:\/\/i0.wp.com\/noticiasribeiraopreto.com.br\/wp-content\/uploads\/2025\/04\/24739a09-9e43-4b3e-ad3d-b67af18b2b90.jpg?fit=1024%2C683&ssl=1&resize=350%2C200 1x, https:\/\/i0.wp.com\/noticiasribeiraopreto.com.br\/wp-content\/uploads\/2025\/04\/24739a09-9e43-4b3e-ad3d-b67af18b2b90.jpg?fit=1024%2C683&ssl=1&resize=525%2C300 1.5x, https:\/\/i0.wp.com\/noticiasribeiraopreto.com.br\/wp-content\/uploads\/2025\/04\/24739a09-9e43-4b3e-ad3d-b67af18b2b90.jpg?fit=1024%2C683&ssl=1&resize=700%2C400 2x"},"classes":[]}],"jetpack_sharing_enabled":true,"jetpack_shortlink":"https:\/\/wp.me\/peQAOb-8EV","_links":{"self":[{"href":"https:\/\/noticiasribeiraopreto.com.br\/index.php\/wp-json\/wp\/v2\/posts\/33289","targetHints":{"allow":["GET"]}}],"collection":[{"href":"https:\/\/noticiasribeiraopreto.com.br\/index.php\/wp-json\/wp\/v2\/posts"}],"about":[{"href":"https:\/\/noticiasribeiraopreto.com.br\/index.php\/wp-json\/wp\/v2\/types\/post"}],"author":[{"embeddable":true,"href":"https:\/\/noticiasribeiraopreto.com.br\/index.php\/wp-json\/wp\/v2\/users\/1"}],"replies":[{"embeddable":true,"href":"https:\/\/noticiasribeiraopreto.com.br\/index.php\/wp-json\/wp\/v2\/comments?post=33289"}],"version-history":[{"count":0,"href":"https:\/\/noticiasribeiraopreto.com.br\/index.php\/wp-json\/wp\/v2\/posts\/33289\/revisions"}],"wp:featuredmedia":[{"embeddable":true,"href":"https:\/\/noticiasribeiraopreto.com.br\/index.php\/wp-json\/wp\/v2\/media\/33290"}],"wp:attachment":[{"href":"https:\/\/noticiasribeiraopreto.com.br\/index.php\/wp-json\/wp\/v2\/media?parent=33289"}],"wp:term":[{"taxonomy":"category","embeddable":true,"href":"https:\/\/noticiasribeiraopreto.com.br\/index.php\/wp-json\/wp\/v2\/categories?post=33289"},{"taxonomy":"post_tag","embeddable":true,"href":"https:\/\/noticiasribeiraopreto.com.br\/index.php\/wp-json\/wp\/v2\/tags?post=33289"}],"curies":[{"name":"wp","href":"https:\/\/api.w.org\/{rel}","templated":true}]}}