{"id":33311,"date":"2024-01-29T08:04:56","date_gmt":"2024-01-29T11:04:56","guid":{"rendered":"https:\/\/noticiasribeiraopreto.com.br\/index.php\/2024\/01\/29\/denuncias-de-trabalho-escravo-aumentam-895-no-interior-de-sao-paulo\/"},"modified":"2024-01-29T08:04:56","modified_gmt":"2024-01-29T11:04:56","slug":"denuncias-de-trabalho-escravo-aumentam-895-no-interior-de-sao-paulo","status":"publish","type":"post","link":"https:\/\/noticiasribeiraopreto.com.br\/index.php\/2024\/01\/29\/denuncias-de-trabalho-escravo-aumentam-895-no-interior-de-sao-paulo\/","title":{"rendered":"Den\u00fancias de trabalho escravo aumentam 89,5% no interior de S\u00e3o Paulo"},"content":{"rendered":"<div class='code-block code-block-1' style='margin: 8px 0 8px auto; text-align: right; display: block; clear: both;'>\n<p><a href=\"https:\/\/wa.link\/vpicfd\"><img data-recalc-dims=\"1\" class=\"wp-image-4922\" style=\"aspect-ratio: 2.0253164556962027; width: 561px; height: auto;\" src=\"https:\/\/i0.wp.com\/ismaelcolosi.com.br\/wp-content\/uploads\/2023\/11\/grupo-de-empregos-whatsapp-e-facebook-ismael-colosi-vagas.jpg?ssl=1\" alt=\"\" \/><\/a><\/p>\n<!-- \/wp:image -->\n<\/div>\n<p> <br \/>\n<\/p>\n<div>\n<p>Neste domingo, 28 de janeiro, foi celebrado o Dia Nacional de Combate ao Trabalho Escravo, data institu\u00edda no Brasil para homenagear os auditores fiscais do trabalho mortos em 2004, na cidade de Una\u00ed (MG), durante uma fiscaliza\u00e7\u00e3o para averiguar den\u00fancias de trabalho escravo, no epis\u00f3dio conhecido como \u201cchacina de Una\u00ed\u201d.<\/p>\n<p>De l\u00e1 para c\u00e1, o combate \u00e0 pr\u00e1tica tem se intensificado. O Minist\u00e9rio P\u00fablico do Trabalho (MPT) na 15\u00aa Regi\u00e3o, cuja circunscri\u00e7\u00e3o abrange 599 munic\u00edpios do interior de S\u00e3o Paulo e litoral norte paulista, recebeu 326 den\u00fancias de trabalho an\u00e1logo \u00e0 escravid\u00e3o no ano de 2023, um crescimento de 89,5% em rela\u00e7\u00e3o ao ano anterior, quando o MPT recebeu 172 den\u00fancias.<\/p>\n<p>O n\u00famero de termos de ajuste de conduta (TAC) celebrados com empregadores que reduziram trabalhadores \u00e0 condi\u00e7\u00e3o an\u00e1loga \u00e0 escravid\u00e3o, ou que se utilizaram do tr\u00e1fico de pessoas, tamb\u00e9m cresceu na Regional da 15\u00aa Regi\u00e3o: em 2023 foram firmados 76 TACs e, em 2022, 53 TACs, um aumento de 43,3%. Em 2022 foram ajuizadas 9 a\u00e7\u00f5es civis p\u00fablicas contra pessoas ou empresas flagradas cometendo a pr\u00e1tica de trabalho escravo, e em 2023 foram ajuizadas, tamb\u00e9m, 9 a\u00e7\u00f5es civis p\u00fablicas com este objeto.<\/p>\n<p>Para o coordenador regional da Coordenadoria Nacional de Erradica\u00e7\u00e3o do Trabalho Escravo (CONAETE), Marcus Vin\u00edcius Gon\u00e7alves, os n\u00fameros demonstram o resultado do trabalho articulado das institui\u00e7\u00f5es que combatem a pr\u00e1tica. \u201cTemos observado que houve um agravamento da precariza\u00e7\u00e3o no ambiente de trabalho, por isso, acreditamos ser necess\u00e1rio intensificar o trabalho de conscientiza\u00e7\u00e3o da popula\u00e7\u00e3o acerca da import\u00e2ncia da den\u00fancia. O trabalho escravo ainda existe, inclusive nos grandes centros urbanos, e apenas por meio da den\u00fancia \u00e9 poss\u00edvel tirar os casos da obscuridade e traz\u00ea-los \u00e0 superf\u00edcie, onde \u00e9 poss\u00edvel levar justi\u00e7a \u00e0s v\u00edtimas e responsabilizar os culpados\u201d, esclarece o procurador.<\/p>\n<p>O n\u00famero de audi\u00eancias extrajudiciais conduzidas por procuradores do Minist\u00e9rio P\u00fablico do Trabalho em casos de trabalho escravo, no ano de 2023, foi de 104, enquanto em 2022 foram realizadas 76 audi\u00eancias.<\/p>\n<p><strong>N\u00fameros nacionais<\/strong> \u2013 Somente no ano passado o MPT recebeu, em todo o Brasil, 3.406 den\u00fancias sobre trabalho escravo, o que representa um aumento de 39% em rela\u00e7\u00e3o a 2022 (que registrou um total de 2.092 den\u00fancias). A Regional de Minas Gerais lidera o ranking, com 500 den\u00fancias, seguida pela Regional de Campinas, com 326 den\u00fancias, a Regional do Rio Grande do Sul (307) e aquela que abrange a regi\u00e3o da Grande S\u00e3o Paulo e baixada santista (300). No ano passado, tamb\u00e9m houve crescimento no n\u00famero de TACs e na quantidade de a\u00e7\u00f5es civis p\u00fablicas sobre o tema ajuizadas pela institui\u00e7\u00e3o.<\/p>\n<p>Durante o ano de 2022, os grupos m\u00f3veis de fiscaliza\u00e7\u00e3o de trabalho escravo resgataram 2.575 trabalhadores de condi\u00e7\u00f5es an\u00e1logas \u00e0 escravid\u00e3o durante 432 opera\u00e7\u00f5es realizadas em todo o Brasil. Em 2023 houve um aumento de 24%, com um total de 3.190 trabalhadores resgatados. Integram os grupos a Secretaria de Inspe\u00e7\u00e3o do Trabalho (SIT) do Minist\u00e9rio do Trabalho e Emprego, o MPT, o Minist\u00e9rio P\u00fablico Federal (MPF), a Defensoria P\u00fablica da Uni\u00e3o (DPU), a Pol\u00edcia Federal (PF) e a Pol\u00edcia Rodovi\u00e1ria Federal (PRF), entre outros \u00f3rg\u00e3os.<\/p>\n<p>Den\u00fancias em 2022 (por regi\u00e3o)<\/p>\n<p>Ara\u00e7atuba \u2013 8<br \/>Araraquara \u2013 4<br \/>Bauru \u2013 23<br \/>Campinas \u2013 53<br \/>Presidente Prudente \u2013 5<br \/>Ribeir\u00e3o Preto \u2013 25<br \/>S\u00e3o Jos\u00e9 do Rio Preto \u2013 4<br \/>S\u00e3o Jos\u00e9 dos Campos \u2013 22<br \/>Sorocaba \u2013 28<\/p>\n<p>Den\u00fancias em 2023 (por regi\u00e3o)<\/p>\n<p>Ara\u00e7atuba \u2013 7<br \/>Araraquara \u2013 5<br \/>Bauru \u2013 34<br \/>Campinas \u2013 87<br \/>Presidente Prudente \u2013 6<br \/>Ribeir\u00e3o Preto \u2013 46<br \/>S\u00e3o Jos\u00e9 do Rio Preto \u2013 63<br \/>S\u00e3o Jos\u00e9 dos Campos \u2013 40<br \/>Sorocaba \u2013 38<\/p>\n<\/div>\n<p><br \/>\n<br \/><a href=\"https:\/\/www.tribunaribeirao.com.br\/site\/denuncias-de-trabalho-escravo-aumentam-895-no-interior-de-sao-paulo\/\">Source link <\/a><\/p>\n<!-- CONTENT END 1 -->\n","protected":false},"excerpt":{"rendered":"<p>Neste domingo, 28 de janeiro, foi celebrado o Dia Nacional de Combate ao Trabalho Escravo, data institu\u00edda no Brasil para homenagear os auditores fiscais do&#8230;<\/p>\n","protected":false},"author":1,"featured_media":33312,"comment_status":"open","ping_status":"open","sticky":false,"template":"","format":"standard","meta":{"advanced_seo_description":"","jetpack_seo_html_title":"","jetpack_seo_noindex":false,"jetpack_post_was_ever_published":false,"_jetpack_newsletter_access":"","_jetpack_dont_email_post_to_subs":false,"_jetpack_newsletter_tier_id":0,"_jetpack_memberships_contains_paywalled_content":false,"_jetpack_memberships_contains_paid_content":false,"footnotes":"","jetpack_publicize_message":"","jetpack_publicize_feature_enabled":true,"jetpack_social_post_already_shared":true,"jetpack_social_options":{"image_generator_settings":{"template":"highway","default_image_id":0,"font":"","enabled":false},"version":2}},"categories":[11],"tags":[792,3946,3947,237,161,50,583],"class_list":["post-33311","post","type-post","status-publish","format-standard","has-post-thumbnail","hentry","category-noticias-de-ribeirao-preto-sp-e-regiao-ismael-colosi","tag-aumentam","tag-denuncias","tag-escravo","tag-interior","tag-paulo","tag-sao","tag-trabalho"],"jetpack_publicize_connections":[],"jetpack_featured_media_url":"https:\/\/i0.wp.com\/noticiasribeiraopreto.com.br\/wp-content\/uploads\/2024\/01\/escravo.jpg?fit=822%2C430&ssl=1","jetpack-related-posts":[{"id":73499,"url":"https:\/\/noticiasribeiraopreto.com.br\/index.php\/2025\/07\/03\/homem-resgatado-em-trabalho-escravo-bebia-agua-contaminada-com-veneno-diz-mpt\/","url_meta":{"origin":33311,"position":0},"title":"Homem resgatado em trabalho escravo bebia \u00e1gua contaminada com veneno, diz MPT","author":"noticiasribeiraopreto.com.br","date":"3 de July de 2025","format":false,"excerpt":"Um trabalhador rural foi resgatado de condi\u00e7\u00f5es an\u00e1logas \u00e0 escravid\u00e3o nesta quarta-feira (2), em Santo Ant\u00f4nio da Alegria, a 90 quil\u00f4metros de Ribeir\u00e3o Preto, na divisa com Minas Gerais. Segundo o Minist\u00e9rio P\u00fablico do Trabalho (MPT), o homem trabalhava havia 10 anos sem carteira assinada e residia em uma moradia\u2026","rel":"","context":"In &quot;Not\u00edcias de Ribeir\u00e3o Preto-SP e Regi\u00e3o&quot;","block_context":{"text":"Not\u00edcias de Ribeir\u00e3o Preto-SP e Regi\u00e3o","link":"https:\/\/noticiasribeiraopreto.com.br\/index.php\/category\/noticias-de-ribeirao-preto-sp-e-regiao-ismael-colosi\/"},"img":{"alt_text":"","src":"https:\/\/i0.wp.com\/noticiasribeiraopreto.com.br\/wp-content\/uploads\/2025\/07\/TRABALHO-ESCRAVO-S.A-24_2025-07-03_14-46-23.webp.webp?fit=1200%2C900&ssl=1&resize=350%2C200","width":350,"height":200,"srcset":"https:\/\/i0.wp.com\/noticiasribeiraopreto.com.br\/wp-content\/uploads\/2025\/07\/TRABALHO-ESCRAVO-S.A-24_2025-07-03_14-46-23.webp.webp?fit=1200%2C900&ssl=1&resize=350%2C200 1x, https:\/\/i0.wp.com\/noticiasribeiraopreto.com.br\/wp-content\/uploads\/2025\/07\/TRABALHO-ESCRAVO-S.A-24_2025-07-03_14-46-23.webp.webp?fit=1200%2C900&ssl=1&resize=525%2C300 1.5x, https:\/\/i0.wp.com\/noticiasribeiraopreto.com.br\/wp-content\/uploads\/2025\/07\/TRABALHO-ESCRAVO-S.A-24_2025-07-03_14-46-23.webp.webp?fit=1200%2C900&ssl=1&resize=700%2C400 2x, https:\/\/i0.wp.com\/noticiasribeiraopreto.com.br\/wp-content\/uploads\/2025\/07\/TRABALHO-ESCRAVO-S.A-24_2025-07-03_14-46-23.webp.webp?fit=1200%2C900&ssl=1&resize=1050%2C600 3x"},"classes":[]},{"id":73531,"url":"https:\/\/noticiasribeiraopreto.com.br\/index.php\/2025\/07\/04\/trabalhador-e-resgatado-na-regiao\/","url_meta":{"origin":33311,"position":1},"title":"Trabalhador \u00e9 resgatado na regi\u00e3o","author":"noticiasribeiraopreto.com.br","date":"4 de July de 2025","format":false,"excerpt":"4 de julho de 2025 08:303 de julho de 2025 22:169 Compartilhar0 Um trabalhador rural foi resgatado de condi\u00e7\u00f5es an\u00e1logas \u00e0 escravid\u00e3o no munic\u00edpio de Santo Ant\u00f4nio da Alegria, na Regi\u00e3o Metropolitana de Ribeir\u00e3o Preto, na quarta-feira, 2 de julho. Trabalhou por dez anos de maneira totalmente informal e residindo\u2026","rel":"","context":"In &quot;Not\u00edcias de Ribeir\u00e3o Preto-SP e Regi\u00e3o&quot;","block_context":{"text":"Not\u00edcias de Ribeir\u00e3o Preto-SP e Regi\u00e3o","link":"https:\/\/noticiasribeiraopreto.com.br\/index.php\/category\/noticias-de-ribeirao-preto-sp-e-regiao-ismael-colosi\/"},"img":{"alt_text":"","src":"https:\/\/i0.wp.com\/noticiasribeiraopreto.com.br\/wp-content\/uploads\/2025\/07\/Escravo-Divulgacao-MPT-02.jpg?fit=900%2C1200&ssl=1&resize=350%2C200","width":350,"height":200,"srcset":"https:\/\/i0.wp.com\/noticiasribeiraopreto.com.br\/wp-content\/uploads\/2025\/07\/Escravo-Divulgacao-MPT-02.jpg?fit=900%2C1200&ssl=1&resize=350%2C200 1x, https:\/\/i0.wp.com\/noticiasribeiraopreto.com.br\/wp-content\/uploads\/2025\/07\/Escravo-Divulgacao-MPT-02.jpg?fit=900%2C1200&ssl=1&resize=525%2C300 1.5x, https:\/\/i0.wp.com\/noticiasribeiraopreto.com.br\/wp-content\/uploads\/2025\/07\/Escravo-Divulgacao-MPT-02.jpg?fit=900%2C1200&ssl=1&resize=700%2C400 2x"},"classes":[]},{"id":83823,"url":"https:\/\/noticiasribeiraopreto.com.br\/index.php\/2026\/03\/26\/trabalhadores-sao-resgatados-em-batatais\/","url_meta":{"origin":33311,"position":2},"title":"Trabalhadores s\u00e3o resgatados em Batatais","author":"noticiasribeiraopreto.com.br","date":"26 de March de 2026","format":false,"excerpt":"\r \r \r 26 de mar\u00e7o de 2026 17:47 \r Compartilhar0 O Minist\u00e9rio P\u00fablico do Trabalho (MPT) realizou, entre os dias 16 e 19 de mar\u00e7o, uma opera\u00e7\u00e3o no munic\u00edpio de Batatais, na Regi\u00e3o Metropolitana de Ribeir\u00e3o Preto, que resultou no resgate de 22 trabalhadores submetidos a condi\u00e7\u00f5es an\u00e1logas \u00e0\u2026","rel":"","context":"In &quot;Not\u00edcias de Ribeir\u00e3o Preto-SP e Regi\u00e3o&quot;","block_context":{"text":"Not\u00edcias de Ribeir\u00e3o Preto-SP e Regi\u00e3o","link":"https:\/\/noticiasribeiraopreto.com.br\/index.php\/category\/noticias-de-ribeirao-preto-sp-e-regiao-ismael-colosi\/"},"img":{"alt_text":"","src":"https:\/\/i0.wp.com\/noticiasribeiraopreto.com.br\/wp-content\/uploads\/2026\/03\/WhatsApp-Image-2026-03-26-at-17.41.03-scaled.jpeg?fit=1040%2C780&ssl=1&resize=350%2C200","width":350,"height":200,"srcset":"https:\/\/i0.wp.com\/noticiasribeiraopreto.com.br\/wp-content\/uploads\/2026\/03\/WhatsApp-Image-2026-03-26-at-17.41.03-scaled.jpeg?fit=1040%2C780&ssl=1&resize=350%2C200 1x, https:\/\/i0.wp.com\/noticiasribeiraopreto.com.br\/wp-content\/uploads\/2026\/03\/WhatsApp-Image-2026-03-26-at-17.41.03-scaled.jpeg?fit=1040%2C780&ssl=1&resize=525%2C300 1.5x, https:\/\/i0.wp.com\/noticiasribeiraopreto.com.br\/wp-content\/uploads\/2026\/03\/WhatsApp-Image-2026-03-26-at-17.41.03-scaled.jpeg?fit=1040%2C780&ssl=1&resize=700%2C400 2x"},"classes":[]},{"id":78077,"url":"https:\/\/noticiasribeiraopreto.com.br\/index.php\/2025\/10\/01\/treze-colhedores-de-cafe-sao-resgatados-de-trabalho-escravo-em-santo-antonio-da-alegria\/","url_meta":{"origin":33311,"position":3},"title":"Treze colhedores de caf\u00e9 s\u00e3o resgatados de trabalho escravo em Santo Ant\u00f4nio da Alegria","author":"noticiasribeiraopreto.com.br","date":"1 de October de 2025","format":false,"excerpt":"1 de outubro de 2025 17:415 Compartilhar0 Opera\u00e7\u00e3o conjunta do MPT e MTE garantiu o pagamento de direitos trabalhistas e o retorno das v\u00edtimas para seu estado de origem Uma opera\u00e7\u00e3o realizada pelo Minist\u00e9rio P\u00fablico do Trabalho (MPT) e Minist\u00e9rio do Trabalho e Emprego (MTE) resultou no resgate de 13\u2026","rel":"","context":"In &quot;Not\u00edcias de Ribeir\u00e3o Preto-SP e Regi\u00e3o&quot;","block_context":{"text":"Not\u00edcias de Ribeir\u00e3o Preto-SP e Regi\u00e3o","link":"https:\/\/noticiasribeiraopreto.com.br\/index.php\/category\/noticias-de-ribeirao-preto-sp-e-regiao-ismael-colosi\/"},"img":{"alt_text":"","src":"https:\/\/i0.wp.com\/noticiasribeiraopreto.com.br\/wp-content\/uploads\/2025\/10\/cafe-2-.jpeg?fit=476%2C616&ssl=1&resize=350%2C200","width":350,"height":200},"classes":[]},{"id":71740,"url":"https:\/\/noticiasribeiraopreto.com.br\/index.php\/2025\/06\/09\/este-ano-ribeirao-ja-registrou-22-denuncias-de-trabalho-infantil\/","url_meta":{"origin":33311,"position":4},"title":"Este ano, Ribeir\u00e3o j\u00e1 registrou 22 den\u00fancias de Trabalho Infantil","author":"noticiasribeiraopreto.com.br","date":"9 de June de 2025","format":false,"excerpt":"9 de junho de 2025 18:234 Compartilhar0 Dados do Minist\u00e9rio P\u00fablico do Trabalho (MPT) na 15\u00aa Regi\u00e3o, divulgados nesta segunda-feira, 9 de junho, revelam que Ribeir\u00e3o Preto j\u00e1 registrou, este ano \u2013 janeiro a maio \u2013 22 den\u00fancias de trabalho infantil. As den\u00fancias, tamb\u00e9m conhecidas como \u201cnot\u00edcias de fato\u201d (NF),\u2026","rel":"","context":"In &quot;Not\u00edcias de Ribeir\u00e3o Preto-SP e Regi\u00e3o&quot;","block_context":{"text":"Not\u00edcias de Ribeir\u00e3o Preto-SP e Regi\u00e3o","link":"https:\/\/noticiasribeiraopreto.com.br\/index.php\/category\/noticias-de-ribeirao-preto-sp-e-regiao-ismael-colosi\/"},"img":{"alt_text":"","src":"https:\/\/i0.wp.com\/noticiasribeiraopreto.com.br\/wp-content\/uploads\/2025\/06\/trabalho-escravo-arquivo-scaled-1-scaled.jpg?fit=750%2C500&ssl=1&resize=350%2C200","width":350,"height":200,"srcset":"https:\/\/i0.wp.com\/noticiasribeiraopreto.com.br\/wp-content\/uploads\/2025\/06\/trabalho-escravo-arquivo-scaled-1-scaled.jpg?fit=750%2C500&ssl=1&resize=350%2C200 1x, https:\/\/i0.wp.com\/noticiasribeiraopreto.com.br\/wp-content\/uploads\/2025\/06\/trabalho-escravo-arquivo-scaled-1-scaled.jpg?fit=750%2C500&ssl=1&resize=525%2C300 1.5x, https:\/\/i0.wp.com\/noticiasribeiraopreto.com.br\/wp-content\/uploads\/2025\/06\/trabalho-escravo-arquivo-scaled-1-scaled.jpg?fit=750%2C500&ssl=1&resize=700%2C400 2x"},"classes":[]},{"id":75719,"url":"https:\/\/noticiasribeiraopreto.com.br\/index.php\/2025\/08\/14\/trabalhadores-escravizados-sao-resgatados-de-obra-da-prefeitura-de-franca\/","url_meta":{"origin":33311,"position":5},"title":"Trabalhadores escravizados s\u00e3o resgatados de obra da Prefeitura de Franca","author":"noticiasribeiraopreto.com.br","date":"14 de August de 2025","format":false,"excerpt":"Servi\u00e7o era executado por funcion\u00e1rios de empresa contratada pela prefeitura, que rescindiu contrato da obra 14 de agosto de 2025 11:041 Compartilhar1 Por: Adalberto Luque O Minist\u00e9rio P\u00fablico do Trabalho (MPT) e o Minist\u00e9rio do Trabalho e Emprego (MTE) realizaram, na sexta-feira (8), uma opera\u00e7\u00e3o conjunta para resgatar oito trabalhadores\u2026","rel":"","context":"In &quot;Not\u00edcias de Ribeir\u00e3o Preto-SP e Regi\u00e3o&quot;","block_context":{"text":"Not\u00edcias de Ribeir\u00e3o Preto-SP e Regi\u00e3o","link":"https:\/\/noticiasribeiraopreto.com.br\/index.php\/category\/noticias-de-ribeirao-preto-sp-e-regiao-ismael-colosi\/"},"img":{"alt_text":"","src":"https:\/\/i0.wp.com\/noticiasribeiraopreto.com.br\/wp-content\/uploads\/2025\/08\/14-ago-2025-trabalhadoresescravos1.jpg?fit=1200%2C554&ssl=1&resize=350%2C200","width":350,"height":200,"srcset":"https:\/\/i0.wp.com\/noticiasribeiraopreto.com.br\/wp-content\/uploads\/2025\/08\/14-ago-2025-trabalhadoresescravos1.jpg?fit=1200%2C554&ssl=1&resize=350%2C200 1x, https:\/\/i0.wp.com\/noticiasribeiraopreto.com.br\/wp-content\/uploads\/2025\/08\/14-ago-2025-trabalhadoresescravos1.jpg?fit=1200%2C554&ssl=1&resize=525%2C300 1.5x, https:\/\/i0.wp.com\/noticiasribeiraopreto.com.br\/wp-content\/uploads\/2025\/08\/14-ago-2025-trabalhadoresescravos1.jpg?fit=1200%2C554&ssl=1&resize=700%2C400 2x, https:\/\/i0.wp.com\/noticiasribeiraopreto.com.br\/wp-content\/uploads\/2025\/08\/14-ago-2025-trabalhadoresescravos1.jpg?fit=1200%2C554&ssl=1&resize=1050%2C600 3x"},"classes":[]}],"jetpack_sharing_enabled":true,"jetpack_shortlink":"https:\/\/wp.me\/peQAOb-8Fh","_links":{"self":[{"href":"https:\/\/noticiasribeiraopreto.com.br\/index.php\/wp-json\/wp\/v2\/posts\/33311","targetHints":{"allow":["GET"]}}],"collection":[{"href":"https:\/\/noticiasribeiraopreto.com.br\/index.php\/wp-json\/wp\/v2\/posts"}],"about":[{"href":"https:\/\/noticiasribeiraopreto.com.br\/index.php\/wp-json\/wp\/v2\/types\/post"}],"author":[{"embeddable":true,"href":"https:\/\/noticiasribeiraopreto.com.br\/index.php\/wp-json\/wp\/v2\/users\/1"}],"replies":[{"embeddable":true,"href":"https:\/\/noticiasribeiraopreto.com.br\/index.php\/wp-json\/wp\/v2\/comments?post=33311"}],"version-history":[{"count":0,"href":"https:\/\/noticiasribeiraopreto.com.br\/index.php\/wp-json\/wp\/v2\/posts\/33311\/revisions"}],"wp:featuredmedia":[{"embeddable":true,"href":"https:\/\/noticiasribeiraopreto.com.br\/index.php\/wp-json\/wp\/v2\/media\/33312"}],"wp:attachment":[{"href":"https:\/\/noticiasribeiraopreto.com.br\/index.php\/wp-json\/wp\/v2\/media?parent=33311"}],"wp:term":[{"taxonomy":"category","embeddable":true,"href":"https:\/\/noticiasribeiraopreto.com.br\/index.php\/wp-json\/wp\/v2\/categories?post=33311"},{"taxonomy":"post_tag","embeddable":true,"href":"https:\/\/noticiasribeiraopreto.com.br\/index.php\/wp-json\/wp\/v2\/tags?post=33311"}],"curies":[{"name":"wp","href":"https:\/\/api.w.org\/{rel}","templated":true}]}}