{"id":33440,"date":"2024-01-29T16:12:06","date_gmt":"2024-01-29T19:12:06","guid":{"rendered":"https:\/\/noticiasribeiraopreto.com.br\/index.php\/2024\/01\/29\/conta-de-luz-mais-cara-pode-gerar-cashback-na-conta-entenda\/"},"modified":"2024-01-29T16:12:06","modified_gmt":"2024-01-29T19:12:06","slug":"conta-de-luz-mais-cara-pode-gerar-cashback-na-conta-entenda","status":"publish","type":"post","link":"https:\/\/noticiasribeiraopreto.com.br\/index.php\/2024\/01\/29\/conta-de-luz-mais-cara-pode-gerar-cashback-na-conta-entenda\/","title":{"rendered":"Conta de luz mais cara pode gerar \u2018cashback\u2019 na conta; entenda"},"content":{"rendered":"<div class='code-block code-block-1' style='margin: 8px 0 8px auto; text-align: right; display: block; clear: both;'>\n<p><a href=\"https:\/\/wa.link\/vpicfd\"><img data-recalc-dims=\"1\" class=\"wp-image-4922\" style=\"aspect-ratio: 2.0253164556962027; width: 561px; height: auto;\" src=\"https:\/\/i0.wp.com\/ismaelcolosi.com.br\/wp-content\/uploads\/2023\/11\/grupo-de-empregos-whatsapp-e-facebook-ismael-colosi-vagas.jpg?ssl=1\" alt=\"\" \/><\/a><\/p>\n<!-- \/wp:image -->\n<\/div>\n<p> <br \/>\n<\/p>\n<div id=\"js-first-letter\">\n<p>Voc\u00ea provavelmente vai pagar uma <strong>conta de luz mais cara<\/strong> este ano \u2013 e inclusive acima do aumento projetado para a <strong>infla\u00e7\u00e3o<\/strong>. Acontece que a Aneel, a Ag\u00eancia Nacional de Energia El\u00e9trica, anunciou na \u00faltima semana que a tarifa de<strong> energia el\u00e9trica <\/strong>deve<strong> subir 5,6% em 2024<\/strong>, em m\u00e9dia, conforme estimativas do pr\u00f3prio \u00f3rg\u00e3o.\u00a0<\/p>\n<p>O aumento est\u00e1 acima dos 3,86% de varia\u00e7\u00e3o estimados para o <strong>IPCA <\/strong>no mesmo per\u00edodo, segundo o \u00faltimo relat\u00f3rio Focus do Banco Central.<\/p>\n<p>\u00c9 comum que, todo ano, a Aneel ajuste as tarifas que s\u00e3o cobradas pelas distribuidoras de energia. Em 2023, por exemplo, foi estimado um reajuste de 6,8% nas tarifas de luz, mas a alta registrada foi de 5,9%, abaixo do esperado.<\/p>\n<p>Alguns fatores s\u00e3o considerados pela ag\u00eancia na hora de estabelecer esse reajuste na tarifa. Al\u00e9m da pr\u00f3pria infla\u00e7\u00e3o, h\u00e1 tamb\u00e9m o custo da gera\u00e7\u00e3o, da transmiss\u00e3o e da distribui\u00e7\u00e3o de energia, aumento da rede de energia do pa\u00eds, al\u00e9m de tributos do setor. Quem explicou isso foi Sandoval Feitosa, diretor-geral da Aneel.<\/p>\n<p>\u00c9 claro que ningu\u00e9m gosta de saber que vai pagar mais caro por algo t\u00e3o essencial como a energia el\u00e9trica. Mas existe uma forma de<strong> diminuir o impacto desse aumento no seu bolso<\/strong> \u2013 como se voc\u00ea pudesse receber uma esp\u00e9cie de <strong>\u201ccashback\u201d <\/strong>de, ao menos, uma parte do dinheiro gasto com as contas de luz. Explico melhor na sequ\u00eancia.<\/p>\n<p>Existem algumas <strong>empresas brasileiras <\/strong>que tendem a ser beneficiadas por esse aumento nas contas de luz em 2024. E, como voc\u00ea pode imaginar, estou falando sobre as companhias que atuam no pr\u00f3prio<strong> setor de energia <\/strong>\u2013 e que tendem a aumentar seu faturamento quando a gente paga um pouco a mais pela luz de casa.\u00a0<\/p>\n<p>Esse beneficiamento surge depois de um grande per\u00edodo de baixa para essas empresas. Isso porque, nos \u00faltimos anos, houve um <strong>desequil\u00edbrio<\/strong>:<\/p>\n<ul>\n<li>Por um lado, incentivos exagerados para a constru\u00e7\u00e3o de empreendimentos solares e e\u00f3licos, al\u00e9m de chuvas muito acima da m\u00e9dia nos dois \u00faltimos anos, que fizeram a oferta de energia disparar;<\/li>\n<\/ul>\n<ul>\n<li>Por outro, uma demanda que permaneceu bastante t\u00edmida, afetada pela atividade econ\u00f4mica fraca e os juros elevados.\u00a0<\/li>\n<\/ul>\n<p>N\u00e3o \u00e9 \u00e0 toa que as <strong>a\u00e7\u00f5es das companhias de energia tamb\u00e9m tiveram um mau desempenho<\/strong> na Bolsa no per\u00edodo.\u00a0<\/p>\n<p>No entanto, esse desequil\u00edbrio parece <strong>pr\u00f3ximo de terminar.<\/strong> Quem diz isso \u00e9 o analista de a\u00e7\u00f5es Ruy Hungria, da Empiricus Research.<\/p>\n<p>Ruy \u00e9 especialista em garimpar a\u00e7\u00f5es da Bolsa que s\u00e3o potenciais<strong> \u201cvacas leiteiras\u201d<\/strong>, ou seja, que podem fazer bons pagamentos a seus acionistas nos meses ou anos seguintes.<\/p>\n<p>\u00c9 por isso que ele acompanha de perto pap\u00e9is do setor el\u00e9trico: empresas desse tipo n\u00e3o costumam sofrer grandes oscila\u00e7\u00f5es em seus resultados e possuem <strong>contratos de longo prazo <\/strong>que exploram um servi\u00e7o essencial.<\/p>\n<p>E \u00e9 <strong><a href=\"https:\/\/lp1.empiricus.com.br\/5-acoes-para-dividendos-divi01-a\/?xpromo=XE-MEL-SD-DIVI01-AUDSD-20240129-PUBED-X-LBRDBM062\" target=\"_blank\" rel=\"noreferrer noopener\">investindo em a\u00e7\u00f5es como essas<\/a><\/strong>, com potencial de fazer bons pagamentos a seus acionistas, que voc\u00ea pode <strong>receber o seu \u201ccashback\u201d \u2013 ou seja, receber em forma de dividendos na sua conta<\/strong> uma parte do valor que ser\u00e1 gasto a mais com a conta de luz.<\/p>\n<p>Mas \u00e9 claro: sempre com a consci\u00eancia dos riscos que est\u00e3o envolvidos na compra de a\u00e7\u00f5es da Bolsa \u2013 assim como em qualquer outro tipo de investimento.\u00a0<\/p>\n<h3 class=\"wp-block-heading\" id=\"h-mas-por-que-as-acoes-de-energia-podem-se-recuperar-agora\">Mas por que as a\u00e7\u00f5es de energia podem se recuperar agora?<\/h3>\n<p>O analista explica que os pre\u00e7os das a\u00e7\u00f5es do setor come\u00e7aram a se recuperar recentemente. Tivemos duas grandes<strong> ondas de calor<\/strong> que provocaram aumento nos pre\u00e7os e nos despachos termel\u00e9tricos, por conta dos picos de demanda.<\/p>\n<p>Al\u00e9m disso, depois de dois anos de chuvas abundantes, os \u00faltimos meses t\u00eam apresentado <strong>precipita\u00e7\u00f5es abaixo da m\u00e9dia<\/strong>, com os reservat\u00f3rios voltando para n\u00edveis mais baixos do que ano passado nesta mesma \u00e9poca.<\/p>\n<p><em>\u201cApesar de o <\/em><strong><em>El Ni\u00f1o<\/em><\/strong><em> aumentar as chuvas no Sul, os maiores reservat\u00f3rios do pa\u00eds est\u00e3o justamente nas outras regi\u00f5es do pa\u00eds, onde as chuvas diminu\u00edram por conta do fen\u00f4meno\u201d, justifica o analista.<\/em><\/p>\n<p>\u00c9 por isso que se as condi\u00e7\u00f5es continuarem se normalizando, e a demanda se recuperar, podemos ver as <strong>tarifas de energia <\/strong>voltando para patamares mais parecidos com os n\u00edveis hist\u00f3ricos. E isso pode beneficiar \u2013 e muito \u2013 <strong>as a\u00e7\u00f5es do setor.\u00a0<\/strong><\/p>\n<p>Na vis\u00e3o do analista, <strong>Eneva (ENEV3) <\/strong>e <strong>Eletrobras (ELET6<\/strong>) devem ser as maiores beneficiadas desse poss\u00edvel reequil\u00edbrio de oferta e demanda. \u201cOs dois pap\u00e9is negociam a m\u00faltiplos que ainda espelham um cen\u00e1rio de pre\u00e7os de energia e despachos muito baixos\u201d, diz Ruy.\u00a0<\/p>\n<p>Mas cuidado: para alcan\u00e7ar o maior potencial de lucro com sua carteira de dividendos, n\u00e3o \u00e9 recomendado manter investimentos em a\u00e7\u00f5es de <strong>apenas um setor<\/strong>, como o el\u00e9trico.\u00a0<\/p>\n<p>\u00c9 por isso que, atualmente, o analista recomenda investir tamb\u00e9m em <strong><a href=\"https:\/\/lp1.empiricus.com.br\/5-acoes-para-dividendos-divi01-a\/?xpromo=XE-MEL-SD-DIVI01-AUDSD-20240129-PUBED-X-LBRDBM062\" target=\"_blank\" rel=\"noreferrer noopener\">outras 5 a\u00e7\u00f5es brasileiras<\/a><\/strong> que podem fazer pagamentos ainda melhores dentro dos pr\u00f3ximos meses.<\/p>\n<h2 class=\"wp-block-heading\" id=\"h-conheca-a-carteira-ideal-para-dividendos\">Conhe\u00e7a a carteira ideal para dividendos<\/h2>\n<p>O analista Ruy Hungria est\u00e1 \u00e0 frente da <strong><a href=\"https:\/\/lp1.empiricus.com.br\/5-acoes-para-dividendos-divi01-a\/?xpromo=XE-MEL-SD-DIVI01-AUDSD-20240129-PUBED-X-LBRDBM062\" target=\"_blank\" rel=\"noreferrer noopener\">carteira de dividendos da Empiricus Research<\/a><\/strong>, que \u00e9 atualizada mensalmente para conter sempre as <strong>5 a\u00e7\u00f5es mais promissoras<\/strong> para o investidor brasileiro.\u00a0<\/p>\n<p>Atualmente, a carteira cont\u00e9m recomenda\u00e7\u00e3o para investimento em <strong>Caixa Seguridade (CXSE3)<\/strong>. Para Ruy, ela tende a ter resultados cada vez mais est\u00e1veis, na medida em que amadurece seu neg\u00f3cio, e pode se tornar um verdadeiro <strong>\u201creloginho\u201d de dividendos<\/strong> em breve.<\/p>\n<p>Mas, al\u00e9m dessa a\u00e7\u00e3o, a carteira tamb\u00e9m cont\u00e9m recomenda\u00e7\u00e3o para:<\/p>\n<ul>\n<li>Uma <strong>sider\u00fargica <\/strong>que mant\u00e9m boa efici\u00eancia, margens resilientes e baixo endividamento mesmo em momento dif\u00edcil do setor, e com dividend yield estimado pr\u00f3ximo a 10%;<\/li>\n<\/ul>\n<ul>\n<li>Uma <strong>empresa de telecomunica\u00e7\u00f5es <\/strong>com avenidas importantes de expans\u00e3o e que, ap\u00f3s uma redu\u00e7\u00e3o de capital aprovada pela Anatel, pode distribuir dividendos de at\u00e9 10,5% aos acionistas;<\/li>\n<\/ul>\n<ul>\n<li>Um <strong>\u201cbanc\u00e3o\u201d<\/strong> mais resiliente aos diferentes cen\u00e1rios econ\u00f4micos que seus rivais, que negocia com bom desconto para sua s\u00e9rie hist\u00f3rica e que distribui proventos mensalmente;<\/li>\n<\/ul>\n<ul>\n<li>E uma <strong>empresa do mercado financeiro<\/strong> que deve se beneficiar profundamente da queda da Selic, al\u00e9m de estar negociando bem abaixo da m\u00e9dia dos \u00faltimos 5 anos.<\/li>\n<\/ul>\n<p>Para conhecer todas as recomenda\u00e7\u00f5es do analista, <strong>voc\u00ea n\u00e3o precisa desembolsar nem um real<\/strong> nem abrir conta em alguma corretora. <strong><a href=\"https:\/\/lp1.empiricus.com.br\/5-acoes-para-dividendos-divi01-a\/?xpromo=XE-MEL-SD-DIVI01-AUDSD-20240129-PUBED-X-LBRDBM062\" target=\"_blank\" rel=\"noreferrer noopener\">Basta clicar aqui<\/a><\/strong> ou no bot\u00e3o abaixo, informar o seu e-mail e, em poucos minutos, o relat\u00f3rio completo estar\u00e1 dispon\u00edvel no seu e-mail.\u00a0<\/p>\n<p>Assim, voc\u00ea pode conferir a tese de investimento por tr\u00e1s das 5 a\u00e7\u00f5es e, s\u00f3 depois, decidir <strong>em quais delas realmente vale colocar o seu dinheiro.<\/strong> Acesse gratuitamente:<\/p>\n<\/div>\n<p><br \/>\n<br \/><a href=\"https:\/\/www.seudinheiro.com\/2024\/patrocinado\/empiricus\/conta-de-luz-mais-cara-pode-gerar-cashback-na-sua-conta-entenda-lbrdbm062\/\">Source link <\/a><\/p>\n<!-- CONTENT END 1 -->\n","protected":false},"excerpt":{"rendered":"<p>Voc\u00ea provavelmente vai pagar uma conta de luz mais cara este ano \u2013 e inclusive acima do aumento projetado para a infla\u00e7\u00e3o. Acontece que a&#8230;<\/p>\n","protected":false},"author":1,"featured_media":33441,"comment_status":"open","ping_status":"open","sticky":false,"template":"","format":"standard","meta":{"advanced_seo_description":"","jetpack_seo_html_title":"","jetpack_seo_noindex":false,"jetpack_post_was_ever_published":false,"_jetpack_newsletter_access":"","_jetpack_dont_email_post_to_subs":false,"_jetpack_newsletter_tier_id":0,"_jetpack_memberships_contains_paywalled_content":false,"_jetpack_memberships_contains_paid_content":false,"footnotes":"","jetpack_publicize_message":"","jetpack_publicize_feature_enabled":true,"jetpack_social_post_already_shared":true,"jetpack_social_options":{"image_generator_settings":{"template":"highway","default_image_id":0,"font":"","enabled":false},"version":2}},"categories":[1235],"tags":[],"class_list":["post-33440","post","type-post","status-publish","format-standard","has-post-thumbnail","hentry","category-dinheiro-e-investimento-como-fazer-como-ganhar"],"jetpack_publicize_connections":[],"jetpack_featured_media_url":"https:\/\/i0.wp.com\/noticiasribeiraopreto.com.br\/wp-content\/uploads\/2024\/01\/sd-conta-de-luz-mais-cara-energia-eletrica-715x402.jpg?fit=715%2C402&ssl=1","jetpack-related-posts":[{"id":45127,"url":"https:\/\/noticiasribeiraopreto.com.br\/index.php\/2024\/04\/02\/tarifa-residencial-de-energia-sobe-179-dia-8\/","url_meta":{"origin":33440,"position":0},"title":"Tarifa residencial de energia sobe 1,79% dia 8","author":"noticiasribeiraopreto.com.br","date":"2 de April de 2024","format":false,"excerpt":"Nesta semana, a Ag\u00eancia Nacional de Energia El\u00e9trica (Aneel) definiu o reajuste da conta de luz na \u00e1rea de atua\u00e7\u00e3o da Companhia Paulista de For\u00e7a e Luz (CPFL Paulista), que atende cerca de 330.000 consumidores em Ribeir\u00e3o Preto e mais 4,5 milh\u00f5es de clientes espalhados por outras 233 cidades do\u2026","rel":"","context":"In &quot;Not\u00edcias de Ribeir\u00e3o Preto-SP e Regi\u00e3o&quot;","block_context":{"text":"Not\u00edcias de Ribeir\u00e3o Preto-SP e Regi\u00e3o","link":"https:\/\/noticiasribeiraopreto.com.br\/index.php\/category\/noticias-de-ribeirao-preto-sp-e-regiao-ismael-colosi\/"},"img":{"alt_text":"","src":"https:\/\/i0.wp.com\/noticiasribeiraopreto.com.br\/wp-content\/uploads\/2024\/04\/e8b90f6e-f2f2-45fb-81bb-41634ccb8fd9.jpg?fit=750%2C500&ssl=1&resize=350%2C200","width":350,"height":200,"srcset":"https:\/\/i0.wp.com\/noticiasribeiraopreto.com.br\/wp-content\/uploads\/2024\/04\/e8b90f6e-f2f2-45fb-81bb-41634ccb8fd9.jpg?fit=750%2C500&ssl=1&resize=350%2C200 1x, https:\/\/i0.wp.com\/noticiasribeiraopreto.com.br\/wp-content\/uploads\/2024\/04\/e8b90f6e-f2f2-45fb-81bb-41634ccb8fd9.jpg?fit=750%2C500&ssl=1&resize=525%2C300 1.5x, https:\/\/i0.wp.com\/noticiasribeiraopreto.com.br\/wp-content\/uploads\/2024\/04\/e8b90f6e-f2f2-45fb-81bb-41634ccb8fd9.jpg?fit=750%2C500&ssl=1&resize=700%2C400 2x"},"classes":[]},{"id":31941,"url":"https:\/\/noticiasribeiraopreto.com.br\/index.php\/2024\/01\/23\/aneel-diz-que-conta-de-luz-deve-subir-56-em-2024-entenda\/","url_meta":{"origin":33440,"position":1},"title":"Aneel diz que conta de luz deve subir 5,6% em 2024; Entenda","author":"noticiasribeiraopreto.com.br","date":"23 de January de 2024","format":false,"excerpt":"A Ag\u00eancia Nacional de Energia El\u00e9trica (Aneel) informou, que a conta de luz deve subir, em m\u00e9dia, 5,6% em 2024. A proje\u00e7\u00e3o est\u00e1 acima do IPCA (principal \u00edndice brasileiro de infla\u00e7\u00e3o) projetado pelo mercado para o per\u00edodo, de 3,86%, de acordo com o relat\u00f3rio Focus, divulgado pelo Banco Central. Por\u2026","rel":"","context":"In &quot;Not\u00edcias de Ribeir\u00e3o Preto-SP e Regi\u00e3o&quot;","block_context":{"text":"Not\u00edcias de Ribeir\u00e3o Preto-SP e Regi\u00e3o","link":"https:\/\/noticiasribeiraopreto.com.br\/index.php\/category\/noticias-de-ribeirao-preto-sp-e-regiao-ismael-colosi\/"},"img":{"alt_text":"","src":"https:\/\/i0.wp.com\/noticiasribeiraopreto.com.br\/wp-content\/uploads\/2024\/01\/falta_de_1024x576_29052021093524.jpg?fit=1024%2C576&ssl=1&resize=350%2C200","width":350,"height":200,"srcset":"https:\/\/i0.wp.com\/noticiasribeiraopreto.com.br\/wp-content\/uploads\/2024\/01\/falta_de_1024x576_29052021093524.jpg?fit=1024%2C576&ssl=1&resize=350%2C200 1x, https:\/\/i0.wp.com\/noticiasribeiraopreto.com.br\/wp-content\/uploads\/2024\/01\/falta_de_1024x576_29052021093524.jpg?fit=1024%2C576&ssl=1&resize=525%2C300 1.5x, https:\/\/i0.wp.com\/noticiasribeiraopreto.com.br\/wp-content\/uploads\/2024\/01\/falta_de_1024x576_29052021093524.jpg?fit=1024%2C576&ssl=1&resize=700%2C400 2x"},"classes":[]},{"id":84358,"url":"https:\/\/noticiasribeiraopreto.com.br\/index.php\/2026\/04\/08\/aneel-suspende-reajuste-da-energia\/","url_meta":{"origin":33440,"position":2},"title":"Aneel suspende reajuste da energia","author":"noticiasribeiraopreto.com.br","date":"8 de April de 2026","format":false,"excerpt":"Processo de reajuste anual da CPFL Paulista foi retirado da pauta da Aneel; n\u00e3o h\u00e1 previs\u00e3o para an\u00fancio de percentual A Ag\u00eancia Nacional de Energia El\u00e9trica (Aneel) suspendeu o processo de reajuste tarif\u00e1rio anual da Companhia Paulista de For\u00e7a e Luz (CPFL Paulista), que atende cerca de 345.000 consumidores em\u2026","rel":"","context":"In &quot;Not\u00edcias de Ribeir\u00e3o Preto-SP e Regi\u00e3o&quot;","block_context":{"text":"Not\u00edcias de Ribeir\u00e3o Preto-SP e Regi\u00e3o","link":"https:\/\/noticiasribeiraopreto.com.br\/index.php\/category\/noticias-de-ribeirao-preto-sp-e-regiao-ismael-colosi\/"},"img":{"alt_text":"","src":"https:\/\/i0.wp.com\/noticiasribeiraopreto.com.br\/wp-content\/uploads\/2026\/04\/ContaLUZ-Pixabay-scaled.jpg?fit=1200%2C713&ssl=1&resize=350%2C200","width":350,"height":200,"srcset":"https:\/\/i0.wp.com\/noticiasribeiraopreto.com.br\/wp-content\/uploads\/2026\/04\/ContaLUZ-Pixabay-scaled.jpg?fit=1200%2C713&ssl=1&resize=350%2C200 1x, https:\/\/i0.wp.com\/noticiasribeiraopreto.com.br\/wp-content\/uploads\/2026\/04\/ContaLUZ-Pixabay-scaled.jpg?fit=1200%2C713&ssl=1&resize=525%2C300 1.5x, https:\/\/i0.wp.com\/noticiasribeiraopreto.com.br\/wp-content\/uploads\/2026\/04\/ContaLUZ-Pixabay-scaled.jpg?fit=1200%2C713&ssl=1&resize=700%2C400 2x, https:\/\/i0.wp.com\/noticiasribeiraopreto.com.br\/wp-content\/uploads\/2026\/04\/ContaLUZ-Pixabay-scaled.jpg?fit=1200%2C713&ssl=1&resize=1050%2C600 3x"},"classes":[]},{"id":68817,"url":"https:\/\/noticiasribeiraopreto.com.br\/index.php\/2025\/04\/29\/aneel-reduz-tarifas-da-cpfl-paulista\/","url_meta":{"origin":33440,"position":3},"title":"Aneel reduz tarifas da CPFL Paulista","author":"noticiasribeiraopreto.com.br","date":"29 de April de 2025","format":false,"excerpt":"Depois de suspender por 20 dias o processo de reajuste tarif\u00e1rio anual da Companhia Paulista de For\u00e7a e Luz (CPFL Paulista), a Ag\u00eancia Nacional de Energia El\u00e9trica (Aneel) anunciou redu\u00e7\u00e3o m\u00e9dia de 3,66% na conta de luz de 340.000 consumidores em Ribeir\u00e3o Preto \u2013 s\u00e3o cerca de 5,02 milh\u00f5es de\u2026","rel":"","context":"In &quot;Not\u00edcias de Ribeir\u00e3o Preto-SP e Regi\u00e3o&quot;","block_context":{"text":"Not\u00edcias de Ribeir\u00e3o Preto-SP e Regi\u00e3o","link":"https:\/\/noticiasribeiraopreto.com.br\/index.php\/category\/noticias-de-ribeirao-preto-sp-e-regiao-ismael-colosi\/"},"img":{"alt_text":"","src":"https:\/\/i0.wp.com\/noticiasribeiraopreto.com.br\/wp-content\/uploads\/2025\/04\/ContaLuz-Marcelo-Camargo-Ag.Br_-scaled.jpg?fit=750%2C500&ssl=1&resize=350%2C200","width":350,"height":200,"srcset":"https:\/\/i0.wp.com\/noticiasribeiraopreto.com.br\/wp-content\/uploads\/2025\/04\/ContaLuz-Marcelo-Camargo-Ag.Br_-scaled.jpg?fit=750%2C500&ssl=1&resize=350%2C200 1x, https:\/\/i0.wp.com\/noticiasribeiraopreto.com.br\/wp-content\/uploads\/2025\/04\/ContaLuz-Marcelo-Camargo-Ag.Br_-scaled.jpg?fit=750%2C500&ssl=1&resize=525%2C300 1.5x, https:\/\/i0.wp.com\/noticiasribeiraopreto.com.br\/wp-content\/uploads\/2025\/04\/ContaLuz-Marcelo-Camargo-Ag.Br_-scaled.jpg?fit=750%2C500&ssl=1&resize=700%2C400 2x"},"classes":[]},{"id":45343,"url":"https:\/\/noticiasribeiraopreto.com.br\/index.php\/2024\/04\/03\/conta-de-energia-vai-ficar-mais-cara-em-ribeirao-preto-entenda\/","url_meta":{"origin":33440,"position":4},"title":"Conta de energia vai ficar mais cara em Ribeir\u00e3o Preto; Entenda","author":"noticiasribeiraopreto.com.br","date":"3 de April de 2024","format":false,"excerpt":"A Aneel (Ag\u00eancia Nacional de Energia El\u00e9trica) aprovou, nessa ter\u00e7a-feira (2), o reajuste tarif\u00e1rio da CPFL Paulista (Companhia Paulista de For\u00e7a e Luz), concession\u00e1ria de energia em Ribeir\u00e3o Preto. De acordo com a ag\u00eancia, as novas tarifas t\u00eam vig\u00eancia a partir de segunda-feira (8) e foi aprovado em uma reuni\u00e3o\u2026","rel":"","context":"In &quot;Not\u00edcias de Ribeir\u00e3o Preto-SP e Regi\u00e3o&quot;","block_context":{"text":"Not\u00edcias de Ribeir\u00e3o Preto-SP e Regi\u00e3o","link":"https:\/\/noticiasribeiraopreto.com.br\/index.php\/category\/noticias-de-ribeirao-preto-sp-e-regiao-ismael-colosi\/"},"img":{"alt_text":"","src":"https:\/\/i0.wp.com\/noticiasribeiraopreto.com.br\/wp-content\/uploads\/2024\/04\/aneel_aprovou_1200x675_05042022120752.jpg?fit=1200%2C675&ssl=1&resize=350%2C200","width":350,"height":200,"srcset":"https:\/\/i0.wp.com\/noticiasribeiraopreto.com.br\/wp-content\/uploads\/2024\/04\/aneel_aprovou_1200x675_05042022120752.jpg?fit=1200%2C675&ssl=1&resize=350%2C200 1x, https:\/\/i0.wp.com\/noticiasribeiraopreto.com.br\/wp-content\/uploads\/2024\/04\/aneel_aprovou_1200x675_05042022120752.jpg?fit=1200%2C675&ssl=1&resize=525%2C300 1.5x, https:\/\/i0.wp.com\/noticiasribeiraopreto.com.br\/wp-content\/uploads\/2024\/04\/aneel_aprovou_1200x675_05042022120752.jpg?fit=1200%2C675&ssl=1&resize=700%2C400 2x, https:\/\/i0.wp.com\/noticiasribeiraopreto.com.br\/wp-content\/uploads\/2024\/04\/aneel_aprovou_1200x675_05042022120752.jpg?fit=1200%2C675&ssl=1&resize=1050%2C600 3x"},"classes":[]},{"id":71696,"url":"https:\/\/noticiasribeiraopreto.com.br\/index.php\/2025\/06\/09\/conta-de-luz-tem-custo-adicional\/","url_meta":{"origin":33440,"position":5},"title":"Conta de luz tem custo adicional","author":"noticiasribeiraopreto.com.br","date":"9 de June de 2025","format":false,"excerpt":"A Ag\u00eancia Nacional de Energia El\u00e9trica (Aneel) anunciou\u00a0 a bandeira tarif\u00e1ria vermelha patamar 1 para o m\u00eas de junho, com custo adicional de R$ 4,463 a cada 100 quilowatts-hora (kW\/h) consumidos pelos clientes conectados ao Sistema Interligado Nacional (SIN). J\u00e1 \u00e9 o segundo m\u00eas seguido com taxa extra para o\u2026","rel":"","context":"In &quot;Not\u00edcias de Ribeir\u00e3o Preto-SP e Regi\u00e3o&quot;","block_context":{"text":"Not\u00edcias de Ribeir\u00e3o Preto-SP e Regi\u00e3o","link":"https:\/\/noticiasribeiraopreto.com.br\/index.php\/category\/noticias-de-ribeirao-preto-sp-e-regiao-ismael-colosi\/"},"img":{"alt_text":"","src":"https:\/\/i0.wp.com\/noticiasribeiraopreto.com.br\/wp-content\/uploads\/2025\/06\/ContaLUZ-Freepik-scaled.jpg?fit=750%2C500&ssl=1&resize=350%2C200","width":350,"height":200,"srcset":"https:\/\/i0.wp.com\/noticiasribeiraopreto.com.br\/wp-content\/uploads\/2025\/06\/ContaLUZ-Freepik-scaled.jpg?fit=750%2C500&ssl=1&resize=350%2C200 1x, https:\/\/i0.wp.com\/noticiasribeiraopreto.com.br\/wp-content\/uploads\/2025\/06\/ContaLUZ-Freepik-scaled.jpg?fit=750%2C500&ssl=1&resize=525%2C300 1.5x, https:\/\/i0.wp.com\/noticiasribeiraopreto.com.br\/wp-content\/uploads\/2025\/06\/ContaLUZ-Freepik-scaled.jpg?fit=750%2C500&ssl=1&resize=700%2C400 2x"},"classes":[]}],"jetpack_sharing_enabled":true,"jetpack_shortlink":"https:\/\/wp.me\/peQAOb-8Hm","_links":{"self":[{"href":"https:\/\/noticiasribeiraopreto.com.br\/index.php\/wp-json\/wp\/v2\/posts\/33440","targetHints":{"allow":["GET"]}}],"collection":[{"href":"https:\/\/noticiasribeiraopreto.com.br\/index.php\/wp-json\/wp\/v2\/posts"}],"about":[{"href":"https:\/\/noticiasribeiraopreto.com.br\/index.php\/wp-json\/wp\/v2\/types\/post"}],"author":[{"embeddable":true,"href":"https:\/\/noticiasribeiraopreto.com.br\/index.php\/wp-json\/wp\/v2\/users\/1"}],"replies":[{"embeddable":true,"href":"https:\/\/noticiasribeiraopreto.com.br\/index.php\/wp-json\/wp\/v2\/comments?post=33440"}],"version-history":[{"count":0,"href":"https:\/\/noticiasribeiraopreto.com.br\/index.php\/wp-json\/wp\/v2\/posts\/33440\/revisions"}],"wp:featuredmedia":[{"embeddable":true,"href":"https:\/\/noticiasribeiraopreto.com.br\/index.php\/wp-json\/wp\/v2\/media\/33441"}],"wp:attachment":[{"href":"https:\/\/noticiasribeiraopreto.com.br\/index.php\/wp-json\/wp\/v2\/media?parent=33440"}],"wp:term":[{"taxonomy":"category","embeddable":true,"href":"https:\/\/noticiasribeiraopreto.com.br\/index.php\/wp-json\/wp\/v2\/categories?post=33440"},{"taxonomy":"post_tag","embeddable":true,"href":"https:\/\/noticiasribeiraopreto.com.br\/index.php\/wp-json\/wp\/v2\/tags?post=33440"}],"curies":[{"name":"wp","href":"https:\/\/api.w.org\/{rel}","templated":true}]}}