{"id":33464,"date":"2024-01-29T17:25:28","date_gmt":"2024-01-29T20:25:28","guid":{"rendered":"https:\/\/noticiasribeiraopreto.com.br\/index.php\/2024\/01\/29\/sus-vacinacao-contra-a-dengue-comeca-em-fevereiro-em-521-municipios\/"},"modified":"2024-01-29T17:25:28","modified_gmt":"2024-01-29T20:25:28","slug":"sus-vacinacao-contra-a-dengue-comeca-em-fevereiro-em-521-municipios","status":"publish","type":"post","link":"https:\/\/noticiasribeiraopreto.com.br\/index.php\/2024\/01\/29\/sus-vacinacao-contra-a-dengue-comeca-em-fevereiro-em-521-municipios\/","title":{"rendered":"vacina\u00e7\u00e3o contra a dengue come\u00e7a em fevereiro, em 521 munic\u00edpios \u2013 Folha de Ribeir\u00e3o"},"content":{"rendered":"<div class='code-block code-block-1' style='margin: 8px 0 8px auto; text-align: right; display: block; clear: both;'>\n<p><a href=\"https:\/\/wa.link\/vpicfd\"><img data-recalc-dims=\"1\" class=\"wp-image-4922\" style=\"aspect-ratio: 2.0253164556962027; width: 561px; height: auto;\" src=\"https:\/\/i0.wp.com\/ismaelcolosi.com.br\/wp-content\/uploads\/2023\/11\/grupo-de-empregos-whatsapp-e-facebook-ismael-colosi-vagas.jpg?ssl=1\" alt=\"\" \/><\/a><\/p>\n<!-- \/wp:image -->\n<\/div>\n<p> <br \/>\n<\/p>\n<div>\n<p>O Minist\u00e9rio da Sa\u00fade informou que 521 munic\u00edpios brasileiros foram selecionados para iniciar a vacina\u00e7\u00e3o contra a dengue via Sistema \u00danico de Sa\u00fade (SUS) a partir de fevereiro. As cidades comp\u00f5em um total de 37 regi\u00f5es de sa\u00fade que, segundo a pasta, s\u00e3o consideradas end\u00eamicas para a doen\u00e7a.<img data-recalc-dims=\"1\" decoding=\"async\" src=\"https:\/\/i0.wp.com\/agenciabrasil.ebc.com.br\/ebc.gif?ssl=1\"\/><\/p>\n<p>Acesse a\u00a0<a href=\"https:\/\/www.gov.br\/saude\/pt-br\/assuntos\/saude-de-a-a-z\/d\/dengue\/vacinacao\" target=\"_blank\" rel=\"noopener\">lista completa<\/a>.<\/p>\n<p>As regi\u00f5es selecionadas atendem a tr\u00eas crit\u00e9rios: s\u00e3o formadas por munic\u00edpios de grande porte, com mais de 100 mil habitantes; registram alta transmiss\u00e3o de dengue no per\u00edodo 2023-2024; e t\u00eam maior predomin\u00e2ncia do sorotipo DENV-2. Conforme a lista, 16 estados e o Distrito Federal t\u00eam cidades que preenchem os requisitos.<\/p>\n<div class=\"dnd-widget-wrapper context-sem_processamento type-image\">\n<div class=\"dnd-atom-rendered\">\n<div class=\"shadow overflow-hidden rounded-lg d-block w-100\"><img data-recalc-dims=\"1\" loading=\"lazy\" decoding=\"async\" class=\"flex-fill img-cover\" title=\"Arte\/EBC\" src=\"https:\/\/i0.wp.com\/agenciabrasil.ebc.com.br\/sites\/default\/files\/thumbnails\/image\/mapa-vacinacao-dengue.png?resize=1117%2C1364&#038;ssl=1\" alt=\"Arte Mapa vacina\u00e7\u00e3o dengue por estado \" width=\"1117\" height=\"1364\"\/><\/div>\n<\/div>\n<\/div>\n<p>A pasta confirmou ainda que ser\u00e3o vacinadas crian\u00e7as e adolescentes de 10 a 14 anos, faixa et\u00e1ria que concentra maior n\u00famero de hospitaliza\u00e7\u00f5es por dengue. Os n\u00fameros mostram que, de janeiro de 2019 a novembro de 2023, o grupo respondeu por 16,4 mil hospitaliza\u00e7\u00f5es, atr\u00e1s apenas dos idosos, grupo para o qual a vacina n\u00e3o foi autorizada.<\/p>\n<p>\u201cA defini\u00e7\u00e3o de um p\u00fablico-alvo e regi\u00f5es priorit\u00e1rias para a imuniza\u00e7\u00e3o foi necess\u00e1ria em raz\u00e3o da capacidade limitada de fornecimento de doses pelo laborat\u00f3rio fabricante da vacina. A primeira remessa com cerca de 757 mil doses chegou ao Brasil no \u00faltimo s\u00e1bado. O lote faz parte de um total de 1,32 milh\u00e3o de doses fornecidas pela farmac\u00eautica\u201d, disse o minist\u00e9rio, em nota.<\/p>\n<p>\u201cOutra remessa, com mais de 568 mil doses, est\u00e1 com entrega prevista para fevereiro. Al\u00e9m dessas, o Minist\u00e9rio da Sa\u00fade adquiriu o quantitativo total dispon\u00edvel pelo fabricante para 2024: 5,2 milh\u00f5es de doses. De acordo com a empresa, a previs\u00e3o \u00e9 que sejam entregues ao longo do ano, at\u00e9 dezembro. Para 2025, a pasta j\u00e1 contratou 9 milh\u00f5es de doses\u201d, completou.<\/p>\n<p>O esquema vacinal ser\u00e1 composto por duas doses, com intervalo de tr\u00eas meses entre elas. O Brasil \u00e9 o primeiro pa\u00eds do mundo a oferecer o imunizante no sistema p\u00fablico. A Qdenga, produzida pelo laborat\u00f3rio Takeda, foi incorporada ao SUS em dezembro do ano passado, ap\u00f3s an\u00e1lise da Comiss\u00e3o Nacional de Incorpora\u00e7\u00f5es de Tecnologias no SUS (Conitec).<\/p>\n<div class=\"dnd-widget-wrapper context-sem_processamento type-image\">\n<div class=\"dnd-atom-rendered\">\n<div class=\"shadow overflow-hidden rounded-lg d-block w-100\"><img data-recalc-dims=\"1\" loading=\"lazy\" decoding=\"async\" class=\"flex-fill img-cover\" title=\"Arte\/EBC\" src=\"https:\/\/i0.wp.com\/agenciabrasil.ebc.com.br\/sites\/default\/files\/thumbnails\/image\/sintomas_copy.jpg?resize=1204%2C1702&#038;ssl=1\" alt=\"Os principais sintomas da dengue. Foto: Arte\/EBC\" width=\"1204\" height=\"1702\"\/><\/div>\n<\/div>\n<\/div>\n<p>\u00a0<\/p>\n<\/p><\/div>\n<p><br \/>\n<br \/><a href=\"https:\/\/folhaderibeirao.com.br\/2024\/01\/29\/sus-vacinacao-contra-a-dengue-comeca-em-fevereiro-em-521-municipios\/\">Source link <\/a><\/p>\n<!-- CONTENT END 1 -->\n","protected":false},"excerpt":{"rendered":"<p>O Minist\u00e9rio da Sa\u00fade informou que 521 munic\u00edpios brasileiros foram selecionados para iniciar a vacina\u00e7\u00e3o contra a dengue via Sistema \u00danico de Sa\u00fade (SUS) a&#8230;<\/p>\n","protected":false},"author":1,"featured_media":33465,"comment_status":"open","ping_status":"open","sticky":false,"template":"","format":"standard","meta":{"advanced_seo_description":"","jetpack_seo_html_title":"","jetpack_seo_noindex":false,"jetpack_post_was_ever_published":false,"_jetpack_newsletter_access":"","_jetpack_dont_email_post_to_subs":false,"_jetpack_newsletter_tier_id":0,"_jetpack_memberships_contains_paywalled_content":false,"_jetpack_memberships_contains_paid_content":false,"footnotes":"","jetpack_publicize_message":"","jetpack_publicize_feature_enabled":true,"jetpack_social_post_already_shared":true,"jetpack_social_options":{"image_generator_settings":{"template":"highway","default_image_id":0,"font":"","enabled":false},"version":2}},"categories":[11],"tags":[206,109,1269,684,753,756,26,1072],"class_list":["post-33464","post","type-post","status-publish","format-standard","has-post-thumbnail","hentry","category-noticias-de-ribeirao-preto-sp-e-regiao-ismael-colosi","tag-comeca","tag-contra","tag-dengue","tag-fevereiro","tag-folha","tag-municipios","tag-ribeirao","tag-vacinacao"],"jetpack_publicize_connections":[],"jetpack_featured_media_url":"https:\/\/i0.wp.com\/noticiasribeiraopreto.com.br\/wp-content\/uploads\/2024\/01\/1706559930_ebc.png?fit=1%2C1&ssl=1","jetpack-related-posts":[{"id":44660,"url":"https:\/\/noticiasribeiraopreto.com.br\/index.php\/2024\/03\/29\/rp-recebera-vacina-contra-a-dengue\/","url_meta":{"origin":33464,"position":0},"title":"RP receber\u00e1 vacina contra a dengue \u00a0","author":"noticiasribeiraopreto.com.br","date":"29 de March de 2024","format":false,"excerpt":"O Minist\u00e9rio da Sa\u00fade vai distribuir a vacina contra a dengue para mais 154 munic\u00edpios brasileiros, entre eles dez da regi\u00e3o metropolitana descritos como pertencentes \u00e0 \u00e1rea do Aqu\u00edfero Guarani: Ribeir\u00e3o Preto, Cravinhos, Jardin\u00f3polis, S\u00e3o Sim\u00e3o, Serrana, Lu\u00eds Ant\u00f4nio, Guatapar\u00e1, Santa Rosa de Viterbo, Serra Azul e Santa Rita do\u2026","rel":"","context":"In &quot;Not\u00edcias de Ribeir\u00e3o Preto-SP e Regi\u00e3o&quot;","block_context":{"text":"Not\u00edcias de Ribeir\u00e3o Preto-SP e Regi\u00e3o","link":"https:\/\/noticiasribeiraopreto.com.br\/index.php\/category\/noticias-de-ribeirao-preto-sp-e-regiao-ismael-colosi\/"},"img":{"alt_text":"","src":"https:\/\/i0.wp.com\/noticiasribeiraopreto.com.br\/wp-content\/uploads\/2024\/03\/DengueVAC-Takeda-Divulgacao.jpg?fit=1161%2C696&ssl=1&resize=350%2C200","width":350,"height":200,"srcset":"https:\/\/i0.wp.com\/noticiasribeiraopreto.com.br\/wp-content\/uploads\/2024\/03\/DengueVAC-Takeda-Divulgacao.jpg?fit=1161%2C696&ssl=1&resize=350%2C200 1x, https:\/\/i0.wp.com\/noticiasribeiraopreto.com.br\/wp-content\/uploads\/2024\/03\/DengueVAC-Takeda-Divulgacao.jpg?fit=1161%2C696&ssl=1&resize=525%2C300 1.5x, https:\/\/i0.wp.com\/noticiasribeiraopreto.com.br\/wp-content\/uploads\/2024\/03\/DengueVAC-Takeda-Divulgacao.jpg?fit=1161%2C696&ssl=1&resize=700%2C400 2x, https:\/\/i0.wp.com\/noticiasribeiraopreto.com.br\/wp-content\/uploads\/2024\/03\/DengueVAC-Takeda-Divulgacao.jpg?fit=1161%2C696&ssl=1&resize=1050%2C600 3x"},"classes":[]},{"id":44422,"url":"https:\/\/noticiasribeiraopreto.com.br\/index.php\/2024\/03\/27\/ministerio-da-saude-inclui-regiao-de-ribeirao-preto-na-lista-da-vacina-contra-dengue\/","url_meta":{"origin":33464,"position":1},"title":"Minist\u00e9rio da Sa\u00fade inclui regi\u00e3o de Ribeir\u00e3o Preto na lista da vacina contra dengue","author":"noticiasribeiraopreto.com.br","date":"27 de March de 2024","format":false,"excerpt":"O Minist\u00e9rio da Sa\u00fade vai distribuir a vacina contra a dengue para mais 154 munic\u00edpios brasileiros, incluindo a regi\u00e3o de Ribeir\u00e3o Preto. O an\u00fancio foi feito nesta quarta-feira (27). A vacina\u00e7\u00e3o contra a doen\u00e7a na rede p\u00fablica \u00e9 destinada para crian\u00e7as e adolescentes de 10 a 14 anos. De acordo\u2026","rel":"","context":"In &quot;Not\u00edcias de Ribeir\u00e3o Preto-SP e Regi\u00e3o&quot;","block_context":{"text":"Not\u00edcias de Ribeir\u00e3o Preto-SP e Regi\u00e3o","link":"https:\/\/noticiasribeiraopreto.com.br\/index.php\/category\/noticias-de-ribeirao-preto-sp-e-regiao-ismael-colosi\/"},"img":{"alt_text":"","src":"https:\/\/i0.wp.com\/noticiasribeiraopreto.com.br\/wp-content\/uploads\/2024\/03\/AnyConv.com__vacina-dengue-scaled.webp.webp?fit=1200%2C800&ssl=1&resize=350%2C200","width":350,"height":200,"srcset":"https:\/\/i0.wp.com\/noticiasribeiraopreto.com.br\/wp-content\/uploads\/2024\/03\/AnyConv.com__vacina-dengue-scaled.webp.webp?fit=1200%2C800&ssl=1&resize=350%2C200 1x, https:\/\/i0.wp.com\/noticiasribeiraopreto.com.br\/wp-content\/uploads\/2024\/03\/AnyConv.com__vacina-dengue-scaled.webp.webp?fit=1200%2C800&ssl=1&resize=525%2C300 1.5x, https:\/\/i0.wp.com\/noticiasribeiraopreto.com.br\/wp-content\/uploads\/2024\/03\/AnyConv.com__vacina-dengue-scaled.webp.webp?fit=1200%2C800&ssl=1&resize=700%2C400 2x, https:\/\/i0.wp.com\/noticiasribeiraopreto.com.br\/wp-content\/uploads\/2024\/03\/AnyConv.com__vacina-dengue-scaled.webp.webp?fit=1200%2C800&ssl=1&resize=1050%2C600 3x"},"classes":[]},{"id":45133,"url":"https:\/\/noticiasribeiraopreto.com.br\/index.php\/2024\/04\/02\/rp-tera-11-267-doses-de-vacina-contra-dengue\/","url_meta":{"origin":33464,"position":2},"title":"RP ter\u00e1 11.267 doses de vacina contra dengue","author":"noticiasribeiraopreto.com.br","date":"2 de April de 2024","format":false,"excerpt":"O Minist\u00e9rio da Sa\u00fade vai distribuir a vacina contra a dengue para mais 165 munic\u00edpios brasileiros \u2013 eram 154 inicialmente, mas o n\u00famero foi ampliado \u2013, entre eles dez da regi\u00e3o metropolitana descritos como pertencentes \u00e0 \u00e1rea do Aqu\u00edfero Guarani. Cerca de 15 mil doses ser\u00e3o enviadas para essas dez\u2026","rel":"","context":"In &quot;Not\u00edcias de Ribeir\u00e3o Preto-SP e Regi\u00e3o&quot;","block_context":{"text":"Not\u00edcias de Ribeir\u00e3o Preto-SP e Regi\u00e3o","link":"https:\/\/noticiasribeiraopreto.com.br\/index.php\/category\/noticias-de-ribeirao-preto-sp-e-regiao-ismael-colosi\/"},"img":{"alt_text":"","src":"https:\/\/i0.wp.com\/noticiasribeiraopreto.com.br\/wp-content\/uploads\/2024\/04\/DengueVAC-Rogerio-Vidmantas-Prefeitura-de-Dourados-1.jpg?fit=800%2C483&ssl=1&resize=350%2C200","width":350,"height":200,"srcset":"https:\/\/i0.wp.com\/noticiasribeiraopreto.com.br\/wp-content\/uploads\/2024\/04\/DengueVAC-Rogerio-Vidmantas-Prefeitura-de-Dourados-1.jpg?fit=800%2C483&ssl=1&resize=350%2C200 1x, https:\/\/i0.wp.com\/noticiasribeiraopreto.com.br\/wp-content\/uploads\/2024\/04\/DengueVAC-Rogerio-Vidmantas-Prefeitura-de-Dourados-1.jpg?fit=800%2C483&ssl=1&resize=525%2C300 1.5x, https:\/\/i0.wp.com\/noticiasribeiraopreto.com.br\/wp-content\/uploads\/2024\/04\/DengueVAC-Rogerio-Vidmantas-Prefeitura-de-Dourados-1.jpg?fit=800%2C483&ssl=1&resize=700%2C400 2x"},"classes":[]},{"id":28600,"url":"https:\/\/noticiasribeiraopreto.com.br\/index.php\/2024\/01\/16\/vacinacao-contra-dengue-vai-priorizar-faixa-etaria-de-6-a-16-anos\/","url_meta":{"origin":33464,"position":3},"title":"Vacina\u00e7\u00e3o contra dengue vai priorizar faixa et\u00e1ria de 6 a 16 anos \u2013 Folha de Ribeir\u00e3o","author":"noticiasribeiraopreto.com.br","date":"16 de January de 2024","format":false,"excerpt":"O Minist\u00e9rio da Sa\u00fade informou nesta segunda-feira (15) que ir\u00e1 priorizar a faixa et\u00e1ria de 6 a 16 anos na aplica\u00e7\u00e3o da vacina contra a dengue. O pa\u00eds ir\u00e1 adquirir\u00a05,2 milh\u00f5es de doses da Qdenga, fabricada pelo laborat\u00f3rio japon\u00eas Takeda, al\u00e9m de receber doa\u00e7\u00f5es. O quantitativo ir\u00e1 possibilitar vacina\u00e7\u00e3o de\u2026","rel":"","context":"In &quot;Not\u00edcias de Ribeir\u00e3o Preto-SP e Regi\u00e3o&quot;","block_context":{"text":"Not\u00edcias de Ribeir\u00e3o Preto-SP e Regi\u00e3o","link":"https:\/\/noticiasribeiraopreto.com.br\/index.php\/category\/noticias-de-ribeirao-preto-sp-e-regiao-ismael-colosi\/"},"img":{"alt_text":"","src":"","width":0,"height":0},"classes":[]},{"id":32798,"url":"https:\/\/noticiasribeiraopreto.com.br\/index.php\/2024\/01\/26\/onze-municipios-de-sp-terao-vacina-da-dengue\/","url_meta":{"origin":33464,"position":4},"title":"Onze munic\u00edpios de SP\u00a0ter\u00e3o vacina da dengue\u00a0","author":"noticiasribeiraopreto.com.br","date":"26 de January de 2024","format":false,"excerpt":"26 de janeiro de 2024 | 14:0025 de janeiro de 2024 | 20:27 0O Minist\u00e9rio da Sa\u00fade informou que 521 munic\u00edpios brasileiros foram selecionados para iniciar a vacina\u00e7\u00e3o contra a dengue via Sistema \u00danico de Sa\u00fade (SUS) a partir de fevereiro. As cidades comp\u00f5em um total de 37 regi\u00f5es de\u2026","rel":"","context":"In &quot;Not\u00edcias de Ribeir\u00e3o Preto-SP e Regi\u00e3o&quot;","block_context":{"text":"Not\u00edcias de Ribeir\u00e3o Preto-SP e Regi\u00e3o","link":"https:\/\/noticiasribeiraopreto.com.br\/index.php\/category\/noticias-de-ribeirao-preto-sp-e-regiao-ismael-colosi\/"},"img":{"alt_text":"","src":"https:\/\/i0.wp.com\/noticiasribeiraopreto.com.br\/wp-content\/uploads\/2024\/01\/DengueVAC-Jose-Cruz-Ag.Br_-scaled.jpg?fit=1000%2C607&ssl=1&resize=350%2C200","width":350,"height":200,"srcset":"https:\/\/i0.wp.com\/noticiasribeiraopreto.com.br\/wp-content\/uploads\/2024\/01\/DengueVAC-Jose-Cruz-Ag.Br_-scaled.jpg?fit=1000%2C607&ssl=1&resize=350%2C200 1x, https:\/\/i0.wp.com\/noticiasribeiraopreto.com.br\/wp-content\/uploads\/2024\/01\/DengueVAC-Jose-Cruz-Ag.Br_-scaled.jpg?fit=1000%2C607&ssl=1&resize=525%2C300 1.5x, https:\/\/i0.wp.com\/noticiasribeiraopreto.com.br\/wp-content\/uploads\/2024\/01\/DengueVAC-Jose-Cruz-Ag.Br_-scaled.jpg?fit=1000%2C607&ssl=1&resize=700%2C400 2x"},"classes":[]},{"id":79601,"url":"https:\/\/noticiasribeiraopreto.com.br\/index.php\/2025\/11\/04\/ribeirao-preto-tem-dia-d-de-vacinacao-contra-dengue-e-hpv-saiba-quando\/","url_meta":{"origin":33464,"position":5},"title":"Ribeir\u00e3o Preto tem Dia D de vacina\u00e7\u00e3o contra dengue e HPV; Saiba quando","author":"noticiasribeiraopreto.com.br","date":"4 de November de 2025","format":false,"excerpt":"Ribeir\u00e3o Preto promove o Dia D de vacina\u00e7\u00e3o contra a dengue e o HPV, para crian\u00e7as e adolescentes. A a\u00e7\u00e3o acontece no pr\u00f3ximo s\u00e1bado (8) em todas as 38 salas de vacina do munic\u00edpio, das 8h \u00e0s 16h30. Clique aqui e veja os endere\u00e7os. Para a imuniza\u00e7\u00e3o \u00e9 necess\u00e1rio apresentar\u2026","rel":"","context":"In &quot;Not\u00edcias de Ribeir\u00e3o Preto-SP e Regi\u00e3o&quot;","block_context":{"text":"Not\u00edcias de Ribeir\u00e3o Preto-SP e Regi\u00e3o","link":"https:\/\/noticiasribeiraopreto.com.br\/index.php\/category\/noticias-de-ribeirao-preto-sp-e-regiao-ismael-colosi\/"},"img":{"alt_text":"","src":"https:\/\/i0.wp.com\/noticiasribeiraopreto.com.br\/wp-content\/uploads\/2025\/11\/vacinacao_h1n1_-_foto_fernando_gonzaga_1_2025-11-04_16-59-11.webp.webp?fit=1200%2C800&ssl=1&resize=350%2C200","width":350,"height":200,"srcset":"https:\/\/i0.wp.com\/noticiasribeiraopreto.com.br\/wp-content\/uploads\/2025\/11\/vacinacao_h1n1_-_foto_fernando_gonzaga_1_2025-11-04_16-59-11.webp.webp?fit=1200%2C800&ssl=1&resize=350%2C200 1x, https:\/\/i0.wp.com\/noticiasribeiraopreto.com.br\/wp-content\/uploads\/2025\/11\/vacinacao_h1n1_-_foto_fernando_gonzaga_1_2025-11-04_16-59-11.webp.webp?fit=1200%2C800&ssl=1&resize=525%2C300 1.5x, https:\/\/i0.wp.com\/noticiasribeiraopreto.com.br\/wp-content\/uploads\/2025\/11\/vacinacao_h1n1_-_foto_fernando_gonzaga_1_2025-11-04_16-59-11.webp.webp?fit=1200%2C800&ssl=1&resize=700%2C400 2x, https:\/\/i0.wp.com\/noticiasribeiraopreto.com.br\/wp-content\/uploads\/2025\/11\/vacinacao_h1n1_-_foto_fernando_gonzaga_1_2025-11-04_16-59-11.webp.webp?fit=1200%2C800&ssl=1&resize=1050%2C600 3x"},"classes":[]}],"jetpack_sharing_enabled":true,"jetpack_shortlink":"https:\/\/wp.me\/peQAOb-8HK","_links":{"self":[{"href":"https:\/\/noticiasribeiraopreto.com.br\/index.php\/wp-json\/wp\/v2\/posts\/33464","targetHints":{"allow":["GET"]}}],"collection":[{"href":"https:\/\/noticiasribeiraopreto.com.br\/index.php\/wp-json\/wp\/v2\/posts"}],"about":[{"href":"https:\/\/noticiasribeiraopreto.com.br\/index.php\/wp-json\/wp\/v2\/types\/post"}],"author":[{"embeddable":true,"href":"https:\/\/noticiasribeiraopreto.com.br\/index.php\/wp-json\/wp\/v2\/users\/1"}],"replies":[{"embeddable":true,"href":"https:\/\/noticiasribeiraopreto.com.br\/index.php\/wp-json\/wp\/v2\/comments?post=33464"}],"version-history":[{"count":0,"href":"https:\/\/noticiasribeiraopreto.com.br\/index.php\/wp-json\/wp\/v2\/posts\/33464\/revisions"}],"wp:featuredmedia":[{"embeddable":true,"href":"https:\/\/noticiasribeiraopreto.com.br\/index.php\/wp-json\/wp\/v2\/media\/33465"}],"wp:attachment":[{"href":"https:\/\/noticiasribeiraopreto.com.br\/index.php\/wp-json\/wp\/v2\/media?parent=33464"}],"wp:term":[{"taxonomy":"category","embeddable":true,"href":"https:\/\/noticiasribeiraopreto.com.br\/index.php\/wp-json\/wp\/v2\/categories?post=33464"},{"taxonomy":"post_tag","embeddable":true,"href":"https:\/\/noticiasribeiraopreto.com.br\/index.php\/wp-json\/wp\/v2\/tags?post=33464"}],"curies":[{"name":"wp","href":"https:\/\/api.w.org\/{rel}","templated":true}]}}