{"id":33489,"date":"2024-01-29T18:43:48","date_gmt":"2024-01-29T21:43:48","guid":{"rendered":"https:\/\/noticiasribeiraopreto.com.br\/index.php\/2024\/01\/29\/vale-vale3-na-panela-de-pressao-producao-de-minerio-supera-projecao-em-2023-mas-vendas-e-precos-recuam\/"},"modified":"2024-01-29T18:43:48","modified_gmt":"2024-01-29T21:43:48","slug":"vale-vale3-na-panela-de-pressao-producao-de-minerio-supera-projecao-em-2023-mas-vendas-e-precos-recuam","status":"publish","type":"post","link":"https:\/\/noticiasribeiraopreto.com.br\/index.php\/2024\/01\/29\/vale-vale3-na-panela-de-pressao-producao-de-minerio-supera-projecao-em-2023-mas-vendas-e-precos-recuam\/","title":{"rendered":"Vale (VALE3) na panela de press\u00e3o: produ\u00e7\u00e3o de min\u00e9rio supera proje\u00e7\u00e3o em 2023, mas vendas e pre\u00e7os recuam"},"content":{"rendered":"<div class='code-block code-block-1' style='margin: 8px 0 8px auto; text-align: right; display: block; clear: both;'>\n<p><a href=\"https:\/\/wa.link\/vpicfd\"><img data-recalc-dims=\"1\" class=\"wp-image-4922\" style=\"aspect-ratio: 2.0253164556962027; width: 561px; height: auto;\" src=\"https:\/\/i0.wp.com\/ismaelcolosi.com.br\/wp-content\/uploads\/2023\/11\/grupo-de-empregos-whatsapp-e-facebook-ismael-colosi-vagas.jpg?ssl=1\" alt=\"\" \/><\/a><\/p>\n<!-- \/wp:image -->\n<\/div>\n<p> <br \/>\n<\/p>\n<div id=\"js-first-letter\">\n<p>A <strong>Vale (VALE3)<\/strong> est\u00e1 em uma verdadeira panela de press\u00e3o. O <strong>governo <\/strong>colocou a mineradora em altas temperaturas com uma poss\u00edvel indica\u00e7\u00e3o do <strong>ex-ministro da Fazenda, Guido Mantega,<\/strong> para a companhia e agora resolveu cobrar uma quantia bilion\u00e1ria para a concess\u00e3o de ferrovias. E \u00e9 nesse caldeir\u00e3o que a empresa divulgou os dados de <strong>produ\u00e7\u00e3o <\/strong>e <strong>vendas <\/strong>do quarto trimestre de 2023.\u00a0<\/p>\n<p>A produ\u00e7\u00e3o de <strong>min\u00e9rio de ferro<\/strong> da Vale somou 89,4 milh\u00f5es de toneladas m\u00e9tricas (Mt) entre outubro e dezembro do ano passado, o que representa uma alta de 10,6% em base anual. Na compara\u00e7\u00e3o com o trimestre imediatamente anterior, houve alta de 3,7%.\u00a0<\/p>\n<p>Em 2023, a produ\u00e7\u00e3o atingiu 321,2 Mt, acima da proje\u00e7\u00e3o da mineradora (guidance) de 315 Mt, um resultado 4,3% maior do que o obtido no ano anterior.\u00a0<\/p>\n<p>O desempenho, segundo a Vale, foi impulsionado por:\u00a0<\/p>\n<ul>\n<li>Iniciativas cont\u00ednuas para melhorar a confiabilidade de ativos;\u00a0<\/li>\n<li>S\u00f3lido desempenho nos complexos de Itabira e Vargem Grande;\u00a0<\/li>\n<li>Maiores compras de terceiros.\u00a0<\/li>\n<\/ul>\n<p>J\u00e1 as vendas de finos de min\u00e9rio de ferro ca\u00edram 4,1% no quarto trimestre em termos anuais e tiveram alta de 11,7% na base trimestral, para 77,9 Mt. Em 2023, as vendas tamb\u00e9m baixaram (-1,5%), para 256,8 Mt.\u00a0<\/p>\n<p>O relat\u00f3rio de produ\u00e7\u00e3o tamb\u00e9m mostrou que os pre\u00e7os dos finos de min\u00e9rio de ferro aumentaram 23,7% no quarto trimestre de 2023 na compara\u00e7\u00e3o com o mesmo per\u00edodo de 2022, para US$ 118,3 por tonelada.\u00a0<\/p>\n<p>No ano, os pre\u00e7os dos finos de min\u00e9rio de ferro encerram a US$ 108,1 \u2014 em linha com os valores praticados no final de 2022.\u00a0<\/p>\n<p>J\u00e1 os pre\u00e7os das pelotas de min\u00e9rio recuaram 1,3% na mesma compara\u00e7\u00e3o, para US$ 163,4. No ano, os pre\u00e7os recuaram 14,2% na compara\u00e7\u00e3o com 2022, a US$ 161,9.\u00a0<\/p>\n<p>Vale lembrar que os pre\u00e7os do min\u00e9rio de ferro subiram cerca de 16% no quarto trimestre de 2023 e encerraram dezembro por volta de US$ 130 a tonelada.\u00a0<\/p>\n<p>Em termos de compara\u00e7\u00e3o, nesta segunda-feira (29) o min\u00e9rio de ferro subiu 1%, cotado a US$ 139,10.\u00a0<\/p>\n<h3 class=\"wp-block-heading\" id=\"h-podcast-touros-e-ursos-o-ano-das-guerras-trump-rumo-a-casa-branca-e-china-mais-fraca-o-impacto-nos-mercados\">PODCAST TOUROS E URSOS &#8211; O ano das guerras, Trump rumo \u00e0 Casa Branca e China mais fraca: o impacto nos mercados<\/h3>\n<figure class=\"wp-block-embed is-type-video is-provider-youtube wp-block-embed-youtube wp-embed-aspect-16-9 wp-has-aspect-ratio\">\n<p>\n<iframe loading=\"lazy\" title=\"O ANO DAS GUERRAS, TRUMP RUMO \u00c0 CASA BRANCA E CHINA MAIS FRACA: O IMPACTO NOS MERCADOS\" width=\"500\" height=\"281\" src=\"https:\/\/www.youtube.com\/embed\/r-T0sfjC-2s?feature=oembed\" frameborder=\"0\" allow=\"accelerometer; autoplay; clipboard-write; encrypted-media; gyroscope; picture-in-picture; web-share\" referrerpolicy=\"strict-origin-when-cross-origin\" allowfullscreen><\/iframe>\n<\/p>\n<\/figure>\n<h2 class=\"wp-block-heading\" id=\"h-a-vale-esta-sendo-cozinhada-pelo-governo\"><strong>A Vale est\u00e1 sendo cozinhada pelo governo<\/strong><\/h2>\n<p>As a\u00e7\u00f5es da Vale terminaram o dia com queda de 0,47%, cotadas a R$ 69,17. <a href=\"https:\/\/www.seudinheiro.com\/2024\/bolsa-dolar\/bolsa-dolar-ibovespa-hoje-290124-rsgp-lils-lvit-davs\/\" target=\"_blank\" rel=\"noreferrer noopener\">Junto com a Gol (GOLL4)<\/a>, a mineradora pesou no desempenho do Ibovespa, que terminou a sess\u00e3o com perdas.\u00a0<\/p>\n<p>At\u00e9 a \u00faltima sexta-feira (26), o governo Lula trabalhava nos bastidores para emplacar Mantega no cargo de presidente da Vale. A press\u00e3o chegou ao \u00e1pice com o ministro Alexandre Silveira, de Minas e Energia, telefonando para conselheiros a fim de defender o nome do ex-ministro, segundo fontes pr\u00f3ximas do assunto.<\/p>\n<p>O governo, no entanto, acabou recuando e desistindo de tentar emplacar Mantega no cargo de CEO da mineradora.\u00a0<\/p>\n<p>S\u00f3 que no mesmo dia, o Minist\u00e9rio dos Transportes notificou a Vale de uma cobran\u00e7a de R$ 25,7 bilh\u00f5es em concess\u00f5es renovadas antecipadamente no fim do governo Jair Bolsonaro.<\/p>\n<\/div>\n<p><br \/>\n<br \/><a href=\"https:\/\/www.seudinheiro.com\/2024\/empresas\/vale-vale3-na-panela-de-pressao-producao-de-minerio-supera-projecao-em-2023-mas-vendas-e-precos-recuam-ccgg\/\">Source link <\/a><\/p>\n<!-- CONTENT END 1 -->\n","protected":false},"excerpt":{"rendered":"<p>A Vale (VALE3) est\u00e1 em uma verdadeira panela de press\u00e3o. O governo colocou a mineradora em altas temperaturas com uma poss\u00edvel indica\u00e7\u00e3o do ex-ministro da&#8230;<\/p>\n","protected":false},"author":1,"featured_media":33490,"comment_status":"open","ping_status":"open","sticky":false,"template":"","format":"standard","meta":{"advanced_seo_description":"","jetpack_seo_html_title":"","jetpack_seo_noindex":false,"jetpack_post_was_ever_published":false,"_jetpack_newsletter_access":"","_jetpack_dont_email_post_to_subs":false,"_jetpack_newsletter_tier_id":0,"_jetpack_memberships_contains_paywalled_content":false,"_jetpack_memberships_contains_paid_content":false,"footnotes":"","jetpack_publicize_message":"","jetpack_publicize_feature_enabled":true,"jetpack_social_post_already_shared":true,"jetpack_social_options":{"image_generator_settings":{"template":"highway","default_image_id":0,"font":"","enabled":false},"version":2}},"categories":[1235],"tags":[],"class_list":["post-33489","post","type-post","status-publish","format-standard","has-post-thumbnail","hentry","category-dinheiro-e-investimento-como-fazer-como-ganhar"],"jetpack_publicize_connections":[],"jetpack_featured_media_url":"https:\/\/i0.wp.com\/noticiasribeiraopreto.com.br\/wp-content\/uploads\/2024\/01\/vale-vale3-dinheiro-628x353.jpg?fit=628%2C353&ssl=1","jetpack-related-posts":[{"id":33709,"url":"https:\/\/noticiasribeiraopreto.com.br\/index.php\/2024\/01\/30\/bem-passada-acoes-da-vale-caem-e-arrastam-outras-gigantes-do-setor-saiba-se-e-a-hora-de-excluir-vale3-do-menu-de-investimentos\/","url_meta":{"origin":33489,"position":0},"title":"Bem passada? A\u00e7\u00f5es da Vale caem e arrastam outras gigantes do setor \u2014 saiba se \u00e9 a hora de excluir VALE3 do menu de investimentos","author":"noticiasribeiraopreto.com.br","date":"30 de January de 2024","format":false,"excerpt":"A Vale apresentou os resultados operacionais do quarto trimestre dentro de um caldeir\u00e3o e a expectativa de banc\u00f5es como o Goldman Sachs era de que as a\u00e7\u00f5es VALE3 tivessem uma rea\u00e7\u00e3o neutra \u00e0 performance da empresa. S\u00f3 que nesta nesta ter\u00e7a-feira (30), os pap\u00e9is operam em baixa na B3 \u2014\u2026","rel":"","context":"In &quot;Dinheiro e Investimento&quot;","block_context":{"text":"Dinheiro e Investimento","link":"https:\/\/noticiasribeiraopreto.com.br\/index.php\/category\/dinheiro-e-investimento-como-fazer-como-ganhar\/"},"img":{"alt_text":"","src":"https:\/\/i0.wp.com\/noticiasribeiraopreto.com.br\/wp-content\/uploads\/2024\/01\/1706637520_vale-vale3-compra-ou-venda-628x353.jpg?fit=628%2C353&ssl=1&resize=350%2C200","width":350,"height":200,"srcset":"https:\/\/i0.wp.com\/noticiasribeiraopreto.com.br\/wp-content\/uploads\/2024\/01\/1706637520_vale-vale3-compra-ou-venda-628x353.jpg?fit=628%2C353&ssl=1&resize=350%2C200 1x, https:\/\/i0.wp.com\/noticiasribeiraopreto.com.br\/wp-content\/uploads\/2024\/01\/1706637520_vale-vale3-compra-ou-venda-628x353.jpg?fit=628%2C353&ssl=1&resize=525%2C300 1.5x"},"classes":[]},{"id":26725,"url":"https:\/\/noticiasribeiraopreto.com.br\/index.php\/2024\/01\/10\/vale-vale3-em-dia-de-queda-das-acoes-itau-bba-revisa-projecoes-e-traz-uma-boa-e-uma-ma-noticia\/","url_meta":{"origin":33489,"position":1},"title":"Vale (VALE3): Em dia de queda das a\u00e7\u00f5es, Ita\u00fa BBA revisa proje\u00e7\u00f5es e traz uma boa e uma m\u00e1 not\u00edcia","author":"noticiasribeiraopreto.com.br","date":"10 de January de 2024","format":false,"excerpt":"Enquanto raios de sol iluminam a cidade de S\u00e3o Paulo nesta quarta-feira (10), os investidores vivenciam um dia para l\u00e1 de carregado no mercado financeiro brasileiro \u2014 e nem mesmo os acionistas da Vale (VALE3) foram capazes de escapar da sombra que paira sobre as a\u00e7\u00f5es no preg\u00e3o de hoje.\u2026","rel":"","context":"In &quot;Dinheiro e Investimento&quot;","block_context":{"text":"Dinheiro e Investimento","link":"https:\/\/noticiasribeiraopreto.com.br\/index.php\/category\/dinheiro-e-investimento-como-fazer-como-ganhar\/"},"img":{"alt_text":"","src":"https:\/\/i0.wp.com\/noticiasribeiraopreto.com.br\/wp-content\/uploads\/2024\/01\/vale-vale3-acao-varejo-CAPA-SD-715x402.jpg?fit=715%2C402&ssl=1&resize=350%2C200","width":350,"height":200,"srcset":"https:\/\/i0.wp.com\/noticiasribeiraopreto.com.br\/wp-content\/uploads\/2024\/01\/vale-vale3-acao-varejo-CAPA-SD-715x402.jpg?fit=715%2C402&ssl=1&resize=350%2C200 1x, https:\/\/i0.wp.com\/noticiasribeiraopreto.com.br\/wp-content\/uploads\/2024\/01\/vale-vale3-acao-varejo-CAPA-SD-715x402.jpg?fit=715%2C402&ssl=1&resize=525%2C300 1.5x, https:\/\/i0.wp.com\/noticiasribeiraopreto.com.br\/wp-content\/uploads\/2024\/01\/vale-vale3-acao-varejo-CAPA-SD-715x402.jpg?fit=715%2C402&ssl=1&resize=700%2C400 2x"},"classes":[]},{"id":19115,"url":"https:\/\/noticiasribeiraopreto.com.br\/index.php\/2023\/12\/21\/ainda-vale-a-pena-ter-vale-vale3-na-carteira-o-safra-responde\/","url_meta":{"origin":33489,"position":2},"title":"Ainda vale a pena ter Vale (VALE3) na carteira? O Safra responde","author":"noticiasribeiraopreto.com.br","date":"21 de December de 2023","format":false,"excerpt":"Esse ano n\u00e3o foi f\u00e1cil para a Vale (VALE3): as a\u00e7\u00f5es da mineradora devem encerrar 2023 amargando perdas \u2014 at\u00e9 agora, a baixa acumulada passa de mais de 6%. E se voc\u00ea \u00e9 um dos investidores que se pergunta se ainda vale a pena ter o papel dessa gigante da\u2026","rel":"","context":"In &quot;Dinheiro e Investimento&quot;","block_context":{"text":"Dinheiro e Investimento","link":"https:\/\/noticiasribeiraopreto.com.br\/index.php\/category\/dinheiro-e-investimento-como-fazer-como-ganhar\/"},"img":{"alt_text":"","src":"https:\/\/i0.wp.com\/noticiasribeiraopreto.com.br\/wp-content\/uploads\/2023\/12\/vale-vale3-compra-ou-venda-628x353.jpg?fit=628%2C353&ssl=1&resize=350%2C200","width":350,"height":200,"srcset":"https:\/\/i0.wp.com\/noticiasribeiraopreto.com.br\/wp-content\/uploads\/2023\/12\/vale-vale3-compra-ou-venda-628x353.jpg?fit=628%2C353&ssl=1&resize=350%2C200 1x, https:\/\/i0.wp.com\/noticiasribeiraopreto.com.br\/wp-content\/uploads\/2023\/12\/vale-vale3-compra-ou-venda-628x353.jpg?fit=628%2C353&ssl=1&resize=525%2C300 1.5x"},"classes":[]},{"id":32994,"url":"https:\/\/noticiasribeiraopreto.com.br\/index.php\/2024\/01\/27\/veja-o-que-fazer-com-os-papeis-da-vale-vale3-apos-pressao-de-lula-e-multa-bilionaria\/","url_meta":{"origin":33489,"position":3},"title":"Veja o que fazer com os pap\u00e9is da Vale (VALE3) ap\u00f3s press\u00e3o de Lula e multa bilion\u00e1ria","author":"noticiasribeiraopreto.com.br","date":"27 de January de 2024","format":false,"excerpt":"A a\u00e7\u00e3o da Vale (VALE3) n\u00e3o vive um bom 2024 at\u00e9 o momento. A empresa, que j\u00e1 vinha pressionada por conta do mercado chin\u00eas, sofreu mais um baque ap\u00f3s os rumores de que Lula gostaria que Guido Mantega assumisse a presid\u00eancia ou algum cargo relevante no board da maior mineradora\u2026","rel":"","context":"In &quot;Dinheiro e Investimento&quot;","block_context":{"text":"Dinheiro e Investimento","link":"https:\/\/noticiasribeiraopreto.com.br\/index.php\/category\/dinheiro-e-investimento-como-fazer-como-ganhar\/"},"img":{"alt_text":"","src":"https:\/\/i0.wp.com\/noticiasribeiraopreto.com.br\/wp-content\/uploads\/2024\/01\/1706353610_vale-vale3-acao-varejo-CAPA-SD-715x402.jpg?fit=715%2C402&ssl=1&resize=350%2C200","width":350,"height":200,"srcset":"https:\/\/i0.wp.com\/noticiasribeiraopreto.com.br\/wp-content\/uploads\/2024\/01\/1706353610_vale-vale3-acao-varejo-CAPA-SD-715x402.jpg?fit=715%2C402&ssl=1&resize=350%2C200 1x, https:\/\/i0.wp.com\/noticiasribeiraopreto.com.br\/wp-content\/uploads\/2024\/01\/1706353610_vale-vale3-acao-varejo-CAPA-SD-715x402.jpg?fit=715%2C402&ssl=1&resize=525%2C300 1.5x, https:\/\/i0.wp.com\/noticiasribeiraopreto.com.br\/wp-content\/uploads\/2024\/01\/1706353610_vale-vale3-acao-varejo-CAPA-SD-715x402.jpg?fit=715%2C402&ssl=1&resize=700%2C400 2x"},"classes":[]},{"id":27190,"url":"https:\/\/noticiasribeiraopreto.com.br\/index.php\/2024\/01\/11\/acoes-da-cosan-csan3-podem-subir-66-na-bolsa-segundo-analistas-e-a-vale-vale3-tem-a-ver-com-isso\/","url_meta":{"origin":33489,"position":4},"title":"A\u00e7\u00f5es da Cosan (CSAN3) podem subir 66% na bolsa, segundo analistas \u2014 e a Vale (VALE3) tem a ver com isso","author":"noticiasribeiraopreto.com.br","date":"11 de January de 2024","format":false,"excerpt":"Os acionistas da Cosan (CSAN3) t\u00eam um dia positivo no preg\u00e3o desta quinta-feira (11), com o avan\u00e7o das a\u00e7\u00f5es da companhia na bolsa brasileira ap\u00f3s um relat\u00f3rio do Bank of America (BofA) rasgar elogios \u00e0 holding de Rubens Ometto. Os analistas do BofA mantiveram a recomenda\u00e7\u00e3o de compra para as\u2026","rel":"","context":"In &quot;Dinheiro e Investimento&quot;","block_context":{"text":"Dinheiro e Investimento","link":"https:\/\/noticiasribeiraopreto.com.br\/index.php\/category\/dinheiro-e-investimento-como-fazer-como-ganhar\/"},"img":{"alt_text":"","src":"https:\/\/i0.wp.com\/noticiasribeiraopreto.com.br\/wp-content\/uploads\/2024\/01\/shutterstock_1388171117-628x353.jpg?fit=628%2C353&ssl=1&resize=350%2C200","width":350,"height":200,"srcset":"https:\/\/i0.wp.com\/noticiasribeiraopreto.com.br\/wp-content\/uploads\/2024\/01\/shutterstock_1388171117-628x353.jpg?fit=628%2C353&ssl=1&resize=350%2C200 1x, https:\/\/i0.wp.com\/noticiasribeiraopreto.com.br\/wp-content\/uploads\/2024\/01\/shutterstock_1388171117-628x353.jpg?fit=628%2C353&ssl=1&resize=525%2C300 1.5x"},"classes":[]},{"id":9142,"url":"https:\/\/noticiasribeiraopreto.com.br\/index.php\/2023\/12\/01\/dividendos-da-vale-por-que-analista-tirou-vale-vale3-de-carteira-apos-pagamento-de-r-10-bilhoes-aos-acionistas\/","url_meta":{"origin":33489,"position":5},"title":"Dividendos da Vale: por que analista tirou Vale (VALE3) de carteira ap\u00f3s pagamento de R$ 10 bilh\u00f5es aos acionistas?","author":"noticiasribeiraopreto.com.br","date":"1 de December de 2023","format":false,"excerpt":"O analista Ruy Hungria, especialista em dividendos da Empiricus, ousou e fez uma recomenda\u00e7\u00e3o de investimento que, a princ\u00edpio, parece controversa: retirou a a\u00e7\u00e3o da Vale de sua carteira mensal de dividendos para dezembro, exatamente no dia em que VALE3 paga dividendos estratosf\u00e9ricos de R$ 10 bilh\u00f5es aos acionistas. E\u2026","rel":"","context":"In &quot;Dinheiro e Investimento&quot;","block_context":{"text":"Dinheiro e Investimento","link":"https:\/\/noticiasribeiraopreto.com.br\/index.php\/category\/dinheiro-e-investimento-como-fazer-como-ganhar\/"},"img":{"alt_text":"","src":"https:\/\/i0.wp.com\/noticiasribeiraopreto.com.br\/wp-content\/uploads\/2023\/12\/vale-vale3-acao-varejo-CAPA-SD-715x402.jpg?fit=715%2C402&ssl=1&resize=350%2C200","width":350,"height":200,"srcset":"https:\/\/i0.wp.com\/noticiasribeiraopreto.com.br\/wp-content\/uploads\/2023\/12\/vale-vale3-acao-varejo-CAPA-SD-715x402.jpg?fit=715%2C402&ssl=1&resize=350%2C200 1x, https:\/\/i0.wp.com\/noticiasribeiraopreto.com.br\/wp-content\/uploads\/2023\/12\/vale-vale3-acao-varejo-CAPA-SD-715x402.jpg?fit=715%2C402&ssl=1&resize=525%2C300 1.5x, https:\/\/i0.wp.com\/noticiasribeiraopreto.com.br\/wp-content\/uploads\/2023\/12\/vale-vale3-acao-varejo-CAPA-SD-715x402.jpg?fit=715%2C402&ssl=1&resize=700%2C400 2x"},"classes":[]}],"jetpack_sharing_enabled":true,"jetpack_shortlink":"https:\/\/wp.me\/peQAOb-8I9","_links":{"self":[{"href":"https:\/\/noticiasribeiraopreto.com.br\/index.php\/wp-json\/wp\/v2\/posts\/33489","targetHints":{"allow":["GET"]}}],"collection":[{"href":"https:\/\/noticiasribeiraopreto.com.br\/index.php\/wp-json\/wp\/v2\/posts"}],"about":[{"href":"https:\/\/noticiasribeiraopreto.com.br\/index.php\/wp-json\/wp\/v2\/types\/post"}],"author":[{"embeddable":true,"href":"https:\/\/noticiasribeiraopreto.com.br\/index.php\/wp-json\/wp\/v2\/users\/1"}],"replies":[{"embeddable":true,"href":"https:\/\/noticiasribeiraopreto.com.br\/index.php\/wp-json\/wp\/v2\/comments?post=33489"}],"version-history":[{"count":0,"href":"https:\/\/noticiasribeiraopreto.com.br\/index.php\/wp-json\/wp\/v2\/posts\/33489\/revisions"}],"wp:featuredmedia":[{"embeddable":true,"href":"https:\/\/noticiasribeiraopreto.com.br\/index.php\/wp-json\/wp\/v2\/media\/33490"}],"wp:attachment":[{"href":"https:\/\/noticiasribeiraopreto.com.br\/index.php\/wp-json\/wp\/v2\/media?parent=33489"}],"wp:term":[{"taxonomy":"category","embeddable":true,"href":"https:\/\/noticiasribeiraopreto.com.br\/index.php\/wp-json\/wp\/v2\/categories?post=33489"},{"taxonomy":"post_tag","embeddable":true,"href":"https:\/\/noticiasribeiraopreto.com.br\/index.php\/wp-json\/wp\/v2\/tags?post=33489"}],"curies":[{"name":"wp","href":"https:\/\/api.w.org\/{rel}","templated":true}]}}