{"id":33491,"date":"2024-01-29T18:50:49","date_gmt":"2024-01-29T21:50:49","guid":{"rendered":"https:\/\/noticiasribeiraopreto.com.br\/index.php\/2024\/01\/29\/resultado-da-primeira-chamada-do-sisu-sai-nesta-terca\/"},"modified":"2024-01-29T18:50:49","modified_gmt":"2024-01-29T21:50:49","slug":"resultado-da-primeira-chamada-do-sisu-sai-nesta-terca","status":"publish","type":"post","link":"https:\/\/noticiasribeiraopreto.com.br\/index.php\/2024\/01\/29\/resultado-da-primeira-chamada-do-sisu-sai-nesta-terca\/","title":{"rendered":"Resultado da primeira chamada do Sisu sai nesta ter\u00e7a"},"content":{"rendered":"<div class='code-block code-block-1' style='margin: 8px 0 8px auto; text-align: right; display: block; clear: both;'>\n<p><a href=\"https:\/\/wa.link\/vpicfd\"><img data-recalc-dims=\"1\" class=\"wp-image-4922\" style=\"aspect-ratio: 2.0253164556962027; width: 561px; height: auto;\" src=\"https:\/\/i0.wp.com\/ismaelcolosi.com.br\/wp-content\/uploads\/2023\/11\/grupo-de-empregos-whatsapp-e-facebook-ismael-colosi-vagas.jpg?ssl=1\" alt=\"\" \/><\/a><\/p>\n<!-- \/wp:image -->\n<\/div>\n<p> <br \/>\n<\/p>\n<div id=\"post-371899\">\n<header class=\"entry-header penci-entry-header penci-title-center\">\n<p> <span class=\"entry-meta-item penci-posted-on\"><i class=\"fa fa-clock-o\"\/><time class=\"entry-date published\" datetime=\"2024-01-29T18:00:41-03:00\">29 de janeiro de 2024 | 18:00<\/time><time class=\"updated\" datetime=\"2024-01-29T14:16:46-03:00\">29 de janeiro de 2024 | 14:16<\/time><\/span><\/p>\n<p> <span class=\"penci-social-buttons penci-social-share-footer\"><a href=\"#\" class=\"penci-post-like penci_post-meta_item  single-like-button penci-social-item like\" data-post_id=\"371899\" title=\"Like\" data-like=\"Like\" data-unlike=\"Unlike\"><i class=\"fa fa-thumbs-o-up\"\/><span class=\"penci-share-number\">0<\/span><\/a><i class=\"fa fa-facebook\"\/><a class=\"penci-social-item twitter\" target=\"_blank\" rel=\"noopener\" title=\"\" href=\"https:\/\/twitter.com\/intent\/tweet?text=Resultado%20da%20primeira%20chamada%20do%20Sisu%20sai%20nesta%20ter\u00e7a%20-%20https:\/\/www.tribunaribeirao.com.br\/site\/resultado-da-primeira-chamada-do-sisu-sai-nesta-terca\/\"><i class=\"fa fa-twitter\"\/><\/a><i class=\"fa fa-whatsapp\"\/><\/span><\/header>\n<div class=\"penci-entry-content entry-content\">\n<p>O Minist\u00e9rio da Educa\u00e7\u00e3o (MEC) divulga nesta ter\u00e7a-feira (30) o resultado dos selecionados na primeira chamada do processo seletivo de 2024 do Sistema de Sele\u00e7\u00e3o Unificada (Sisu). S\u00e3o, ao todo, 264.360 vagas dispon\u00edveis, distribu\u00eddas entre 127 institui\u00e7\u00f5es de educa\u00e7\u00e3o superior participantes do programa.<noscript><img data-recalc-dims=\"1\" decoding=\"async\" src=\"https:\/\/i0.wp.com\/agenciabrasil.ebc.com.br\/ebc.png?ssl=1\"\/><\/noscript><img data-recalc-dims=\"1\" decoding=\"async\" src=\"https:\/\/i0.wp.com\/agenciabrasil.ebc.com.br\/ebc.gif?ssl=1\" class=\"lazyload\"\/><noscript><img data-recalc-dims=\"1\" decoding=\"async\" src=\"https:\/\/i0.wp.com\/agenciabrasil.ebc.com.br\/ebc.gif?ssl=1\"\/><\/noscript><\/p>\n<p>As inscri\u00e7\u00f5es ocorreram de 22 a 25 de janeiro e as matr\u00edculas acontecem do dia 1\u00ba ao dia 7 de fevereiro. Entre 30 de janeiro e 7 de fevereiro, estudantes n\u00e3o selecionados devem manifestar interesse em participar da lista de espera.<\/p>\n<p>O Sisu \u00e9 um sistema eletr\u00f4nico gerido pelo MEC para as vagas ofertadas por institui\u00e7\u00f5es p\u00fablicas de ensino superior de todo o Brasil. O sistema executa a sele\u00e7\u00e3o dos estudantes com base na m\u00e9dia da nota do Exame Nacional do Ensino M\u00e9dio (Enem) at\u00e9 o limite da oferta das vagas, por curso e modalidade de concorr\u00eancia, de acordo com as escolhas dos candidatos inscritos e o perfil socioecon\u00f4mico para Lei de Cotas.<\/p>\n<\/div>\n<footer class=\"penci-entry-footer\"\/><\/div>\n<p><script async src=\"\/\/platform.twitter.com\/widgets.js\" charset=\"utf-8\"><\/script><br \/>\n<br \/><br \/>\n<br \/><a href=\"https:\/\/www.tribunaribeirao.com.br\/site\/resultado-da-primeira-chamada-do-sisu-sai-nesta-terca\/\">Source link <\/a><\/p>\n<!-- CONTENT END 1 -->\n","protected":false},"excerpt":{"rendered":"<p>29 de janeiro de 2024 | 18:0029 de janeiro de 2024 | 14:16 0 O Minist\u00e9rio da Educa\u00e7\u00e3o (MEC) divulga nesta ter\u00e7a-feira (30) o resultado&#8230;<\/p>\n","protected":false},"author":1,"featured_media":33492,"comment_status":"open","ping_status":"open","sticky":false,"template":"","format":"standard","meta":{"advanced_seo_description":"","jetpack_seo_html_title":"","jetpack_seo_noindex":false,"jetpack_post_was_ever_published":false,"_jetpack_newsletter_access":"","_jetpack_dont_email_post_to_subs":false,"_jetpack_newsletter_tier_id":0,"_jetpack_memberships_contains_paywalled_content":false,"_jetpack_memberships_contains_paid_content":false,"footnotes":"","jetpack_publicize_message":"","jetpack_publicize_feature_enabled":true,"jetpack_social_post_already_shared":true,"jetpack_social_options":{"image_generator_settings":{"template":"highway","default_image_id":0,"font":"","enabled":false},"version":2}},"categories":[11],"tags":[3958,207,189,1769,2625,1965,168],"class_list":["post-33491","post","type-post","status-publish","format-standard","has-post-thumbnail","hentry","category-noticias-de-ribeirao-preto-sp-e-regiao-ismael-colosi","tag-chamada","tag-nesta","tag-primeira","tag-resultado","tag-sai","tag-sisu","tag-terca"],"jetpack_publicize_connections":[],"jetpack_featured_media_url":"https:\/\/i0.wp.com\/noticiasribeiraopreto.com.br\/wp-content\/uploads\/2024\/01\/404008e6-bc10-418e-bf15-5395f4301f82-scaled.jpg?fit=1000%2C598&ssl=1","jetpack-related-posts":[{"id":33485,"url":"https:\/\/noticiasribeiraopreto.com.br\/index.php\/2024\/01\/29\/resultado-de-selecionados-na-primeira-chamada-do-sisu-sai-nesta-terca\/","url_meta":{"origin":33491,"position":0},"title":"Resultado de selecionados na primeira chamada do Sisu sai nesta ter\u00e7a \u2013 Folha de Ribeir\u00e3o","author":"noticiasribeiraopreto.com.br","date":"29 de January de 2024","format":false,"excerpt":"O Minist\u00e9rio da Educa\u00e7\u00e3o (MEC) divulga nesta ter\u00e7a-feira (30) o resultado dos selecionados na primeira chamada do processo seletivo de 2024 do Sistema de Sele\u00e7\u00e3o Unificada (Sisu). S\u00e3o, ao todo, 264.360 vagas dispon\u00edveis, distribu\u00eddas entre 127 institui\u00e7\u00f5es de educa\u00e7\u00e3o superior participantes do programa. As inscri\u00e7\u00f5es ocorreram de 22 a 25\u2026","rel":"","context":"In &quot;Not\u00edcias de Ribeir\u00e3o Preto-SP e Regi\u00e3o&quot;","block_context":{"text":"Not\u00edcias de Ribeir\u00e3o Preto-SP e Regi\u00e3o","link":"https:\/\/noticiasribeiraopreto.com.br\/index.php\/category\/noticias-de-ribeirao-preto-sp-e-regiao-ismael-colosi\/"},"img":{"alt_text":"","src":"","width":0,"height":0},"classes":[]},{"id":22735,"url":"https:\/\/noticiasribeiraopreto.com.br\/index.php\/2023\/12\/30\/sisu-tera-edicao-unica-em-2024\/","url_meta":{"origin":33491,"position":1},"title":"Inscri\u00e7\u00f5es para o Sisu come\u00e7am dia 22 e v\u00e3o at\u00e9 25 de janeiro","author":"noticiasribeiraopreto.com.br","date":"30 de December de 2023","format":false,"excerpt":"30 de dezembro de 2023 | 18:0029 de dezembro de 2023 | 19:13 0O acesso a vagas do ensino superior por meio do Sistema de Sistema de Sele\u00e7\u00e3o Unificada (Sisu) ocorrer\u00e1 pela primeira vez em apenas uma edi\u00e7\u00e3o, em janeiro de 2024. A informa\u00e7\u00e3o consta de divulga\u00e7\u00e3o feita pelo governo\u2026","rel":"","context":"In &quot;Not\u00edcias de Ribeir\u00e3o Preto-SP e Regi\u00e3o&quot;","block_context":{"text":"Not\u00edcias de Ribeir\u00e3o Preto-SP e Regi\u00e3o","link":"https:\/\/noticiasribeiraopreto.com.br\/index.php\/category\/noticias-de-ribeirao-preto-sp-e-regiao-ismael-colosi\/"},"img":{"alt_text":"","src":"https:\/\/i0.wp.com\/noticiasribeiraopreto.com.br\/wp-content\/uploads\/2023\/12\/1703978981_sisu-scaled.jpg?fit=1000%2C598&ssl=1&resize=350%2C200","width":350,"height":200,"srcset":"https:\/\/i0.wp.com\/noticiasribeiraopreto.com.br\/wp-content\/uploads\/2023\/12\/1703978981_sisu-scaled.jpg?fit=1000%2C598&ssl=1&resize=350%2C200 1x, https:\/\/i0.wp.com\/noticiasribeiraopreto.com.br\/wp-content\/uploads\/2023\/12\/1703978981_sisu-scaled.jpg?fit=1000%2C598&ssl=1&resize=525%2C300 1.5x, https:\/\/i0.wp.com\/noticiasribeiraopreto.com.br\/wp-content\/uploads\/2023\/12\/1703978981_sisu-scaled.jpg?fit=1000%2C598&ssl=1&resize=700%2C400 2x"},"classes":[]},{"id":62928,"url":"https:\/\/noticiasribeiraopreto.com.br\/index.php\/2025\/01\/28\/mec-prorroga-matriculas-pelo-sisu-2025-confira-nova-data\/","url_meta":{"origin":33491,"position":2},"title":"MEC prorroga matr\u00edculas pelo Sisu 2025; confira nova data","author":"noticiasribeiraopreto.com.br","date":"28 de January de 2025","format":false,"excerpt":"O Minist\u00e9rio da Educa\u00e7\u00e3o (MEC) anunciou, nesta ter\u00e7a-feira (28), a prorroga\u00e7\u00e3o do prazo para matr\u00edculas ou registros acad\u00eamicos nas institui\u00e7\u00f5es p\u00fablicas de ensino superior por meio do Sistema de Sele\u00e7\u00e3o Unificada (Sisu) 2025. A nova data limite para as inscri\u00e7\u00f5es \u00e9 3 de fevereiro. Na \u00faltima segunda-feira (27), o MEC\u2026","rel":"","context":"In &quot;Not\u00edcias de Ribeir\u00e3o Preto-SP e Regi\u00e3o&quot;","block_context":{"text":"Not\u00edcias de Ribeir\u00e3o Preto-SP e Regi\u00e3o","link":"https:\/\/noticiasribeiraopreto.com.br\/index.php\/category\/noticias-de-ribeirao-preto-sp-e-regiao-ismael-colosi\/"},"img":{"alt_text":"","src":"https:\/\/i0.wp.com\/noticiasribeiraopreto.com.br\/wp-content\/uploads\/2025\/01\/1738096127_sisu-1.jpg?fit=1151%2C644&ssl=1&resize=350%2C200","width":350,"height":200,"srcset":"https:\/\/i0.wp.com\/noticiasribeiraopreto.com.br\/wp-content\/uploads\/2025\/01\/1738096127_sisu-1.jpg?fit=1151%2C644&ssl=1&resize=350%2C200 1x, https:\/\/i0.wp.com\/noticiasribeiraopreto.com.br\/wp-content\/uploads\/2025\/01\/1738096127_sisu-1.jpg?fit=1151%2C644&ssl=1&resize=525%2C300 1.5x, https:\/\/i0.wp.com\/noticiasribeiraopreto.com.br\/wp-content\/uploads\/2025\/01\/1738096127_sisu-1.jpg?fit=1151%2C644&ssl=1&resize=700%2C400 2x, https:\/\/i0.wp.com\/noticiasribeiraopreto.com.br\/wp-content\/uploads\/2025\/01\/1738096127_sisu-1.jpg?fit=1151%2C644&ssl=1&resize=1050%2C600 3x"},"classes":[]},{"id":62666,"url":"https:\/\/noticiasribeiraopreto.com.br\/index.php\/2025\/01\/21\/sisu-2025-prazo-para-inscricao-termina-nesta-terca-saiba-como-fazer\/","url_meta":{"origin":33491,"position":3},"title":"Sisu 2025: Prazo para inscri\u00e7\u00e3o termina nesta ter\u00e7a; Saiba como fazer","author":"noticiasribeiraopreto.com.br","date":"21 de January de 2025","format":false,"excerpt":"As inscri\u00e7\u00f5es para o Sistema de Sele\u00e7\u00e3o Unificada (Sisu) 2025 podem ser realizadas at\u00e9 23h59 (hor\u00e1rio de Bras\u00edlia) desta ter\u00e7a-feira (21). Segundo o cronograma divulgado pelo Minist\u00e9rio da Educa\u00e7\u00e3o (MEC), o resultado da chamada regular est\u00e1 previsto para 26 de janeiro e as matr\u00edculas ter\u00e3o in\u00edcio em 27 de janeiro.\u2026","rel":"","context":"In &quot;Not\u00edcias de Ribeir\u00e3o Preto-SP e Regi\u00e3o&quot;","block_context":{"text":"Not\u00edcias de Ribeir\u00e3o Preto-SP e Regi\u00e3o","link":"https:\/\/noticiasribeiraopreto.com.br\/index.php\/category\/noticias-de-ribeirao-preto-sp-e-regiao-ismael-colosi\/"},"img":{"alt_text":"","src":"https:\/\/i0.wp.com\/noticiasribeiraopreto.com.br\/wp-content\/uploads\/2025\/01\/estudante-1.jpg?fit=1200%2C849&ssl=1&resize=350%2C200","width":350,"height":200,"srcset":"https:\/\/i0.wp.com\/noticiasribeiraopreto.com.br\/wp-content\/uploads\/2025\/01\/estudante-1.jpg?fit=1200%2C849&ssl=1&resize=350%2C200 1x, https:\/\/i0.wp.com\/noticiasribeiraopreto.com.br\/wp-content\/uploads\/2025\/01\/estudante-1.jpg?fit=1200%2C849&ssl=1&resize=525%2C300 1.5x, https:\/\/i0.wp.com\/noticiasribeiraopreto.com.br\/wp-content\/uploads\/2025\/01\/estudante-1.jpg?fit=1200%2C849&ssl=1&resize=700%2C400 2x, https:\/\/i0.wp.com\/noticiasribeiraopreto.com.br\/wp-content\/uploads\/2025\/01\/estudante-1.jpg?fit=1200%2C849&ssl=1&resize=1050%2C600 3x"},"classes":[]},{"id":62861,"url":"https:\/\/noticiasribeiraopreto.com.br\/index.php\/2025\/01\/26\/participou-do-sisu-2025-confira-se-voce-esta-na-lista-de-aprovados\/","url_meta":{"origin":33491,"position":4},"title":"Participou do Sisu 2025? Confira se voc\u00ea est\u00e1 na lista de aprovados","author":"noticiasribeiraopreto.com.br","date":"26 de January de 2025","format":false,"excerpt":"O resultado do Sistema de Sele\u00e7\u00e3o Unificada (Sisu) 2025 foi divulgado neste domingo (26). Os candidatos podem conferir os aprovados na chamada regular acessando o Portal \u00danico de Acesso ao Ensino Superior. Os estudantes selecionados no Sisu 2025 devem realizar a matr\u00edcula ou o registro acad\u00eamico nas institui\u00e7\u00f5es de ensino\u2026","rel":"","context":"In &quot;Not\u00edcias de Ribeir\u00e3o Preto-SP e Regi\u00e3o&quot;","block_context":{"text":"Not\u00edcias de Ribeir\u00e3o Preto-SP e Regi\u00e3o","link":"https:\/\/noticiasribeiraopreto.com.br\/index.php\/category\/noticias-de-ribeirao-preto-sp-e-regiao-ismael-colosi\/"},"img":{"alt_text":"","src":"https:\/\/i0.wp.com\/noticiasribeiraopreto.com.br\/wp-content\/uploads\/2025\/01\/1737925343_sisu-1.jpg?fit=1151%2C644&ssl=1&resize=350%2C200","width":350,"height":200,"srcset":"https:\/\/i0.wp.com\/noticiasribeiraopreto.com.br\/wp-content\/uploads\/2025\/01\/1737925343_sisu-1.jpg?fit=1151%2C644&ssl=1&resize=350%2C200 1x, https:\/\/i0.wp.com\/noticiasribeiraopreto.com.br\/wp-content\/uploads\/2025\/01\/1737925343_sisu-1.jpg?fit=1151%2C644&ssl=1&resize=525%2C300 1.5x, https:\/\/i0.wp.com\/noticiasribeiraopreto.com.br\/wp-content\/uploads\/2025\/01\/1737925343_sisu-1.jpg?fit=1151%2C644&ssl=1&resize=700%2C400 2x, https:\/\/i0.wp.com\/noticiasribeiraopreto.com.br\/wp-content\/uploads\/2025\/01\/1737925343_sisu-1.jpg?fit=1151%2C644&ssl=1&resize=1050%2C600 3x"},"classes":[]},{"id":62549,"url":"https:\/\/noticiasribeiraopreto.com.br\/index.php\/2025\/01\/17\/inscricoes-para-o-sisu-2025-comecam-hoje-veja-as-vagas-na-regiao-de-ribeirao\/","url_meta":{"origin":33491,"position":5},"title":"Inscri\u00e7\u00f5es para o Sisu 2025 come\u00e7am hoje; veja as vagas na regi\u00e3o de Ribeir\u00e3o","author":"noticiasribeiraopreto.com.br","date":"17 de January de 2025","format":false,"excerpt":"O Minist\u00e9rio da Educa\u00e7\u00e3o (MEC) abriu, nesta sexta-feira (17), as inscri\u00e7\u00f5es para o Sisu 2025. Os estudantes devem se cadastrar na p\u00e1gina oficial do programa, que utiliza as notas do Enem 2024. O IFSP de Barretos e Sert\u00e3ozinho, por meio do sistema unificado, oferece 400 vagas em 10 cursos. As\u2026","rel":"","context":"In &quot;Not\u00edcias de Ribeir\u00e3o Preto-SP e Regi\u00e3o&quot;","block_context":{"text":"Not\u00edcias de Ribeir\u00e3o Preto-SP e Regi\u00e3o","link":"https:\/\/noticiasribeiraopreto.com.br\/index.php\/category\/noticias-de-ribeirao-preto-sp-e-regiao-ismael-colosi\/"},"img":{"alt_text":"","src":"https:\/\/i0.wp.com\/noticiasribeiraopreto.com.br\/wp-content\/uploads\/2025\/01\/sisu-1.jpg?fit=1151%2C644&ssl=1&resize=350%2C200","width":350,"height":200,"srcset":"https:\/\/i0.wp.com\/noticiasribeiraopreto.com.br\/wp-content\/uploads\/2025\/01\/sisu-1.jpg?fit=1151%2C644&ssl=1&resize=350%2C200 1x, https:\/\/i0.wp.com\/noticiasribeiraopreto.com.br\/wp-content\/uploads\/2025\/01\/sisu-1.jpg?fit=1151%2C644&ssl=1&resize=525%2C300 1.5x, https:\/\/i0.wp.com\/noticiasribeiraopreto.com.br\/wp-content\/uploads\/2025\/01\/sisu-1.jpg?fit=1151%2C644&ssl=1&resize=700%2C400 2x, https:\/\/i0.wp.com\/noticiasribeiraopreto.com.br\/wp-content\/uploads\/2025\/01\/sisu-1.jpg?fit=1151%2C644&ssl=1&resize=1050%2C600 3x"},"classes":[]}],"jetpack_sharing_enabled":true,"jetpack_shortlink":"https:\/\/wp.me\/peQAOb-8Ib","_links":{"self":[{"href":"https:\/\/noticiasribeiraopreto.com.br\/index.php\/wp-json\/wp\/v2\/posts\/33491","targetHints":{"allow":["GET"]}}],"collection":[{"href":"https:\/\/noticiasribeiraopreto.com.br\/index.php\/wp-json\/wp\/v2\/posts"}],"about":[{"href":"https:\/\/noticiasribeiraopreto.com.br\/index.php\/wp-json\/wp\/v2\/types\/post"}],"author":[{"embeddable":true,"href":"https:\/\/noticiasribeiraopreto.com.br\/index.php\/wp-json\/wp\/v2\/users\/1"}],"replies":[{"embeddable":true,"href":"https:\/\/noticiasribeiraopreto.com.br\/index.php\/wp-json\/wp\/v2\/comments?post=33491"}],"version-history":[{"count":0,"href":"https:\/\/noticiasribeiraopreto.com.br\/index.php\/wp-json\/wp\/v2\/posts\/33491\/revisions"}],"wp:featuredmedia":[{"embeddable":true,"href":"https:\/\/noticiasribeiraopreto.com.br\/index.php\/wp-json\/wp\/v2\/media\/33492"}],"wp:attachment":[{"href":"https:\/\/noticiasribeiraopreto.com.br\/index.php\/wp-json\/wp\/v2\/media?parent=33491"}],"wp:term":[{"taxonomy":"category","embeddable":true,"href":"https:\/\/noticiasribeiraopreto.com.br\/index.php\/wp-json\/wp\/v2\/categories?post=33491"},{"taxonomy":"post_tag","embeddable":true,"href":"https:\/\/noticiasribeiraopreto.com.br\/index.php\/wp-json\/wp\/v2\/tags?post=33491"}],"curies":[{"name":"wp","href":"https:\/\/api.w.org\/{rel}","templated":true}]}}