{"id":33513,"date":"2024-01-29T20:13:28","date_gmt":"2024-01-29T23:13:28","guid":{"rendered":"https:\/\/noticiasribeiraopreto.com.br\/index.php\/2024\/01\/29\/utm_sourcerssutm_mediumrssutm_campaignmotoqueiro-e-investigado-apos-buscar-joias-de-idosa-que-caiu-no-golpe-do-falso-sequestro\/"},"modified":"2024-01-29T20:13:28","modified_gmt":"2024-01-29T23:13:28","slug":"utm_sourcerssutm_mediumrssutm_campaignmotoqueiro-e-investigado-apos-buscar-joias-de-idosa-que-caiu-no-golpe-do-falso-sequestro","status":"publish","type":"post","link":"https:\/\/noticiasribeiraopreto.com.br\/index.php\/2024\/01\/29\/utm_sourcerssutm_mediumrssutm_campaignmotoqueiro-e-investigado-apos-buscar-joias-de-idosa-que-caiu-no-golpe-do-falso-sequestro\/","title":{"rendered":"Motoqueiro \u00e9 investigado ap\u00f3s buscar joias de idosa que caiu no golpe do falso sequestro \u2013 X Tudo Ribeir\u00e3o"},"content":{"rendered":"<div class='code-block code-block-1' style='margin: 8px 0 8px auto; text-align: right; display: block; clear: both;'>\n<p><a href=\"https:\/\/wa.link\/vpicfd\"><img data-recalc-dims=\"1\" class=\"wp-image-4922\" style=\"aspect-ratio: 2.0253164556962027; width: 561px; height: auto;\" src=\"https:\/\/i0.wp.com\/ismaelcolosi.com.br\/wp-content\/uploads\/2023\/11\/grupo-de-empregos-whatsapp-e-facebook-ismael-colosi-vagas.jpg?ssl=1\" alt=\"\" \/><\/a><\/p>\n<!-- \/wp:image -->\n<\/div>\n<p> <br \/>\n<\/p>\n<div>\n<p>A Pol\u00edcia Civil atrav\u00e9s do DEIC (Divis\u00e3o Especializada de Investiga\u00e7\u00f5es Criminais) est\u00e1 a procura de um motoqueiro suspeito de integrar uma quadrilha que aplicou o golpe do falso sequestro em uma idosa em um condom\u00ednio no \u00faltimo s\u00e1bado (27\/1), em Bonfim Paulista.<\/p>\n<p>Segundo informa\u00e7\u00f5es apuradas com a Pol\u00edcia Civil, no \u00faltimo s\u00e1bado a v\u00edtima recebeu uma liga\u00e7\u00e3o, que dizia que seu filho teria sido sequestrado por bandidos.<\/p>\n<p>Ainda durante a liga\u00e7\u00e3o, os bandidos exigiram que a v\u00edtima entregasse todos os objetos de valor que tivesse no im\u00f3vel. A v\u00edtima acreditando que o filho estava em poder dos bandidos, pegou v\u00e1rias joias e entregou para um motoqueiro.<\/p>\n<p>Qualquer informa\u00e7\u00f5es que leve a Pol\u00edcia ao suspeito DENUNCIE pelo telefone WhatsApp 016 99148-1544 ou disque-den\u00fancia 181.<\/p>\n<\/p><\/div>\n<p><br \/>\n<br \/><a href=\"https:\/\/xtudoribeirao.com.br\/2024\/01\/29\/motoqueiro-e-investigado-apos-buscar-joias-de-idosa-que-caiu-no-golpe-do-falso-sequestro\/?utm_source=rss&#038;utm_medium=rss&#038;utm_campaign=motoqueiro-e-investigado-apos-buscar-joias-de-idosa-que-caiu-no-golpe-do-falso-sequestro\">Source link <\/a><\/p>\n<!-- CONTENT END 1 -->\n","protected":false},"excerpt":{"rendered":"<p>A Pol\u00edcia Civil atrav\u00e9s do DEIC (Divis\u00e3o Especializada de Investiga\u00e7\u00f5es Criminais) est\u00e1 a procura de um motoqueiro suspeito de integrar uma quadrilha que aplicou o&#8230;<\/p>\n","protected":false},"author":1,"featured_media":33514,"comment_status":"open","ping_status":"open","sticky":false,"template":"","format":"standard","meta":{"advanced_seo_description":"","jetpack_seo_html_title":"","jetpack_seo_noindex":false,"jetpack_post_was_ever_published":false,"_jetpack_newsletter_access":"","_jetpack_dont_email_post_to_subs":false,"_jetpack_newsletter_tier_id":0,"_jetpack_memberships_contains_paywalled_content":false,"_jetpack_memberships_contains_paid_content":false,"footnotes":"","jetpack_publicize_message":"","jetpack_publicize_feature_enabled":true,"jetpack_social_post_already_shared":true,"jetpack_social_options":{"image_generator_settings":{"template":"highway","default_image_id":0,"font":"","enabled":false},"version":2}},"categories":[11],"tags":[37,3699,2612,403,25,1368,133,3963,35,26,2269,43],"class_list":["post-33513","post","type-post","status-publish","format-standard","has-post-thumbnail","hentry","category-noticias-de-ribeirao-preto-sp-e-regiao-ismael-colosi","tag-apos","tag-buscar","tag-caiu","tag-falso","tag-golpe","tag-idosa","tag-investigado","tag-joias","tag-motoqueiro","tag-ribeirao","tag-sequestro","tag-tudo"],"jetpack_publicize_connections":[],"jetpack_featured_media_url":"https:\/\/i0.wp.com\/noticiasribeiraopreto.com.br\/wp-content\/uploads\/2024\/01\/x-tudo-ribeirao.png?fit=554%2C554&ssl=1","jetpack-related-posts":[{"id":41290,"url":"https:\/\/noticiasribeiraopreto.com.br\/index.php\/2024\/03\/07\/empresaria-de-ribeirao-preto-e-vitima-do-golpe-do-falso-sequestro\/","url_meta":{"origin":33513,"position":0},"title":"Empres\u00e1ria de Ribeir\u00e3o Preto \u00e9 v\u00edtima do golpe do falso sequestro","author":"noticiasribeiraopreto.com.br","date":"7 de March de 2024","format":false,"excerpt":"Uma empres\u00e1ria de Ribeir\u00e3o Preto caiu no golpe do falso sequestro no \u00faltimo m\u00eas de fevereiro. Nesta quinta-feira (7), a Pol\u00edcia Civil deflagrou a segunda-feira da Opera\u00e7\u00e3o Repetundarum, que investiga os acusados de envolvimento com a quadrilha que pratica estelionatos na regi\u00e3o. Um motorista de aplicativo foi interrogado pela Pol\u00edcia\u2026","rel":"","context":"In &quot;Not\u00edcias de Ribeir\u00e3o Preto-SP e Regi\u00e3o&quot;","block_context":{"text":"Not\u00edcias de Ribeir\u00e3o Preto-SP e Regi\u00e3o","link":"https:\/\/noticiasribeiraopreto.com.br\/index.php\/category\/noticias-de-ribeirao-preto-sp-e-regiao-ismael-colosi\/"},"img":{"alt_text":"","src":"https:\/\/noticiasribeiraopreto.com.br\/wp-content\/uploads\/2023\/11\/whatsapp_image_2022-08-14_at_12_10_03.jpe","width":350,"height":200,"srcset":"https:\/\/noticiasribeiraopreto.com.br\/wp-content\/uploads\/2023\/11\/whatsapp_image_2022-08-14_at_12_10_03.jpe 1x, https:\/\/noticiasribeiraopreto.com.br\/wp-content\/uploads\/2023\/11\/whatsapp_image_2022-08-14_at_12_10_03.jpe 1.5x, https:\/\/noticiasribeiraopreto.com.br\/wp-content\/uploads\/2023\/11\/whatsapp_image_2022-08-14_at_12_10_03.jpe 2x, https:\/\/noticiasribeiraopreto.com.br\/wp-content\/uploads\/2023\/11\/whatsapp_image_2022-08-14_at_12_10_03.jpe 3x"},"classes":[]},{"id":72725,"url":"https:\/\/noticiasribeiraopreto.com.br\/index.php\/2025\/06\/20\/idosa-cai-no-golpe-do-falso-sequestro-e-perde-r-10-mil-e-joias-em-ribeirao-preto\/","url_meta":{"origin":33513,"position":1},"title":"Idosa cai no golpe do falso sequestro e perde R$ 10 mil e joias em Ribeir\u00e3o Preto","author":"noticiasribeiraopreto.com.br","date":"20 de June de 2025","format":false,"excerpt":"Uma mulher de 78 anos perdeu aproximadamente R$ 10 mil em dinheiro e joias ao cair no golpe do falso sequestro nesta quinta-feira (19), em Ribeir\u00e3o Preto. Segundo o boletim de ocorr\u00eancia (BO), por telefone, os criminosos exigiram transfer\u00eancias banc\u00e1rias\u00a0e dep\u00f3sitos, al\u00e9m das joias, enquanto simulavam o sequestro de um\u2026","rel":"","context":"In &quot;Not\u00edcias de Ribeir\u00e3o Preto-SP e Regi\u00e3o&quot;","block_context":{"text":"Not\u00edcias de Ribeir\u00e3o Preto-SP e Regi\u00e3o","link":"https:\/\/noticiasribeiraopreto.com.br\/index.php\/category\/noticias-de-ribeirao-preto-sp-e-regiao-ismael-colosi\/"},"img":{"alt_text":"","src":"https:\/\/i0.wp.com\/noticiasribeiraopreto.com.br\/wp-content\/uploads\/2025\/06\/1750438294_cpj_policia_1024x576_21012021082231.jpg?fit=1024%2C576&ssl=1&resize=350%2C200","width":350,"height":200,"srcset":"https:\/\/i0.wp.com\/noticiasribeiraopreto.com.br\/wp-content\/uploads\/2025\/06\/1750438294_cpj_policia_1024x576_21012021082231.jpg?fit=1024%2C576&ssl=1&resize=350%2C200 1x, https:\/\/i0.wp.com\/noticiasribeiraopreto.com.br\/wp-content\/uploads\/2025\/06\/1750438294_cpj_policia_1024x576_21012021082231.jpg?fit=1024%2C576&ssl=1&resize=525%2C300 1.5x, https:\/\/i0.wp.com\/noticiasribeiraopreto.com.br\/wp-content\/uploads\/2025\/06\/1750438294_cpj_policia_1024x576_21012021082231.jpg?fit=1024%2C576&ssl=1&resize=700%2C400 2x"},"classes":[]},{"id":40223,"url":"https:\/\/noticiasribeiraopreto.com.br\/index.php\/2024\/03\/01\/o-que-se-sabe-sobre-a-quadrilha-do-falso-sequestro-em-ribeirao-preto-e-regiao\/","url_meta":{"origin":33513,"position":2},"title":"O que se sabe sobre a quadrilha do falso sequestro em Ribeir\u00e3o Preto e regi\u00e3o","author":"noticiasribeiraopreto.com.br","date":"1 de March de 2024","format":false,"excerpt":"Nesta quinta-feira (29), um homem foi preso temporariamente em Sert\u00e3ozinho, cidade na regi\u00e3o de Ribeir\u00e3o Preto, por suspeita de integrar uma quadrilha especializada em aplicar o golpe do falso sequestro, com extors\u00e3o das v\u00edtimas mediante a entrega de joias. O grupo \u00e9 suspeito de aplicar tr\u00eas golpes entre o final\u2026","rel":"","context":"In &quot;Not\u00edcias de Ribeir\u00e3o Preto-SP e Regi\u00e3o&quot;","block_context":{"text":"Not\u00edcias de Ribeir\u00e3o Preto-SP e Regi\u00e3o","link":"https:\/\/noticiasribeiraopreto.com.br\/index.php\/category\/noticias-de-ribeirao-preto-sp-e-regiao-ismael-colosi\/"},"img":{"alt_text":"","src":"https:\/\/i0.wp.com\/noticiasribeiraopreto.com.br\/wp-content\/uploads\/2024\/03\/cpj_1024x576_21012021092745.jpg?fit=1024%2C575&ssl=1&resize=350%2C200","width":350,"height":200,"srcset":"https:\/\/i0.wp.com\/noticiasribeiraopreto.com.br\/wp-content\/uploads\/2024\/03\/cpj_1024x576_21012021092745.jpg?fit=1024%2C575&ssl=1&resize=350%2C200 1x, https:\/\/i0.wp.com\/noticiasribeiraopreto.com.br\/wp-content\/uploads\/2024\/03\/cpj_1024x576_21012021092745.jpg?fit=1024%2C575&ssl=1&resize=525%2C300 1.5x, https:\/\/i0.wp.com\/noticiasribeiraopreto.com.br\/wp-content\/uploads\/2024\/03\/cpj_1024x576_21012021092745.jpg?fit=1024%2C575&ssl=1&resize=700%2C400 2x"},"classes":[]},{"id":80909,"url":"https:\/\/noticiasribeiraopreto.com.br\/index.php\/2025\/12\/18\/idoso-cai-em-golpe-do-falso-sequestro-e-perde-dinheiro-da-aposentadoria-em-ribeirao-preto\/","url_meta":{"origin":33513,"position":3},"title":"Idoso cai em golpe do falso sequestro e perde dinheiro da aposentadoria em Ribeir\u00e3o Preto","author":"noticiasribeiraopreto.com.br","date":"18 de December de 2025","format":false,"excerpt":"Um homem de 91 anos perdeu R$ 1 mil na \u00faltima segunda-feira (15), ap\u00f3s cair no golpe do falso sequestro, na Vila Virg\u00ednia, zona Oeste de Ribeir\u00e3o Preto. \u00a0Segundo o boletim de ocorr\u00eancia (BO), a v\u00edtima recebeu uma liga\u00e7\u00e3o com voz semelhante a de seu filho, que disse ter sido\u2026","rel":"","context":"In &quot;Not\u00edcias de Ribeir\u00e3o Preto-SP e Regi\u00e3o&quot;","block_context":{"text":"Not\u00edcias de Ribeir\u00e3o Preto-SP e Regi\u00e3o","link":"https:\/\/noticiasribeiraopreto.com.br\/index.php\/category\/noticias-de-ribeirao-preto-sp-e-regiao-ismael-colosi\/"},"img":{"alt_text":"","src":"https:\/\/i0.wp.com\/noticiasribeiraopreto.com.br\/wp-content\/uploads\/2025\/12\/WhatsApp-Image-2025-12-17-at-15.52.00_2025-12-17_18-52-40.webp.webp?fit=855%2C469&ssl=1&resize=350%2C200","width":350,"height":200,"srcset":"https:\/\/i0.wp.com\/noticiasribeiraopreto.com.br\/wp-content\/uploads\/2025\/12\/WhatsApp-Image-2025-12-17-at-15.52.00_2025-12-17_18-52-40.webp.webp?fit=855%2C469&ssl=1&resize=350%2C200 1x, https:\/\/i0.wp.com\/noticiasribeiraopreto.com.br\/wp-content\/uploads\/2025\/12\/WhatsApp-Image-2025-12-17-at-15.52.00_2025-12-17_18-52-40.webp.webp?fit=855%2C469&ssl=1&resize=525%2C300 1.5x, https:\/\/i0.wp.com\/noticiasribeiraopreto.com.br\/wp-content\/uploads\/2025\/12\/WhatsApp-Image-2025-12-17-at-15.52.00_2025-12-17_18-52-40.webp.webp?fit=855%2C469&ssl=1&resize=700%2C400 2x"},"classes":[]},{"id":39996,"url":"https:\/\/noticiasribeiraopreto.com.br\/index.php\/2024\/02\/29\/policia-investiga-falsos-sequestradores-na-regiao\/","url_meta":{"origin":33513,"position":4},"title":"Pol\u00edcia investiga falsos sequestradores na regi\u00e3o","author":"noticiasribeiraopreto.com.br","date":"29 de February de 2024","format":false,"excerpt":"Suspeitos diziam estar com parente de v\u00edtima e exigiam joias; homem que buscava pagamento da extors\u00e3o foi preso 29 de fevereiro de 2024 | 13:04 0Por: Adalberto LuqueUm homem foi preso, na manh\u00e3 desta quinta-feira (29), suspeito de envolvimento com um grupo que praticava falsos sequestros e exigiam joias como\u2026","rel":"","context":"In &quot;Not\u00edcias de Ribeir\u00e3o Preto-SP e Regi\u00e3o&quot;","block_context":{"text":"Not\u00edcias de Ribeir\u00e3o Preto-SP e Regi\u00e3o","link":"https:\/\/noticiasribeiraopreto.com.br\/index.php\/category\/noticias-de-ribeirao-preto-sp-e-regiao-ismael-colosi\/"},"img":{"alt_text":"","src":"https:\/\/i0.wp.com\/noticiasribeiraopreto.com.br\/wp-content\/uploads\/2024\/02\/Policia-Civil-foto-divulgacao-scaled.jpg?fit=1000%2C538&ssl=1&resize=350%2C200","width":350,"height":200,"srcset":"https:\/\/i0.wp.com\/noticiasribeiraopreto.com.br\/wp-content\/uploads\/2024\/02\/Policia-Civil-foto-divulgacao-scaled.jpg?fit=1000%2C538&ssl=1&resize=350%2C200 1x, https:\/\/i0.wp.com\/noticiasribeiraopreto.com.br\/wp-content\/uploads\/2024\/02\/Policia-Civil-foto-divulgacao-scaled.jpg?fit=1000%2C538&ssl=1&resize=525%2C300 1.5x, https:\/\/i0.wp.com\/noticiasribeiraopreto.com.br\/wp-content\/uploads\/2024\/02\/Policia-Civil-foto-divulgacao-scaled.jpg?fit=1000%2C538&ssl=1&resize=700%2C400 2x"},"classes":[]},{"id":33787,"url":"https:\/\/noticiasribeiraopreto.com.br\/index.php\/2024\/01\/30\/ladrao-agride-idosa-com-mordidas-e-golpes-de-faca-na-zona-sul-de-ribeirao-preto\/","url_meta":{"origin":33513,"position":5},"title":"Ladr\u00e3o agride idosa com mordidas e golpes de faca na zona Sul de Ribeir\u00e3o Preto","author":"noticiasribeiraopreto.com.br","date":"30 de January de 2024","format":false,"excerpt":"Uma idosa de 64 anos foi violentamente agredida por um ladr\u00e3o que invadiu a casa onde ela mora no bairro Santa Cruz do Jos\u00e9 Jaques, na zona Sul de Ribeir\u00e3o Preto. O crime aconteceu na madrugada de s\u00e1bado (27). Segundo a pol\u00edcia, a v\u00edtima estava no quarto quando foi rendida\u2026","rel":"","context":"In &quot;Not\u00edcias de Ribeir\u00e3o Preto-SP e Regi\u00e3o&quot;","block_context":{"text":"Not\u00edcias de Ribeir\u00e3o Preto-SP e Regi\u00e3o","link":"https:\/\/noticiasribeiraopreto.com.br\/index.php\/category\/noticias-de-ribeirao-preto-sp-e-regiao-ismael-colosi\/"},"img":{"alt_text":"","src":"https:\/\/i0.wp.com\/noticiasribeiraopreto.com.br\/wp-content\/uploads\/2024\/01\/WhatsApp-Image-2024-01-30-at-18.08.45.jpeg?fit=1200%2C670&ssl=1&resize=350%2C200","width":350,"height":200,"srcset":"https:\/\/i0.wp.com\/noticiasribeiraopreto.com.br\/wp-content\/uploads\/2024\/01\/WhatsApp-Image-2024-01-30-at-18.08.45.jpeg?fit=1200%2C670&ssl=1&resize=350%2C200 1x, https:\/\/i0.wp.com\/noticiasribeiraopreto.com.br\/wp-content\/uploads\/2024\/01\/WhatsApp-Image-2024-01-30-at-18.08.45.jpeg?fit=1200%2C670&ssl=1&resize=525%2C300 1.5x, https:\/\/i0.wp.com\/noticiasribeiraopreto.com.br\/wp-content\/uploads\/2024\/01\/WhatsApp-Image-2024-01-30-at-18.08.45.jpeg?fit=1200%2C670&ssl=1&resize=700%2C400 2x, https:\/\/i0.wp.com\/noticiasribeiraopreto.com.br\/wp-content\/uploads\/2024\/01\/WhatsApp-Image-2024-01-30-at-18.08.45.jpeg?fit=1200%2C670&ssl=1&resize=1050%2C600 3x"},"classes":[]}],"jetpack_sharing_enabled":true,"jetpack_shortlink":"https:\/\/wp.me\/peQAOb-8Ix","_links":{"self":[{"href":"https:\/\/noticiasribeiraopreto.com.br\/index.php\/wp-json\/wp\/v2\/posts\/33513","targetHints":{"allow":["GET"]}}],"collection":[{"href":"https:\/\/noticiasribeiraopreto.com.br\/index.php\/wp-json\/wp\/v2\/posts"}],"about":[{"href":"https:\/\/noticiasribeiraopreto.com.br\/index.php\/wp-json\/wp\/v2\/types\/post"}],"author":[{"embeddable":true,"href":"https:\/\/noticiasribeiraopreto.com.br\/index.php\/wp-json\/wp\/v2\/users\/1"}],"replies":[{"embeddable":true,"href":"https:\/\/noticiasribeiraopreto.com.br\/index.php\/wp-json\/wp\/v2\/comments?post=33513"}],"version-history":[{"count":0,"href":"https:\/\/noticiasribeiraopreto.com.br\/index.php\/wp-json\/wp\/v2\/posts\/33513\/revisions"}],"wp:featuredmedia":[{"embeddable":true,"href":"https:\/\/noticiasribeiraopreto.com.br\/index.php\/wp-json\/wp\/v2\/media\/33514"}],"wp:attachment":[{"href":"https:\/\/noticiasribeiraopreto.com.br\/index.php\/wp-json\/wp\/v2\/media?parent=33513"}],"wp:term":[{"taxonomy":"category","embeddable":true,"href":"https:\/\/noticiasribeiraopreto.com.br\/index.php\/wp-json\/wp\/v2\/categories?post=33513"},{"taxonomy":"post_tag","embeddable":true,"href":"https:\/\/noticiasribeiraopreto.com.br\/index.php\/wp-json\/wp\/v2\/tags?post=33513"}],"curies":[{"name":"wp","href":"https:\/\/api.w.org\/{rel}","templated":true}]}}