{"id":33601,"date":"2024-01-30T07:47:51","date_gmt":"2024-01-30T10:47:51","guid":{"rendered":"https:\/\/noticiasribeiraopreto.com.br\/index.php\/2024\/01\/30\/menor-e-apreendido-traficando-na-zona-oeste\/"},"modified":"2024-01-30T07:47:51","modified_gmt":"2024-01-30T10:47:51","slug":"menor-e-apreendido-traficando-na-zona-oeste","status":"publish","type":"post","link":"https:\/\/noticiasribeiraopreto.com.br\/index.php\/2024\/01\/30\/menor-e-apreendido-traficando-na-zona-oeste\/","title":{"rendered":"Menor \u00e9 apreendido traficando na zona Oeste"},"content":{"rendered":"<div class='code-block code-block-1' style='margin: 8px 0 8px auto; text-align: right; display: block; clear: both;'>\n<p><a href=\"https:\/\/wa.link\/vpicfd\"><img data-recalc-dims=\"1\" class=\"wp-image-4922\" style=\"aspect-ratio: 2.0253164556962027; width: 561px; height: auto;\" src=\"https:\/\/i0.wp.com\/ismaelcolosi.com.br\/wp-content\/uploads\/2023\/11\/grupo-de-empregos-whatsapp-e-facebook-ismael-colosi-vagas.jpg?ssl=1\" alt=\"\" \/><\/a><\/p>\n<!-- \/wp:image -->\n<\/div>\n<p> <br \/>\n<\/p>\n<div id=\"post-371923\">\n<header class=\"entry-header penci-entry-header penci-title-center\">\n<p> <span class=\"entry-meta-item penci-posted-on\"><i class=\"fa fa-clock-o\"\/><time class=\"entry-date published\" datetime=\"2024-01-30T07:09:33-03:00\">30 de janeiro de 2024 | 7:09<\/time><time class=\"updated\" datetime=\"2024-01-29T17:14:03-03:00\">29 de janeiro de 2024 | 17:14<\/time><\/span><\/p>\n<p> <span class=\"penci-social-buttons penci-social-share-footer\"><a href=\"#\" class=\"penci-post-like penci_post-meta_item  single-like-button penci-social-item like\" data-post_id=\"371923\" title=\"Like\" data-like=\"Like\" data-unlike=\"Unlike\"><i class=\"fa fa-thumbs-o-up\"\/><span class=\"penci-share-number\">1<\/span><\/a><i class=\"fa fa-facebook\"\/><a class=\"penci-social-item twitter\" target=\"_blank\" rel=\"noopener\" title=\"\" href=\"https:\/\/twitter.com\/intent\/tweet?text=Menor%20\u00e9%20apreendido%20traficando%20na%20zona%20Oeste%20-%20https:\/\/www.tribunaribeirao.com.br\/site\/menor-e-apreendido-traficando-na-zona-oeste\/\"><i class=\"fa fa-twitter\"\/><\/a><i class=\"fa fa-whatsapp\"\/><\/span><\/header>\n<div class=\"penci-entry-content entry-content\">\n<p>Por: Adalberto Luque<\/p>\n<p>Um jovem de 17 anos foi apreendido, nesta segunda-feira (29). Ele teria sido flagrado traficando drogas nas ruas do Parque Ribeir\u00e3o Preto, zona Oeste da cidade. Durante opera\u00e7\u00e3o feita em local onde \u00e9 comum haver venda de entorpecentes, o menor foi visto vendendo drogas.<\/p>\n<p>A pris\u00e3o foi feita por policiais civis da Delegacia de Investiga\u00e7\u00f5es Sobre Entorpecentes da Divis\u00e3o Especializada em Investiga\u00e7\u00f5es Criminais (DISE\/DEIC) de Ribeir\u00e3o Preto. Segundo o delegado Eduardo Martinez, o adolescente \u00e9 reincidente na pr\u00e1tica do tr\u00e1fico de drogas.<\/p>\n<p>Com ele os agentes apreenderam 162 c\u00e1psulas com por\u00e7\u00f5es de coca\u00edna, al\u00e9m de R$ 500 em c\u00e9dulas de diversos valores. O menor foi levado para a sede da especializada, onde foi indiciado por ato infracional an\u00e1logo ao tr\u00e1fico de drogas. Ele ficou \u00e0 disposi\u00e7\u00e3o da Justi\u00e7a.<\/p>\n<\/div>\n<footer class=\"penci-entry-footer\"\/><\/div>\n<p><script async src=\"\/\/platform.twitter.com\/widgets.js\" charset=\"utf-8\"><\/script><br \/>\n<br \/><br \/>\n<br \/><a href=\"https:\/\/www.tribunaribeirao.com.br\/site\/menor-e-apreendido-traficando-na-zona-oeste\/\">Source link <\/a><\/p>\n<!-- CONTENT END 1 -->\n","protected":false},"excerpt":{"rendered":"<p>30 de janeiro de 2024 | 7:0929 de janeiro de 2024 | 17:14 1 Por: Adalberto Luque Um jovem de 17 anos foi apreendido, nesta&#8230;<\/p>\n","protected":false},"author":1,"featured_media":33602,"comment_status":"open","ping_status":"open","sticky":false,"template":"","format":"standard","meta":{"advanced_seo_description":"","jetpack_seo_html_title":"","jetpack_seo_noindex":false,"jetpack_post_was_ever_published":false,"_jetpack_newsletter_access":"","_jetpack_dont_email_post_to_subs":false,"_jetpack_newsletter_tier_id":0,"_jetpack_memberships_contains_paywalled_content":false,"_jetpack_memberships_contains_paid_content":false,"footnotes":"","jetpack_publicize_message":"","jetpack_publicize_feature_enabled":true,"jetpack_social_post_already_shared":true,"jetpack_social_options":{"image_generator_settings":{"template":"highway","default_image_id":0,"font":"","enabled":false},"version":2}},"categories":[11],"tags":[3802,842,341,2447,340],"class_list":["post-33601","post","type-post","status-publish","format-standard","has-post-thumbnail","hentry","category-noticias-de-ribeirao-preto-sp-e-regiao-ismael-colosi","tag-apreendido","tag-menor","tag-oeste","tag-traficando","tag-zona"],"jetpack_publicize_connections":[],"jetpack_featured_media_url":"https:\/\/i0.wp.com\/noticiasribeiraopreto.com.br\/wp-content\/uploads\/2024\/01\/00-30-jan-2024-menor-apreendido-foto-dise.jpg?fit=760%2C425&ssl=1","jetpack-related-posts":[{"id":41956,"url":"https:\/\/noticiasribeiraopreto.com.br\/index.php\/2024\/03\/12\/adolescente-e-detido-com-quase-mil-porcoes-de-drogas\/","url_meta":{"origin":33601,"position":0},"title":"Adolescente \u00e9 detido com quase mil por\u00e7\u00f5es de drogas","author":"noticiasribeiraopreto.com.br","date":"12 de March de 2024","format":false,"excerpt":"Entorpecentes estavam na mochila do menor, que foi flagrado na zona Oeste da cidade 12 de mar\u00e7o de 2024 | 10:24 2Por: Adalberto LuqueUm adolescente foi apreendido, na tarde desta segunda-feira (11), com uma mochila repleta de por\u00e7\u00f5es de drogas. Ele estava na Rua Jo\u00e3o Thomazo, Jardim Marchesi, zona Oeste\u2026","rel":"","context":"In &quot;Not\u00edcias de Ribeir\u00e3o Preto-SP e Regi\u00e3o&quot;","block_context":{"text":"Not\u00edcias de Ribeir\u00e3o Preto-SP e Regi\u00e3o","link":"https:\/\/noticiasribeiraopreto.com.br\/index.php\/category\/noticias-de-ribeirao-preto-sp-e-regiao-ismael-colosi\/"},"img":{"alt_text":"","src":"https:\/\/i0.wp.com\/noticiasribeiraopreto.com.br\/wp-content\/uploads\/2024\/03\/00-12-mar-2024-apreensao-dise-foto-deic.jpg?fit=564%2C423&ssl=1&resize=350%2C200","width":350,"height":200,"srcset":"https:\/\/i0.wp.com\/noticiasribeiraopreto.com.br\/wp-content\/uploads\/2024\/03\/00-12-mar-2024-apreensao-dise-foto-deic.jpg?fit=564%2C423&ssl=1&resize=350%2C200 1x, https:\/\/i0.wp.com\/noticiasribeiraopreto.com.br\/wp-content\/uploads\/2024\/03\/00-12-mar-2024-apreensao-dise-foto-deic.jpg?fit=564%2C423&ssl=1&resize=525%2C300 1.5x"},"classes":[]},{"id":44102,"url":"https:\/\/noticiasribeiraopreto.com.br\/index.php\/2024\/03\/25\/tornozeleira-eletronica-e-descartada-na-zona-oeste\/","url_meta":{"origin":33601,"position":1},"title":"Tornozeleira eletr\u00f4nica \u00e9 descartada na zona Oeste","author":"noticiasribeiraopreto.com.br","date":"25 de March de 2024","format":false,"excerpt":"Artefato pode ter sido abandonado por presos durante a primeira sa\u00edda tempor\u00e1ria deste ano 25 de mar\u00e7o de 2024 | 11:59 2 Por: Adalberto Luque A Pol\u00edcia Militar encontrou, no final da tarde de sexta-feira (22), uma tornozeleira eletr\u00f4nica utilizada para monitorar presos que recebem benef\u00edcio da sa\u00edda tempor\u00e1ria. A\u2026","rel":"","context":"In &quot;Not\u00edcias de Ribeir\u00e3o Preto-SP e Regi\u00e3o&quot;","block_context":{"text":"Not\u00edcias de Ribeir\u00e3o Preto-SP e Regi\u00e3o","link":"https:\/\/noticiasribeiraopreto.com.br\/index.php\/category\/noticias-de-ribeirao-preto-sp-e-regiao-ismael-colosi\/"},"img":{"alt_text":"","src":"https:\/\/i0.wp.com\/noticiasribeiraopreto.com.br\/wp-content\/uploads\/2024\/03\/00-25-mar-2024-tornozeleira-abandonada-foto-x-tudo.jpg?fit=485%2C287&ssl=1&resize=350%2C200","width":350,"height":200},"classes":[]},{"id":32679,"url":"https:\/\/noticiasribeiraopreto.com.br\/index.php\/2024\/01\/26\/video-traficante-se-da-mal-durante-fuga-em-alta-velocidade\/","url_meta":{"origin":33601,"position":2},"title":"V\u00cdDEO &#8211; Traficante se d\u00e1 mal durante fuga em alta velocidade","author":"noticiasribeiraopreto.com.br","date":"26 de January de 2024","format":false,"excerpt":"Homem tentava fugir de policiais civis em avenida da zona Oeste, mas acabou sendo preso com oito tijolos de maconha 25 de janeiro de 2024 | 15:4425 de janeiro de 2024 | 15:45 2Por: Adalberto LuqueUm homem foi preso, na manh\u00e3 desta quinta-feira (25), ap\u00f3s uma persegui\u00e7\u00e3o em alta velocidade\u2026","rel":"","context":"In &quot;Not\u00edcias de Ribeir\u00e3o Preto-SP e Regi\u00e3o&quot;","block_context":{"text":"Not\u00edcias de Ribeir\u00e3o Preto-SP e Regi\u00e3o","link":"https:\/\/noticiasribeiraopreto.com.br\/index.php\/category\/noticias-de-ribeirao-preto-sp-e-regiao-ismael-colosi\/"},"img":{"alt_text":"","src":"https:\/\/i0.wp.com\/noticiasribeiraopreto.com.br\/wp-content\/uploads\/2024\/01\/00-25-jan-2024-fuga-alucinada-01-foto-divulgacao.jpg?fit=761%2C426&ssl=1&resize=350%2C200","width":350,"height":200,"srcset":"https:\/\/i0.wp.com\/noticiasribeiraopreto.com.br\/wp-content\/uploads\/2024\/01\/00-25-jan-2024-fuga-alucinada-01-foto-divulgacao.jpg?fit=761%2C426&ssl=1&resize=350%2C200 1x, https:\/\/i0.wp.com\/noticiasribeiraopreto.com.br\/wp-content\/uploads\/2024\/01\/00-25-jan-2024-fuga-alucinada-01-foto-divulgacao.jpg?fit=761%2C426&ssl=1&resize=525%2C300 1.5x, https:\/\/i0.wp.com\/noticiasribeiraopreto.com.br\/wp-content\/uploads\/2024\/01\/00-25-jan-2024-fuga-alucinada-01-foto-divulgacao.jpg?fit=761%2C426&ssl=1&resize=700%2C400 2x"},"classes":[]},{"id":31652,"url":"https:\/\/noticiasribeiraopreto.com.br\/index.php\/2024\/01\/22\/utm_sourcerssutm_mediumrssutm_campaignhomem-esfaqueia-menor-do-trafico-ao-tentar-comprar-drogas-fiado-em-ribeirao-preto-com-o-menor-foi-apreendido-maconha\/","url_meta":{"origin":33601,"position":3},"title":"Homem esfaqueia menor do tr\u00e1fico ao tentar comprar drogas fiado em Ribeir\u00e3o Preto; com o menor foi apreendido maconha \u2013 X Tudo Ribeir\u00e3o","author":"noticiasribeiraopreto.com.br","date":"22 de January de 2024","format":false,"excerpt":"Um usu\u00e1rio de drogas foi preso pela PM (Pol\u00edcia Militar) ap\u00f3s esfaquear um menor do tr\u00e1fico durante uma confus\u00e3o em um condom\u00ednio situado na rua Itajub\u00e1, na zona Norte de Ribeir\u00e3o Preto. Segundo informa\u00e7\u00f5es da Pol\u00edcia Militar, populares acionaram os Policiais versando sobre uma tentativa de homic\u00eddio que teria ocorrido\u2026","rel":"","context":"In &quot;Not\u00edcias de Ribeir\u00e3o Preto-SP e Regi\u00e3o&quot;","block_context":{"text":"Not\u00edcias de Ribeir\u00e3o Preto-SP e Regi\u00e3o","link":"https:\/\/noticiasribeiraopreto.com.br\/index.php\/category\/noticias-de-ribeirao-preto-sp-e-regiao-ismael-colosi\/"},"img":{"alt_text":"","src":"https:\/\/i0.wp.com\/noticiasribeiraopreto.com.br\/wp-content\/uploads\/2024\/01\/WhatsApp-Image-2024-01-22-at-22.35.17-1.jpeg?fit=1200%2C1200&ssl=1&resize=350%2C200","width":350,"height":200,"srcset":"https:\/\/i0.wp.com\/noticiasribeiraopreto.com.br\/wp-content\/uploads\/2024\/01\/WhatsApp-Image-2024-01-22-at-22.35.17-1.jpeg?fit=1200%2C1200&ssl=1&resize=350%2C200 1x, https:\/\/i0.wp.com\/noticiasribeiraopreto.com.br\/wp-content\/uploads\/2024\/01\/WhatsApp-Image-2024-01-22-at-22.35.17-1.jpeg?fit=1200%2C1200&ssl=1&resize=525%2C300 1.5x, https:\/\/i0.wp.com\/noticiasribeiraopreto.com.br\/wp-content\/uploads\/2024\/01\/WhatsApp-Image-2024-01-22-at-22.35.17-1.jpeg?fit=1200%2C1200&ssl=1&resize=700%2C400 2x, https:\/\/i0.wp.com\/noticiasribeiraopreto.com.br\/wp-content\/uploads\/2024\/01\/WhatsApp-Image-2024-01-22-at-22.35.17-1.jpeg?fit=1200%2C1200&ssl=1&resize=1050%2C600 3x"},"classes":[]},{"id":57254,"url":"https:\/\/noticiasribeiraopreto.com.br\/index.php\/2024\/08\/27\/trio-e-detido-apos-tentar-furtar-moto-em-patio-atingido-por-incendio-na-regiao-de-ribeirao\/","url_meta":{"origin":33601,"position":4},"title":"Trio \u00e9 detido ap\u00f3s tentar furtar moto em p\u00e1tio atingido por inc\u00eandio na regi\u00e3o de Ribeir\u00e3o","author":"noticiasribeiraopreto.com.br","date":"27 de August de 2024","format":false,"excerpt":"Dois jovens foram presos e um adolescente acabou apreendido na noite desta segunda-feira (26), suspeitos de tentativa de furto de uma moto no p\u00e1tio utilizado pela Pol\u00edcia Civil, que foi atingido por um inc\u00eandio em Dumont, cidade a aproximadamente 20 quil\u00f4metros de Ribeir\u00e3o Preto. O fogo destru\u00edu ve\u00edculos que estavam\u2026","rel":"","context":"In &quot;Not\u00edcias de Ribeir\u00e3o Preto-SP e Regi\u00e3o&quot;","block_context":{"text":"Not\u00edcias de Ribeir\u00e3o Preto-SP e Regi\u00e3o","link":"https:\/\/noticiasribeiraopreto.com.br\/index.php\/category\/noticias-de-ribeirao-preto-sp-e-regiao-ismael-colosi\/"},"img":{"alt_text":"","src":"https:\/\/i0.wp.com\/noticiasribeiraopreto.com.br\/wp-content\/uploads\/2024\/08\/WhatsApp-Image-2023-12-23-at-12.01.31.jpeg?fit=480%2C245&ssl=1&resize=350%2C200","width":350,"height":200},"classes":[]},{"id":12032,"url":"https:\/\/noticiasribeiraopreto.com.br\/index.php\/2023\/12\/07\/traficante-deixa-a-droga-e-foge-ao-ver-gcm\/","url_meta":{"origin":33601,"position":5},"title":"Traficante deixa a droga e foge ao ver GCM","author":"noticiasribeiraopreto.com.br","date":"7 de December de 2023","format":false,"excerpt":"Homem deixou mochila com mais de 1,5 mil por\u00e7\u00f5es de drogas 7 de dezembro de 2023 | 10:08 2Por: Adalberto LuqueA Guarda Civil Metropolitana apreendeu, na tarde desta quarta-feira (06) mais de 1,5 mil por\u00e7\u00f5es de drogas. O material estava com um homem que, ao notar a aproxima\u00e7\u00e3o da viatura,\u2026","rel":"","context":"In &quot;Not\u00edcias de Ribeir\u00e3o Preto-SP e Regi\u00e3o&quot;","block_context":{"text":"Not\u00edcias de Ribeir\u00e3o Preto-SP e Regi\u00e3o","link":"https:\/\/noticiasribeiraopreto.com.br\/index.php\/category\/noticias-de-ribeirao-preto-sp-e-regiao-ismael-colosi\/"},"img":{"alt_text":"","src":"https:\/\/i0.wp.com\/noticiasribeiraopreto.com.br\/wp-content\/uploads\/2023\/12\/00-07-dez-2023-apreensao-gcm-foto-max-gallao-mesquita-scaled.jpg?fit=911%2C645&ssl=1&resize=350%2C200","width":350,"height":200,"srcset":"https:\/\/i0.wp.com\/noticiasribeiraopreto.com.br\/wp-content\/uploads\/2023\/12\/00-07-dez-2023-apreensao-gcm-foto-max-gallao-mesquita-scaled.jpg?fit=911%2C645&ssl=1&resize=350%2C200 1x, https:\/\/i0.wp.com\/noticiasribeiraopreto.com.br\/wp-content\/uploads\/2023\/12\/00-07-dez-2023-apreensao-gcm-foto-max-gallao-mesquita-scaled.jpg?fit=911%2C645&ssl=1&resize=525%2C300 1.5x, https:\/\/i0.wp.com\/noticiasribeiraopreto.com.br\/wp-content\/uploads\/2023\/12\/00-07-dez-2023-apreensao-gcm-foto-max-gallao-mesquita-scaled.jpg?fit=911%2C645&ssl=1&resize=700%2C400 2x"},"classes":[]}],"jetpack_sharing_enabled":true,"jetpack_shortlink":"https:\/\/wp.me\/peQAOb-8JX","_links":{"self":[{"href":"https:\/\/noticiasribeiraopreto.com.br\/index.php\/wp-json\/wp\/v2\/posts\/33601","targetHints":{"allow":["GET"]}}],"collection":[{"href":"https:\/\/noticiasribeiraopreto.com.br\/index.php\/wp-json\/wp\/v2\/posts"}],"about":[{"href":"https:\/\/noticiasribeiraopreto.com.br\/index.php\/wp-json\/wp\/v2\/types\/post"}],"author":[{"embeddable":true,"href":"https:\/\/noticiasribeiraopreto.com.br\/index.php\/wp-json\/wp\/v2\/users\/1"}],"replies":[{"embeddable":true,"href":"https:\/\/noticiasribeiraopreto.com.br\/index.php\/wp-json\/wp\/v2\/comments?post=33601"}],"version-history":[{"count":0,"href":"https:\/\/noticiasribeiraopreto.com.br\/index.php\/wp-json\/wp\/v2\/posts\/33601\/revisions"}],"wp:featuredmedia":[{"embeddable":true,"href":"https:\/\/noticiasribeiraopreto.com.br\/index.php\/wp-json\/wp\/v2\/media\/33602"}],"wp:attachment":[{"href":"https:\/\/noticiasribeiraopreto.com.br\/index.php\/wp-json\/wp\/v2\/media?parent=33601"}],"wp:term":[{"taxonomy":"category","embeddable":true,"href":"https:\/\/noticiasribeiraopreto.com.br\/index.php\/wp-json\/wp\/v2\/categories?post=33601"},{"taxonomy":"post_tag","embeddable":true,"href":"https:\/\/noticiasribeiraopreto.com.br\/index.php\/wp-json\/wp\/v2\/tags?post=33601"}],"curies":[{"name":"wp","href":"https:\/\/api.w.org\/{rel}","templated":true}]}}