{"id":33629,"date":"2024-01-30T10:21:39","date_gmt":"2024-01-30T13:21:39","guid":{"rendered":"https:\/\/noticiasribeiraopreto.com.br\/index.php\/2024\/01\/30\/utm_sourcerssutm_mediumrssutm_campaignlixo-condenado-a-8-anos-por-abusar-de-uma-crianca-de-6-anos-em-2019-e-preso-trabalhando-na-av-do-cafe-em-rp\/"},"modified":"2024-01-30T10:21:39","modified_gmt":"2024-01-30T13:21:39","slug":"utm_sourcerssutm_mediumrssutm_campaignlixo-condenado-a-8-anos-por-abusar-de-uma-crianca-de-6-anos-em-2019-e-preso-trabalhando-na-av-do-cafe-em-rp","status":"publish","type":"post","link":"https:\/\/noticiasribeiraopreto.com.br\/index.php\/2024\/01\/30\/utm_sourcerssutm_mediumrssutm_campaignlixo-condenado-a-8-anos-por-abusar-de-uma-crianca-de-6-anos-em-2019-e-preso-trabalhando-na-av-do-cafe-em-rp\/","title":{"rendered":"LIXO condenado a 8 anos por abusar de uma crian\u00e7a de 6 anos em 2019 \u00e9 preso trabalhando na Av. do Caf\u00e9 em RP \u2013 X Tudo Ribeir\u00e3o"},"content":{"rendered":"<div class='code-block code-block-1' style='margin: 8px 0 8px auto; text-align: right; display: block; clear: both;'>\n<p><a href=\"https:\/\/wa.link\/vpicfd\"><img data-recalc-dims=\"1\" class=\"wp-image-4922\" style=\"aspect-ratio: 2.0253164556962027; width: 561px; height: auto;\" src=\"https:\/\/i0.wp.com\/ismaelcolosi.com.br\/wp-content\/uploads\/2023\/11\/grupo-de-empregos-whatsapp-e-facebook-ismael-colosi-vagas.jpg?ssl=1\" alt=\"\" \/><\/a><\/p>\n<!-- \/wp:image -->\n<\/div>\n<p> <br \/>\n<\/p>\n<div>\n<p>Um LIXO da SOCIEDADE procurado pela Justi\u00e7a condenado a 8 anos de CADEIA pelo crime de ESTUPRO DE VULNER\u00c1VEL no ano de 2019, foi preso pela PM (Pol\u00edcia Militar) enquanto trabalhava em uma empresa situada na Vila Am\u00e9lia, zona Oeste de Ribeir\u00e3o Preto.\u00a0<\/p>\n<p>Segundo informa\u00e7\u00f5es da PM, durante o turno de trabalho, os PMs Tenente Louren\u00e7o e o Cabo T\u00e1rtaro, receberam uma den\u00fancia que um SAFADO PROCURADO pela Justi\u00e7a pelo crime de ESTUPRO estaria trabalhando em uma empresa\u00a0 na avenida do Caf\u00e9.\u00a0<\/p>\n<p>Rapidamente os PMs solicitaram apoio aos Policiais Soldado Junqueira e Cabo Bravo, do 51\u00ba Batalh\u00e3o da PM, que lograram \u00eaxito na pris\u00e3o do SAFADO.\u00a0<\/p>\n<p><strong>O ESTUPRO EM 2019<\/strong><\/p>\n<p>Com EXCLUSIVIDADE, tivemos a informa\u00e7\u00e3o que o crime ocorreu no ano de 2019, contra uma crian\u00e7a de 6 anos. Na ocasi\u00e3o, o LIXO levou a v\u00edtima para um matagal, e ap\u00f3s v\u00e1rias amea\u00e7as de morte e agress\u00e3o praticou o abuso sexual.\u00a0<\/p>\n<p>Ap\u00f3s ser confrontado pela fam\u00edlia sobre o abuso, ele teria confirmado tudo.\u00a0<\/p>\n<p>Ap\u00f3s a pris\u00e3o pela PM, o LIXO foi conduzido para CPJ (Cenrtral de Pol\u00edcia Judici\u00e1ria), onde foi feito o B.O (boletim de ocorr\u00eancia) de captura de procurado. O LIXO ser\u00e1 encaminhado para Penitenci\u00e1ria de Serra Azul.\u00a0<\/p>\n<\/p><\/div>\n<p><br \/>\n<br \/><a href=\"https:\/\/xtudoribeirao.com.br\/2024\/01\/30\/lixo-condenado-a-8-anos-por-abusar-de-uma-crianca-de-6-anos-em-2019-e-preso-trabalhando-na-av-do-cafe-em-rp\/?utm_source=rss&#038;utm_medium=rss&#038;utm_campaign=lixo-condenado-a-8-anos-por-abusar-de-uma-crianca-de-6-anos-em-2019-e-preso-trabalhando-na-av-do-cafe-em-rp\">Source link <\/a><\/p>\n<!-- CONTENT END 1 -->\n","protected":false},"excerpt":{"rendered":"<p>Um LIXO da SOCIEDADE procurado pela Justi\u00e7a condenado a 8 anos de CADEIA pelo crime de ESTUPRO DE VULNER\u00c1VEL no ano de 2019, foi preso&#8230;<\/p>\n","protected":false},"author":1,"featured_media":33630,"comment_status":"open","ping_status":"open","sticky":false,"template":"","format":"standard","meta":{"advanced_seo_description":"","jetpack_seo_html_title":"","jetpack_seo_noindex":false,"jetpack_post_was_ever_published":false,"_jetpack_newsletter_access":"","_jetpack_dont_email_post_to_subs":false,"_jetpack_newsletter_tier_id":0,"_jetpack_memberships_contains_paywalled_content":false,"_jetpack_memberships_contains_paid_content":false,"footnotes":"","jetpack_publicize_message":"","jetpack_publicize_feature_enabled":true,"jetpack_social_post_already_shared":true,"jetpack_social_options":{"image_generator_settings":{"template":"highway","default_image_id":0,"font":"","enabled":false},"version":2}},"categories":[11],"tags":[2973,84,2850,83,330,760,134,36,26,3972,43,85],"class_list":["post-33629","post","type-post","status-publish","format-standard","has-post-thumbnail","hentry","category-noticias-de-ribeirao-preto-sp-e-regiao-ismael-colosi","tag-abusar","tag-anos","tag-cafe","tag-condenado","tag-crianca","tag-lixo","tag-por","tag-preso","tag-ribeirao","tag-trabalhando","tag-tudo","tag-uma"],"jetpack_publicize_connections":[],"jetpack_featured_media_url":"https:\/\/i0.wp.com\/noticiasribeiraopreto.com.br\/wp-content\/uploads\/2024\/01\/1706620903_cadeia-preso.jpeg?fit=1620%2C1080&ssl=1","jetpack-related-posts":[{"id":32193,"url":"https:\/\/noticiasribeiraopreto.com.br\/index.php\/2024\/01\/24\/utm_sourcerssutm_mediumrssutm_campaignvagabundo-safado-condenado-por-mais-de-23-anos-de-cadeia-por-abusar-da-propria-filha-e-preso-no-ipiranga\/","url_meta":{"origin":33629,"position":0},"title":"VAGABUNDO SAFADO condenado por mais de 23 anos de CADEIA por abusar da pr\u00f3pria filha \u00e9 preso no Ipiranga \u2013 X Tudo Ribeir\u00e3o","author":"noticiasribeiraopreto.com.br","date":"24 de January de 2024","format":false,"excerpt":"Um VAGABUNDO SAFADO foragido da JUSTI\u00c7A condenado a mais de 23 anos de CADEIA por abusar sexualmente da pr\u00f3pria filha foi preso pela equipe da PM (Pol\u00edcia Militar) composta pelos Policiais Tenente Louren\u00e7o e Cabo Tartaro, na noite desta ter\u00e7a-feira (23\/1), no bairro Ipiranga, na zona Norte de Ribeir\u00e3o Preto.\u00a0\u2026","rel":"","context":"In &quot;Not\u00edcias de Ribeir\u00e3o Preto-SP e Regi\u00e3o&quot;","block_context":{"text":"Not\u00edcias de Ribeir\u00e3o Preto-SP e Regi\u00e3o","link":"https:\/\/noticiasribeiraopreto.com.br\/index.php\/category\/noticias-de-ribeirao-preto-sp-e-regiao-ismael-colosi\/"},"img":{"alt_text":"","src":"https:\/\/i0.wp.com\/noticiasribeiraopreto.com.br\/wp-content\/uploads\/2024\/01\/WhatsApp-Image-2024-01-24-at-10.54.34.jpeg?fit=554%2C554&ssl=1&resize=350%2C200","width":350,"height":200,"srcset":"https:\/\/i0.wp.com\/noticiasribeiraopreto.com.br\/wp-content\/uploads\/2024\/01\/WhatsApp-Image-2024-01-24-at-10.54.34.jpeg?fit=554%2C554&ssl=1&resize=350%2C200 1x, https:\/\/i0.wp.com\/noticiasribeiraopreto.com.br\/wp-content\/uploads\/2024\/01\/WhatsApp-Image-2024-01-24-at-10.54.34.jpeg?fit=554%2C554&ssl=1&resize=525%2C300 1.5x"},"classes":[]},{"id":24155,"url":"https:\/\/noticiasribeiraopreto.com.br\/index.php\/2024\/01\/03\/utm_sourcerssutm_mediumrssutm_campaignvelho-safado-preso-por-abusar-de-duas-criancas-em-matao-morre-apos-passar-mal-na-penitenciaria-de-serra-azul\/","url_meta":{"origin":33629,"position":1},"title":"VELHO SAFADO preso por abusar de duas crian\u00e7as em Mat\u00e3o morre ap\u00f3s passar mal na Penitenci\u00e1ria de Serra Azul \u2013 X Tudo Ribeir\u00e3o","author":"noticiasribeiraopreto.com.br","date":"3 de January de 2024","format":false,"excerpt":"Um velho safado preso ap\u00f3s abusar sexualmente de duas crian\u00e7as no ano de 2017, morreu ap\u00f3s passar mal nas depend\u00eancias da Penitenci\u00e1ria de Serra Azul, onde estava preso.\u00a0 Segundo apurado com a Pol\u00edcia, o velho safado de 69 anos, teria passado mal na Penitenci\u00e1ria de Serra Azul, sendo socorrido pela\u2026","rel":"","context":"In &quot;Not\u00edcias de Ribeir\u00e3o Preto-SP e Regi\u00e3o&quot;","block_context":{"text":"Not\u00edcias de Ribeir\u00e3o Preto-SP e Regi\u00e3o","link":"https:\/\/noticiasribeiraopreto.com.br\/index.php\/category\/noticias-de-ribeirao-preto-sp-e-regiao-ismael-colosi\/"},"img":{"alt_text":"","src":"https:\/\/i0.wp.com\/noticiasribeiraopreto.com.br\/wp-content\/uploads\/2024\/01\/cadeia-preso.jpeg?fit=1200%2C800&ssl=1&resize=350%2C200","width":350,"height":200,"srcset":"https:\/\/i0.wp.com\/noticiasribeiraopreto.com.br\/wp-content\/uploads\/2024\/01\/cadeia-preso.jpeg?fit=1200%2C800&ssl=1&resize=350%2C200 1x, https:\/\/i0.wp.com\/noticiasribeiraopreto.com.br\/wp-content\/uploads\/2024\/01\/cadeia-preso.jpeg?fit=1200%2C800&ssl=1&resize=525%2C300 1.5x, https:\/\/i0.wp.com\/noticiasribeiraopreto.com.br\/wp-content\/uploads\/2024\/01\/cadeia-preso.jpeg?fit=1200%2C800&ssl=1&resize=700%2C400 2x, https:\/\/i0.wp.com\/noticiasribeiraopreto.com.br\/wp-content\/uploads\/2024\/01\/cadeia-preso.jpeg?fit=1200%2C800&ssl=1&resize=1050%2C600 3x"},"classes":[]},{"id":61082,"url":"https:\/\/noticiasribeiraopreto.com.br\/index.php\/2024\/12\/03\/vagabundo-safado-e-preso-apos-tentar-4bus4r-de-3-criancas-em-condominio-na-rua-iguape-em-rp-x-tudo-ribeirao\/","url_meta":{"origin":33629,"position":2},"title":"VAGABUNDO SAFADO \u00c9 PRESO AP\u00d3S TENTAR 4BUS4R DE 3 CRIAN\u00c7AS EM CONDOM\u00cdNIO NA RUA IGUAPE EM RP \u2013 X Tudo Ribeir\u00e3o","author":"noticiasribeiraopreto.com.br","date":"3 de December de 2024","format":false,"excerpt":"Um VAGABUNDO SAFADO QUE J\u00c1 FOI PRESO POR MATAR UMA PESSOA EM 2010 foi preso pela PM (Pol\u00edcia Militar) no \u00faltimo domingo (1\/12), ap\u00f3s tentar 4bus4r s3xu4lm3nt3 de tr\u00eas crian\u00e7as sendo dois meninos e uma menina de 11 e 13 anos, nas depend\u00eancias de um condom\u00ednio situado na rua Iguape,\u2026","rel":"","context":"In &quot;Not\u00edcias de Ribeir\u00e3o Preto-SP e Regi\u00e3o&quot;","block_context":{"text":"Not\u00edcias de Ribeir\u00e3o Preto-SP e Regi\u00e3o","link":"https:\/\/noticiasribeiraopreto.com.br\/index.php\/category\/noticias-de-ribeirao-preto-sp-e-regiao-ismael-colosi\/"},"img":{"alt_text":"","src":"https:\/\/i0.wp.com\/noticiasribeiraopreto.com.br\/wp-content\/uploads\/2024\/12\/WhatsApp-Image-2024-12-03-at-10.48.25.jpeg?fit=1080%2C1080&ssl=1&resize=350%2C200","width":350,"height":200,"srcset":"https:\/\/i0.wp.com\/noticiasribeiraopreto.com.br\/wp-content\/uploads\/2024\/12\/WhatsApp-Image-2024-12-03-at-10.48.25.jpeg?fit=1080%2C1080&ssl=1&resize=350%2C200 1x, https:\/\/i0.wp.com\/noticiasribeiraopreto.com.br\/wp-content\/uploads\/2024\/12\/WhatsApp-Image-2024-12-03-at-10.48.25.jpeg?fit=1080%2C1080&ssl=1&resize=525%2C300 1.5x, https:\/\/i0.wp.com\/noticiasribeiraopreto.com.br\/wp-content\/uploads\/2024\/12\/WhatsApp-Image-2024-12-03-at-10.48.25.jpeg?fit=1080%2C1080&ssl=1&resize=700%2C400 2x, https:\/\/i0.wp.com\/noticiasribeiraopreto.com.br\/wp-content\/uploads\/2024\/12\/WhatsApp-Image-2024-12-03-at-10.48.25.jpeg?fit=1080%2C1080&ssl=1&resize=1050%2C600 3x"},"classes":[]},{"id":62467,"url":"https:\/\/noticiasribeiraopreto.com.br\/index.php\/2025\/01\/15\/idoso-condenado-por-estupro-da-propria-neta-e-preso-em-ribeirao-preto\/","url_meta":{"origin":33629,"position":3},"title":"Idoso condenado por estupro da pr\u00f3pria neta \u00e9 preso em Ribeir\u00e3o Preto","author":"noticiasribeiraopreto.com.br","date":"15 de January de 2025","format":false,"excerpt":"Um homem de 60 anos foi preso nesta quarta-feira (15), em Ribeir\u00e3o Preto, ap\u00f3s condena\u00e7\u00e3o por estupro contra a pr\u00f3pria neta. De acordo com a 2\u00ba tenente PM Leticia Pereira de Mello, o idoso foi abordado no bairro C\u00e2ndido Portinari e na consulta ao sistema de dados constou que ele\u2026","rel":"","context":"In &quot;Not\u00edcias de Ribeir\u00e3o Preto-SP e Regi\u00e3o&quot;","block_context":{"text":"Not\u00edcias de Ribeir\u00e3o Preto-SP e Regi\u00e3o","link":"https:\/\/noticiasribeiraopreto.com.br\/index.php\/category\/noticias-de-ribeirao-preto-sp-e-regiao-ismael-colosi\/"},"img":{"alt_text":"","src":"https:\/\/i0.wp.com\/noticiasribeiraopreto.com.br\/wp-content\/uploads\/2025\/01\/policia_qru_1024x576_05012021161940.jpg?fit=1024%2C576&ssl=1&resize=350%2C200","width":350,"height":200,"srcset":"https:\/\/i0.wp.com\/noticiasribeiraopreto.com.br\/wp-content\/uploads\/2025\/01\/policia_qru_1024x576_05012021161940.jpg?fit=1024%2C576&ssl=1&resize=350%2C200 1x, https:\/\/i0.wp.com\/noticiasribeiraopreto.com.br\/wp-content\/uploads\/2025\/01\/policia_qru_1024x576_05012021161940.jpg?fit=1024%2C576&ssl=1&resize=525%2C300 1.5x, https:\/\/i0.wp.com\/noticiasribeiraopreto.com.br\/wp-content\/uploads\/2025\/01\/policia_qru_1024x576_05012021161940.jpg?fit=1024%2C576&ssl=1&resize=700%2C400 2x"},"classes":[]},{"id":2791,"url":"https:\/\/noticiasribeiraopreto.com.br\/index.php\/2023\/11\/16\/tarado-vagabundo-procurado-pela-justica-e-preso-apos-se-masturbar-perto-de-duas-mulheres-em-rp-x-tudo-ribeirao\/","url_meta":{"origin":33629,"position":4},"title":"TARADO VAGABUNDO procurado pela JUSTI\u00c7A \u00e9 preso ap\u00f3s se masturbar perto de duas mulheres em RP \u2013 X Tudo Ribeir\u00e3o","author":"noticiasribeiraopreto.com.br","date":"16 de November de 2023","format":false,"excerpt":"Um VAGABUNDO TARADO procurado pela Justi\u00e7a foi preso pela Pol\u00edcia Militar ap\u00f3s ser flagrado se masturbando na frente de duas mulheres na tarde desta quarta-feira (15\/11), no Jardim Anhanguera, na zona Leste de Ribeir\u00e3o Preto.\u00a0 Segundo informa\u00e7\u00f5es da PM, por volta das 14h25 os Policiais foram acionados por populares que\u2026","rel":"","context":"In &quot;Not\u00edcias de Ribeir\u00e3o Preto-SP e Regi\u00e3o&quot;","block_context":{"text":"Not\u00edcias de Ribeir\u00e3o Preto-SP e Regi\u00e3o","link":"https:\/\/noticiasribeiraopreto.com.br\/index.php\/category\/noticias-de-ribeirao-preto-sp-e-regiao-ismael-colosi\/"},"img":{"alt_text":"","src":"https:\/\/i0.wp.com\/noticiasribeiraopreto.com.br\/wp-content\/uploads\/2023\/11\/WhatsApp-Image-2023-11-16-at-16.31.43.jpeg?fit=1050%2C693&ssl=1&resize=350%2C200","width":350,"height":200,"srcset":"https:\/\/i0.wp.com\/noticiasribeiraopreto.com.br\/wp-content\/uploads\/2023\/11\/WhatsApp-Image-2023-11-16-at-16.31.43.jpeg?fit=1050%2C693&ssl=1&resize=350%2C200 1x, https:\/\/i0.wp.com\/noticiasribeiraopreto.com.br\/wp-content\/uploads\/2023\/11\/WhatsApp-Image-2023-11-16-at-16.31.43.jpeg?fit=1050%2C693&ssl=1&resize=525%2C300 1.5x, https:\/\/i0.wp.com\/noticiasribeiraopreto.com.br\/wp-content\/uploads\/2023\/11\/WhatsApp-Image-2023-11-16-at-16.31.43.jpeg?fit=1050%2C693&ssl=1&resize=700%2C400 2x, https:\/\/i0.wp.com\/noticiasribeiraopreto.com.br\/wp-content\/uploads\/2023\/11\/WhatsApp-Image-2023-11-16-at-16.31.43.jpeg?fit=1050%2C693&ssl=1&resize=1050%2C600 3x"},"classes":[]},{"id":56129,"url":"https:\/\/noticiasribeiraopreto.com.br\/index.php\/2024\/08\/09\/vagabundo-safado-e-preso-apos-tentar-4bus4r-s3xu4lm3nt3-de-adolescente-na-av-caramuru-x-tudo-ribeirao\/","url_meta":{"origin":33629,"position":5},"title":"VAGABUNDO SAFADO \u00c9 PRESO AP\u00d3S TENTAR 4BUS4R S3XU4LM3NT3 DE ADOLESCENTE NA AV CARAMURU \u2013 X Tudo Ribeir\u00e3o","author":"noticiasribeiraopreto.com.br","date":"9 de August de 2024","format":false,"excerpt":"Um LIXO SAFADO foi preso em flagrante pela Pol\u00edcia Militar (PM) ap\u00f3s perseguir e tentar 4bus4r s3xu4lm3nt3 de uma adolescente de 17 anos, no estacionamento de um hipermercado situado no Jardim Sumar\u00e9, em Ribeir\u00e3o Preto. Segundo informa\u00e7\u00f5es da PM, populares acionaram os Policiais versando que teria uma jovem pedindo ajuda\u2026","rel":"","context":"In &quot;Not\u00edcias de Ribeir\u00e3o Preto-SP e Regi\u00e3o&quot;","block_context":{"text":"Not\u00edcias de Ribeir\u00e3o Preto-SP e Regi\u00e3o","link":"https:\/\/noticiasribeiraopreto.com.br\/index.php\/category\/noticias-de-ribeirao-preto-sp-e-regiao-ismael-colosi\/"},"img":{"alt_text":"","src":"https:\/\/i0.wp.com\/noticiasribeiraopreto.com.br\/wp-content\/uploads\/2024\/08\/Titulo-da-noticia-manchete-post-feed-Instagram.png?fit=1080%2C1080&ssl=1&resize=350%2C200","width":350,"height":200,"srcset":"https:\/\/i0.wp.com\/noticiasribeiraopreto.com.br\/wp-content\/uploads\/2024\/08\/Titulo-da-noticia-manchete-post-feed-Instagram.png?fit=1080%2C1080&ssl=1&resize=350%2C200 1x, https:\/\/i0.wp.com\/noticiasribeiraopreto.com.br\/wp-content\/uploads\/2024\/08\/Titulo-da-noticia-manchete-post-feed-Instagram.png?fit=1080%2C1080&ssl=1&resize=525%2C300 1.5x, https:\/\/i0.wp.com\/noticiasribeiraopreto.com.br\/wp-content\/uploads\/2024\/08\/Titulo-da-noticia-manchete-post-feed-Instagram.png?fit=1080%2C1080&ssl=1&resize=700%2C400 2x, https:\/\/i0.wp.com\/noticiasribeiraopreto.com.br\/wp-content\/uploads\/2024\/08\/Titulo-da-noticia-manchete-post-feed-Instagram.png?fit=1080%2C1080&ssl=1&resize=1050%2C600 3x"},"classes":[]}],"jetpack_sharing_enabled":true,"jetpack_shortlink":"https:\/\/wp.me\/peQAOb-8Kp","_links":{"self":[{"href":"https:\/\/noticiasribeiraopreto.com.br\/index.php\/wp-json\/wp\/v2\/posts\/33629","targetHints":{"allow":["GET"]}}],"collection":[{"href":"https:\/\/noticiasribeiraopreto.com.br\/index.php\/wp-json\/wp\/v2\/posts"}],"about":[{"href":"https:\/\/noticiasribeiraopreto.com.br\/index.php\/wp-json\/wp\/v2\/types\/post"}],"author":[{"embeddable":true,"href":"https:\/\/noticiasribeiraopreto.com.br\/index.php\/wp-json\/wp\/v2\/users\/1"}],"replies":[{"embeddable":true,"href":"https:\/\/noticiasribeiraopreto.com.br\/index.php\/wp-json\/wp\/v2\/comments?post=33629"}],"version-history":[{"count":0,"href":"https:\/\/noticiasribeiraopreto.com.br\/index.php\/wp-json\/wp\/v2\/posts\/33629\/revisions"}],"wp:featuredmedia":[{"embeddable":true,"href":"https:\/\/noticiasribeiraopreto.com.br\/index.php\/wp-json\/wp\/v2\/media\/33630"}],"wp:attachment":[{"href":"https:\/\/noticiasribeiraopreto.com.br\/index.php\/wp-json\/wp\/v2\/media?parent=33629"}],"wp:term":[{"taxonomy":"category","embeddable":true,"href":"https:\/\/noticiasribeiraopreto.com.br\/index.php\/wp-json\/wp\/v2\/categories?post=33629"},{"taxonomy":"post_tag","embeddable":true,"href":"https:\/\/noticiasribeiraopreto.com.br\/index.php\/wp-json\/wp\/v2\/tags?post=33629"}],"curies":[{"name":"wp","href":"https:\/\/api.w.org\/{rel}","templated":true}]}}