{"id":33659,"date":"2024-01-30T12:11:40","date_gmt":"2024-01-30T15:11:40","guid":{"rendered":"https:\/\/noticiasribeiraopreto.com.br\/index.php\/2024\/01\/30\/confira-se-voce-esta-na-lista-de-aprovados-do-sisu\/"},"modified":"2024-01-30T12:11:40","modified_gmt":"2024-01-30T15:11:40","slug":"confira-se-voce-esta-na-lista-de-aprovados-do-sisu","status":"publish","type":"post","link":"https:\/\/noticiasribeiraopreto.com.br\/index.php\/2024\/01\/30\/confira-se-voce-esta-na-lista-de-aprovados-do-sisu\/","title":{"rendered":"Confira se voc\u00ea est\u00e1 na lista de aprovados do Sisu"},"content":{"rendered":"<div class='code-block code-block-1' style='margin: 8px 0 8px auto; text-align: right; display: block; clear: both;'>\n<p><a href=\"https:\/\/wa.link\/vpicfd\"><img data-recalc-dims=\"1\" class=\"wp-image-4922\" style=\"aspect-ratio: 2.0253164556962027; width: 561px; height: auto;\" src=\"https:\/\/i0.wp.com\/ismaelcolosi.com.br\/wp-content\/uploads\/2023\/11\/grupo-de-empregos-whatsapp-e-facebook-ismael-colosi-vagas.jpg?ssl=1\" alt=\"\" \/><\/a><\/p>\n<!-- \/wp:image -->\n<\/div>\n<p> <br \/>\n<\/p>\n<p>O<strong> MEC<\/strong> divulga nesta ter\u00e7a-feira (30), o <strong>resultado do Sisu<\/strong> (Sistema de Sele\u00e7\u00e3o Unificada). Para conferir se voc\u00ea est\u00e1 na <strong>lista de aprovados<\/strong> e garantiu uma vaga em uma das <strong>universidades<\/strong> \u00e9 preciso acessar o site do <strong><a href=\"https:\/\/acessounico.mec.gov.br\/sisu\" target=\"_blank\" rel=\"noreferrer noopener nofollow\">Portal \u00danico de Acesso ao Ensino Superior<\/a><\/strong>.<\/p>\n<p>Este ano, o <strong>Sisu<\/strong> ter\u00e1 <strong>edi\u00e7\u00e3o \u00fanica <\/strong>e foram disponibilizadas <strong>mais de 260 mil vagas<\/strong> em <strong>6.800 institui\u00e7\u00f5es p\u00fablicas<\/strong> de ensino superior de todo o Brasil.<\/p>\n<p>No caso de <strong>n\u00e3o ter conseguido a vaga<\/strong>, o <strong>estudante<\/strong> deve aguardar na <strong>lista de espera<\/strong> at\u00e9 o dia 16 de fevereiro, quando ter\u00e1 <strong>in\u00edcio a convoca\u00e7\u00e3o<\/strong> para esta modalidade.<\/p>\n<p>J\u00e1, os<strong> aprovados <\/strong>podem fazer as <span style=\"background-color:#f7cc62\" class=\"td_text_highlight_marker\">matr\u00edculas a partir de quinta-feira (1\u00ba) at\u00e9 o pr\u00f3ximo dia 7<\/span>.<\/p>\n<p>SAIBA MAIS<\/p>\n<p>Caminh\u00e3o tomba e complica tr\u00e2nsito no acesso ao aeroporto de Ribeir\u00e3o pela Anhanguera<\/p>\n<h4 class=\"wp-block-heading\"><strong>FIQUE ON<\/strong><\/h4>\n<p>Fique ligado em tudo que acontece em Ribeir\u00e3o Preto e regi\u00e3o. Siga os perfis do acidade on no&nbsp;<a href=\"https:\/\/www.instagram.com\/acidadeonribeirao\" target=\"_blank\" rel=\"noreferrer noopener\">Instagram<\/a>&nbsp;e no&nbsp;<a href=\"https:\/\/www.facebook.com\/acidadeonribeirao\" target=\"_blank\" rel=\"noreferrer noopener\">Facebook<\/a>.<\/p>\n<p>Receba not\u00edcias do acidade on no WhatsApp. Para entrar no grupo, basta&nbsp;<a href=\"https:\/\/chat.whatsapp.com\/Bnv2w66ZT4VDyZW3oiZ69n\" target=\"_blank\" rel=\"noreferrer noopener\">clicar aqui<\/a>.<\/p>\n<p>Fa\u00e7a uma den\u00fancia ou sugira uma reportagem sobre Ribeir\u00e3o Preto e regi\u00e3o pelo WhatsApp: 16 99117 7802.<\/p>\n<p>VEJA TAMB\u00c9M<\/p>\n<p>Como saber se meu pedido de isen\u00e7\u00e3o de taxa do \u201cEnem dos Concursos\u201d foi aceito?<\/p>\n<p>O post Confira se voc\u00ea est\u00e1 na lista de aprovados do Sisu apareceu primeiro em ACidade ON Ribeir\u00e3o Preto.<\/p>\n<p><script async src=\"\/\/www.instagram.com\/embed.js\"><\/script><br \/>\n<br \/><br \/>\n<br \/><a href=\"https:\/\/www.acidadeon.com\/ribeiraopreto\/cotidiano\/confira-se-voce-esta-lista-de-aprovados-do-sisu\/\">Source link <\/a><\/p>\n<!-- CONTENT END 1 -->\n","protected":false},"excerpt":{"rendered":"<p>O MEC divulga nesta ter\u00e7a-feira (30), o resultado do Sisu (Sistema de Sele\u00e7\u00e3o Unificada). Para conferir se voc\u00ea est\u00e1 na lista de aprovados e garantiu&#8230;<\/p>\n","protected":false},"author":1,"featured_media":33660,"comment_status":"open","ping_status":"open","sticky":false,"template":"","format":"standard","meta":{"advanced_seo_description":"","jetpack_seo_html_title":"","jetpack_seo_noindex":false,"jetpack_post_was_ever_published":false,"_jetpack_newsletter_access":"","_jetpack_dont_email_post_to_subs":false,"_jetpack_newsletter_tier_id":0,"_jetpack_memberships_contains_paywalled_content":false,"_jetpack_memberships_contains_paid_content":false,"footnotes":"","jetpack_publicize_message":"","jetpack_publicize_feature_enabled":true,"jetpack_social_post_already_shared":true,"jetpack_social_options":{"image_generator_settings":{"template":"highway","default_image_id":0,"font":"","enabled":false},"version":2}},"categories":[11],"tags":[],"class_list":["post-33659","post","type-post","status-publish","format-standard","has-post-thumbnail","hentry","category-noticias-de-ribeirao-preto-sp-e-regiao-ismael-colosi"],"jetpack_publicize_connections":[],"jetpack_featured_media_url":"https:\/\/i0.wp.com\/noticiasribeiraopreto.com.br\/wp-content\/uploads\/2024\/01\/sisu-1.jpg?fit=1151%2C644&ssl=1","jetpack-related-posts":[{"id":62861,"url":"https:\/\/noticiasribeiraopreto.com.br\/index.php\/2025\/01\/26\/participou-do-sisu-2025-confira-se-voce-esta-na-lista-de-aprovados\/","url_meta":{"origin":33659,"position":0},"title":"Participou do Sisu 2025? Confira se voc\u00ea est\u00e1 na lista de aprovados","author":"noticiasribeiraopreto.com.br","date":"26 de January de 2025","format":false,"excerpt":"O resultado do Sistema de Sele\u00e7\u00e3o Unificada (Sisu) 2025 foi divulgado neste domingo (26). Os candidatos podem conferir os aprovados na chamada regular acessando o Portal \u00danico de Acesso ao Ensino Superior. Os estudantes selecionados no Sisu 2025 devem realizar a matr\u00edcula ou o registro acad\u00eamico nas institui\u00e7\u00f5es de ensino\u2026","rel":"","context":"In &quot;Not\u00edcias de Ribeir\u00e3o Preto-SP e Regi\u00e3o&quot;","block_context":{"text":"Not\u00edcias de Ribeir\u00e3o Preto-SP e Regi\u00e3o","link":"https:\/\/noticiasribeiraopreto.com.br\/index.php\/category\/noticias-de-ribeirao-preto-sp-e-regiao-ismael-colosi\/"},"img":{"alt_text":"","src":"https:\/\/i0.wp.com\/noticiasribeiraopreto.com.br\/wp-content\/uploads\/2025\/01\/1737925343_sisu-1.jpg?fit=1151%2C644&ssl=1&resize=350%2C200","width":350,"height":200,"srcset":"https:\/\/i0.wp.com\/noticiasribeiraopreto.com.br\/wp-content\/uploads\/2025\/01\/1737925343_sisu-1.jpg?fit=1151%2C644&ssl=1&resize=350%2C200 1x, https:\/\/i0.wp.com\/noticiasribeiraopreto.com.br\/wp-content\/uploads\/2025\/01\/1737925343_sisu-1.jpg?fit=1151%2C644&ssl=1&resize=525%2C300 1.5x, https:\/\/i0.wp.com\/noticiasribeiraopreto.com.br\/wp-content\/uploads\/2025\/01\/1737925343_sisu-1.jpg?fit=1151%2C644&ssl=1&resize=700%2C400 2x, https:\/\/i0.wp.com\/noticiasribeiraopreto.com.br\/wp-content\/uploads\/2025\/01\/1737925343_sisu-1.jpg?fit=1151%2C644&ssl=1&resize=1050%2C600 3x"},"classes":[]},{"id":22735,"url":"https:\/\/noticiasribeiraopreto.com.br\/index.php\/2023\/12\/30\/sisu-tera-edicao-unica-em-2024\/","url_meta":{"origin":33659,"position":1},"title":"Inscri\u00e7\u00f5es para o Sisu come\u00e7am dia 22 e v\u00e3o at\u00e9 25 de janeiro","author":"noticiasribeiraopreto.com.br","date":"30 de December de 2023","format":false,"excerpt":"30 de dezembro de 2023 | 18:0029 de dezembro de 2023 | 19:13 0O acesso a vagas do ensino superior por meio do Sistema de Sistema de Sele\u00e7\u00e3o Unificada (Sisu) ocorrer\u00e1 pela primeira vez em apenas uma edi\u00e7\u00e3o, em janeiro de 2024. A informa\u00e7\u00e3o consta de divulga\u00e7\u00e3o feita pelo governo\u2026","rel":"","context":"In &quot;Not\u00edcias de Ribeir\u00e3o Preto-SP e Regi\u00e3o&quot;","block_context":{"text":"Not\u00edcias de Ribeir\u00e3o Preto-SP e Regi\u00e3o","link":"https:\/\/noticiasribeiraopreto.com.br\/index.php\/category\/noticias-de-ribeirao-preto-sp-e-regiao-ismael-colosi\/"},"img":{"alt_text":"","src":"https:\/\/i0.wp.com\/noticiasribeiraopreto.com.br\/wp-content\/uploads\/2023\/12\/1703978981_sisu-scaled.jpg?fit=1000%2C598&ssl=1&resize=350%2C200","width":350,"height":200,"srcset":"https:\/\/i0.wp.com\/noticiasribeiraopreto.com.br\/wp-content\/uploads\/2023\/12\/1703978981_sisu-scaled.jpg?fit=1000%2C598&ssl=1&resize=350%2C200 1x, https:\/\/i0.wp.com\/noticiasribeiraopreto.com.br\/wp-content\/uploads\/2023\/12\/1703978981_sisu-scaled.jpg?fit=1000%2C598&ssl=1&resize=525%2C300 1.5x, https:\/\/i0.wp.com\/noticiasribeiraopreto.com.br\/wp-content\/uploads\/2023\/12\/1703978981_sisu-scaled.jpg?fit=1000%2C598&ssl=1&resize=700%2C400 2x"},"classes":[]},{"id":32457,"url":"https:\/\/noticiasribeiraopreto.com.br\/index.php\/2024\/01\/25\/terminam-hoje-as-inscricoes-para-o-sisu\/","url_meta":{"origin":33659,"position":2},"title":"Terminam hoje as inscri\u00e7\u00f5es para o Sisu","author":"noticiasribeiraopreto.com.br","date":"25 de January de 2024","format":false,"excerpt":"25 de janeiro de 2024 | 8:3024 de janeiro de 2024 | 16:56 0As inscri\u00e7\u00f5es para o Sistema de Sele\u00e7\u00e3o Unificada (Sisu) 2024 terminam nesta quinta-feira (25), e at\u00e9 as 23h59, hor\u00e1rio que encerra essa fase, os estudantes devem conferir a classifica\u00e7\u00e3o, por meio do\u00a0Portal \u00danico de Acesso ao Ensino\u2026","rel":"","context":"In &quot;Not\u00edcias de Ribeir\u00e3o Preto-SP e Regi\u00e3o&quot;","block_context":{"text":"Not\u00edcias de Ribeir\u00e3o Preto-SP e Regi\u00e3o","link":"https:\/\/noticiasribeiraopreto.com.br\/index.php\/category\/noticias-de-ribeirao-preto-sp-e-regiao-ismael-colosi\/"},"img":{"alt_text":"","src":"https:\/\/i0.wp.com\/noticiasribeiraopreto.com.br\/wp-content\/uploads\/2024\/01\/sisu-scaled.jpg?fit=1000%2C598&ssl=1&resize=350%2C200","width":350,"height":200,"srcset":"https:\/\/i0.wp.com\/noticiasribeiraopreto.com.br\/wp-content\/uploads\/2024\/01\/sisu-scaled.jpg?fit=1000%2C598&ssl=1&resize=350%2C200 1x, https:\/\/i0.wp.com\/noticiasribeiraopreto.com.br\/wp-content\/uploads\/2024\/01\/sisu-scaled.jpg?fit=1000%2C598&ssl=1&resize=525%2C300 1.5x, https:\/\/i0.wp.com\/noticiasribeiraopreto.com.br\/wp-content\/uploads\/2024\/01\/sisu-scaled.jpg?fit=1000%2C598&ssl=1&resize=700%2C400 2x"},"classes":[]},{"id":35160,"url":"https:\/\/noticiasribeiraopreto.com.br\/index.php\/2024\/02\/05\/sisu-selecionados-tem-ate-quarta-feira-para-fazer-matricula\/","url_meta":{"origin":33659,"position":3},"title":"SISU: selecionados t\u00eam at\u00e9 quarta-feira para fazer matr\u00edcula","author":"noticiasribeiraopreto.com.br","date":"5 de February de 2024","format":false,"excerpt":"5 de fevereiro de 2024 | 13:005 de fevereiro de 2024 | 10:31 0Estudantes selecionados na primeira chamada do processo seletivo de 2024 do Sistema de Sele\u00e7\u00e3o Unificada (Sisu) t\u00eam at\u00e9 quarta-feira (7) para fazer a matr\u00edcula ou o registro acad\u00eamico na institui\u00e7\u00e3o para a qual foram admitidos.O Minist\u00e9rio da\u2026","rel":"","context":"In &quot;Not\u00edcias de Ribeir\u00e3o Preto-SP e Regi\u00e3o&quot;","block_context":{"text":"Not\u00edcias de Ribeir\u00e3o Preto-SP e Regi\u00e3o","link":"https:\/\/noticiasribeiraopreto.com.br\/index.php\/category\/noticias-de-ribeirao-preto-sp-e-regiao-ismael-colosi\/"},"img":{"alt_text":"","src":"https:\/\/i0.wp.com\/noticiasribeiraopreto.com.br\/wp-content\/uploads\/2024\/02\/sisu-scaled.jpg?fit=1000%2C598&ssl=1&resize=350%2C200","width":350,"height":200,"srcset":"https:\/\/i0.wp.com\/noticiasribeiraopreto.com.br\/wp-content\/uploads\/2024\/02\/sisu-scaled.jpg?fit=1000%2C598&ssl=1&resize=350%2C200 1x, https:\/\/i0.wp.com\/noticiasribeiraopreto.com.br\/wp-content\/uploads\/2024\/02\/sisu-scaled.jpg?fit=1000%2C598&ssl=1&resize=525%2C300 1.5x, https:\/\/i0.wp.com\/noticiasribeiraopreto.com.br\/wp-content\/uploads\/2024\/02\/sisu-scaled.jpg?fit=1000%2C598&ssl=1&resize=700%2C400 2x"},"classes":[]},{"id":62549,"url":"https:\/\/noticiasribeiraopreto.com.br\/index.php\/2025\/01\/17\/inscricoes-para-o-sisu-2025-comecam-hoje-veja-as-vagas-na-regiao-de-ribeirao\/","url_meta":{"origin":33659,"position":4},"title":"Inscri\u00e7\u00f5es para o Sisu 2025 come\u00e7am hoje; veja as vagas na regi\u00e3o de Ribeir\u00e3o","author":"noticiasribeiraopreto.com.br","date":"17 de January de 2025","format":false,"excerpt":"O Minist\u00e9rio da Educa\u00e7\u00e3o (MEC) abriu, nesta sexta-feira (17), as inscri\u00e7\u00f5es para o Sisu 2025. Os estudantes devem se cadastrar na p\u00e1gina oficial do programa, que utiliza as notas do Enem 2024. O IFSP de Barretos e Sert\u00e3ozinho, por meio do sistema unificado, oferece 400 vagas em 10 cursos. As\u2026","rel":"","context":"In &quot;Not\u00edcias de Ribeir\u00e3o Preto-SP e Regi\u00e3o&quot;","block_context":{"text":"Not\u00edcias de Ribeir\u00e3o Preto-SP e Regi\u00e3o","link":"https:\/\/noticiasribeiraopreto.com.br\/index.php\/category\/noticias-de-ribeirao-preto-sp-e-regiao-ismael-colosi\/"},"img":{"alt_text":"","src":"https:\/\/i0.wp.com\/noticiasribeiraopreto.com.br\/wp-content\/uploads\/2025\/01\/sisu-1.jpg?fit=1151%2C644&ssl=1&resize=350%2C200","width":350,"height":200,"srcset":"https:\/\/i0.wp.com\/noticiasribeiraopreto.com.br\/wp-content\/uploads\/2025\/01\/sisu-1.jpg?fit=1151%2C644&ssl=1&resize=350%2C200 1x, https:\/\/i0.wp.com\/noticiasribeiraopreto.com.br\/wp-content\/uploads\/2025\/01\/sisu-1.jpg?fit=1151%2C644&ssl=1&resize=525%2C300 1.5x, https:\/\/i0.wp.com\/noticiasribeiraopreto.com.br\/wp-content\/uploads\/2025\/01\/sisu-1.jpg?fit=1151%2C644&ssl=1&resize=700%2C400 2x, https:\/\/i0.wp.com\/noticiasribeiraopreto.com.br\/wp-content\/uploads\/2025\/01\/sisu-1.jpg?fit=1151%2C644&ssl=1&resize=1050%2C600 3x"},"classes":[]},{"id":22889,"url":"https:\/\/noticiasribeiraopreto.com.br\/index.php\/2023\/12\/31\/mec-anuncia-novidades-e-datas-chave-para-o-sisu-2024\/","url_meta":{"origin":33659,"position":5},"title":"MEC anuncia novidades e datas-chave para o Sisu 2024","author":"noticiasribeiraopreto.com.br","date":"31 de December de 2023","format":false,"excerpt":"Entre 22 e 25 de janeiro, aqueles que prestaram o Exame Nacional do Ensino M\u00e9dio (Enem) ter\u00e3o a oportunidade de concorrer a uma das 264.254 vagas oferecidas em 127 institui\u00e7\u00f5es p\u00fablicas de ensino superior por meio do Sistema de Sele\u00e7\u00e3o Unificada (Sisu). Essas datas e novas informa\u00e7\u00f5es foram divulgadas pelo\u2026","rel":"","context":"In &quot;Variedades&quot;","block_context":{"text":"Variedades","link":"https:\/\/noticiasribeiraopreto.com.br\/index.php\/category\/variedades\/"},"img":{"alt_text":"","src":"https:\/\/i0.wp.com\/noticiasribeiraopreto.com.br\/wp-content\/uploads\/2023\/12\/pexels-blue-bird-7243313.jpg?fit=1200%2C638&ssl=1&resize=350%2C200","width":350,"height":200,"srcset":"https:\/\/i0.wp.com\/noticiasribeiraopreto.com.br\/wp-content\/uploads\/2023\/12\/pexels-blue-bird-7243313.jpg?fit=1200%2C638&ssl=1&resize=350%2C200 1x, https:\/\/i0.wp.com\/noticiasribeiraopreto.com.br\/wp-content\/uploads\/2023\/12\/pexels-blue-bird-7243313.jpg?fit=1200%2C638&ssl=1&resize=525%2C300 1.5x, https:\/\/i0.wp.com\/noticiasribeiraopreto.com.br\/wp-content\/uploads\/2023\/12\/pexels-blue-bird-7243313.jpg?fit=1200%2C638&ssl=1&resize=700%2C400 2x, https:\/\/i0.wp.com\/noticiasribeiraopreto.com.br\/wp-content\/uploads\/2023\/12\/pexels-blue-bird-7243313.jpg?fit=1200%2C638&ssl=1&resize=1050%2C600 3x"},"classes":[]}],"jetpack_sharing_enabled":true,"jetpack_shortlink":"https:\/\/wp.me\/peQAOb-8KT","_links":{"self":[{"href":"https:\/\/noticiasribeiraopreto.com.br\/index.php\/wp-json\/wp\/v2\/posts\/33659","targetHints":{"allow":["GET"]}}],"collection":[{"href":"https:\/\/noticiasribeiraopreto.com.br\/index.php\/wp-json\/wp\/v2\/posts"}],"about":[{"href":"https:\/\/noticiasribeiraopreto.com.br\/index.php\/wp-json\/wp\/v2\/types\/post"}],"author":[{"embeddable":true,"href":"https:\/\/noticiasribeiraopreto.com.br\/index.php\/wp-json\/wp\/v2\/users\/1"}],"replies":[{"embeddable":true,"href":"https:\/\/noticiasribeiraopreto.com.br\/index.php\/wp-json\/wp\/v2\/comments?post=33659"}],"version-history":[{"count":0,"href":"https:\/\/noticiasribeiraopreto.com.br\/index.php\/wp-json\/wp\/v2\/posts\/33659\/revisions"}],"wp:featuredmedia":[{"embeddable":true,"href":"https:\/\/noticiasribeiraopreto.com.br\/index.php\/wp-json\/wp\/v2\/media\/33660"}],"wp:attachment":[{"href":"https:\/\/noticiasribeiraopreto.com.br\/index.php\/wp-json\/wp\/v2\/media?parent=33659"}],"wp:term":[{"taxonomy":"category","embeddable":true,"href":"https:\/\/noticiasribeiraopreto.com.br\/index.php\/wp-json\/wp\/v2\/categories?post=33659"},{"taxonomy":"post_tag","embeddable":true,"href":"https:\/\/noticiasribeiraopreto.com.br\/index.php\/wp-json\/wp\/v2\/tags?post=33659"}],"curies":[{"name":"wp","href":"https:\/\/api.w.org\/{rel}","templated":true}]}}