{"id":33667,"date":"2024-01-30T12:29:52","date_gmt":"2024-01-30T15:29:52","guid":{"rendered":"https:\/\/noticiasribeiraopreto.com.br\/index.php\/2024\/01\/30\/caes-atacam-e-matam-gato-dentro-do-der-em-ribeirao-preto\/"},"modified":"2024-01-30T12:29:52","modified_gmt":"2024-01-30T15:29:52","slug":"caes-atacam-e-matam-gato-dentro-do-der-em-ribeirao-preto","status":"publish","type":"post","link":"https:\/\/noticiasribeiraopreto.com.br\/index.php\/2024\/01\/30\/caes-atacam-e-matam-gato-dentro-do-der-em-ribeirao-preto\/","title":{"rendered":"C\u00e3es atacam e matam gato dentro do DER em Ribeir\u00e3o Preto"},"content":{"rendered":"<div class='code-block code-block-1' style='margin: 8px 0 8px auto; text-align: right; display: block; clear: both;'>\n<p><a href=\"https:\/\/wa.link\/vpicfd\"><img data-recalc-dims=\"1\" class=\"wp-image-4922\" style=\"aspect-ratio: 2.0253164556962027; width: 561px; height: auto;\" src=\"https:\/\/i0.wp.com\/ismaelcolosi.com.br\/wp-content\/uploads\/2023\/11\/grupo-de-empregos-whatsapp-e-facebook-ismael-colosi-vagas.jpg?ssl=1\" alt=\"\" \/><\/a><\/p>\n<!-- \/wp:image -->\n<\/div>\n<p> <br \/>\n<\/p>\n<div data-td-block-uid=\"tdi_104\">\n<div class=\"tdb-block-inner td-fix-index\">\n<p>Dois c\u00e3es atacaram e mataram um gato dentro do<strong> DER (Departamento de Estradas de Rodagem)<\/strong> em<strong> Ribeir\u00e3o Preto<\/strong>, no \u00faltimo domingo (28). <\/p>\n<p>De acordo com o <strong>B.O. (boletim de ocorr\u00eancia)<\/strong>, os c\u00e3es estavam perseguindo os gatos que ficam no \u00f3rg\u00e3o, localizado na <strong>avenida Presidente Kennedy<\/strong>, na zona Leste.<\/p>\n<p>O ataque foi visto por um funcion\u00e1rio de um posto de combust\u00edveis que fica em frente ao DER, que resgatou o gato, chamado pelos funcion\u00e1rios por Kak\u00e1. Ele foi levado ao veterin\u00e1rio, mas n\u00e3o resistiu aos ferimentos e morreu.<\/p>\n<p>Segundo o relato, os c\u00e3es continuaram no local perseguindo outros gatos e precisaram ser espantados pelos servidores. A <strong>Policia Militar Ambiental <\/strong>tamb\u00e9m foi acionada, mas o dono dos animais n\u00e3o foi identificado.<\/p>\n<p>A reportagem do <strong>acidade on Ribeir\u00e3o<\/strong> procurou o DER, e aguarda um posicionamento. Caso o \u00f3rg\u00e3o se manifeste, o texto ser\u00e1 atualizado.<\/p>\n<p>SAIBA MAIS<br \/>Renato Albani se apresenta em mar\u00e7o no Pedro II em Ribeir\u00e3o; Ingressos est\u00e3o \u00e0 venda<\/p>\n<h4 class=\"wp-block-heading\"><strong>FIQUE ON<\/strong><\/h4>\n<p>Fique ligado em tudo que acontece em Ribeir\u00e3o Preto e regi\u00e3o. Siga os perfis do <strong>acidade on<\/strong> no <a href=\"https:\/\/www.instagram.com\/acidadeonribeirao\" target=\"_blank\" rel=\"noreferrer noopener\">Instagram<\/a> e no <a href=\"https:\/\/www.facebook.com\/acidadeonribeirao\" target=\"_blank\" rel=\"noreferrer noopener\">Facebook<\/a>.<\/p>\n<p>Receba not\u00edcias do<strong> acidade on <\/strong>no WhatsApp. Para entrar no grupo, basta <a href=\"https:\/\/chat.whatsapp.com\/Bnv2w66ZT4VDyZW3oiZ69n\" target=\"_blank\" rel=\"noreferrer noopener\">clicar aqui<\/a>.<\/p>\n<p>Fa\u00e7a uma den\u00fancia ou sugira uma reportagem sobre Ribeir\u00e3o Preto e regi\u00e3o pelo WhatsApp: 16 99117 7802.<\/p>\n<p>VEJA TAMB\u00c9M<br \/>Quem vai sair do BBB 24? Enquetes apontam poss\u00edvel eliminado<\/p>\n<p><!-- AI CONTENT END 1 -->\n<\/div>\n<\/div>\n<p><script async src=\"\/\/www.instagram.com\/embed.js\"><\/script><br \/>\n<br \/><br \/>\n<br \/><a href=\"https:\/\/www.acidadeon.com\/ribeiraopreto\/cotidiano\/caes-atacam-e-matam-gato-dentro-do-der-em-ribeirao-preto\/\">Source link <\/a><\/p>\n<!-- CONTENT END 1 -->\n","protected":false},"excerpt":{"rendered":"<p>Dois c\u00e3es atacaram e mataram um gato dentro do DER (Departamento de Estradas de Rodagem) em Ribeir\u00e3o Preto, no \u00faltimo domingo (28). De acordo com&#8230;<\/p>\n","protected":false},"author":1,"featured_media":33668,"comment_status":"open","ping_status":"open","sticky":false,"template":"","format":"standard","meta":{"advanced_seo_description":"","jetpack_seo_html_title":"","jetpack_seo_noindex":false,"jetpack_post_was_ever_published":false,"_jetpack_newsletter_access":"","_jetpack_dont_email_post_to_subs":false,"_jetpack_newsletter_tier_id":0,"_jetpack_memberships_contains_paywalled_content":false,"_jetpack_memberships_contains_paid_content":false,"footnotes":"","jetpack_publicize_message":"","jetpack_publicize_feature_enabled":true,"jetpack_social_post_already_shared":true,"jetpack_social_options":{"image_generator_settings":{"template":"highway","default_image_id":0,"font":"","enabled":false},"version":2}},"categories":[11],"tags":[],"class_list":["post-33667","post","type-post","status-publish","format-standard","has-post-thumbnail","hentry","category-noticias-de-ribeirao-preto-sp-e-regiao-ismael-colosi"],"jetpack_publicize_connections":[],"jetpack_featured_media_url":"https:\/\/i0.wp.com\/noticiasribeiraopreto.com.br\/wp-content\/uploads\/2024\/01\/1706628592_HomemmorreapscairdeandaimeenquantotrabalhavaemRibeiroPreto_Tamanho_2_image.jpg?fit=1200%2C900&ssl=1","jetpack-related-posts":[{"id":42318,"url":"https:\/\/noticiasribeiraopreto.com.br\/index.php\/2024\/03\/13\/ribeirao-preto-tem-novo-evento-para-adocao-de-caes-e-gatos-veja-onde\/","url_meta":{"origin":33667,"position":0},"title":"Ribeir\u00e3o Preto tem novo evento para ado\u00e7\u00e3o de c\u00e3es e gatos; Veja onde","author":"noticiasribeiraopreto.com.br","date":"13 de March de 2024","format":false,"excerpt":"Ribeir\u00e3o Preto ter\u00e1 um novo evento de ado\u00e7\u00e3o de c\u00e3es e gatos, neste s\u00e1bado (16), das 09h \u00e0s 14h, na sede da Divis\u00e3o de Bem-Estar Animal (DBEA), localizada na avenida Eduardo Andrea Matarazzo (Via Norte), n\u00ba4255. De acordo com o comunicado da Prefeitura, entre filhotes e adultos, existem mais de\u2026","rel":"","context":"In &quot;Not\u00edcias de Ribeir\u00e3o Preto-SP e Regi\u00e3o&quot;","block_context":{"text":"Not\u00edcias de Ribeir\u00e3o Preto-SP e Regi\u00e3o","link":"https:\/\/noticiasribeiraopreto.com.br\/index.php\/category\/noticias-de-ribeirao-preto-sp-e-regiao-ismael-colosi\/"},"img":{"alt_text":"","src":"https:\/\/i0.wp.com\/noticiasribeiraopreto.com.br\/wp-content\/uploads\/2024\/03\/AnyConv.com__Copia-de-Copia-de-TAMANHO-EXATO-PARA-FOTOS-NO-SISTEMA-NOVO-73.webp.webp?fit=1200%2C675&ssl=1&resize=350%2C200","width":350,"height":200,"srcset":"https:\/\/i0.wp.com\/noticiasribeiraopreto.com.br\/wp-content\/uploads\/2024\/03\/AnyConv.com__Copia-de-Copia-de-TAMANHO-EXATO-PARA-FOTOS-NO-SISTEMA-NOVO-73.webp.webp?fit=1200%2C675&ssl=1&resize=350%2C200 1x, https:\/\/i0.wp.com\/noticiasribeiraopreto.com.br\/wp-content\/uploads\/2024\/03\/AnyConv.com__Copia-de-Copia-de-TAMANHO-EXATO-PARA-FOTOS-NO-SISTEMA-NOVO-73.webp.webp?fit=1200%2C675&ssl=1&resize=525%2C300 1.5x, https:\/\/i0.wp.com\/noticiasribeiraopreto.com.br\/wp-content\/uploads\/2024\/03\/AnyConv.com__Copia-de-Copia-de-TAMANHO-EXATO-PARA-FOTOS-NO-SISTEMA-NOVO-73.webp.webp?fit=1200%2C675&ssl=1&resize=700%2C400 2x, https:\/\/i0.wp.com\/noticiasribeiraopreto.com.br\/wp-content\/uploads\/2024\/03\/AnyConv.com__Copia-de-Copia-de-TAMANHO-EXATO-PARA-FOTOS-NO-SISTEMA-NOVO-73.webp.webp?fit=1200%2C675&ssl=1&resize=1050%2C600 3x"},"classes":[]},{"id":49214,"url":"https:\/\/noticiasribeiraopreto.com.br\/index.php\/2024\/05\/09\/caes-e-gatos-poderao-viajar-junto-com-os-passageiros-nos-avioes-entenda\/","url_meta":{"origin":33667,"position":1},"title":"C\u00e3es e gatos poder\u00e3o viajar junto com os passageiros nos avi\u00f5es; Entenda","author":"noticiasribeiraopreto.com.br","date":"9 de May de 2024","format":false,"excerpt":"A C\u00e2mara dos Deputados aprovou nesta quarta-feira (8) um projeto de lei que obriga as companhias a\u00e9reas a ofertar servi\u00e7o de transporte c\u00e3es e gatos na cabine das aeronaves. Pelo projeto, os animais de estima\u00e7\u00e3o poder\u00e3o viajar junto com os passageiros em voos dom\u00e9sticos. Para entrar em vigor, a mat\u00e9ria\u2026","rel":"","context":"In &quot;Not\u00edcias de Ribeir\u00e3o Preto-SP e Regi\u00e3o&quot;","block_context":{"text":"Not\u00edcias de Ribeir\u00e3o Preto-SP e Regi\u00e3o","link":"https:\/\/noticiasribeiraopreto.com.br\/index.php\/category\/noticias-de-ribeirao-preto-sp-e-regiao-ismael-colosi\/"},"img":{"alt_text":"","src":"https:\/\/i0.wp.com\/noticiasribeiraopreto.com.br\/wp-content\/uploads\/2024\/05\/joca_2024-05-09_13-52-59_jpg_2024-05-09_13-52-59.webp.webp?fit=750%2C691&ssl=1&resize=350%2C200","width":350,"height":200,"srcset":"https:\/\/i0.wp.com\/noticiasribeiraopreto.com.br\/wp-content\/uploads\/2024\/05\/joca_2024-05-09_13-52-59_jpg_2024-05-09_13-52-59.webp.webp?fit=750%2C691&ssl=1&resize=350%2C200 1x, https:\/\/i0.wp.com\/noticiasribeiraopreto.com.br\/wp-content\/uploads\/2024\/05\/joca_2024-05-09_13-52-59_jpg_2024-05-09_13-52-59.webp.webp?fit=750%2C691&ssl=1&resize=525%2C300 1.5x, https:\/\/i0.wp.com\/noticiasribeiraopreto.com.br\/wp-content\/uploads\/2024\/05\/joca_2024-05-09_13-52-59_jpg_2024-05-09_13-52-59.webp.webp?fit=750%2C691&ssl=1&resize=700%2C400 2x"},"classes":[]},{"id":79527,"url":"https:\/\/noticiasribeiraopreto.com.br\/index.php\/2025\/11\/03\/tradicao-e-inovacao-em-saude-para-caes-e-gatos\/","url_meta":{"origin":33667,"position":2},"title":"tradi\u00e7\u00e3o e inova\u00e7\u00e3o em sa\u00fade para c\u00e3es e gatos","author":"noticiasribeiraopreto.com.br","date":"3 de November de 2025","format":false,"excerpt":"Apaixonada por animais, a aposentada Maria Izabel Soares possui h\u00e1 16 anos o plano de sa\u00fade para c\u00e3es e gatos da Vetplan. Hoje, o cuidado \u00e9 com a cachorrinha Cleo. \u201cJ\u00e1 usei para interna\u00e7\u00e3o, cirurgia e vacina\u00e7\u00e3o\u201d, conta. Outro fator que a faz ser fiel \u00e0 empresa \u00e9 o atendimento\u2026","rel":"","context":"In &quot;Not\u00edcias de Ribeir\u00e3o Preto-SP e Regi\u00e3o&quot;","block_context":{"text":"Not\u00edcias de Ribeir\u00e3o Preto-SP e Regi\u00e3o","link":"https:\/\/noticiasribeiraopreto.com.br\/index.php\/category\/noticias-de-ribeirao-preto-sp-e-regiao-ismael-colosi\/"},"img":{"alt_text":"","src":"https:\/\/i0.wp.com\/noticiasribeiraopreto.com.br\/wp-content\/uploads\/2025\/11\/1-2025-11-03T143959.083_2025-11-03_17-40-49.webp.webp?fit=1200%2C800&ssl=1&resize=350%2C200","width":350,"height":200,"srcset":"https:\/\/i0.wp.com\/noticiasribeiraopreto.com.br\/wp-content\/uploads\/2025\/11\/1-2025-11-03T143959.083_2025-11-03_17-40-49.webp.webp?fit=1200%2C800&ssl=1&resize=350%2C200 1x, https:\/\/i0.wp.com\/noticiasribeiraopreto.com.br\/wp-content\/uploads\/2025\/11\/1-2025-11-03T143959.083_2025-11-03_17-40-49.webp.webp?fit=1200%2C800&ssl=1&resize=525%2C300 1.5x, https:\/\/i0.wp.com\/noticiasribeiraopreto.com.br\/wp-content\/uploads\/2025\/11\/1-2025-11-03T143959.083_2025-11-03_17-40-49.webp.webp?fit=1200%2C800&ssl=1&resize=700%2C400 2x, https:\/\/i0.wp.com\/noticiasribeiraopreto.com.br\/wp-content\/uploads\/2025\/11\/1-2025-11-03T143959.083_2025-11-03_17-40-49.webp.webp?fit=1200%2C800&ssl=1&resize=1050%2C600 3x"},"classes":[]},{"id":83533,"url":"https:\/\/noticiasribeiraopreto.com.br\/index.php\/2026\/03\/20\/cidade-da-regiao-recebe-evento-de-adocao-de-caes-e-gatos-neste-sabado\/","url_meta":{"origin":33667,"position":3},"title":"Cidade da regi\u00e3o recebe evento de ado\u00e7\u00e3o de c\u00e3es e gatos neste s\u00e1bado","author":"noticiasribeiraopreto.com.br","date":"20 de March de 2026","format":false,"excerpt":"A Secretaria Municipal de Meio Ambiente e Agricultura de Sert\u00e3ozinho, na regi\u00e3o de Ribeir\u00e3o Preto, realiza um evento de ado\u00e7\u00e3o de c\u00e3es e gatos neste s\u00e1bado (21), na Pra\u00e7a 21 de Abril, das 8h \u00e0s 12h. Segundo a pasta, todos os animais dispon\u00edveis para ado\u00e7\u00e3o passam por acompanhamento e est\u00e3o\u2026","rel":"","context":"In &quot;Not\u00edcias de Ribeir\u00e3o Preto-SP e Regi\u00e3o&quot;","block_context":{"text":"Not\u00edcias de Ribeir\u00e3o Preto-SP e Regi\u00e3o","link":"https:\/\/noticiasribeiraopreto.com.br\/index.php\/category\/noticias-de-ribeirao-preto-sp-e-regiao-ismael-colosi\/"},"img":{"alt_text":"","src":"https:\/\/i0.wp.com\/noticiasribeiraopreto.com.br\/wp-content\/uploads\/2026\/03\/1875bf0247665fdb4614fad6c2d862d9_2026-03-20_11-53-44.webp.webp?fit=800%2C450&ssl=1&resize=350%2C200","width":350,"height":200,"srcset":"https:\/\/i0.wp.com\/noticiasribeiraopreto.com.br\/wp-content\/uploads\/2026\/03\/1875bf0247665fdb4614fad6c2d862d9_2026-03-20_11-53-44.webp.webp?fit=800%2C450&ssl=1&resize=350%2C200 1x, https:\/\/i0.wp.com\/noticiasribeiraopreto.com.br\/wp-content\/uploads\/2026\/03\/1875bf0247665fdb4614fad6c2d862d9_2026-03-20_11-53-44.webp.webp?fit=800%2C450&ssl=1&resize=525%2C300 1.5x, https:\/\/i0.wp.com\/noticiasribeiraopreto.com.br\/wp-content\/uploads\/2026\/03\/1875bf0247665fdb4614fad6c2d862d9_2026-03-20_11-53-44.webp.webp?fit=800%2C450&ssl=1&resize=700%2C400 2x"},"classes":[]},{"id":67821,"url":"https:\/\/noticiasribeiraopreto.com.br\/index.php\/2025\/04\/18\/jornal-da-franca-governo-federal-lanca-programa-gratuito-para-identificar-e-proteger-caes-e-gatos\/","url_meta":{"origin":33667,"position":4},"title":"Jornal da Franca &#8211; Governo Federal lan\u00e7a programa gratuito para identificar e proteger c\u00e3es e gatos","author":"noticiasribeiraopreto.com.br","date":"18 de April de 2025","format":false,"excerpt":"compartilhar no whatsapp compartilhar no telegram compartilhar no facebook compartilhar no linkedin Sem cobran\u00e7a de imposto ou taxa, a\u00e7\u00f5es buscam promover o controle populacional \u00e9tico de c\u00e3es e gatos e combater maus-tratos. O Governo Federal lan\u00e7a o Programa Nacional de Prote\u00e7\u00e3o e Manejo Populacional \u00c9tico de C\u00e3es e Gatos (ProPatinhas)\u2026","rel":"","context":"In &quot;Not\u00edcias de Franca-SP&quot;","block_context":{"text":"Not\u00edcias de Franca-SP","link":"https:\/\/noticiasribeiraopreto.com.br\/index.php\/category\/noticias-de-ribeirao-preto-sp-e-regiao-ismael-colosi\/noticias-franca-sp\/"},"img":{"alt_text":"","src":"https:\/\/i0.wp.com\/noticiasribeiraopreto.com.br\/wp-content\/uploads\/2025\/04\/21012.jpg?fit=1000%2C667&ssl=1&resize=350%2C200","width":350,"height":200,"srcset":"https:\/\/i0.wp.com\/noticiasribeiraopreto.com.br\/wp-content\/uploads\/2025\/04\/21012.jpg?fit=1000%2C667&ssl=1&resize=350%2C200 1x, https:\/\/i0.wp.com\/noticiasribeiraopreto.com.br\/wp-content\/uploads\/2025\/04\/21012.jpg?fit=1000%2C667&ssl=1&resize=525%2C300 1.5x, https:\/\/i0.wp.com\/noticiasribeiraopreto.com.br\/wp-content\/uploads\/2025\/04\/21012.jpg?fit=1000%2C667&ssl=1&resize=700%2C400 2x"},"classes":[]},{"id":15965,"url":"https:\/\/noticiasribeiraopreto.com.br\/index.php\/2023\/12\/14\/ribeirao-preto-tem-feirao-para-adocao-de-caes-e-gatos-neste-sabado-veja-como-adotar\/","url_meta":{"origin":33667,"position":5},"title":"Ribeir\u00e3o Preto tem feira para ado\u00e7\u00e3o de c\u00e3es e gatos neste s\u00e1bado; Veja como adotar","author":"noticiasribeiraopreto.com.br","date":"14 de December de 2023","format":false,"excerpt":"A Divis\u00e3o de Bem-Estar Animal (DBEA) de Ribeir\u00e3o Preto realiza, neste s\u00e1bado (16), das 9h \u00e0s 14h, na sede da divis\u00e3o, um feir\u00e3o para ado\u00e7\u00e3o de c\u00e3es e gatos de todas as idades. A conviv\u00eancia com animais de estima\u00e7\u00e3o proporciona momentos de alegria no dia a dia, al\u00e9m de in\u00fameros\u2026","rel":"","context":"In &quot;Not\u00edcias de Ribeir\u00e3o Preto-SP e Regi\u00e3o&quot;","block_context":{"text":"Not\u00edcias de Ribeir\u00e3o Preto-SP e Regi\u00e3o","link":"https:\/\/noticiasribeiraopreto.com.br\/index.php\/category\/noticias-de-ribeirao-preto-sp-e-regiao-ismael-colosi\/"},"img":{"alt_text":"","src":"https:\/\/i0.wp.com\/noticiasribeiraopreto.com.br\/wp-content\/uploads\/2023\/12\/Copia-de-Copia-de-TAMANHO-EXATO-PARA-FOTOS-NO-SISTEMA-NOVO-24.png?fit=1200%2C675&ssl=1&resize=350%2C200","width":350,"height":200,"srcset":"https:\/\/i0.wp.com\/noticiasribeiraopreto.com.br\/wp-content\/uploads\/2023\/12\/Copia-de-Copia-de-TAMANHO-EXATO-PARA-FOTOS-NO-SISTEMA-NOVO-24.png?fit=1200%2C675&ssl=1&resize=350%2C200 1x, https:\/\/i0.wp.com\/noticiasribeiraopreto.com.br\/wp-content\/uploads\/2023\/12\/Copia-de-Copia-de-TAMANHO-EXATO-PARA-FOTOS-NO-SISTEMA-NOVO-24.png?fit=1200%2C675&ssl=1&resize=525%2C300 1.5x, https:\/\/i0.wp.com\/noticiasribeiraopreto.com.br\/wp-content\/uploads\/2023\/12\/Copia-de-Copia-de-TAMANHO-EXATO-PARA-FOTOS-NO-SISTEMA-NOVO-24.png?fit=1200%2C675&ssl=1&resize=700%2C400 2x, https:\/\/i0.wp.com\/noticiasribeiraopreto.com.br\/wp-content\/uploads\/2023\/12\/Copia-de-Copia-de-TAMANHO-EXATO-PARA-FOTOS-NO-SISTEMA-NOVO-24.png?fit=1200%2C675&ssl=1&resize=1050%2C600 3x"},"classes":[]}],"jetpack_sharing_enabled":true,"jetpack_shortlink":"https:\/\/wp.me\/peQAOb-8L1","_links":{"self":[{"href":"https:\/\/noticiasribeiraopreto.com.br\/index.php\/wp-json\/wp\/v2\/posts\/33667","targetHints":{"allow":["GET"]}}],"collection":[{"href":"https:\/\/noticiasribeiraopreto.com.br\/index.php\/wp-json\/wp\/v2\/posts"}],"about":[{"href":"https:\/\/noticiasribeiraopreto.com.br\/index.php\/wp-json\/wp\/v2\/types\/post"}],"author":[{"embeddable":true,"href":"https:\/\/noticiasribeiraopreto.com.br\/index.php\/wp-json\/wp\/v2\/users\/1"}],"replies":[{"embeddable":true,"href":"https:\/\/noticiasribeiraopreto.com.br\/index.php\/wp-json\/wp\/v2\/comments?post=33667"}],"version-history":[{"count":0,"href":"https:\/\/noticiasribeiraopreto.com.br\/index.php\/wp-json\/wp\/v2\/posts\/33667\/revisions"}],"wp:featuredmedia":[{"embeddable":true,"href":"https:\/\/noticiasribeiraopreto.com.br\/index.php\/wp-json\/wp\/v2\/media\/33668"}],"wp:attachment":[{"href":"https:\/\/noticiasribeiraopreto.com.br\/index.php\/wp-json\/wp\/v2\/media?parent=33667"}],"wp:term":[{"taxonomy":"category","embeddable":true,"href":"https:\/\/noticiasribeiraopreto.com.br\/index.php\/wp-json\/wp\/v2\/categories?post=33667"},{"taxonomy":"post_tag","embeddable":true,"href":"https:\/\/noticiasribeiraopreto.com.br\/index.php\/wp-json\/wp\/v2\/tags?post=33667"}],"curies":[{"name":"wp","href":"https:\/\/api.w.org\/{rel}","templated":true}]}}