{"id":33673,"date":"2024-01-30T13:02:37","date_gmt":"2024-01-30T16:02:37","guid":{"rendered":"https:\/\/noticiasribeiraopreto.com.br\/index.php\/2024\/01\/30\/prefeitura-na-regiao-de-ribeirao-preto-abre-processo-seletivo-com-20-vagas\/"},"modified":"2024-01-30T13:02:37","modified_gmt":"2024-01-30T16:02:37","slug":"prefeitura-na-regiao-de-ribeirao-preto-abre-processo-seletivo-com-20-vagas","status":"publish","type":"post","link":"https:\/\/noticiasribeiraopreto.com.br\/index.php\/2024\/01\/30\/prefeitura-na-regiao-de-ribeirao-preto-abre-processo-seletivo-com-20-vagas\/","title":{"rendered":"Prefeitura na regi\u00e3o de Ribeir\u00e3o Preto abre processo seletivo com 20 vagas"},"content":{"rendered":"<div class='code-block code-block-1' style='margin: 8px 0 8px auto; text-align: right; display: block; clear: both;'>\n<p><a href=\"https:\/\/wa.link\/vpicfd\"><img data-recalc-dims=\"1\" class=\"wp-image-4922\" style=\"aspect-ratio: 2.0253164556962027; width: 561px; height: auto;\" src=\"https:\/\/i0.wp.com\/ismaelcolosi.com.br\/wp-content\/uploads\/2023\/11\/grupo-de-empregos-whatsapp-e-facebook-ismael-colosi-vagas.jpg?ssl=1\" alt=\"\" \/><\/a><\/p>\n<!-- \/wp:image -->\n<\/div>\n<p> <br \/>\n<\/p>\n<div data-td-block-uid=\"tdi_104\">\n<div class=\"tdb-block-inner td-fix-index\">\n<p>A <strong><a href=\"https:\/\/www.bebedouro.sp.gov.br\/portal\/\" target=\"_blank\" rel=\"noreferrer noopener nofollow\">Prefeitura de Bebedouro<\/a><\/strong>, na regi\u00e3o de <strong>Ribeir\u00e3o Preto<\/strong>, abriu<strong> processo seletivo<\/strong> com 20 vagas de n\u00edvel fundamental, al\u00e9m de oportunidades para o cadastro de reserva. <mark style=\"background-color:#fcb900\" class=\"has-inline-color has-black-color\">Os sal\u00e1rios para fun\u00e7\u00e3o s\u00e3o de R$ 1.494,15.<\/mark><\/p>\n<p>As oportunidades s\u00e3o para o cargo de atendente e para participar \u00e9 necess\u00e1rio ter conclu\u00eddo o ensino fundamental e ter conhecimentos b\u00e1sicos de inform\u00e1tica. As vagas s\u00e3o para o per\u00edodo de 12 meses, podendo ser prorrogado por seis meses.<\/p>\n<p><mark style=\"background-color:#fcb900\" class=\"has-inline-color has-black-color\">As inscri\u00e7\u00f5es devem ser realizadas presencialmente no Departamento de Recursos Humanos da Prefeitura de Bebedouro, que fica na rua Coronel Conrado Caldeira, 575<\/mark>, das 12h \u00e0s 16h, at\u00e9 o dia 5 de fevereiro.<\/p>\n<p>Para realizar a inscri\u00e7\u00e3o, o candidato dever\u00e1 apresentar a seguinte documenta\u00e7\u00e3o:<\/p>\n<ul>\n<li>C\u00f3pia da C\u00e9dula de Identidade (ou qualquer outro documento oficial que contenha foto \u2013 CTPS, Passaporte, C\u00e9dula Funcional, CNH, etc.)<\/li>\n<\/ul>\n<ul>\n<li>C\u00f3pia de comprovante de endere\u00e7o do m\u00eas da inscri\u00e7\u00e3o ou m\u00eas imediatamente anterior que contenha CEP atualizado<\/li>\n<\/ul>\n<ul>\n<li>Atestado M\u00e9dico para os candidatos as vagas reservadas as PcD\u00b4s<\/li>\n<\/ul>\n<p>A prova escrita ser\u00e1 realizada no Instituto Municipal de Ensino Superior de Bebedouro, que fica na rua N\u00e9lson Domingos Madeira 300, Jardim Eldorado, em Bebedouro, no dia \u00a017 de fevereiro de 2024, a partir das 9h.<\/p>\n<p>SAIBA MAIS<br \/>Confira se voc\u00ea est\u00e1 na lista de aprovados do Sisu<\/p>\n<h4 class=\"wp-block-heading\"><strong>FIQUE ON<\/strong><\/h4>\n<p>Fique ligado em tudo que acontece em Ribeir\u00e3o Preto e regi\u00e3o. Siga os perfis do<strong> acidade on <\/strong>no <a href=\"https:\/\/www.instagram.com\/acidadeonribeirao\" target=\"_blank\" rel=\"noreferrer noopener nofollow\">Instagram<\/a> e no<a href=\"https:\/\/www.facebook.com\/acidadeonribeirao\" target=\"_blank\" rel=\"noreferrer noopener nofollow\"> Facebook<\/a>.<\/p>\n<p>Receba not\u00edcias do <strong>acidade on<\/strong> no WhatsApp. <a href=\"https:\/\/chat.whatsapp.com\/Bnv2w66ZT4VDyZW3oiZ69n\" target=\"_blank\" rel=\"noreferrer noopener nofollow\">Para entrar no grupo, basta clicar aqui.<\/a><\/p>\n<p>Fa\u00e7a uma den\u00fancia ou sugira uma reportagem sobre Ribeir\u00e3o Preto e regi\u00e3o pelo WhatsApp: 16 99117 7802.<\/p>\n<p>VEJA TAMB\u00c9M<br \/>Quem vai cantar no BBB 24 nesta semana?<\/p>\n<p><!-- AI CONTENT END 1 -->\n<\/div>\n<\/div>\n<p><script async src=\"\/\/www.instagram.com\/embed.js\"><\/script><br \/>\n<br \/><br \/>\n<br \/><a href=\"https:\/\/www.acidadeon.com\/ribeiraopreto\/economia\/prefeitura-na-regiao-de-ribeirao-preto-abre-processo-seletivo-com-20-vagas\/\">Source link <\/a><\/p>\n<!-- CONTENT END 1 -->\n","protected":false},"excerpt":{"rendered":"<p>A Prefeitura de Bebedouro, na regi\u00e3o de Ribeir\u00e3o Preto, abriu processo seletivo com 20 vagas de n\u00edvel fundamental, al\u00e9m de oportunidades para o cadastro de&#8230;<\/p>\n","protected":false},"author":1,"featured_media":33674,"comment_status":"open","ping_status":"open","sticky":false,"template":"","format":"standard","meta":{"advanced_seo_description":"","jetpack_seo_html_title":"","jetpack_seo_noindex":false,"jetpack_post_was_ever_published":false,"_jetpack_newsletter_access":"","_jetpack_dont_email_post_to_subs":false,"_jetpack_newsletter_tier_id":0,"_jetpack_memberships_contains_paywalled_content":false,"_jetpack_memberships_contains_paid_content":false,"footnotes":"","jetpack_publicize_message":"","jetpack_publicize_feature_enabled":true,"jetpack_social_post_already_shared":true,"jetpack_social_options":{"image_generator_settings":{"template":"highway","default_image_id":0,"font":"","enabled":false},"version":2}},"categories":[11],"tags":[],"class_list":["post-33673","post","type-post","status-publish","format-standard","has-post-thumbnail","hentry","category-noticias-de-ribeirao-preto-sp-e-regiao-ismael-colosi"],"jetpack_publicize_connections":[],"jetpack_featured_media_url":"https:\/\/i0.wp.com\/noticiasribeiraopreto.com.br\/wp-content\/uploads\/2024\/01\/entrevista-de-emprego.jpg?fit=1500%2C1000&ssl=1","jetpack-related-posts":[{"id":84676,"url":"https:\/\/noticiasribeiraopreto.com.br\/index.php\/2026\/04\/14\/prefeitura-abre-processo-seletivo-para-professores-na-regiao-de-ribeirao-preto\/","url_meta":{"origin":33673,"position":0},"title":"Prefeitura abre processo seletivo para professores na regi\u00e3o de Ribeir\u00e3o Preto","author":"noticiasribeiraopreto.com.br","date":"14 de April de 2026","format":false,"excerpt":"Ler o resumo da not\u00edcia Prefeitura de Bebedouro, na regi\u00e3o de Ribeir\u00e3o Preto, abriu inscri\u00e7\u00f5es para processo seletivo de cadastro reserva na \u00e1rea de educa\u00e7\u00e3o. H\u00e1 vagas para professores de educa\u00e7\u00e3o infantil, fundamental I e II, educa\u00e7\u00e3o de jovens e adultos, educa\u00e7\u00e3o especial e profissional de apoio escolar. Sal\u00e1rios variam\u2026","rel":"","context":"In &quot;Not\u00edcias de Ribeir\u00e3o Preto-SP e Regi\u00e3o&quot;","block_context":{"text":"Not\u00edcias de Ribeir\u00e3o Preto-SP e Regi\u00e3o","link":"https:\/\/noticiasribeiraopreto.com.br\/index.php\/category\/noticias-de-ribeirao-preto-sp-e-regiao-ismael-colosi\/"},"img":{"alt_text":"","src":"https:\/\/i0.wp.com\/noticiasribeiraopreto.com.br\/wp-content\/uploads\/2026\/03\/concurso_2025-10-10_18-32-50.webp.webp?fit=1200%2C963&ssl=1&resize=350%2C200","width":350,"height":200,"srcset":"https:\/\/i0.wp.com\/noticiasribeiraopreto.com.br\/wp-content\/uploads\/2026\/03\/concurso_2025-10-10_18-32-50.webp.webp?fit=1200%2C963&ssl=1&resize=350%2C200 1x, https:\/\/i0.wp.com\/noticiasribeiraopreto.com.br\/wp-content\/uploads\/2026\/03\/concurso_2025-10-10_18-32-50.webp.webp?fit=1200%2C963&ssl=1&resize=525%2C300 1.5x, https:\/\/i0.wp.com\/noticiasribeiraopreto.com.br\/wp-content\/uploads\/2026\/03\/concurso_2025-10-10_18-32-50.webp.webp?fit=1200%2C963&ssl=1&resize=700%2C400 2x, https:\/\/i0.wp.com\/noticiasribeiraopreto.com.br\/wp-content\/uploads\/2026\/03\/concurso_2025-10-10_18-32-50.webp.webp?fit=1200%2C963&ssl=1&resize=1050%2C600 3x"},"classes":[]},{"id":45246,"url":"https:\/\/noticiasribeiraopreto.com.br\/index.php\/2024\/04\/03\/prefeitura-na-regiao-de-ribeirao-tem-processo-seletivo-com-23-vagas-e-salarios-de-r-8-mil\/","url_meta":{"origin":33673,"position":1},"title":"Prefeitura na regi\u00e3o de Ribeir\u00e3o tem processo seletivo com 23 vagas e sal\u00e1rios de R$ 8 mil","author":"noticiasribeiraopreto.com.br","date":"3 de April de 2024","format":false,"excerpt":"A Prefeitura de Bebedouro, na regi\u00e3o de Ribeir\u00e3o Preto, est\u00e1 com as inscri\u00e7\u00f5es abertas de processo seletivo com 23 vagas de n\u00edvel superior. Os sal\u00e1rios variam entre R$ 1.992,19 e R$ 8.600, ou entre R$ 154,95 e R$ 210,29 por hora para algumas fun\u00e7\u00f5es. As inscri\u00e7\u00f5es devem ser realizadas presencialmente\u2026","rel":"","context":"In &quot;Not\u00edcias de Ribeir\u00e3o Preto-SP e Regi\u00e3o&quot;","block_context":{"text":"Not\u00edcias de Ribeir\u00e3o Preto-SP e Regi\u00e3o","link":"https:\/\/noticiasribeiraopreto.com.br\/index.php\/category\/noticias-de-ribeirao-preto-sp-e-regiao-ismael-colosi\/"},"img":{"alt_text":"","src":"https:\/\/i0.wp.com\/noticiasribeiraopreto.com.br\/wp-content\/uploads\/2024\/03\/AnyConv.com__concurso-publico-2.webp.webp?fit=1200%2C800&ssl=1&resize=350%2C200","width":350,"height":200,"srcset":"https:\/\/i0.wp.com\/noticiasribeiraopreto.com.br\/wp-content\/uploads\/2024\/03\/AnyConv.com__concurso-publico-2.webp.webp?fit=1200%2C800&ssl=1&resize=350%2C200 1x, https:\/\/i0.wp.com\/noticiasribeiraopreto.com.br\/wp-content\/uploads\/2024\/03\/AnyConv.com__concurso-publico-2.webp.webp?fit=1200%2C800&ssl=1&resize=525%2C300 1.5x, https:\/\/i0.wp.com\/noticiasribeiraopreto.com.br\/wp-content\/uploads\/2024\/03\/AnyConv.com__concurso-publico-2.webp.webp?fit=1200%2C800&ssl=1&resize=700%2C400 2x, https:\/\/i0.wp.com\/noticiasribeiraopreto.com.br\/wp-content\/uploads\/2024\/03\/AnyConv.com__concurso-publico-2.webp.webp?fit=1200%2C800&ssl=1&resize=1050%2C600 3x"},"classes":[]},{"id":3222,"url":"https:\/\/noticiasribeiraopreto.com.br\/index.php\/2023\/11\/17\/prefeitura-de-ribeirao-preto-abre-processo-seletivo-para-professores\/","url_meta":{"origin":33673,"position":2},"title":"Prefeitura de Ribeir\u00e3o Preto abre processo seletivo para professores","author":"noticiasribeiraopreto.com.br","date":"17 de November de 2023","format":false,"excerpt":"A Prefeitura de Ribeir\u00e3o Preto publicou no Di\u00e1rio Oficial do Munic\u00edpio desta sexta-feira (17) a abertura do processo seletivo para o cadastro de reserva para professores int\u00e9rpretes. As vagas s\u00e3o para especialistas com dom\u00ednio na comunica\u00e7\u00e3o em Libras (L\u00edngua Brasileira de Sinais). Os sal\u00e1rios para fun\u00e7\u00e3o s\u00e3o de R$ 25,46\u2026","rel":"","context":"In &quot;Not\u00edcias de Ribeir\u00e3o Preto-SP e Regi\u00e3o&quot;","block_context":{"text":"Not\u00edcias de Ribeir\u00e3o Preto-SP e Regi\u00e3o","link":"https:\/\/noticiasribeiraopreto.com.br\/index.php\/category\/noticias-de-ribeirao-preto-sp-e-regiao-ismael-colosi\/"},"img":{"alt_text":"","src":"https:\/\/i0.wp.com\/noticiasribeiraopreto.com.br\/wp-content\/uploads\/2023\/11\/professora-de-libras.jpg?fit=1200%2C800&ssl=1&resize=350%2C200","width":350,"height":200,"srcset":"https:\/\/i0.wp.com\/noticiasribeiraopreto.com.br\/wp-content\/uploads\/2023\/11\/professora-de-libras.jpg?fit=1200%2C800&ssl=1&resize=350%2C200 1x, https:\/\/i0.wp.com\/noticiasribeiraopreto.com.br\/wp-content\/uploads\/2023\/11\/professora-de-libras.jpg?fit=1200%2C800&ssl=1&resize=525%2C300 1.5x, https:\/\/i0.wp.com\/noticiasribeiraopreto.com.br\/wp-content\/uploads\/2023\/11\/professora-de-libras.jpg?fit=1200%2C800&ssl=1&resize=700%2C400 2x, https:\/\/i0.wp.com\/noticiasribeiraopreto.com.br\/wp-content\/uploads\/2023\/11\/professora-de-libras.jpg?fit=1200%2C800&ssl=1&resize=1050%2C600 3x"},"classes":[]},{"id":51531,"url":"https:\/\/noticiasribeiraopreto.com.br\/index.php\/2024\/05\/27\/inscricoes-para-processo-seletivo-de-prefeitura-na-regiao-de-ribeirao-terminam-nesta-terca\/","url_meta":{"origin":33673,"position":3},"title":"Inscri\u00e7\u00f5es para processo seletivo de prefeitura na regi\u00e3o de Ribeir\u00e3o terminam nesta ter\u00e7a","author":"noticiasribeiraopreto.com.br","date":"27 de May de 2024","format":false,"excerpt":"As inscri\u00e7\u00f5es para o processo seletivo da Prefeitura de C\u00e1ssia dos Coqueiros, na regi\u00e3o de Ribeir\u00e3o Preto, terminam, \u00e0s 23h59 desta ter\u00e7a-feira (28). \u00a0 Os interessados em disputar as duas vagas dispon\u00edveis, sendo uma para assistente social com sal\u00e1rio de R$ 2.078,78 e uma para psic\u00f3logo com sal\u00e1rio de R$\u2026","rel":"","context":"In &quot;Not\u00edcias de Ribeir\u00e3o Preto-SP e Regi\u00e3o&quot;","block_context":{"text":"Not\u00edcias de Ribeir\u00e3o Preto-SP e Regi\u00e3o","link":"https:\/\/noticiasribeiraopreto.com.br\/index.php\/category\/noticias-de-ribeirao-preto-sp-e-regiao-ismael-colosi\/"},"img":{"alt_text":"","src":"https:\/\/i0.wp.com\/noticiasribeiraopreto.com.br\/wp-content\/uploads\/2024\/05\/Copia-de-Copia-de-TAMANHO-EXATO-PARA-FOTOS-NO-SISTEMA-NOVO-53_2024-05-27_20-53-10_jpg_2024-05-27_20-53-10.webp.webp?fit=1200%2C675&ssl=1&resize=350%2C200","width":350,"height":200,"srcset":"https:\/\/i0.wp.com\/noticiasribeiraopreto.com.br\/wp-content\/uploads\/2024\/05\/Copia-de-Copia-de-TAMANHO-EXATO-PARA-FOTOS-NO-SISTEMA-NOVO-53_2024-05-27_20-53-10_jpg_2024-05-27_20-53-10.webp.webp?fit=1200%2C675&ssl=1&resize=350%2C200 1x, https:\/\/i0.wp.com\/noticiasribeiraopreto.com.br\/wp-content\/uploads\/2024\/05\/Copia-de-Copia-de-TAMANHO-EXATO-PARA-FOTOS-NO-SISTEMA-NOVO-53_2024-05-27_20-53-10_jpg_2024-05-27_20-53-10.webp.webp?fit=1200%2C675&ssl=1&resize=525%2C300 1.5x, https:\/\/i0.wp.com\/noticiasribeiraopreto.com.br\/wp-content\/uploads\/2024\/05\/Copia-de-Copia-de-TAMANHO-EXATO-PARA-FOTOS-NO-SISTEMA-NOVO-53_2024-05-27_20-53-10_jpg_2024-05-27_20-53-10.webp.webp?fit=1200%2C675&ssl=1&resize=700%2C400 2x, https:\/\/i0.wp.com\/noticiasribeiraopreto.com.br\/wp-content\/uploads\/2024\/05\/Copia-de-Copia-de-TAMANHO-EXATO-PARA-FOTOS-NO-SISTEMA-NOVO-53_2024-05-27_20-53-10_jpg_2024-05-27_20-53-10.webp.webp?fit=1200%2C675&ssl=1&resize=1050%2C600 3x"},"classes":[]},{"id":13093,"url":"https:\/\/noticiasribeiraopreto.com.br\/index.php\/2023\/12\/09\/processos-seletivos-nas-prefeituras-de-guarulhos-praia-grande-e-empresas-somam-800-vagas-2\/","url_meta":{"origin":33673,"position":4},"title":"Processos seletivos nas prefeituras de Guarulhos, Praia Grande e empresas somam 800 vagas","author":"noticiasribeiraopreto.com.br","date":"9 de December de 2023","format":false,"excerpt":"Aproximadamente 800 vagas est\u00e3o abertas para profissionais e estudantes de v\u00e1rias \u00e1reas. \u00c9 grande o n\u00famero de empresas que precisam contratar ou recolocar funcion\u00e1rios e\/ou estagi\u00e1rios em todas as regi\u00f5es do Brasil. Com intuito de auxiliar sua busca por uma oportunidade no mercado de trabalho, o JC Concursos preparou uma\u2026","rel":"","context":"In &quot;Vagas de Emprego em Ribeir\u00e3o Preto-SP&quot;","block_context":{"text":"Vagas de Emprego em Ribeir\u00e3o Preto-SP","link":"https:\/\/noticiasribeiraopreto.com.br\/index.php\/category\/empregos-classificados-vagas-trabalho\/vagas-de-empregos-em-ribeirao-preto-regiao-brasil\/"},"img":{"alt_text":"","src":"https:\/\/i0.wp.com\/noticiasribeiraopreto.com.br\/wp-content\/uploads\/2023\/12\/1702115757_carteira-de-trabalho-digital-novo-agencia-brasil.jpg?fit=1200%2C675&ssl=1&resize=350%2C200","width":350,"height":200,"srcset":"https:\/\/i0.wp.com\/noticiasribeiraopreto.com.br\/wp-content\/uploads\/2023\/12\/1702115757_carteira-de-trabalho-digital-novo-agencia-brasil.jpg?fit=1200%2C675&ssl=1&resize=350%2C200 1x, https:\/\/i0.wp.com\/noticiasribeiraopreto.com.br\/wp-content\/uploads\/2023\/12\/1702115757_carteira-de-trabalho-digital-novo-agencia-brasil.jpg?fit=1200%2C675&ssl=1&resize=525%2C300 1.5x, https:\/\/i0.wp.com\/noticiasribeiraopreto.com.br\/wp-content\/uploads\/2023\/12\/1702115757_carteira-de-trabalho-digital-novo-agencia-brasil.jpg?fit=1200%2C675&ssl=1&resize=700%2C400 2x, https:\/\/i0.wp.com\/noticiasribeiraopreto.com.br\/wp-content\/uploads\/2023\/12\/1702115757_carteira-de-trabalho-digital-novo-agencia-brasil.jpg?fit=1200%2C675&ssl=1&resize=1050%2C600 3x"},"classes":[]},{"id":76867,"url":"https:\/\/noticiasribeiraopreto.com.br\/index.php\/2025\/09\/07\/hc-de-ribeirao-publica-edital-de-processo-seletivo-para-cursos-profissionalizantes-gratuitos\/","url_meta":{"origin":33673,"position":5},"title":"HC de Ribeir\u00e3o publica edital de processo seletivo para cursos profissionalizantes gratuitos","author":"noticiasribeiraopreto.com.br","date":"7 de September de 2025","format":false,"excerpt":"O HCRP (Hospital das Cl\u00ednicas de Ribeir\u00e3o Preto) publicou edital de para processo seletivo de dois cursos profissionalizantes gratuitos. As oportunidades s\u00e3o para cuidadores de idosos e fabrica\u00e7\u00e3o de \u00f3rteses e pr\u00f3teses. Com se inscrever? Os interessados em participar do professo seletivo devem se inscrever pelo site do hospital (clique\u2026","rel":"","context":"In &quot;Not\u00edcias de Ribeir\u00e3o Preto-SP e Regi\u00e3o&quot;","block_context":{"text":"Not\u00edcias de Ribeir\u00e3o Preto-SP e Regi\u00e3o","link":"https:\/\/noticiasribeiraopreto.com.br\/index.php\/category\/noticias-de-ribeirao-preto-sp-e-regiao-ismael-colosi\/"},"img":{"alt_text":"","src":"https:\/\/i0.wp.com\/noticiasribeiraopreto.com.br\/wp-content\/uploads\/2025\/09\/Capturar_2024-05-10_20-51-42_jpg_2024-05-10_20-51-42_2024-07-01_14-46-58.webp.webp?fit=830%2C371&ssl=1&resize=350%2C200","width":350,"height":200,"srcset":"https:\/\/i0.wp.com\/noticiasribeiraopreto.com.br\/wp-content\/uploads\/2025\/09\/Capturar_2024-05-10_20-51-42_jpg_2024-05-10_20-51-42_2024-07-01_14-46-58.webp.webp?fit=830%2C371&ssl=1&resize=350%2C200 1x, https:\/\/i0.wp.com\/noticiasribeiraopreto.com.br\/wp-content\/uploads\/2025\/09\/Capturar_2024-05-10_20-51-42_jpg_2024-05-10_20-51-42_2024-07-01_14-46-58.webp.webp?fit=830%2C371&ssl=1&resize=525%2C300 1.5x, https:\/\/i0.wp.com\/noticiasribeiraopreto.com.br\/wp-content\/uploads\/2025\/09\/Capturar_2024-05-10_20-51-42_jpg_2024-05-10_20-51-42_2024-07-01_14-46-58.webp.webp?fit=830%2C371&ssl=1&resize=700%2C400 2x"},"classes":[]}],"jetpack_sharing_enabled":true,"jetpack_shortlink":"https:\/\/wp.me\/peQAOb-8L7","_links":{"self":[{"href":"https:\/\/noticiasribeiraopreto.com.br\/index.php\/wp-json\/wp\/v2\/posts\/33673","targetHints":{"allow":["GET"]}}],"collection":[{"href":"https:\/\/noticiasribeiraopreto.com.br\/index.php\/wp-json\/wp\/v2\/posts"}],"about":[{"href":"https:\/\/noticiasribeiraopreto.com.br\/index.php\/wp-json\/wp\/v2\/types\/post"}],"author":[{"embeddable":true,"href":"https:\/\/noticiasribeiraopreto.com.br\/index.php\/wp-json\/wp\/v2\/users\/1"}],"replies":[{"embeddable":true,"href":"https:\/\/noticiasribeiraopreto.com.br\/index.php\/wp-json\/wp\/v2\/comments?post=33673"}],"version-history":[{"count":0,"href":"https:\/\/noticiasribeiraopreto.com.br\/index.php\/wp-json\/wp\/v2\/posts\/33673\/revisions"}],"wp:featuredmedia":[{"embeddable":true,"href":"https:\/\/noticiasribeiraopreto.com.br\/index.php\/wp-json\/wp\/v2\/media\/33674"}],"wp:attachment":[{"href":"https:\/\/noticiasribeiraopreto.com.br\/index.php\/wp-json\/wp\/v2\/media?parent=33673"}],"wp:term":[{"taxonomy":"category","embeddable":true,"href":"https:\/\/noticiasribeiraopreto.com.br\/index.php\/wp-json\/wp\/v2\/categories?post=33673"},{"taxonomy":"post_tag","embeddable":true,"href":"https:\/\/noticiasribeiraopreto.com.br\/index.php\/wp-json\/wp\/v2\/tags?post=33673"}],"curies":[{"name":"wp","href":"https:\/\/api.w.org\/{rel}","templated":true}]}}