{"id":33677,"date":"2024-01-30T13:20:51","date_gmt":"2024-01-30T16:20:51","guid":{"rendered":"https:\/\/noticiasribeiraopreto.com.br\/index.php\/2024\/01\/30\/morre-entregador-vitima-de-atropelamento-no-centro\/"},"modified":"2024-01-30T13:20:51","modified_gmt":"2024-01-30T16:20:51","slug":"morre-entregador-vitima-de-atropelamento-no-centro","status":"publish","type":"post","link":"https:\/\/noticiasribeiraopreto.com.br\/index.php\/2024\/01\/30\/morre-entregador-vitima-de-atropelamento-no-centro\/","title":{"rendered":"Morre entregador v\u00edtima de atropelamento no Centro"},"content":{"rendered":"<div class='code-block code-block-1' style='margin: 8px 0 8px auto; text-align: right; display: block; clear: both;'>\n<p><a href=\"https:\/\/wa.link\/vpicfd\"><img data-recalc-dims=\"1\" class=\"wp-image-4922\" style=\"aspect-ratio: 2.0253164556962027; width: 561px; height: auto;\" src=\"https:\/\/i0.wp.com\/ismaelcolosi.com.br\/wp-content\/uploads\/2023\/11\/grupo-de-empregos-whatsapp-e-facebook-ismael-colosi-vagas.jpg?ssl=1\" alt=\"\" \/><\/a><\/p>\n<!-- \/wp:image -->\n<\/div>\n<p> <br \/>\n<\/p>\n<div id=\"\">\n<p> <span class=\"entry-meta-item penci-posted-on\"><i class=\"fa fa-clock-o\"\/><time class=\"entry-date published\" datetime=\"2024-01-30T13:09:31-03:00\">30 de janeiro de 2024 | 13:09<\/time><time class=\"updated\" datetime=\"2024-01-30T13:12:58-03:00\">30 de janeiro de 2024 | 13:12<\/time><\/span><\/p>\n<p> <span class=\"penci-social-buttons penci-social-share-footer\"><a href=\"#\" class=\"penci-post-like penci_post-meta_item  single-like-button penci-social-item like\" data-post_id=\"372033\" title=\"Like\" data-like=\"Like\" data-unlike=\"Unlike\"><i class=\"fa fa-thumbs-o-up\"\/><span class=\"penci-share-number\">2<\/span><\/a><i class=\"fa fa-facebook\"\/><a class=\"penci-social-item twitter\" target=\"_blank\" rel=\"noopener\" title=\"\" href=\"https:\/\/twitter.com\/intent\/tweet?text=Morre%20entregador%20v\u00edtima%20de%20atropelamento%20no%20Centro%20-%20https:\/\/www.tribunaribeirao.com.br\/site\/morre-entregador-vitima-de-atropelamento-no-centro\/\"><i class=\"fa fa-twitter\"\/><\/a><i class=\"fa fa-whatsapp\"\/><\/span><\/div>\n<div>\n<p>Morreu na noite desta segunda-feira (29), o motociclista Paulo S\u00e9rgio Porf\u00edrio, de 54 anos, v\u00edtima de um atropelamento na madrugada da sexta-feira (26), no cruzamento das ruas Prudente de Moraes e Garibaldi, regi\u00e3o central de Ribeir\u00e3o Preto. Porf\u00edrio trabalhava como entregador do jornal Tribuna \u2013 completaria 10 anos de casa em agosto.<\/p>\n<p>Do atropelamento do qual foi v\u00edtima, o entregador sofreu hemorragia interna, sendo atendido primeiramente na UPA do Simioni e depois transferido para o HC-UE.<\/p>\n<p>De acordo com boletim de ocorr\u00eancia \u2013 registrado pela esposa dele \u2013 o motociclista aguardava no sinal vermelho quando, por volta de 04h30, teria sido atingido por tr\u00e1s por um ve\u00edculo n\u00e3o identificado e que se evadiu do local, sem prestar socorro. Porf\u00edrio foi arremessado alguns metros adiante. Mesmo com dificuldade, ele subiu em sua moto e conseguiu ir at\u00e9 sua casa, quando foi socorrido pela esposa. Apresentava hemorragia interna e passou por cirurgia, mas n\u00e3o resistiu e veio a \u00f3bito na noite desta segunda-feira.<\/p>\n<p>A Pol\u00edcia Civil est\u00e1 investigando o caso e busca identificar o motorista envolvido no acidente. Imagens de c\u00e2meras de seguran\u00e7a que indiquem quem se envolveu no acidente que acabou vitimando o motociclista tamb\u00e9m est\u00e3o sendo buscadas nas investiga\u00e7\u00f5es. Qualquer informa\u00e7\u00e3o pode ser passada atrav\u00e9s do telefone 181, da Pol\u00edcia Civil.<\/p>\n<p>O entregador Paulo S\u00e9rgio Porf\u00edrio era casado e tinha um filho. Ele vai receber as \u00faltimas homenagens no Vel\u00f3rio Samaritano, \u00e0 Rua Fl\u00e1vio Uch\u00f4a, 988, Campos El\u00edseos, sala 05, das 7 horas \u00e0s 13 horas e ser\u00e1 sepultado no Cemit\u00e9rio Parque dos Girass\u00f3is.<\/p>\n<p>A equipe do Jornal do Tribuna, sensibilizada, manifesta seus sentimentos aos familiares.<\/p>\n<\/div>\n<p><script async src=\"\/\/platform.twitter.com\/widgets.js\" charset=\"utf-8\"><\/script><br \/>\n<br \/><br \/>\n<br \/><a href=\"https:\/\/www.tribunaribeirao.com.br\/site\/morre-entregador-vitima-de-atropelamento-no-centro\/\">Source link <\/a><\/p>\n<!-- CONTENT END 1 -->\n","protected":false},"excerpt":{"rendered":"<p>30 de janeiro de 2024 | 13:0930 de janeiro de 2024 | 13:12 2 Morreu na noite desta segunda-feira (29), o motociclista Paulo S\u00e9rgio Porf\u00edrio,&#8230;<\/p>\n","protected":false},"author":1,"featured_media":33678,"comment_status":"open","ping_status":"open","sticky":false,"template":"","format":"standard","meta":{"advanced_seo_description":"","jetpack_seo_html_title":"","jetpack_seo_noindex":false,"jetpack_post_was_ever_published":false,"_jetpack_newsletter_access":"","_jetpack_dont_email_post_to_subs":false,"_jetpack_newsletter_tier_id":0,"_jetpack_memberships_contains_paywalled_content":false,"_jetpack_memberships_contains_paid_content":false,"footnotes":"","jetpack_publicize_message":"","jetpack_publicize_feature_enabled":true,"jetpack_social_post_already_shared":true,"jetpack_social_options":{"image_generator_settings":{"template":"highway","default_image_id":0,"font":"","enabled":false},"version":2}},"categories":[11],"tags":[3978,418,3977,271,391],"class_list":["post-33677","post","type-post","status-publish","format-standard","has-post-thumbnail","hentry","category-noticias-de-ribeirao-preto-sp-e-regiao-ismael-colosi","tag-atropelamento","tag-centro","tag-entregador","tag-morre","tag-vitima"],"jetpack_publicize_connections":[],"jetpack_featured_media_url":"https:\/\/i0.wp.com\/noticiasribeiraopreto.com.br\/wp-content\/uploads\/2024\/01\/00-30-mai-2022-churrasco-da-confusao-Foto-Alfredo-Risk-scaled.jpg?fit=968%2C645&ssl=1","jetpack-related-posts":[{"id":70341,"url":"https:\/\/noticiasribeiraopreto.com.br\/index.php\/2025\/05\/25\/homem-morre-apos-atropelamento-na-rodovia-candido-portinari-e-motorista-foge\/","url_meta":{"origin":33677,"position":0},"title":"Homem morre ap\u00f3s atropelamento na rodovia C\u00e2ndido Portinari e motorista foge","author":"noticiasribeiraopreto.com.br","date":"25 de May de 2025","format":false,"excerpt":"Fadel Carvalho, 50 anos, morreu na rodovia C\u00e2ndido Portinari, no munic\u00edpio de Pedregulho, ao ter sido atropelado na noite de sexta-feira (23\/5). O motorista fugiu depois que o homem foi atingido pelo carro, na regi\u00e3o do bairro Jardim Am\u00e9rica. A Pol\u00edcia Civil em Pedregulho abriu investiga\u00e7\u00e3o para apurar as causas\u2026","rel":"","context":"In &quot;Not\u00edcias de Franca-SP&quot;","block_context":{"text":"Not\u00edcias de Franca-SP","link":"https:\/\/noticiasribeiraopreto.com.br\/index.php\/category\/noticias-de-ribeirao-preto-sp-e-regiao-ismael-colosi\/noticias-franca-sp\/"},"img":{"alt_text":"","src":"https:\/\/i0.wp.com\/noticiasribeiraopreto.com.br\/wp-content\/uploads\/2025\/05\/candido-portinari-rodovia-pedregulho.png?fit=722%2C359&ssl=1&resize=350%2C200","width":350,"height":200,"srcset":"https:\/\/i0.wp.com\/noticiasribeiraopreto.com.br\/wp-content\/uploads\/2025\/05\/candido-portinari-rodovia-pedregulho.png?fit=722%2C359&ssl=1&resize=350%2C200 1x, https:\/\/i0.wp.com\/noticiasribeiraopreto.com.br\/wp-content\/uploads\/2025\/05\/candido-portinari-rodovia-pedregulho.png?fit=722%2C359&ssl=1&resize=525%2C300 1.5x, https:\/\/i0.wp.com\/noticiasribeiraopreto.com.br\/wp-content\/uploads\/2025\/05\/candido-portinari-rodovia-pedregulho.png?fit=722%2C359&ssl=1&resize=700%2C400 2x"},"classes":[]},{"id":72070,"url":"https:\/\/noticiasribeiraopreto.com.br\/index.php\/2025\/06\/12\/mp-denuncia-empresario-pelo-atropelamento-que-matou-entregador-em-ribeirao-preto\/","url_meta":{"origin":33677,"position":1},"title":"MP denuncia empres\u00e1rio pelo atropelamento que matou entregador em Ribeir\u00e3o Preto","author":"noticiasribeiraopreto.com.br","date":"12 de June de 2025","format":false,"excerpt":"O Minist\u00e9rio P\u00fablico denunciou \u00e0 Justi\u00e7a o empres\u00e1rio Elieser de Fraga Silveira pelo atropelamento que causou a morte do entregador R\u00e9gis Antonillo em Ribeir\u00e3o Preto. O caso ocorreu em mar\u00e7o deste ano, no Anel Vi\u00e1rio Sul, na zona Sul da cidade. Segundo a den\u00fancia, na noite de 16 de mar\u00e7o,\u2026","rel":"","context":"In &quot;Not\u00edcias de Ribeir\u00e3o Preto-SP e Regi\u00e3o&quot;","block_context":{"text":"Not\u00edcias de Ribeir\u00e3o Preto-SP e Regi\u00e3o","link":"https:\/\/noticiasribeiraopreto.com.br\/index.php\/category\/noticias-de-ribeirao-preto-sp-e-regiao-ismael-colosi\/"},"img":{"alt_text":"","src":"https:\/\/i0.wp.com\/noticiasribeiraopreto.com.br\/wp-content\/uploads\/2025\/06\/Copia-de-Copia-de-Copia-de-TAMANHO-EXATO-PARA-FOTOS-NO-SISTEMA-NOVO-2025-03-21T193702.881_2025-03-21_22-52-34_png_2025-03-21_22-52-34.webp.webp?fit=1200%2C675&ssl=1&resize=350%2C200","width":350,"height":200,"srcset":"https:\/\/i0.wp.com\/noticiasribeiraopreto.com.br\/wp-content\/uploads\/2025\/06\/Copia-de-Copia-de-Copia-de-TAMANHO-EXATO-PARA-FOTOS-NO-SISTEMA-NOVO-2025-03-21T193702.881_2025-03-21_22-52-34_png_2025-03-21_22-52-34.webp.webp?fit=1200%2C675&ssl=1&resize=350%2C200 1x, https:\/\/i0.wp.com\/noticiasribeiraopreto.com.br\/wp-content\/uploads\/2025\/06\/Copia-de-Copia-de-Copia-de-TAMANHO-EXATO-PARA-FOTOS-NO-SISTEMA-NOVO-2025-03-21T193702.881_2025-03-21_22-52-34_png_2025-03-21_22-52-34.webp.webp?fit=1200%2C675&ssl=1&resize=525%2C300 1.5x, https:\/\/i0.wp.com\/noticiasribeiraopreto.com.br\/wp-content\/uploads\/2025\/06\/Copia-de-Copia-de-Copia-de-TAMANHO-EXATO-PARA-FOTOS-NO-SISTEMA-NOVO-2025-03-21T193702.881_2025-03-21_22-52-34_png_2025-03-21_22-52-34.webp.webp?fit=1200%2C675&ssl=1&resize=700%2C400 2x, https:\/\/i0.wp.com\/noticiasribeiraopreto.com.br\/wp-content\/uploads\/2025\/06\/Copia-de-Copia-de-Copia-de-TAMANHO-EXATO-PARA-FOTOS-NO-SISTEMA-NOVO-2025-03-21T193702.881_2025-03-21_22-52-34_png_2025-03-21_22-52-34.webp.webp?fit=1200%2C675&ssl=1&resize=1050%2C600 3x"},"classes":[]},{"id":50811,"url":"https:\/\/noticiasribeiraopreto.com.br\/index.php\/2024\/05\/19\/homem-de-54-anos-morre-em-ribeirao-preto-apos-ser-encontrado-atropelado\/","url_meta":{"origin":33677,"position":2},"title":"Homem de 54 anos morre em Ribeir\u00e3o Preto ap\u00f3s ser encontrado atropelado","author":"noticiasribeiraopreto.com.br","date":"19 de May de 2024","format":false,"excerpt":"Um homem de 54 anos morreu na \u00faltima sexta-feira (17), em um hospital de Ribeir\u00e3o Preto, ap\u00f3s ser encontrado atropelado. Segundo o boletim de ocorr\u00eancia (BO), Luciano Cesar de Lima foi levado como desconhecido para a Santa Casa, depois de ter sido encontrado desacordado em via p\u00fablica, na quarta-feira (15).\u2026","rel":"","context":"In &quot;Not\u00edcias de Ribeir\u00e3o Preto-SP e Regi\u00e3o&quot;","block_context":{"text":"Not\u00edcias de Ribeir\u00e3o Preto-SP e Regi\u00e3o","link":"https:\/\/noticiasribeiraopreto.com.br\/index.php\/category\/noticias-de-ribeirao-preto-sp-e-regiao-ismael-colosi\/"},"img":{"alt_text":"","src":"https:\/\/i0.wp.com\/noticiasribeiraopreto.com.br\/wp-content\/uploads\/2024\/05\/1716142137_cpj_1024x576_21012021092745.jpg?fit=1024%2C575&ssl=1&resize=350%2C200","width":350,"height":200,"srcset":"https:\/\/i0.wp.com\/noticiasribeiraopreto.com.br\/wp-content\/uploads\/2024\/05\/1716142137_cpj_1024x576_21012021092745.jpg?fit=1024%2C575&ssl=1&resize=350%2C200 1x, https:\/\/i0.wp.com\/noticiasribeiraopreto.com.br\/wp-content\/uploads\/2024\/05\/1716142137_cpj_1024x576_21012021092745.jpg?fit=1024%2C575&ssl=1&resize=525%2C300 1.5x, https:\/\/i0.wp.com\/noticiasribeiraopreto.com.br\/wp-content\/uploads\/2024\/05\/1716142137_cpj_1024x576_21012021092745.jpg?fit=1024%2C575&ssl=1&resize=700%2C400 2x"},"classes":[]},{"id":58234,"url":"https:\/\/noticiasribeiraopreto.com.br\/index.php\/2024\/09\/22\/morre-vitima-de-atropelamento-na-avenida-dom-pedro-i-em-ribeirao-preto\/","url_meta":{"origin":33677,"position":3},"title":"Morre v\u00edtima de atropelamento na avenida Dom Pedro I em Ribeir\u00e3o Preto","author":"noticiasribeiraopreto.com.br","date":"22 de September de 2024","format":false,"excerpt":"Morreu na tarde do \u00faltimo s\u00e1bado (21) a mulher de 54 anos que foi atropelada por uma moto na avenida Dom Pedro I, no Ipiranga, em Ribeir\u00e3o Preto. O acidente aconteceu na \u00faltima quinta-feira (19), por volta das 18h. M\u00e1rcia Iolanda Aparecida Silva, conhecida como Mam\u00e1, tinha 54 anos e\u2026","rel":"","context":"In &quot;Not\u00edcias de Ribeir\u00e3o Preto-SP e Regi\u00e3o&quot;","block_context":{"text":"Not\u00edcias de Ribeir\u00e3o Preto-SP e Regi\u00e3o","link":"https:\/\/noticiasribeiraopreto.com.br\/index.php\/category\/noticias-de-ribeirao-preto-sp-e-regiao-ismael-colosi\/"},"img":{"alt_text":"","src":"https:\/\/i0.wp.com\/noticiasribeiraopreto.com.br\/wp-content\/uploads\/2024\/09\/hc-ue.jpg?fit=733%2C414&ssl=1&resize=350%2C200","width":350,"height":200,"srcset":"https:\/\/i0.wp.com\/noticiasribeiraopreto.com.br\/wp-content\/uploads\/2024\/09\/hc-ue.jpg?fit=733%2C414&ssl=1&resize=350%2C200 1x, https:\/\/i0.wp.com\/noticiasribeiraopreto.com.br\/wp-content\/uploads\/2024\/09\/hc-ue.jpg?fit=733%2C414&ssl=1&resize=525%2C300 1.5x, https:\/\/i0.wp.com\/noticiasribeiraopreto.com.br\/wp-content\/uploads\/2024\/09\/hc-ue.jpg?fit=733%2C414&ssl=1&resize=700%2C400 2x"},"classes":[]},{"id":84493,"url":"https:\/\/noticiasribeiraopreto.com.br\/index.php\/2026\/04\/10\/homem-morre-apos-atropelamento-em-rodovia\/","url_meta":{"origin":33677,"position":4},"title":"Homem morre ap\u00f3s atropelamento em rodovia","author":"noticiasribeiraopreto.com.br","date":"10 de April de 2026","format":false,"excerpt":"\r V\u00edtima, que havia acabado de bater com o carro, deixou o ve\u00edculo e acabou atropelada por um \u00f4nibus\r \r 10 de abril de 2026 10:0010 de abril de 2026 12:17 \r Compartilhar2 | Por: Adalberto Luque | Um homem morreu atropelado, na madrugada desta sexta-feira (10). O acidente ocorreu\u2026","rel":"","context":"In &quot;Not\u00edcias de Ribeir\u00e3o Preto-SP e Regi\u00e3o&quot;","block_context":{"text":"Not\u00edcias de Ribeir\u00e3o Preto-SP e Regi\u00e3o","link":"https:\/\/noticiasribeiraopreto.com.br\/index.php\/category\/noticias-de-ribeirao-preto-sp-e-regiao-ismael-colosi\/"},"img":{"alt_text":"","src":"https:\/\/i0.wp.com\/noticiasribeiraopreto.com.br\/wp-content\/uploads\/2026\/04\/10-abr-2026-acidenteportinari1-scaled.jpg?fit=1040%2C780&ssl=1&resize=350%2C200","width":350,"height":200,"srcset":"https:\/\/i0.wp.com\/noticiasribeiraopreto.com.br\/wp-content\/uploads\/2026\/04\/10-abr-2026-acidenteportinari1-scaled.jpg?fit=1040%2C780&ssl=1&resize=350%2C200 1x, https:\/\/i0.wp.com\/noticiasribeiraopreto.com.br\/wp-content\/uploads\/2026\/04\/10-abr-2026-acidenteportinari1-scaled.jpg?fit=1040%2C780&ssl=1&resize=525%2C300 1.5x, https:\/\/i0.wp.com\/noticiasribeiraopreto.com.br\/wp-content\/uploads\/2026\/04\/10-abr-2026-acidenteportinari1-scaled.jpg?fit=1040%2C780&ssl=1&resize=700%2C400 2x"},"classes":[]},{"id":44027,"url":"https:\/\/noticiasribeiraopreto.com.br\/index.php\/2024\/03\/25\/idosa-morre-apos-atropelamento-na-zona-norte-de-ribeirao-preto\/","url_meta":{"origin":33677,"position":5},"title":"Idosa morre ap\u00f3s atropelamento na zona Norte de Ribeir\u00e3o Preto","author":"noticiasribeiraopreto.com.br","date":"25 de March de 2024","format":false,"excerpt":"Uma idosa de 82 anos morreu no \u00faltimo domingo (24) depois de ficar 17 dias internada no HC-UE (Hospital das Cl\u00ednicas \u2013 Unidade de Emerg\u00eancia) de Ribeir\u00e3o Preto. Ela foi atropelada por uma moto no dia 7 de mar\u00e7o enquanto atravessava a rua. O acidente aconteceu na rua Vicente Leandro,\u2026","rel":"","context":"In &quot;Not\u00edcias de Ribeir\u00e3o Preto-SP e Regi\u00e3o&quot;","block_context":{"text":"Not\u00edcias de Ribeir\u00e3o Preto-SP e Regi\u00e3o","link":"https:\/\/noticiasribeiraopreto.com.br\/index.php\/category\/noticias-de-ribeirao-preto-sp-e-regiao-ismael-colosi\/"},"img":{"alt_text":"","src":"https:\/\/i0.wp.com\/noticiasribeiraopreto.com.br\/wp-content\/uploads\/2024\/03\/hc_ue_1024x576_27072020163553.jpg?fit=1024%2C576&ssl=1&resize=350%2C200","width":350,"height":200,"srcset":"https:\/\/i0.wp.com\/noticiasribeiraopreto.com.br\/wp-content\/uploads\/2024\/03\/hc_ue_1024x576_27072020163553.jpg?fit=1024%2C576&ssl=1&resize=350%2C200 1x, https:\/\/i0.wp.com\/noticiasribeiraopreto.com.br\/wp-content\/uploads\/2024\/03\/hc_ue_1024x576_27072020163553.jpg?fit=1024%2C576&ssl=1&resize=525%2C300 1.5x, https:\/\/i0.wp.com\/noticiasribeiraopreto.com.br\/wp-content\/uploads\/2024\/03\/hc_ue_1024x576_27072020163553.jpg?fit=1024%2C576&ssl=1&resize=700%2C400 2x"},"classes":[]}],"jetpack_sharing_enabled":true,"jetpack_shortlink":"https:\/\/wp.me\/peQAOb-8Lb","_links":{"self":[{"href":"https:\/\/noticiasribeiraopreto.com.br\/index.php\/wp-json\/wp\/v2\/posts\/33677","targetHints":{"allow":["GET"]}}],"collection":[{"href":"https:\/\/noticiasribeiraopreto.com.br\/index.php\/wp-json\/wp\/v2\/posts"}],"about":[{"href":"https:\/\/noticiasribeiraopreto.com.br\/index.php\/wp-json\/wp\/v2\/types\/post"}],"author":[{"embeddable":true,"href":"https:\/\/noticiasribeiraopreto.com.br\/index.php\/wp-json\/wp\/v2\/users\/1"}],"replies":[{"embeddable":true,"href":"https:\/\/noticiasribeiraopreto.com.br\/index.php\/wp-json\/wp\/v2\/comments?post=33677"}],"version-history":[{"count":0,"href":"https:\/\/noticiasribeiraopreto.com.br\/index.php\/wp-json\/wp\/v2\/posts\/33677\/revisions"}],"wp:featuredmedia":[{"embeddable":true,"href":"https:\/\/noticiasribeiraopreto.com.br\/index.php\/wp-json\/wp\/v2\/media\/33678"}],"wp:attachment":[{"href":"https:\/\/noticiasribeiraopreto.com.br\/index.php\/wp-json\/wp\/v2\/media?parent=33677"}],"wp:term":[{"taxonomy":"category","embeddable":true,"href":"https:\/\/noticiasribeiraopreto.com.br\/index.php\/wp-json\/wp\/v2\/categories?post=33677"},{"taxonomy":"post_tag","embeddable":true,"href":"https:\/\/noticiasribeiraopreto.com.br\/index.php\/wp-json\/wp\/v2\/tags?post=33677"}],"curies":[{"name":"wp","href":"https:\/\/api.w.org\/{rel}","templated":true}]}}